{"id":16106,"date":"2026-04-27T15:48:30","date_gmt":"2026-04-27T15:48:30","guid":{"rendered":"https:\/\/alcaldiaalbertoadriani.com\/?p=16106"},"modified":"2026-04-27T15:48:39","modified_gmt":"2026-04-27T15:48:39","slug":"alcaldia-de-alberto-adriani-inicia-proceso-de-renovacion-del-clpp","status":"publish","type":"post","link":"https:\/\/alcaldiaalbertoadriani.com\/?p=16106","title":{"rendered":"Alcald\u00eda de Alberto Adriani inicia proceso de renovaci\u00f3n del Clpp para el per\u00edodo 2026-2028"},"content":{"rendered":"\n<p>En una sesi\u00f3n extraordinaria que cont\u00f3 con el respaldo de 30 de los 43 consejeros que integran el Consejo Local de Planificaci\u00f3n de Pol\u00edticas P\u00fablicas, se anunci\u00f3 formalmente la convocatoria p\u00fablica para el registro, actualizaci\u00f3n y elecci\u00f3n de las instancias del Poder Popular y organizaciones sociales ante este organismo. La actividad se desarroll\u00f3 este viernes en el auditorio \u201cProf.Guillermo Brice\u00f1o\u201d de la Casa del Ni\u00f1o Trabajador.<\/p>\n\n\n\n<!--more-->\n\n\n\n<p>El alcalde y presidente del Clpp, <a href=\"https:\/\/www.instagram.com\/lisandrosegura02\/\">Lisandro Segura<\/a>, destac\u00f3 que esta acci\u00f3n responde a la necesidad legal de adecuar la instancia ante el pr\u00f3ximo vencimiento del lapso del actual consejo, previsto para el 25 de mayo.<\/p>\n\n\n\n<figure class=\"wp-block-gallery has-nested-images columns-default is-cropped wp-block-gallery-1 is-layout-flex wp-block-gallery-is-layout-flex\">\n<figure class=\"wp-block-image size-large\"><img loading=\"lazy\" decoding=\"async\" width=\"1024\" height=\"770\" data-id=\"16108\" src=\"https:\/\/alcaldiaalbertoadriani.com\/wp-content\/uploads\/2026\/04\/photo_5143601590894791849_y-1024x770.jpg\" alt=\"\" class=\"wp-image-16108\" srcset=\"https:\/\/alcaldiaalbertoadriani.com\/wp-content\/uploads\/2026\/04\/photo_5143601590894791849_y-1024x770.jpg 1024w, https:\/\/alcaldiaalbertoadriani.com\/wp-content\/uploads\/2026\/04\/photo_5143601590894791849_y-980x737.jpg 980w, https:\/\/alcaldiaalbertoadriani.com\/wp-content\/uploads\/2026\/04\/photo_5143601590894791849_y-480x361.jpg 480w\" sizes=\"auto, (min-width: 0px) and (max-width: 480px) 480px, (min-width: 481px) and (max-width: 980px) 980px, (min-width: 981px) 1024px, 100vw\" \/><\/figure>\n<\/figure>\n\n\n\n<p>&nbsp;\u201cHemos presentado la programaci\u00f3n exhaustiva que regir\u00e1 todo el proceso, desde la convocatoria hasta la juramentaci\u00f3n de los nuevos consejeros, garantizando la participaci\u00f3n protag\u00f3nica de nuestras comunidades\u201d, afirm\u00f3.<\/p>\n\n\n\n<h2 class=\"wp-block-heading\"><strong><em>Cronograma\u00a0<\/em><\/strong><\/h2>\n\n\n\n<p>Por su parte, Karem Ramos, secretaria Ejecutiva del<a href=\"https:\/\/alcaldiaalbertoadriani.com\/?tag=clpp-alberto-adriani-inicio-proceso-de-seleccion-de-voceros\"> Clpp<\/a>, detall\u00f3 que el proceso se fundamenta en los art\u00edculos 31 y 32 de la Ley de Reforma Parcial de los Consejos Locales de Planificaci\u00f3n P\u00fablica.<\/p>\n\n\n\n<p>El cronograma establece un lapso de 43 d\u00edas consecutivos (31 d\u00edas h\u00e1biles), iniciando este 24 de abril y culminando el pr\u00f3ximo 3 dejunio. \u201cEste registro y actualizaci\u00f3n es un requisito indispensable para asegurar la legitimidad en la elecci\u00f3n y posterior proclamaci\u00f3n de los voceros de base\u201d, explic\u00f3.<\/p>\n\n\n\n<p>Ramos indic\u00f3 que la ruta de trabajo contempla una serie de despliegues en las siete parroquias de la localidad. Para atender a los Consejos Comunales y Consejos de Planificaci\u00f3n Comunal, as\u00ed como las 29 comunas legalmente registradas en la jurisdicci\u00f3n.<\/p>\n\n\n\n<p>Adem\u00e1s, los Movimientos Sociales, Organizaciones Socioproductivas y dem\u00e1s expresiones del Poder Popular.<\/p>\n\n\n\n<p>\u201cEl cronograma oficial ser\u00e1 difundido a trav\u00e9s de los portales institucionales de la Alcald\u00eda y medios de comunicaci\u00f3n locales. Para asegurar el m\u00e1ximo alcance informativo\u201d, concluy\u00f3 Karem Ramos. <strong><em>Prensa Alcald\u00eda OIPI: Edgar Mendoza CNP:25.736\/Fotos: Yerasabrith Manrique y Sharlei M\u00e9ndez.<\/em><\/strong><\/p>\n\n\n\n<figure class=\"wp-block-gallery has-nested-images columns-default is-cropped wp-block-gallery-2 is-layout-flex wp-block-gallery-is-layout-flex\">\n<figure class=\"wp-block-image size-large\"><img loading=\"lazy\" decoding=\"async\" width=\"1024\" height=\"768\" data-id=\"16109\" src=\"https:\/\/alcaldiaalbertoadriani.com\/wp-content\/uploads\/2026\/04\/photo_5143601590894791850_y-1024x768.jpg\" alt=\"\" class=\"wp-image-16109\" srcset=\"https:\/\/alcaldiaalbertoadriani.com\/wp-content\/uploads\/2026\/04\/photo_5143601590894791850_y-1024x768.jpg 1024w, https:\/\/alcaldiaalbertoadriani.com\/wp-content\/uploads\/2026\/04\/photo_5143601590894791850_y-980x735.jpg 980w, https:\/\/alcaldiaalbertoadriani.com\/wp-content\/uploads\/2026\/04\/photo_5143601590894791850_y-480x360.jpg 480w\" sizes=\"auto, (min-width: 0px) and (max-width: 480px) 480px, (min-width: 481px) and (max-width: 980px) 980px, (min-width: 981px) 1024px, 100vw\" \/><\/figure>\n\n\n\n<figure class=\"wp-block-image size-large\"><img loading=\"lazy\" decoding=\"async\" width=\"1024\" height=\"768\" data-id=\"16112\" src=\"https:\/\/alcaldiaalbertoadriani.com\/wp-content\/uploads\/2026\/04\/photo_5143601590894791851_y-1024x768.jpg\" alt=\"\" class=\"wp-image-16112\" srcset=\"https:\/\/alcaldiaalbertoadriani.com\/wp-content\/uploads\/2026\/04\/photo_5143601590894791851_y-1024x768.jpg 1024w, https:\/\/alcaldiaalbertoadriani.com\/wp-content\/uploads\/2026\/04\/photo_5143601590894791851_y-980x735.jpg 980w, https:\/\/alcaldiaalbertoadriani.com\/wp-content\/uploads\/2026\/04\/photo_5143601590894791851_y-480x360.jpg 480w\" sizes=\"auto, (min-width: 0px) and (max-width: 480px) 480px, (min-width: 481px) and (max-width: 980px) 980px, (min-width: 981px) 1024px, 100vw\" \/><\/figure>\n\n\n\n<figure class=\"wp-block-image size-large\"><img loading=\"lazy\" decoding=\"async\" width=\"1024\" height=\"768\" data-id=\"16111\" src=\"https:\/\/alcaldiaalbertoadriani.com\/wp-content\/uploads\/2026\/04\/photo_5143601590894791852_y-1024x768.jpg\" alt=\"\" class=\"wp-image-16111\" srcset=\"https:\/\/alcaldiaalbertoadriani.com\/wp-content\/uploads\/2026\/04\/photo_5143601590894791852_y-1024x768.jpg 1024w, https:\/\/alcaldiaalbertoadriani.com\/wp-content\/uploads\/2026\/04\/photo_5143601590894791852_y-980x735.jpg 980w, https:\/\/alcaldiaalbertoadriani.com\/wp-content\/uploads\/2026\/04\/photo_5143601590894791852_y-480x360.jpg 480w\" sizes=\"auto, (min-width: 0px) and (max-width: 480px) 480px, (min-width: 481px) and (max-width: 980px) 980px, (min-width: 981px) 1024px, 100vw\" \/><\/figure>\n\n\n\n<figure class=\"wp-block-image size-large\"><img loading=\"lazy\" decoding=\"async\" width=\"1024\" height=\"770\" data-id=\"16110\" src=\"https:\/\/alcaldiaalbertoadriani.com\/wp-content\/uploads\/2026\/04\/photo_5143601590894791853_y-1024x770.jpg\" alt=\"\" class=\"wp-image-16110\" srcset=\"https:\/\/alcaldiaalbertoadriani.com\/wp-content\/uploads\/2026\/04\/photo_5143601590894791853_y-1024x770.jpg 1024w, https:\/\/alcaldiaalbertoadriani.com\/wp-content\/uploads\/2026\/04\/photo_5143601590894791853_y-980x737.jpg 980w, https:\/\/alcaldiaalbertoadriani.com\/wp-content\/uploads\/2026\/04\/photo_5143601590894791853_y-480x361.jpg 480w\" sizes=\"auto, (min-width: 0px) and (max-width: 480px) 480px, (min-width: 481px) and (max-width: 980px) 980px, (min-width: 981px) 1024px, 100vw\" \/><\/figure>\n<\/figure>\n","protected":false},"excerpt":{"rendered":"<p>En una sesi\u00f3n extraordinaria que cont\u00f3 con el respaldo de 30 de los 43 consejeros que integran el Consejo Local de Planificaci\u00f3n de Pol\u00edticas P\u00fablicas, se anunci\u00f3 formalmente la convocatoria [&hellip;]<\/p>\n","protected":false},"author":2,"featured_media":16107,"comment_status":"open","ping_status":"closed","sticky":false,"template":"","format":"standard","meta":{"_et_pb_use_builder":"off","_et_pb_old_content":"","_et_gb_content_width":"","footnotes":""},"categories":[341,56,25],"tags":[31,11,12,15,761,30,29,28],"class_list":["post-16106","post","type-post","status-publish","format-standard","has-post-thumbnail","hentry","category-alcaldia-alberto-adriani","category-clpp","category-nuestro-municipio","tag-alcalde","tag-alcaldia","tag-alcaldiaalbertoadriani","tag-elvigia","tag-encrucijadadeprogreso","tag-lisandrosegura","tag-municipioquenosmerecemos","tag-porelrenacer"],"yoast_head":"<!-- This site is optimized with the Yoast SEO plugin v19.13 - https:\/\/yoast.com\/wordpress\/plugins\/seo\/ -->\n<title>Alcald\u00eda de Alberto Adriani inicia proceso de renovaci\u00f3n del Clpp<\/title>\n<meta name=\"description\" content=\"Alcald\u00eda de Alberto Adriani inicia proceso de renovaci\u00f3n del Clpp para el per\u00edodo 2026-2028 cont\u00f3 con el respaldo de 30 de los 43 consejeros\" \/>\n<meta name=\"robots\" content=\"index, follow, max-snippet:-1, max-image-preview:large, max-video-preview:-1\" \/>\n<link rel=\"canonical\" href=\"https:\/\/alcaldiaalbertoadriani.com\/?p=16106\" \/>\n<meta property=\"og:locale\" content=\"es_ES\" \/>\n<meta property=\"og:type\" content=\"article\" \/>\n<meta property=\"og:title\" content=\"Alcald\u00eda de Alberto Adriani inicia proceso de renovaci\u00f3n del Clpp\" \/>\n<meta property=\"og:description\" content=\"Alcald\u00eda de Alberto Adriani inicia proceso de renovaci\u00f3n del Clpp para el per\u00edodo 2026-2028 cont\u00f3 con el respaldo de 30 de los 43 consejeros\" \/>\n<meta property=\"og:url\" content=\"https:\/\/alcaldiaalbertoadriani.com\/?p=16106\" \/>\n<meta property=\"og:site_name\" content=\"Alcaldia Alberto Adriani\" \/>\n<meta property=\"article:published_time\" content=\"2026-04-27T15:48:30+00:00\" \/>\n<meta property=\"article:modified_time\" content=\"2026-04-27T15:48:39+00:00\" \/>\n<meta property=\"og:image\" content=\"https:\/\/alcaldiaalbertoadriani.com\/wp-content\/uploads\/2026\/04\/photo_5143601590894791847_y.jpg\" \/>\n\t<meta property=\"og:image:width\" content=\"1280\" \/>\n\t<meta property=\"og:image:height\" content=\"960\" \/>\n\t<meta property=\"og:image:type\" content=\"image\/jpeg\" \/>\n<meta name=\"author\" content=\"Prensa\" \/>\n<meta name=\"twitter:card\" content=\"summary_large_image\" \/>\n<meta name=\"twitter:label1\" content=\"Escrito por\" \/>\n\t<meta name=\"twitter:data1\" content=\"Prensa\" \/>\n\t<meta name=\"twitter:label2\" content=\"Tiempo de lectura\" \/>\n\t<meta name=\"twitter:data2\" content=\"3 minutos\" \/>\n<script type=\"application\/ld+json\" class=\"yoast-schema-graph\">{\"@context\":\"https:\/\/schema.org\",\"@graph\":[{\"@type\":\"WebPage\",\"@id\":\"https:\/\/alcaldiaalbertoadriani.com\/?p=16106\",\"url\":\"https:\/\/alcaldiaalbertoadriani.com\/?p=16106\",\"name\":\"Alcald\u00eda de Alberto Adriani inicia proceso de renovaci\u00f3n del Clpp\",\"isPartOf\":{\"@id\":\"https:\/\/alcaldiaalbertoadriani.com\/#website\"},\"datePublished\":\"2026-04-27T15:48:30+00:00\",\"dateModified\":\"2026-04-27T15:48:39+00:00\",\"author\":{\"@id\":\"https:\/\/alcaldiaalbertoadriani.com\/#\/schema\/person\/549b4483ff8999ac780deeea78795fc9\"},\"description\":\"Alcald\u00eda de Alberto Adriani inicia proceso de renovaci\u00f3n del Clpp para el per\u00edodo 2026-2028 cont\u00f3 con el respaldo de 30 de los 43 consejeros\",\"breadcrumb\":{\"@id\":\"https:\/\/alcaldiaalbertoadriani.com\/?p=16106#breadcrumb\"},\"inLanguage\":\"es\",\"potentialAction\":[{\"@type\":\"ReadAction\",\"target\":[\"https:\/\/alcaldiaalbertoadriani.com\/?p=16106\"]}]},{\"@type\":\"BreadcrumbList\",\"@id\":\"https:\/\/alcaldiaalbertoadriani.com\/?p=16106#breadcrumb\",\"itemListElement\":[{\"@type\":\"ListItem\",\"position\":1,\"name\":\"Portada\",\"item\":\"https:\/\/alcaldiaalbertoadriani.com\/\"},{\"@type\":\"ListItem\",\"position\":2,\"name\":\"Alcald\u00eda de Alberto Adriani inicia proceso de renovaci\u00f3n del Clpp para el per\u00edodo 2026-2028\"}]},{\"@type\":\"WebSite\",\"@id\":\"https:\/\/alcaldiaalbertoadriani.com\/#website\",\"url\":\"https:\/\/alcaldiaalbertoadriani.com\/\",\"name\":\"Alcaldia Alberto Adriani\",\"description\":\"\",\"potentialAction\":[{\"@type\":\"SearchAction\",\"target\":{\"@type\":\"EntryPoint\",\"urlTemplate\":\"https:\/\/alcaldiaalbertoadriani.com\/?s={search_term_string}\"},\"query-input\":\"required name=search_term_string\"}],\"inLanguage\":\"es\"},{\"@type\":\"Person\",\"@id\":\"https:\/\/alcaldiaalbertoadriani.com\/#\/schema\/person\/549b4483ff8999ac780deeea78795fc9\",\"name\":\"Prensa\",\"image\":{\"@type\":\"ImageObject\",\"inLanguage\":\"es\",\"@id\":\"https:\/\/alcaldiaalbertoadriani.com\/#\/schema\/person\/image\/\",\"url\":\"https:\/\/secure.gravatar.com\/avatar\/ea1cb567ea992a29627f4eee1c2eb185ec16decec6342d508fdf18dedb56c9de?s=96&d=mm&r=g\",\"contentUrl\":\"https:\/\/secure.gravatar.com\/avatar\/ea1cb567ea992a29627f4eee1c2eb185ec16decec6342d508fdf18dedb56c9de?s=96&d=mm&r=g\",\"caption\":\"Prensa\"},\"url\":\"https:\/\/alcaldiaalbertoadriani.com\/?author=2\"}]}<\/script>\n<!-- \/ Yoast SEO plugin. -->","yoast_head_json":{"title":"Alcald\u00eda de Alberto Adriani inicia proceso de renovaci\u00f3n del Clpp","description":"Alcald\u00eda de Alberto Adriani inicia proceso de renovaci\u00f3n del Clpp para el per\u00edodo 2026-2028 cont\u00f3 con el respaldo de 30 de los 43 consejeros","robots":{"index":"index","follow":"follow","max-snippet":"max-snippet:-1","max-image-preview":"max-image-preview:large","max-video-preview":"max-video-preview:-1"},"canonical":"https:\/\/alcaldiaalbertoadriani.com\/?p=16106","og_locale":"es_ES","og_type":"article","og_title":"Alcald\u00eda de Alberto Adriani inicia proceso de renovaci\u00f3n del Clpp","og_description":"Alcald\u00eda de Alberto Adriani inicia proceso de renovaci\u00f3n del Clpp para el per\u00edodo 2026-2028 cont\u00f3 con el respaldo de 30 de los 43 consejeros","og_url":"https:\/\/alcaldiaalbertoadriani.com\/?p=16106","og_site_name":"Alcaldia Alberto Adriani","article_published_time":"2026-04-27T15:48:30+00:00","article_modified_time":"2026-04-27T15:48:39+00:00","og_image":[{"width":1280,"height":960,"url":"https:\/\/alcaldiaalbertoadriani.com\/wp-content\/uploads\/2026\/04\/photo_5143601590894791847_y.jpg","type":"image\/jpeg"}],"author":"Prensa","twitter_card":"summary_large_image","twitter_misc":{"Escrito por":"Prensa","Tiempo de lectura":"3 minutos"},"schema":{"@context":"https:\/\/schema.org","@graph":[{"@type":"WebPage","@id":"https:\/\/alcaldiaalbertoadriani.com\/?p=16106","url":"https:\/\/alcaldiaalbertoadriani.com\/?p=16106","name":"Alcald\u00eda de Alberto Adriani inicia proceso de renovaci\u00f3n del Clpp","isPartOf":{"@id":"https:\/\/alcaldiaalbertoadriani.com\/#website"},"datePublished":"2026-04-27T15:48:30+00:00","dateModified":"2026-04-27T15:48:39+00:00","author":{"@id":"https:\/\/alcaldiaalbertoadriani.com\/#\/schema\/person\/549b4483ff8999ac780deeea78795fc9"},"description":"Alcald\u00eda de Alberto Adriani inicia proceso de renovaci\u00f3n del Clpp para el per\u00edodo 2026-2028 cont\u00f3 con el respaldo de 30 de los 43 consejeros","breadcrumb":{"@id":"https:\/\/alcaldiaalbertoadriani.com\/?p=16106#breadcrumb"},"inLanguage":"es","potentialAction":[{"@type":"ReadAction","target":["https:\/\/alcaldiaalbertoadriani.com\/?p=16106"]}]},{"@type":"BreadcrumbList","@id":"https:\/\/alcaldiaalbertoadriani.com\/?p=16106#breadcrumb","itemListElement":[{"@type":"ListItem","position":1,"name":"Portada","item":"https:\/\/alcaldiaalbertoadriani.com\/"},{"@type":"ListItem","position":2,"name":"Alcald\u00eda de Alberto Adriani inicia proceso de renovaci\u00f3n del Clpp para el per\u00edodo 2026-2028"}]},{"@type":"WebSite","@id":"https:\/\/alcaldiaalbertoadriani.com\/#website","url":"https:\/\/alcaldiaalbertoadriani.com\/","name":"Alcaldia Alberto Adriani","description":"","potentialAction":[{"@type":"SearchAction","target":{"@type":"EntryPoint","urlTemplate":"https:\/\/alcaldiaalbertoadriani.com\/?s={search_term_string}"},"query-input":"required name=search_term_string"}],"inLanguage":"es"},{"@type":"Person","@id":"https:\/\/alcaldiaalbertoadriani.com\/#\/schema\/person\/549b4483ff8999ac780deeea78795fc9","name":"Prensa","image":{"@type":"ImageObject","inLanguage":"es","@id":"https:\/\/alcaldiaalbertoadriani.com\/#\/schema\/person\/image\/","url":"https:\/\/secure.gravatar.com\/avatar\/ea1cb567ea992a29627f4eee1c2eb185ec16decec6342d508fdf18dedb56c9de?s=96&d=mm&r=g","contentUrl":"https:\/\/secure.gravatar.com\/avatar\/ea1cb567ea992a29627f4eee1c2eb185ec16decec6342d508fdf18dedb56c9de?s=96&d=mm&r=g","caption":"Prensa"},"url":"https:\/\/alcaldiaalbertoadriani.com\/?author=2"}]}},"_links":{"self":[{"href":"https:\/\/alcaldiaalbertoadriani.com\/index.php?rest_route=\/wp\/v2\/posts\/16106","targetHints":{"allow":["GET"]}}],"collection":[{"href":"https:\/\/alcaldiaalbertoadriani.com\/index.php?rest_route=\/wp\/v2\/posts"}],"about":[{"href":"https:\/\/alcaldiaalbertoadriani.com\/index.php?rest_route=\/wp\/v2\/types\/post"}],"author":[{"embeddable":true,"href":"https:\/\/alcaldiaalbertoadriani.com\/index.php?rest_route=\/wp\/v2\/users\/2"}],"replies":[{"embeddable":true,"href":"https:\/\/alcaldiaalbertoadriani.com\/index.php?rest_route=%2Fwp%2Fv2%2Fcomments&post=16106"}],"version-history":[{"count":1,"href":"https:\/\/alcaldiaalbertoadriani.com\/index.php?rest_route=\/wp\/v2\/posts\/16106\/revisions"}],"predecessor-version":[{"id":16113,"href":"https:\/\/alcaldiaalbertoadriani.com\/index.php?rest_route=\/wp\/v2\/posts\/16106\/revisions\/16113"}],"wp:featuredmedia":[{"embeddable":true,"href":"https:\/\/alcaldiaalbertoadriani.com\/index.php?rest_route=\/wp\/v2\/media\/16107"}],"wp:attachment":[{"href":"https:\/\/alcaldiaalbertoadriani.com\/index.php?rest_route=%2Fwp%2Fv2%2Fmedia&parent=16106"}],"wp:term":[{"taxonomy":"category","embeddable":true,"href":"https:\/\/alcaldiaalbertoadriani.com\/index.php?rest_route=%2Fwp%2Fv2%2Fcategories&post=16106"},{"taxonomy":"post_tag","embeddable":true,"href":"https:\/\/alcaldiaalbertoadriani.com\/index.php?rest_route=%2Fwp%2Fv2%2Ftags&post=16106"}],"curies":[{"name":"wp","href":"https:\/\/api.w.org\/{rel}","templated":true}]}}