{"id":16095,"date":"2026-04-27T15:35:54","date_gmt":"2026-04-27T15:35:54","guid":{"rendered":"https:\/\/alcaldiaalbertoadriani.com\/?p=16095"},"modified":"2026-04-27T15:36:04","modified_gmt":"2026-04-27T15:36:04","slug":"alcalde-lisandro-segura-presento-balance-preliminar-de-afectacion","status":"publish","type":"post","link":"https:\/\/alcaldiaalbertoadriani.com\/?p=16095","title":{"rendered":"Alcalde Lisandro Segura present\u00f3 balance preliminar de afectaciones por lluvias en Alberto Adriani"},"content":{"rendered":"\n<p>El alcalde del municipio Alberto Adriani, <a href=\"https:\/\/www.instagram.com\/lisandrosegura02\/\">Lisandro Segura<\/a>, present\u00f3 un balance preliminar de las afectaciones presentadas tras las<a href=\"https:\/\/alcaldiaalbertoadriani.com\/?p=14847\"> intensas lluvias<\/a> que han ca\u00eddo en la jurisdicci\u00f3n en los \u00faltimos d\u00edas.<\/p>\n\n\n\n<p>Segura, calific\u00f3 las lluvias como \u201cdesproporcionadas\u201d y de impacto en gran parte del territorio municipal.<\/p>\n\n\n\n<p>\u201cEl fuerte aguacero de la madrugada fue desproporcionado y caus\u00f3 innumerables afectaciones en toda la geograf\u00eda del municipio\u201d, inform\u00f3 el alcalde, quien destac\u00f3 que desde tempranas horas se desplegaron equipos para atender las contingencias.<\/p>\n\n\n\n<figure class=\"wp-block-gallery has-nested-images columns-default is-cropped wp-block-gallery-1 is-layout-flex wp-block-gallery-is-layout-flex\">\n<figure class=\"wp-block-image size-large\"><img loading=\"lazy\" decoding=\"async\" width=\"1024\" height=\"768\" data-id=\"16097\" src=\"https:\/\/alcaldiaalbertoadriani.com\/wp-content\/uploads\/2026\/04\/photo_5141359248599092237_y-1024x768.jpg\" alt=\"\" class=\"wp-image-16097\" srcset=\"https:\/\/alcaldiaalbertoadriani.com\/wp-content\/uploads\/2026\/04\/photo_5141359248599092237_y-1024x768.jpg 1024w, https:\/\/alcaldiaalbertoadriani.com\/wp-content\/uploads\/2026\/04\/photo_5141359248599092237_y-980x735.jpg 980w, https:\/\/alcaldiaalbertoadriani.com\/wp-content\/uploads\/2026\/04\/photo_5141359248599092237_y-480x360.jpg 480w\" sizes=\"auto, (min-width: 0px) and (max-width: 480px) 480px, (min-width: 481px) and (max-width: 980px) 980px, (min-width: 981px) 1024px, 100vw\" \/><\/figure>\n<\/figure>\n\n\n\n<p>El burgomaestre explic\u00f3 que, aunque se cuenta con un primer reporte de incidencias, el mismo contin\u00faa en actualizaci\u00f3n debido a que las cuadrillas se mantienen recorriendo las comunidades afectadas. \u201cSeguramente aqu\u00ed faltan algunas afectaciones por registrar. Estamos recorriendo cada una de ellas, tratando de dar respuesta de manera oportuna a los ciudadanos\u201d, afirm\u00f3.<\/p>\n\n\n\n<p>Entre las principales situaciones reportadas, el alcalde mencion\u00f3 afectaciones en el eje Iberia-La Blanca, espec\u00edficamente en sectores como La Pirelli y el puente Chama, donde fue restituido el paso vehicular gracias al uso de maquinaria pesada y personal operativo. Asimismo, indic\u00f3 la presencia de deslizamientos en sectores como La Vega 1, la avenida Rotaria y la v\u00eda hacia La Palmita, donde advirti\u00f3 una situaci\u00f3n cr\u00edtica.<\/p>\n\n\n\n<p>\u201cHay una situaci\u00f3n muy grave porque hay una falla de la v\u00eda. Es inminente la p\u00e9rdida de la v\u00eda hacia La Palmita, lo que amenaza con dejar aislados a los habitantes de la parroquia Gabriel Pic\u00f3n Gonz\u00e1lez\u201d, alert\u00f3.<\/p>\n\n\n\n<p>El balance tambi\u00e9n incluye el desbordamiento de varios ca\u00f1os, entre ellos Bubuqu\u00ed, La Motosa, Balsa, Jab\u00f3n y La Macana, generando anegaciones en viviendas y vialidad.<\/p>\n\n\n\n<p>De igual forma, se reportaron da\u00f1os en infraestructura como el muro del boulevard de la Plaza Bol\u00edvar de El Vig\u00eda, as\u00ed como afectaciones a viviendas en distintos sectores del municipio.<\/p>\n\n\n\n<h2 class=\"wp-block-heading\"><strong><em>Da\u00f1os en servicios<\/em><\/strong><\/h2>\n\n\n\n<p>En materia de servicios, el alcalde inform\u00f3 sobre el riesgo en un poste de alta tensi\u00f3n que abastece a la parroquia Gabriel Pic\u00f3n Gonz\u00e1lez, cuya reubicaci\u00f3n preventiva ya fue coordinada con la Corporaci\u00f3n El\u00e9ctrica del Estado M\u00e9rida.<\/p>\n\n\n\n<p>Segura, se\u00f1al\u00f3 que hasta el momento se contabilizan al menos 16 afectaciones, aunque insisti\u00f3 en que la cifra podr\u00eda aumentar. \u201cEstas 16 afectaciones seguramente son pocas frente a la realidad total que vivimos en este momento\u201d, precis\u00f3.<\/p>\n\n\n\n<p>El mandatario municipal asegur\u00f3 que su gesti\u00f3n se mantiene desplegada junto a instancias regionales y nacionales, pero advirti\u00f3 que la magnitud de las afectaciones supera la capacidad operativa local. \u201cEstas contingencias est\u00e1n rebasando las capacidades econ\u00f3micas y operativas del gobierno municipal. No nos damos abasto para atender tantas afectaciones, como es el caso de la vialidad de La Palmita\u201d, expres\u00f3.<\/p>\n\n\n\n<p>Finalmente, hizo un llamado a la poblaci\u00f3n a mantener la prudencia, especialmente en zonas de riesgo, y exhort\u00f3 al Gobierno Nacional a brindar apoyo inmediato. \u201cSe hace necesario el despliegue de recursos, maquinaria y personal para atender estas contingencias\u201d, concluy\u00f3. <strong><em>Prensa OIPI Tahiry Villalobos CNP 23.225\/Foto Danny Ruiz y Karla M\u00e1rquez.<\/em><\/strong><\/p>\n\n\n\n<figure class=\"wp-block-gallery has-nested-images columns-default is-cropped wp-block-gallery-2 is-layout-flex wp-block-gallery-is-layout-flex\">\n<figure class=\"wp-block-image size-large\"><img loading=\"lazy\" decoding=\"async\" width=\"1024\" height=\"768\" data-id=\"16098\" src=\"https:\/\/alcaldiaalbertoadriani.com\/wp-content\/uploads\/2026\/04\/photo_5141359248599092232_y-1024x768.jpg\" alt=\"\" class=\"wp-image-16098\" srcset=\"https:\/\/alcaldiaalbertoadriani.com\/wp-content\/uploads\/2026\/04\/photo_5141359248599092232_y-1024x768.jpg 1024w, https:\/\/alcaldiaalbertoadriani.com\/wp-content\/uploads\/2026\/04\/photo_5141359248599092232_y-980x735.jpg 980w, https:\/\/alcaldiaalbertoadriani.com\/wp-content\/uploads\/2026\/04\/photo_5141359248599092232_y-480x360.jpg 480w\" sizes=\"auto, (min-width: 0px) and (max-width: 480px) 480px, (min-width: 481px) and (max-width: 980px) 980px, (min-width: 981px) 1024px, 100vw\" \/><\/figure>\n\n\n\n<figure class=\"wp-block-image size-large\"><img loading=\"lazy\" decoding=\"async\" width=\"1024\" height=\"768\" data-id=\"16100\" src=\"https:\/\/alcaldiaalbertoadriani.com\/wp-content\/uploads\/2026\/04\/photo_5141359248599092233_y-1024x768.jpg\" alt=\"\" class=\"wp-image-16100\" srcset=\"https:\/\/alcaldiaalbertoadriani.com\/wp-content\/uploads\/2026\/04\/photo_5141359248599092233_y-1024x768.jpg 1024w, https:\/\/alcaldiaalbertoadriani.com\/wp-content\/uploads\/2026\/04\/photo_5141359248599092233_y-980x735.jpg 980w, https:\/\/alcaldiaalbertoadriani.com\/wp-content\/uploads\/2026\/04\/photo_5141359248599092233_y-480x360.jpg 480w\" sizes=\"auto, (min-width: 0px) and (max-width: 480px) 480px, (min-width: 481px) and (max-width: 980px) 980px, (min-width: 981px) 1024px, 100vw\" \/><\/figure>\n\n\n\n<figure class=\"wp-block-image size-large\"><img loading=\"lazy\" decoding=\"async\" width=\"1024\" height=\"768\" data-id=\"16103\" src=\"https:\/\/alcaldiaalbertoadriani.com\/wp-content\/uploads\/2026\/04\/photo_5141359248599092234_y-1024x768.jpg\" alt=\"\" class=\"wp-image-16103\" srcset=\"https:\/\/alcaldiaalbertoadriani.com\/wp-content\/uploads\/2026\/04\/photo_5141359248599092234_y-1024x768.jpg 1024w, https:\/\/alcaldiaalbertoadriani.com\/wp-content\/uploads\/2026\/04\/photo_5141359248599092234_y-980x735.jpg 980w, https:\/\/alcaldiaalbertoadriani.com\/wp-content\/uploads\/2026\/04\/photo_5141359248599092234_y-480x360.jpg 480w\" sizes=\"auto, (min-width: 0px) and (max-width: 480px) 480px, (min-width: 481px) and (max-width: 980px) 980px, (min-width: 981px) 1024px, 100vw\" \/><\/figure>\n\n\n\n<figure class=\"wp-block-image size-large\"><img loading=\"lazy\" decoding=\"async\" width=\"1024\" height=\"768\" data-id=\"16102\" src=\"https:\/\/alcaldiaalbertoadriani.com\/wp-content\/uploads\/2026\/04\/photo_5141359248599092235_y-1024x768.jpg\" alt=\"\" class=\"wp-image-16102\" srcset=\"https:\/\/alcaldiaalbertoadriani.com\/wp-content\/uploads\/2026\/04\/photo_5141359248599092235_y-1024x768.jpg 1024w, https:\/\/alcaldiaalbertoadriani.com\/wp-content\/uploads\/2026\/04\/photo_5141359248599092235_y-980x735.jpg 980w, https:\/\/alcaldiaalbertoadriani.com\/wp-content\/uploads\/2026\/04\/photo_5141359248599092235_y-480x360.jpg 480w\" sizes=\"auto, (min-width: 0px) and (max-width: 480px) 480px, (min-width: 481px) and (max-width: 980px) 980px, (min-width: 981px) 1024px, 100vw\" \/><\/figure>\n\n\n\n<figure class=\"wp-block-image size-large\"><img loading=\"lazy\" decoding=\"async\" width=\"1024\" height=\"768\" data-id=\"16101\" src=\"https:\/\/alcaldiaalbertoadriani.com\/wp-content\/uploads\/2026\/04\/photo_5141359248599092236_y-1024x768.jpg\" alt=\"\" class=\"wp-image-16101\" srcset=\"https:\/\/alcaldiaalbertoadriani.com\/wp-content\/uploads\/2026\/04\/photo_5141359248599092236_y-1024x768.jpg 1024w, https:\/\/alcaldiaalbertoadriani.com\/wp-content\/uploads\/2026\/04\/photo_5141359248599092236_y-980x735.jpg 980w, https:\/\/alcaldiaalbertoadriani.com\/wp-content\/uploads\/2026\/04\/photo_5141359248599092236_y-480x360.jpg 480w\" sizes=\"auto, (min-width: 0px) and (max-width: 480px) 480px, (min-width: 481px) and (max-width: 980px) 980px, (min-width: 981px) 1024px, 100vw\" \/><\/figure>\n\n\n\n<figure class=\"wp-block-image size-large\"><img loading=\"lazy\" decoding=\"async\" width=\"1024\" height=\"768\" data-id=\"16099\" src=\"https:\/\/alcaldiaalbertoadriani.com\/wp-content\/uploads\/2026\/04\/photo_5141359248599092238_y-1024x768.jpg\" alt=\"\" class=\"wp-image-16099\" srcset=\"https:\/\/alcaldiaalbertoadriani.com\/wp-content\/uploads\/2026\/04\/photo_5141359248599092238_y-1024x768.jpg 1024w, https:\/\/alcaldiaalbertoadriani.com\/wp-content\/uploads\/2026\/04\/photo_5141359248599092238_y-980x735.jpg 980w, https:\/\/alcaldiaalbertoadriani.com\/wp-content\/uploads\/2026\/04\/photo_5141359248599092238_y-480x360.jpg 480w\" sizes=\"auto, (min-width: 0px) and (max-width: 480px) 480px, (min-width: 481px) and (max-width: 980px) 980px, (min-width: 981px) 1024px, 100vw\" \/><\/figure>\n\n\n\n<figure class=\"wp-block-image size-large\"><img loading=\"lazy\" decoding=\"async\" width=\"1024\" height=\"768\" data-id=\"16104\" src=\"https:\/\/alcaldiaalbertoadriani.com\/wp-content\/uploads\/2026\/04\/photo_5140895482325437806_y-1024x768.jpg\" alt=\"\" class=\"wp-image-16104\" srcset=\"https:\/\/alcaldiaalbertoadriani.com\/wp-content\/uploads\/2026\/04\/photo_5140895482325437806_y-1024x768.jpg 1024w, https:\/\/alcaldiaalbertoadriani.com\/wp-content\/uploads\/2026\/04\/photo_5140895482325437806_y-980x735.jpg 980w, https:\/\/alcaldiaalbertoadriani.com\/wp-content\/uploads\/2026\/04\/photo_5140895482325437806_y-480x360.jpg 480w\" sizes=\"auto, (min-width: 0px) and (max-width: 480px) 480px, (min-width: 481px) and (max-width: 980px) 980px, (min-width: 981px) 1024px, 100vw\" \/><\/figure>\n<\/figure>\n","protected":false},"excerpt":{"rendered":"<p>El alcalde del municipio Alberto Adriani, Lisandro Segura, present\u00f3 un balance preliminar de las afectaciones presentadas tras las intensas lluvias que han ca\u00eddo en la jurisdicci\u00f3n en los \u00faltimos d\u00edas. [&hellip;]<\/p>\n","protected":false},"author":2,"featured_media":16096,"comment_status":"open","ping_status":"closed","sticky":false,"template":"","format":"standard","meta":{"_et_pb_use_builder":"off","_et_pb_old_content":"","_et_gb_content_width":"","footnotes":""},"categories":[341,25],"tags":[31,11,12,15,761,30,29,28],"class_list":["post-16095","post","type-post","status-publish","format-standard","has-post-thumbnail","hentry","category-alcaldia-alberto-adriani","category-nuestro-municipio","tag-alcalde","tag-alcaldia","tag-alcaldiaalbertoadriani","tag-elvigia","tag-encrucijadadeprogreso","tag-lisandrosegura","tag-municipioquenosmerecemos","tag-porelrenacer"],"yoast_head":"<!-- This site is optimized with the Yoast SEO plugin v19.13 - https:\/\/yoast.com\/wordpress\/plugins\/seo\/ -->\n<title>Alcalde Lisandro Segura present\u00f3 balance preliminar de afectacion<\/title>\n<meta name=\"description\" content=\"Alcalde Lisandro Segura present\u00f3 balance preliminar de afectaciones por lluvias en Alberto Adriani las lluvias han sido \u201cdesproporcionadas&quot;\" \/>\n<meta name=\"robots\" content=\"index, follow, max-snippet:-1, max-image-preview:large, max-video-preview:-1\" \/>\n<link rel=\"canonical\" href=\"https:\/\/alcaldiaalbertoadriani.com\/?p=16095\" \/>\n<meta property=\"og:locale\" content=\"es_ES\" \/>\n<meta property=\"og:type\" content=\"article\" \/>\n<meta property=\"og:title\" content=\"Alcalde Lisandro Segura present\u00f3 balance preliminar de afectacion\" \/>\n<meta property=\"og:description\" content=\"Alcalde Lisandro Segura present\u00f3 balance preliminar de afectaciones por lluvias en Alberto Adriani las lluvias han sido \u201cdesproporcionadas&quot;\" \/>\n<meta property=\"og:url\" content=\"https:\/\/alcaldiaalbertoadriani.com\/?p=16095\" \/>\n<meta property=\"og:site_name\" content=\"Alcaldia Alberto Adriani\" \/>\n<meta property=\"article:published_time\" content=\"2026-04-27T15:35:54+00:00\" \/>\n<meta property=\"article:modified_time\" content=\"2026-04-27T15:36:04+00:00\" \/>\n<meta property=\"og:image\" content=\"https:\/\/alcaldiaalbertoadriani.com\/wp-content\/uploads\/2026\/04\/photo_5141359248599092239_y.jpg\" \/>\n\t<meta property=\"og:image:width\" content=\"1280\" \/>\n\t<meta property=\"og:image:height\" content=\"960\" \/>\n\t<meta property=\"og:image:type\" content=\"image\/jpeg\" \/>\n<meta name=\"author\" content=\"Prensa\" \/>\n<meta name=\"twitter:card\" content=\"summary_large_image\" \/>\n<meta name=\"twitter:label1\" content=\"Escrito por\" \/>\n\t<meta name=\"twitter:data1\" content=\"Prensa\" \/>\n\t<meta name=\"twitter:label2\" content=\"Tiempo de lectura\" \/>\n\t<meta name=\"twitter:data2\" content=\"4 minutos\" \/>\n<script type=\"application\/ld+json\" class=\"yoast-schema-graph\">{\"@context\":\"https:\/\/schema.org\",\"@graph\":[{\"@type\":\"WebPage\",\"@id\":\"https:\/\/alcaldiaalbertoadriani.com\/?p=16095\",\"url\":\"https:\/\/alcaldiaalbertoadriani.com\/?p=16095\",\"name\":\"Alcalde Lisandro Segura present\u00f3 balance preliminar de afectacion\",\"isPartOf\":{\"@id\":\"https:\/\/alcaldiaalbertoadriani.com\/#website\"},\"datePublished\":\"2026-04-27T15:35:54+00:00\",\"dateModified\":\"2026-04-27T15:36:04+00:00\",\"author\":{\"@id\":\"https:\/\/alcaldiaalbertoadriani.com\/#\/schema\/person\/549b4483ff8999ac780deeea78795fc9\"},\"description\":\"Alcalde Lisandro Segura present\u00f3 balance preliminar de afectaciones por lluvias en Alberto Adriani las lluvias han sido \u201cdesproporcionadas\\\"\",\"breadcrumb\":{\"@id\":\"https:\/\/alcaldiaalbertoadriani.com\/?p=16095#breadcrumb\"},\"inLanguage\":\"es\",\"potentialAction\":[{\"@type\":\"ReadAction\",\"target\":[\"https:\/\/alcaldiaalbertoadriani.com\/?p=16095\"]}]},{\"@type\":\"BreadcrumbList\",\"@id\":\"https:\/\/alcaldiaalbertoadriani.com\/?p=16095#breadcrumb\",\"itemListElement\":[{\"@type\":\"ListItem\",\"position\":1,\"name\":\"Portada\",\"item\":\"https:\/\/alcaldiaalbertoadriani.com\/\"},{\"@type\":\"ListItem\",\"position\":2,\"name\":\"Alcalde Lisandro Segura present\u00f3 balance preliminar de afectaciones por lluvias en Alberto Adriani\"}]},{\"@type\":\"WebSite\",\"@id\":\"https:\/\/alcaldiaalbertoadriani.com\/#website\",\"url\":\"https:\/\/alcaldiaalbertoadriani.com\/\",\"name\":\"Alcaldia Alberto Adriani\",\"description\":\"\",\"potentialAction\":[{\"@type\":\"SearchAction\",\"target\":{\"@type\":\"EntryPoint\",\"urlTemplate\":\"https:\/\/alcaldiaalbertoadriani.com\/?s={search_term_string}\"},\"query-input\":\"required name=search_term_string\"}],\"inLanguage\":\"es\"},{\"@type\":\"Person\",\"@id\":\"https:\/\/alcaldiaalbertoadriani.com\/#\/schema\/person\/549b4483ff8999ac780deeea78795fc9\",\"name\":\"Prensa\",\"image\":{\"@type\":\"ImageObject\",\"inLanguage\":\"es\",\"@id\":\"https:\/\/alcaldiaalbertoadriani.com\/#\/schema\/person\/image\/\",\"url\":\"https:\/\/secure.gravatar.com\/avatar\/ea1cb567ea992a29627f4eee1c2eb185ec16decec6342d508fdf18dedb56c9de?s=96&d=mm&r=g\",\"contentUrl\":\"https:\/\/secure.gravatar.com\/avatar\/ea1cb567ea992a29627f4eee1c2eb185ec16decec6342d508fdf18dedb56c9de?s=96&d=mm&r=g\",\"caption\":\"Prensa\"},\"url\":\"https:\/\/alcaldiaalbertoadriani.com\/?author=2\"}]}<\/script>\n<!-- \/ Yoast SEO plugin. -->","yoast_head_json":{"title":"Alcalde Lisandro Segura present\u00f3 balance preliminar de afectacion","description":"Alcalde Lisandro Segura present\u00f3 balance preliminar de afectaciones por lluvias en Alberto Adriani las lluvias han sido \u201cdesproporcionadas\"","robots":{"index":"index","follow":"follow","max-snippet":"max-snippet:-1","max-image-preview":"max-image-preview:large","max-video-preview":"max-video-preview:-1"},"canonical":"https:\/\/alcaldiaalbertoadriani.com\/?p=16095","og_locale":"es_ES","og_type":"article","og_title":"Alcalde Lisandro Segura present\u00f3 balance preliminar de afectacion","og_description":"Alcalde Lisandro Segura present\u00f3 balance preliminar de afectaciones por lluvias en Alberto Adriani las lluvias han sido \u201cdesproporcionadas\"","og_url":"https:\/\/alcaldiaalbertoadriani.com\/?p=16095","og_site_name":"Alcaldia Alberto Adriani","article_published_time":"2026-04-27T15:35:54+00:00","article_modified_time":"2026-04-27T15:36:04+00:00","og_image":[{"width":1280,"height":960,"url":"https:\/\/alcaldiaalbertoadriani.com\/wp-content\/uploads\/2026\/04\/photo_5141359248599092239_y.jpg","type":"image\/jpeg"}],"author":"Prensa","twitter_card":"summary_large_image","twitter_misc":{"Escrito por":"Prensa","Tiempo de lectura":"4 minutos"},"schema":{"@context":"https:\/\/schema.org","@graph":[{"@type":"WebPage","@id":"https:\/\/alcaldiaalbertoadriani.com\/?p=16095","url":"https:\/\/alcaldiaalbertoadriani.com\/?p=16095","name":"Alcalde Lisandro Segura present\u00f3 balance preliminar de afectacion","isPartOf":{"@id":"https:\/\/alcaldiaalbertoadriani.com\/#website"},"datePublished":"2026-04-27T15:35:54+00:00","dateModified":"2026-04-27T15:36:04+00:00","author":{"@id":"https:\/\/alcaldiaalbertoadriani.com\/#\/schema\/person\/549b4483ff8999ac780deeea78795fc9"},"description":"Alcalde Lisandro Segura present\u00f3 balance preliminar de afectaciones por lluvias en Alberto Adriani las lluvias han sido \u201cdesproporcionadas\"","breadcrumb":{"@id":"https:\/\/alcaldiaalbertoadriani.com\/?p=16095#breadcrumb"},"inLanguage":"es","potentialAction":[{"@type":"ReadAction","target":["https:\/\/alcaldiaalbertoadriani.com\/?p=16095"]}]},{"@type":"BreadcrumbList","@id":"https:\/\/alcaldiaalbertoadriani.com\/?p=16095#breadcrumb","itemListElement":[{"@type":"ListItem","position":1,"name":"Portada","item":"https:\/\/alcaldiaalbertoadriani.com\/"},{"@type":"ListItem","position":2,"name":"Alcalde Lisandro Segura present\u00f3 balance preliminar de afectaciones por lluvias en Alberto Adriani"}]},{"@type":"WebSite","@id":"https:\/\/alcaldiaalbertoadriani.com\/#website","url":"https:\/\/alcaldiaalbertoadriani.com\/","name":"Alcaldia Alberto Adriani","description":"","potentialAction":[{"@type":"SearchAction","target":{"@type":"EntryPoint","urlTemplate":"https:\/\/alcaldiaalbertoadriani.com\/?s={search_term_string}"},"query-input":"required name=search_term_string"}],"inLanguage":"es"},{"@type":"Person","@id":"https:\/\/alcaldiaalbertoadriani.com\/#\/schema\/person\/549b4483ff8999ac780deeea78795fc9","name":"Prensa","image":{"@type":"ImageObject","inLanguage":"es","@id":"https:\/\/alcaldiaalbertoadriani.com\/#\/schema\/person\/image\/","url":"https:\/\/secure.gravatar.com\/avatar\/ea1cb567ea992a29627f4eee1c2eb185ec16decec6342d508fdf18dedb56c9de?s=96&d=mm&r=g","contentUrl":"https:\/\/secure.gravatar.com\/avatar\/ea1cb567ea992a29627f4eee1c2eb185ec16decec6342d508fdf18dedb56c9de?s=96&d=mm&r=g","caption":"Prensa"},"url":"https:\/\/alcaldiaalbertoadriani.com\/?author=2"}]}},"_links":{"self":[{"href":"https:\/\/alcaldiaalbertoadriani.com\/index.php?rest_route=\/wp\/v2\/posts\/16095","targetHints":{"allow":["GET"]}}],"collection":[{"href":"https:\/\/alcaldiaalbertoadriani.com\/index.php?rest_route=\/wp\/v2\/posts"}],"about":[{"href":"https:\/\/alcaldiaalbertoadriani.com\/index.php?rest_route=\/wp\/v2\/types\/post"}],"author":[{"embeddable":true,"href":"https:\/\/alcaldiaalbertoadriani.com\/index.php?rest_route=\/wp\/v2\/users\/2"}],"replies":[{"embeddable":true,"href":"https:\/\/alcaldiaalbertoadriani.com\/index.php?rest_route=%2Fwp%2Fv2%2Fcomments&post=16095"}],"version-history":[{"count":1,"href":"https:\/\/alcaldiaalbertoadriani.com\/index.php?rest_route=\/wp\/v2\/posts\/16095\/revisions"}],"predecessor-version":[{"id":16105,"href":"https:\/\/alcaldiaalbertoadriani.com\/index.php?rest_route=\/wp\/v2\/posts\/16095\/revisions\/16105"}],"wp:featuredmedia":[{"embeddable":true,"href":"https:\/\/alcaldiaalbertoadriani.com\/index.php?rest_route=\/wp\/v2\/media\/16096"}],"wp:attachment":[{"href":"https:\/\/alcaldiaalbertoadriani.com\/index.php?rest_route=%2Fwp%2Fv2%2Fmedia&parent=16095"}],"wp:term":[{"taxonomy":"category","embeddable":true,"href":"https:\/\/alcaldiaalbertoadriani.com\/index.php?rest_route=%2Fwp%2Fv2%2Fcategories&post=16095"},{"taxonomy":"post_tag","embeddable":true,"href":"https:\/\/alcaldiaalbertoadriani.com\/index.php?rest_route=%2Fwp%2Fv2%2Ftags&post=16095"}],"curies":[{"name":"wp","href":"https:\/\/api.w.org\/{rel}","templated":true}]}}