{"id":16085,"date":"2026-04-27T15:22:02","date_gmt":"2026-04-27T15:22:02","guid":{"rendered":"https:\/\/alcaldiaalbertoadriani.com\/?p=16085"},"modified":"2026-04-27T15:22:10","modified_gmt":"2026-04-27T15:22:10","slug":"imjaa-realizo-primera-feria-del-libro-digital-guillermo-briceno","status":"publish","type":"post","link":"https:\/\/alcaldiaalbertoadriani.com\/?p=16085","title":{"rendered":"Imjaa realiz\u00f3 primera Feria del Libro Digital \u201cGuillermo Brice\u00f1o\u201d"},"content":{"rendered":"\n<p>Este jueves, funcionarios del Instituto Municipal de la Juventud Alberto Adriani (<a href=\"https:\/\/alcaldiaalbertoadriani.com\/?tag=imjaa-actividad-comunidad\">Imjaa<\/a>), liderado por Jeckson Parra y siguiendo las orientaciones del alcalde <a href=\"https:\/\/www.instagram.com\/lisandrosegura02\/\">Lisandro Segura<\/a>. Realizaron actividades en el marco del D\u00eda Mundial del Libro con una feria del Libro Digital .<\/p>\n\n\n\n<!--more-->\n\n\n\n<p>En tal sentido, el Imjaa desarroll\u00f3 con \u00e9xito la primera feria del Libro Digital \u201cGuillermo Brice\u00f1o\u201d. La cual tuvo lugar en la plaza La Cordillera, mejor conocida como El Ferrocarril.<\/p>\n\n\n\n<figure class=\"wp-block-gallery has-nested-images columns-default is-cropped wp-block-gallery-1 is-layout-flex wp-block-gallery-is-layout-flex\">\n<figure class=\"wp-block-image size-large\"><img loading=\"lazy\" decoding=\"async\" width=\"1000\" height=\"750\" data-id=\"16087\" src=\"https:\/\/alcaldiaalbertoadriani.com\/wp-content\/uploads\/2026\/04\/photo_5140945437090057225_y.jpg\" alt=\"\" class=\"wp-image-16087\" srcset=\"https:\/\/alcaldiaalbertoadriani.com\/wp-content\/uploads\/2026\/04\/photo_5140945437090057225_y.jpg 1000w, https:\/\/alcaldiaalbertoadriani.com\/wp-content\/uploads\/2026\/04\/photo_5140945437090057225_y-980x735.jpg 980w, https:\/\/alcaldiaalbertoadriani.com\/wp-content\/uploads\/2026\/04\/photo_5140945437090057225_y-480x360.jpg 480w\" sizes=\"auto, (min-width: 0px) and (max-width: 480px) 480px, (min-width: 481px) and (max-width: 980px) 980px, (min-width: 981px) 1000px, 100vw\" \/><\/figure>\n<\/figure>\n\n\n\n<p>Importante destacar que, para la realizaci\u00f3n de la misma, contaron con el apoyo de la empresa venezolana de telecomunicaciones especializada en servicios de internet por fibra \u00f3ptica de alta velocidad VNET, quien suministr\u00f3 internet de manera gratuita para que los usuarios pudiesen descargar a trav\u00e9s de c\u00f3digo QR el libro de su preferencia.<\/p>\n\n\n\n<figure class=\"wp-block-gallery has-nested-images columns-default is-cropped wp-block-gallery-2 is-layout-flex wp-block-gallery-is-layout-flex\">\n<figure class=\"wp-block-image size-large\"><img loading=\"lazy\" decoding=\"async\" width=\"1000\" height=\"750\" data-id=\"16088\" src=\"https:\/\/alcaldiaalbertoadriani.com\/wp-content\/uploads\/2026\/04\/photo_5140945437090057230_y.jpg\" alt=\"\" class=\"wp-image-16088\" srcset=\"https:\/\/alcaldiaalbertoadriani.com\/wp-content\/uploads\/2026\/04\/photo_5140945437090057230_y.jpg 1000w, https:\/\/alcaldiaalbertoadriani.com\/wp-content\/uploads\/2026\/04\/photo_5140945437090057230_y-980x735.jpg 980w, https:\/\/alcaldiaalbertoadriani.com\/wp-content\/uploads\/2026\/04\/photo_5140945437090057230_y-480x360.jpg 480w\" sizes=\"auto, (min-width: 0px) and (max-width: 480px) 480px, (min-width: 481px) and (max-width: 980px) 980px, (min-width: 981px) 1000px, 100vw\" \/><\/figure>\n<\/figure>\n\n\n\n<p>En sus palabras Jeckson Parra asegur\u00f3 que con la realizaci\u00f3n de esta feria se busca \u201cabrir la puerta a lo digital, uniendo lo tradicional con lo tecnol\u00f3gico, y con esta feria digital estamos yendo un paso m\u00e1s all\u00e1, evolucionando y animando a las personas a adquirir estos libros tambi\u00e9n, lo que permitir\u00e1 que el municipio&nbsp; evolucione tambi\u00e9n llevando la lectura a un nivel mucho mayor\u201d, dijo.<\/p>\n\n\n\n<p>Los libros digitales facilitan la manera de adquirirlos mediante el uso de tel\u00e9fonos, tablets, computadoras y\/o cualquier dispositivo digital.<\/p>\n\n\n\n<p>Es importante mencionar que en la feria digital fueron presentados 120 ejemplares en las \u00e1reas narrativa, literaria, novelas, c\u00f3mics, entre otros.&nbsp;&nbsp;&nbsp;&nbsp;<\/p>\n\n\n\n<p>De esta forma el gobierno municipal reafirma su compromiso con el fortalecimiento cultural y crecimiento personal de la colectividad vig\u00edense. <strong><em>Prensa Alcald\u00eda OIPI: Yurima Ram\u00edrez Pasante UVB\/ Fotos: Y\/R.<\/em><\/strong><\/p>\n\n\n\n<figure class=\"wp-block-gallery has-nested-images columns-default is-cropped wp-block-gallery-3 is-layout-flex wp-block-gallery-is-layout-flex\">\n<figure class=\"wp-block-image size-large\"><img loading=\"lazy\" decoding=\"async\" width=\"1000\" height=\"750\" data-id=\"16091\" src=\"https:\/\/alcaldiaalbertoadriani.com\/wp-content\/uploads\/2026\/04\/photo_5140945437090057231_y.jpg\" alt=\"\" class=\"wp-image-16091\" srcset=\"https:\/\/alcaldiaalbertoadriani.com\/wp-content\/uploads\/2026\/04\/photo_5140945437090057231_y.jpg 1000w, https:\/\/alcaldiaalbertoadriani.com\/wp-content\/uploads\/2026\/04\/photo_5140945437090057231_y-980x735.jpg 980w, https:\/\/alcaldiaalbertoadriani.com\/wp-content\/uploads\/2026\/04\/photo_5140945437090057231_y-480x360.jpg 480w\" sizes=\"auto, (min-width: 0px) and (max-width: 480px) 480px, (min-width: 481px) and (max-width: 980px) 980px, (min-width: 981px) 1000px, 100vw\" \/><\/figure>\n\n\n\n<figure class=\"wp-block-image size-large\"><img loading=\"lazy\" decoding=\"async\" width=\"1000\" height=\"750\" data-id=\"16089\" src=\"https:\/\/alcaldiaalbertoadriani.com\/wp-content\/uploads\/2026\/04\/photo_5140945437090057226_y.jpg\" alt=\"\" class=\"wp-image-16089\" srcset=\"https:\/\/alcaldiaalbertoadriani.com\/wp-content\/uploads\/2026\/04\/photo_5140945437090057226_y.jpg 1000w, https:\/\/alcaldiaalbertoadriani.com\/wp-content\/uploads\/2026\/04\/photo_5140945437090057226_y-980x735.jpg 980w, https:\/\/alcaldiaalbertoadriani.com\/wp-content\/uploads\/2026\/04\/photo_5140945437090057226_y-480x360.jpg 480w\" sizes=\"auto, (min-width: 0px) and (max-width: 480px) 480px, (min-width: 481px) and (max-width: 980px) 980px, (min-width: 981px) 1000px, 100vw\" \/><\/figure>\n\n\n\n<figure class=\"wp-block-image size-large\"><img loading=\"lazy\" decoding=\"async\" width=\"1000\" height=\"750\" data-id=\"16093\" src=\"https:\/\/alcaldiaalbertoadriani.com\/wp-content\/uploads\/2026\/04\/photo_5140945437090057227_y.jpg\" alt=\"\" class=\"wp-image-16093\" srcset=\"https:\/\/alcaldiaalbertoadriani.com\/wp-content\/uploads\/2026\/04\/photo_5140945437090057227_y.jpg 1000w, https:\/\/alcaldiaalbertoadriani.com\/wp-content\/uploads\/2026\/04\/photo_5140945437090057227_y-980x735.jpg 980w, https:\/\/alcaldiaalbertoadriani.com\/wp-content\/uploads\/2026\/04\/photo_5140945437090057227_y-480x360.jpg 480w\" sizes=\"auto, (min-width: 0px) and (max-width: 480px) 480px, (min-width: 481px) and (max-width: 980px) 980px, (min-width: 981px) 1000px, 100vw\" \/><\/figure>\n\n\n\n<figure class=\"wp-block-image size-large\"><img loading=\"lazy\" decoding=\"async\" width=\"1000\" height=\"750\" data-id=\"16090\" src=\"https:\/\/alcaldiaalbertoadriani.com\/wp-content\/uploads\/2026\/04\/photo_5140945437090057228_y.jpg\" alt=\"\" class=\"wp-image-16090\" srcset=\"https:\/\/alcaldiaalbertoadriani.com\/wp-content\/uploads\/2026\/04\/photo_5140945437090057228_y.jpg 1000w, https:\/\/alcaldiaalbertoadriani.com\/wp-content\/uploads\/2026\/04\/photo_5140945437090057228_y-980x735.jpg 980w, https:\/\/alcaldiaalbertoadriani.com\/wp-content\/uploads\/2026\/04\/photo_5140945437090057228_y-480x360.jpg 480w\" sizes=\"auto, (min-width: 0px) and (max-width: 480px) 480px, (min-width: 481px) and (max-width: 980px) 980px, (min-width: 981px) 1000px, 100vw\" \/><\/figure>\n\n\n\n<figure class=\"wp-block-image size-large\"><img loading=\"lazy\" decoding=\"async\" width=\"1000\" height=\"750\" data-id=\"16092\" src=\"https:\/\/alcaldiaalbertoadriani.com\/wp-content\/uploads\/2026\/04\/photo_5140945437090057229_y.jpg\" alt=\"\" class=\"wp-image-16092\" srcset=\"https:\/\/alcaldiaalbertoadriani.com\/wp-content\/uploads\/2026\/04\/photo_5140945437090057229_y.jpg 1000w, https:\/\/alcaldiaalbertoadriani.com\/wp-content\/uploads\/2026\/04\/photo_5140945437090057229_y-980x735.jpg 980w, https:\/\/alcaldiaalbertoadriani.com\/wp-content\/uploads\/2026\/04\/photo_5140945437090057229_y-480x360.jpg 480w\" sizes=\"auto, (min-width: 0px) and (max-width: 480px) 480px, (min-width: 481px) and (max-width: 980px) 980px, (min-width: 981px) 1000px, 100vw\" \/><\/figure>\n<\/figure>\n","protected":false},"excerpt":{"rendered":"<p>Este jueves, funcionarios del Instituto Municipal de la Juventud Alberto Adriani (Imjaa), liderado por Jeckson Parra y siguiendo las orientaciones del alcalde Lisandro Segura. Realizaron actividades en el marco del [&hellip;]<\/p>\n","protected":false},"author":2,"featured_media":16086,"comment_status":"open","ping_status":"closed","sticky":false,"template":"","format":"standard","meta":{"_et_pb_use_builder":"off","_et_pb_old_content":"","_et_gb_content_width":"","footnotes":""},"categories":[341,89,25],"tags":[31,11,12,15,761,30,29,28],"class_list":["post-16085","post","type-post","status-publish","format-standard","has-post-thumbnail","hentry","category-alcaldia-alberto-adriani","category-imjaa","category-nuestro-municipio","tag-alcalde","tag-alcaldia","tag-alcaldiaalbertoadriani","tag-elvigia","tag-encrucijadadeprogreso","tag-lisandrosegura","tag-municipioquenosmerecemos","tag-porelrenacer"],"yoast_head":"<!-- This site is optimized with the Yoast SEO plugin v19.13 - https:\/\/yoast.com\/wordpress\/plugins\/seo\/ -->\n<title>Imjaa realiz\u00f3 primera Feria del Libro Digital \u201cGuillermo Brice\u00f1o\u201d<\/title>\n<meta name=\"description\" content=\"Imjaa realiz\u00f3 primera Feria del Libro Digital \u201cGuillermo Brice\u00f1o\u201d realizaron actividades en el marco del D\u00eda Mundial del Libro.\" \/>\n<meta name=\"robots\" content=\"index, follow, max-snippet:-1, max-image-preview:large, max-video-preview:-1\" \/>\n<link rel=\"canonical\" href=\"https:\/\/alcaldiaalbertoadriani.com\/?p=16085\" \/>\n<meta property=\"og:locale\" content=\"es_ES\" \/>\n<meta property=\"og:type\" content=\"article\" \/>\n<meta property=\"og:title\" content=\"Imjaa realiz\u00f3 primera Feria del Libro Digital \u201cGuillermo Brice\u00f1o\u201d\" \/>\n<meta property=\"og:description\" content=\"Imjaa realiz\u00f3 primera Feria del Libro Digital \u201cGuillermo Brice\u00f1o\u201d realizaron actividades en el marco del D\u00eda Mundial del Libro.\" \/>\n<meta property=\"og:url\" content=\"https:\/\/alcaldiaalbertoadriani.com\/?p=16085\" \/>\n<meta property=\"og:site_name\" content=\"Alcaldia Alberto Adriani\" \/>\n<meta property=\"article:published_time\" content=\"2026-04-27T15:22:02+00:00\" \/>\n<meta property=\"article:modified_time\" content=\"2026-04-27T15:22:10+00:00\" \/>\n<meta property=\"og:image\" content=\"https:\/\/alcaldiaalbertoadriani.com\/wp-content\/uploads\/2026\/04\/photo_5140945437090057224_y.jpg\" \/>\n\t<meta property=\"og:image:width\" content=\"1000\" \/>\n\t<meta property=\"og:image:height\" content=\"750\" \/>\n\t<meta property=\"og:image:type\" content=\"image\/jpeg\" \/>\n<meta name=\"author\" content=\"Prensa\" \/>\n<meta name=\"twitter:card\" content=\"summary_large_image\" \/>\n<meta name=\"twitter:label1\" content=\"Escrito por\" \/>\n\t<meta name=\"twitter:data1\" content=\"Prensa\" \/>\n\t<meta name=\"twitter:label2\" content=\"Tiempo de lectura\" \/>\n\t<meta name=\"twitter:data2\" content=\"3 minutos\" \/>\n<script type=\"application\/ld+json\" class=\"yoast-schema-graph\">{\"@context\":\"https:\/\/schema.org\",\"@graph\":[{\"@type\":\"WebPage\",\"@id\":\"https:\/\/alcaldiaalbertoadriani.com\/?p=16085\",\"url\":\"https:\/\/alcaldiaalbertoadriani.com\/?p=16085\",\"name\":\"Imjaa realiz\u00f3 primera Feria del Libro Digital \u201cGuillermo Brice\u00f1o\u201d\",\"isPartOf\":{\"@id\":\"https:\/\/alcaldiaalbertoadriani.com\/#website\"},\"datePublished\":\"2026-04-27T15:22:02+00:00\",\"dateModified\":\"2026-04-27T15:22:10+00:00\",\"author\":{\"@id\":\"https:\/\/alcaldiaalbertoadriani.com\/#\/schema\/person\/549b4483ff8999ac780deeea78795fc9\"},\"description\":\"Imjaa realiz\u00f3 primera Feria del Libro Digital \u201cGuillermo Brice\u00f1o\u201d realizaron actividades en el marco del D\u00eda Mundial del Libro.\",\"breadcrumb\":{\"@id\":\"https:\/\/alcaldiaalbertoadriani.com\/?p=16085#breadcrumb\"},\"inLanguage\":\"es\",\"potentialAction\":[{\"@type\":\"ReadAction\",\"target\":[\"https:\/\/alcaldiaalbertoadriani.com\/?p=16085\"]}]},{\"@type\":\"BreadcrumbList\",\"@id\":\"https:\/\/alcaldiaalbertoadriani.com\/?p=16085#breadcrumb\",\"itemListElement\":[{\"@type\":\"ListItem\",\"position\":1,\"name\":\"Portada\",\"item\":\"https:\/\/alcaldiaalbertoadriani.com\/\"},{\"@type\":\"ListItem\",\"position\":2,\"name\":\"Imjaa realiz\u00f3 primera Feria del Libro Digital \u201cGuillermo Brice\u00f1o\u201d\"}]},{\"@type\":\"WebSite\",\"@id\":\"https:\/\/alcaldiaalbertoadriani.com\/#website\",\"url\":\"https:\/\/alcaldiaalbertoadriani.com\/\",\"name\":\"Alcaldia Alberto Adriani\",\"description\":\"\",\"potentialAction\":[{\"@type\":\"SearchAction\",\"target\":{\"@type\":\"EntryPoint\",\"urlTemplate\":\"https:\/\/alcaldiaalbertoadriani.com\/?s={search_term_string}\"},\"query-input\":\"required name=search_term_string\"}],\"inLanguage\":\"es\"},{\"@type\":\"Person\",\"@id\":\"https:\/\/alcaldiaalbertoadriani.com\/#\/schema\/person\/549b4483ff8999ac780deeea78795fc9\",\"name\":\"Prensa\",\"image\":{\"@type\":\"ImageObject\",\"inLanguage\":\"es\",\"@id\":\"https:\/\/alcaldiaalbertoadriani.com\/#\/schema\/person\/image\/\",\"url\":\"https:\/\/secure.gravatar.com\/avatar\/ea1cb567ea992a29627f4eee1c2eb185ec16decec6342d508fdf18dedb56c9de?s=96&d=mm&r=g\",\"contentUrl\":\"https:\/\/secure.gravatar.com\/avatar\/ea1cb567ea992a29627f4eee1c2eb185ec16decec6342d508fdf18dedb56c9de?s=96&d=mm&r=g\",\"caption\":\"Prensa\"},\"url\":\"https:\/\/alcaldiaalbertoadriani.com\/?author=2\"}]}<\/script>\n<!-- \/ Yoast SEO plugin. -->","yoast_head_json":{"title":"Imjaa realiz\u00f3 primera Feria del Libro Digital \u201cGuillermo Brice\u00f1o\u201d","description":"Imjaa realiz\u00f3 primera Feria del Libro Digital \u201cGuillermo Brice\u00f1o\u201d realizaron actividades en el marco del D\u00eda Mundial del Libro.","robots":{"index":"index","follow":"follow","max-snippet":"max-snippet:-1","max-image-preview":"max-image-preview:large","max-video-preview":"max-video-preview:-1"},"canonical":"https:\/\/alcaldiaalbertoadriani.com\/?p=16085","og_locale":"es_ES","og_type":"article","og_title":"Imjaa realiz\u00f3 primera Feria del Libro Digital \u201cGuillermo Brice\u00f1o\u201d","og_description":"Imjaa realiz\u00f3 primera Feria del Libro Digital \u201cGuillermo Brice\u00f1o\u201d realizaron actividades en el marco del D\u00eda Mundial del Libro.","og_url":"https:\/\/alcaldiaalbertoadriani.com\/?p=16085","og_site_name":"Alcaldia Alberto Adriani","article_published_time":"2026-04-27T15:22:02+00:00","article_modified_time":"2026-04-27T15:22:10+00:00","og_image":[{"width":1000,"height":750,"url":"https:\/\/alcaldiaalbertoadriani.com\/wp-content\/uploads\/2026\/04\/photo_5140945437090057224_y.jpg","type":"image\/jpeg"}],"author":"Prensa","twitter_card":"summary_large_image","twitter_misc":{"Escrito por":"Prensa","Tiempo de lectura":"3 minutos"},"schema":{"@context":"https:\/\/schema.org","@graph":[{"@type":"WebPage","@id":"https:\/\/alcaldiaalbertoadriani.com\/?p=16085","url":"https:\/\/alcaldiaalbertoadriani.com\/?p=16085","name":"Imjaa realiz\u00f3 primera Feria del Libro Digital \u201cGuillermo Brice\u00f1o\u201d","isPartOf":{"@id":"https:\/\/alcaldiaalbertoadriani.com\/#website"},"datePublished":"2026-04-27T15:22:02+00:00","dateModified":"2026-04-27T15:22:10+00:00","author":{"@id":"https:\/\/alcaldiaalbertoadriani.com\/#\/schema\/person\/549b4483ff8999ac780deeea78795fc9"},"description":"Imjaa realiz\u00f3 primera Feria del Libro Digital \u201cGuillermo Brice\u00f1o\u201d realizaron actividades en el marco del D\u00eda Mundial del Libro.","breadcrumb":{"@id":"https:\/\/alcaldiaalbertoadriani.com\/?p=16085#breadcrumb"},"inLanguage":"es","potentialAction":[{"@type":"ReadAction","target":["https:\/\/alcaldiaalbertoadriani.com\/?p=16085"]}]},{"@type":"BreadcrumbList","@id":"https:\/\/alcaldiaalbertoadriani.com\/?p=16085#breadcrumb","itemListElement":[{"@type":"ListItem","position":1,"name":"Portada","item":"https:\/\/alcaldiaalbertoadriani.com\/"},{"@type":"ListItem","position":2,"name":"Imjaa realiz\u00f3 primera Feria del Libro Digital \u201cGuillermo Brice\u00f1o\u201d"}]},{"@type":"WebSite","@id":"https:\/\/alcaldiaalbertoadriani.com\/#website","url":"https:\/\/alcaldiaalbertoadriani.com\/","name":"Alcaldia Alberto Adriani","description":"","potentialAction":[{"@type":"SearchAction","target":{"@type":"EntryPoint","urlTemplate":"https:\/\/alcaldiaalbertoadriani.com\/?s={search_term_string}"},"query-input":"required name=search_term_string"}],"inLanguage":"es"},{"@type":"Person","@id":"https:\/\/alcaldiaalbertoadriani.com\/#\/schema\/person\/549b4483ff8999ac780deeea78795fc9","name":"Prensa","image":{"@type":"ImageObject","inLanguage":"es","@id":"https:\/\/alcaldiaalbertoadriani.com\/#\/schema\/person\/image\/","url":"https:\/\/secure.gravatar.com\/avatar\/ea1cb567ea992a29627f4eee1c2eb185ec16decec6342d508fdf18dedb56c9de?s=96&d=mm&r=g","contentUrl":"https:\/\/secure.gravatar.com\/avatar\/ea1cb567ea992a29627f4eee1c2eb185ec16decec6342d508fdf18dedb56c9de?s=96&d=mm&r=g","caption":"Prensa"},"url":"https:\/\/alcaldiaalbertoadriani.com\/?author=2"}]}},"_links":{"self":[{"href":"https:\/\/alcaldiaalbertoadriani.com\/index.php?rest_route=\/wp\/v2\/posts\/16085","targetHints":{"allow":["GET"]}}],"collection":[{"href":"https:\/\/alcaldiaalbertoadriani.com\/index.php?rest_route=\/wp\/v2\/posts"}],"about":[{"href":"https:\/\/alcaldiaalbertoadriani.com\/index.php?rest_route=\/wp\/v2\/types\/post"}],"author":[{"embeddable":true,"href":"https:\/\/alcaldiaalbertoadriani.com\/index.php?rest_route=\/wp\/v2\/users\/2"}],"replies":[{"embeddable":true,"href":"https:\/\/alcaldiaalbertoadriani.com\/index.php?rest_route=%2Fwp%2Fv2%2Fcomments&post=16085"}],"version-history":[{"count":1,"href":"https:\/\/alcaldiaalbertoadriani.com\/index.php?rest_route=\/wp\/v2\/posts\/16085\/revisions"}],"predecessor-version":[{"id":16094,"href":"https:\/\/alcaldiaalbertoadriani.com\/index.php?rest_route=\/wp\/v2\/posts\/16085\/revisions\/16094"}],"wp:featuredmedia":[{"embeddable":true,"href":"https:\/\/alcaldiaalbertoadriani.com\/index.php?rest_route=\/wp\/v2\/media\/16086"}],"wp:attachment":[{"href":"https:\/\/alcaldiaalbertoadriani.com\/index.php?rest_route=%2Fwp%2Fv2%2Fmedia&parent=16085"}],"wp:term":[{"taxonomy":"category","embeddable":true,"href":"https:\/\/alcaldiaalbertoadriani.com\/index.php?rest_route=%2Fwp%2Fv2%2Fcategories&post=16085"},{"taxonomy":"post_tag","embeddable":true,"href":"https:\/\/alcaldiaalbertoadriani.com\/index.php?rest_route=%2Fwp%2Fv2%2Ftags&post=16085"}],"curies":[{"name":"wp","href":"https:\/\/api.w.org\/{rel}","templated":true}]}}