{"id":16076,"date":"2026-04-27T14:49:36","date_gmt":"2026-04-27T14:49:36","guid":{"rendered":"https:\/\/alcaldiaalbertoadriani.com\/?p=16076"},"modified":"2026-04-27T14:49:47","modified_gmt":"2026-04-27T14:49:47","slug":"alcaldia-de-alberto-adriani-advierte-riesgo-inminente-de-perdida-de","status":"publish","type":"post","link":"https:\/\/alcaldiaalbertoadriani.com\/?p=16076","title":{"rendered":"Alcald\u00eda de Alberto Adriani advierte riesgo inminente de p\u00e9rdida de la v\u00eda hacia La Palmita"},"content":{"rendered":"\n<p>El alcalde del municipio Alberto Adriani, <a href=\"https:\/\/www.instagram.com\/lisandrosegura02\/\">Lisandro Segura<\/a>, inform\u00f3 sobre las m\u00faltiples afectaciones ocasionadas por las recientes lluvias. Destacando la atenci\u00f3n inmediata brindada por los equipos municipales y alertando sobre situaciones de alto riesgo en la vialidad hacia La <a href=\"https:\/\/alcaldiaalbertoadriani.com\/?p=3473\">Parroquia Gabriel Pic\u00f3n Gonz\u00e1lez<\/a>.<\/p>\n\n\n\n<p>Segura, indic\u00f3 que se han registrado deslizamientos en la v\u00eda hacia La Palmita. Acompa\u00f1ados de ca\u00edda de \u00e1rboles, los cuales fueron atendidos oportunamente con personal del Plan Renacer de Mi Vig\u00eda Querido. \u201cCon el uso de motosierras, machetes y diversas herramientas, logramos despejar la v\u00eda y restablecer el tr\u00e1nsito\u201d, se\u00f1al\u00f3.<\/p>\n\n\n\n<figure class=\"wp-block-gallery has-nested-images columns-default is-cropped wp-block-gallery-1 is-layout-flex wp-block-gallery-is-layout-flex\">\n<figure class=\"wp-block-image size-large\"><img loading=\"lazy\" decoding=\"async\" width=\"762\" height=\"1016\" data-id=\"16078\" src=\"https:\/\/alcaldiaalbertoadriani.com\/wp-content\/uploads\/2026\/04\/photo_5141192844386175997_y.jpg\" alt=\"\" class=\"wp-image-16078\" srcset=\"https:\/\/alcaldiaalbertoadriani.com\/wp-content\/uploads\/2026\/04\/photo_5141192844386175997_y.jpg 762w, https:\/\/alcaldiaalbertoadriani.com\/wp-content\/uploads\/2026\/04\/photo_5141192844386175997_y-480x640.jpg 480w\" sizes=\"auto, (min-width: 0px) and (max-width: 480px) 480px, (min-width: 481px) 762px, 100vw\" \/><\/figure>\n<\/figure>\n\n\n\n<p>No obstante, el mandatario local advirti\u00f3 sobre una situaci\u00f3n cr\u00edtica en varios tramos de esta importante arteria vial. \u201cExiste una falla de gran magnitud. La calzada se ha hundido y presenta severas fallas de borde. Es inminente la p\u00e9rdida de la v\u00eda hacia La Palmita\u201d, expres\u00f3.<\/p>\n\n\n\n<p>Ante este escenario, el alcalde inform\u00f3 que el equipo t\u00e9cnico municipal se encuentra estructurando un diagn\u00f3stico detallado para elevarlo nuevamente al Gobierno Nacional. \u201cSe requiere una inversi\u00f3n de gran envergadura y una respuesta inmediata con recursos significativos. No aspiramos a administrarlos directamente, pero s\u00ed a que sean gestionados con eficiencia para atender esta grave problem\u00e1tica\u201d, enfatiz\u00f3.<\/p>\n\n\n\n<p>Segura alert\u00f3 que el deterioro progresivo de la v\u00eda podr\u00eda dejar aislados a los habitantes de la parroquia Gabriel Pic\u00f3n Gonz\u00e1lez, lo que incrementa la urgencia de una intervenci\u00f3n integral.<\/p>\n\n\n\n<p>Asimismo, report\u00f3 un desplazamiento de masa en el sector La Monta\u00f1ita de La Palmita, una situaci\u00f3n recurrente que se agrava con las lluvias. \u201cPermanentemente hemos tenido que despejar la v\u00eda con maquinaria pesada, en coordinaci\u00f3n con el peaje de El Vig\u00eda\u201d, explic\u00f3.<\/p>\n\n\n\n<p>En materia de servicios p\u00fablicos, el alcalde tambi\u00e9n inform\u00f3 sobre la socavaci\u00f3n de un poste de alta tensi\u00f3n ubicado a la altura del Puente Quebrada La Virgen, el cual suministra electricidad a la parroquia Gabriel Pic\u00f3n Gonz\u00e1lez. \u201cCada vez queda menos terreno que sostiene este poste. De colapsar, dejar\u00eda sin servicio el\u00e9ctrico a toda la parroquia\u201d, advirti\u00f3.<\/p>\n\n\n\n<p>En este sentido, destac\u00f3 que sostuvo comunicaci\u00f3n con la Gerente Territorial de Corpoelec M\u00e9rida, ingeniera Marielys Sacipa, quien ya instruy\u00f3 la reubicaci\u00f3n preventiva del poste hacia el otro lado de la v\u00eda, con el objetivo de evitar mayores contingencias.<\/p>\n\n\n\n<p>La Alcald\u00eda del municipio Alberto Adriani reafirma su compromiso de continuar atendiendo de manera oportuna las emergencias derivadas de las lluvias, al tiempo que hace un llamado a los organismos competentes a sumar esfuerzos para garantizar soluciones definitivas a estas problem\u00e1ticas. <strong><em>Prensa OIPI Tahiry Villalobos CNP 23.225\/ Foto OIPI Karla M\u00e1rquez.<\/em><\/strong><\/p>\n\n\n\n<figure class=\"wp-block-gallery has-nested-images columns-default is-cropped wp-block-gallery-2 is-layout-flex wp-block-gallery-is-layout-flex\">\n<figure class=\"wp-block-image size-large\"><img loading=\"lazy\" decoding=\"async\" width=\"762\" height=\"1016\" data-id=\"16080\" src=\"https:\/\/alcaldiaalbertoadriani.com\/wp-content\/uploads\/2026\/04\/photo_5141192844386175996_y.jpg\" alt=\"\" class=\"wp-image-16080\" srcset=\"https:\/\/alcaldiaalbertoadriani.com\/wp-content\/uploads\/2026\/04\/photo_5141192844386175996_y.jpg 762w, https:\/\/alcaldiaalbertoadriani.com\/wp-content\/uploads\/2026\/04\/photo_5141192844386175996_y-480x640.jpg 480w\" sizes=\"auto, (min-width: 0px) and (max-width: 480px) 480px, (min-width: 481px) 762px, 100vw\" \/><\/figure>\n\n\n\n<figure class=\"wp-block-image size-large\"><img loading=\"lazy\" decoding=\"async\" width=\"762\" height=\"1016\" data-id=\"16079\" src=\"https:\/\/alcaldiaalbertoadriani.com\/wp-content\/uploads\/2026\/04\/photo_5141192844386175998_y.jpg\" alt=\"\" class=\"wp-image-16079\" srcset=\"https:\/\/alcaldiaalbertoadriani.com\/wp-content\/uploads\/2026\/04\/photo_5141192844386175998_y.jpg 762w, https:\/\/alcaldiaalbertoadriani.com\/wp-content\/uploads\/2026\/04\/photo_5141192844386175998_y-480x640.jpg 480w\" sizes=\"auto, (min-width: 0px) and (max-width: 480px) 480px, (min-width: 481px) 762px, 100vw\" \/><\/figure>\n\n\n\n<figure class=\"wp-block-image size-large\"><img loading=\"lazy\" decoding=\"async\" width=\"762\" height=\"1016\" data-id=\"16083\" src=\"https:\/\/alcaldiaalbertoadriani.com\/wp-content\/uploads\/2026\/04\/photo_5141192844386175999_y.jpg\" alt=\"\" class=\"wp-image-16083\" srcset=\"https:\/\/alcaldiaalbertoadriani.com\/wp-content\/uploads\/2026\/04\/photo_5141192844386175999_y.jpg 762w, https:\/\/alcaldiaalbertoadriani.com\/wp-content\/uploads\/2026\/04\/photo_5141192844386175999_y-480x640.jpg 480w\" sizes=\"auto, (min-width: 0px) and (max-width: 480px) 480px, (min-width: 481px) 762px, 100vw\" \/><\/figure>\n\n\n\n<figure class=\"wp-block-image size-large\"><img loading=\"lazy\" decoding=\"async\" width=\"762\" height=\"1016\" data-id=\"16082\" src=\"https:\/\/alcaldiaalbertoadriani.com\/wp-content\/uploads\/2026\/04\/photo_5141192844386176000_y.jpg\" alt=\"\" class=\"wp-image-16082\" srcset=\"https:\/\/alcaldiaalbertoadriani.com\/wp-content\/uploads\/2026\/04\/photo_5141192844386176000_y.jpg 762w, https:\/\/alcaldiaalbertoadriani.com\/wp-content\/uploads\/2026\/04\/photo_5141192844386176000_y-480x640.jpg 480w\" sizes=\"auto, (min-width: 0px) and (max-width: 480px) 480px, (min-width: 481px) 762px, 100vw\" \/><\/figure>\n\n\n\n<figure class=\"wp-block-image size-large\"><img loading=\"lazy\" decoding=\"async\" width=\"762\" height=\"1016\" data-id=\"16081\" src=\"https:\/\/alcaldiaalbertoadriani.com\/wp-content\/uploads\/2026\/04\/photo_5141192844386176001_y.jpg\" alt=\"\" class=\"wp-image-16081\" srcset=\"https:\/\/alcaldiaalbertoadriani.com\/wp-content\/uploads\/2026\/04\/photo_5141192844386176001_y.jpg 762w, https:\/\/alcaldiaalbertoadriani.com\/wp-content\/uploads\/2026\/04\/photo_5141192844386176001_y-480x640.jpg 480w\" sizes=\"auto, (min-width: 0px) and (max-width: 480px) 480px, (min-width: 481px) 762px, 100vw\" \/><\/figure>\n<\/figure>\n","protected":false},"excerpt":{"rendered":"<p>El alcalde del municipio Alberto Adriani, Lisandro Segura, inform\u00f3 sobre las m\u00faltiples afectaciones ocasionadas por las recientes lluvias. Destacando la atenci\u00f3n inmediata brindada por los equipos municipales y alertando sobre [&hellip;]<\/p>\n","protected":false},"author":2,"featured_media":16077,"comment_status":"open","ping_status":"closed","sticky":false,"template":"","format":"standard","meta":{"_et_pb_use_builder":"off","_et_pb_old_content":"","_et_gb_content_width":"","footnotes":""},"categories":[341,25],"tags":[31,11,12,15,761,30,29,28],"class_list":["post-16076","post","type-post","status-publish","format-standard","has-post-thumbnail","hentry","category-alcaldia-alberto-adriani","category-nuestro-municipio","tag-alcalde","tag-alcaldia","tag-alcaldiaalbertoadriani","tag-elvigia","tag-encrucijadadeprogreso","tag-lisandrosegura","tag-municipioquenosmerecemos","tag-porelrenacer"],"yoast_head":"<!-- This site is optimized with the Yoast SEO plugin v19.13 - https:\/\/yoast.com\/wordpress\/plugins\/seo\/ -->\n<title>Alcald\u00eda de Alberto Adriani advierte riesgo inminente de p\u00e9rdida<\/title>\n<meta name=\"description\" content=\"Alcald\u00eda de Alberto Adriani advierte riesgo inminente de p\u00e9rdida de la v\u00eda hacia La Palmita parroquia Gabriel Pic\u00f3n Gonz\u00e1lez\" \/>\n<meta name=\"robots\" content=\"index, follow, max-snippet:-1, max-image-preview:large, max-video-preview:-1\" \/>\n<link rel=\"canonical\" href=\"https:\/\/alcaldiaalbertoadriani.com\/?p=16076\" \/>\n<meta property=\"og:locale\" content=\"es_ES\" \/>\n<meta property=\"og:type\" content=\"article\" \/>\n<meta property=\"og:title\" content=\"Alcald\u00eda de Alberto Adriani advierte riesgo inminente de p\u00e9rdida\" \/>\n<meta property=\"og:description\" content=\"Alcald\u00eda de Alberto Adriani advierte riesgo inminente de p\u00e9rdida de la v\u00eda hacia La Palmita parroquia Gabriel Pic\u00f3n Gonz\u00e1lez\" \/>\n<meta property=\"og:url\" content=\"https:\/\/alcaldiaalbertoadriani.com\/?p=16076\" \/>\n<meta property=\"og:site_name\" content=\"Alcaldia Alberto Adriani\" \/>\n<meta property=\"article:published_time\" content=\"2026-04-27T14:49:36+00:00\" \/>\n<meta property=\"article:modified_time\" content=\"2026-04-27T14:49:47+00:00\" \/>\n<meta property=\"og:image\" content=\"https:\/\/alcaldiaalbertoadriani.com\/wp-content\/uploads\/2026\/04\/photo_5139071512794041453_y.jpg\" \/>\n\t<meta property=\"og:image:width\" content=\"1000\" \/>\n\t<meta property=\"og:image:height\" content=\"750\" \/>\n\t<meta property=\"og:image:type\" content=\"image\/jpeg\" \/>\n<meta name=\"author\" content=\"Prensa\" \/>\n<meta name=\"twitter:card\" content=\"summary_large_image\" \/>\n<meta name=\"twitter:label1\" content=\"Escrito por\" \/>\n\t<meta name=\"twitter:data1\" content=\"Prensa\" \/>\n\t<meta name=\"twitter:label2\" content=\"Tiempo de lectura\" \/>\n\t<meta name=\"twitter:data2\" content=\"4 minutos\" \/>\n<script type=\"application\/ld+json\" class=\"yoast-schema-graph\">{\"@context\":\"https:\/\/schema.org\",\"@graph\":[{\"@type\":\"WebPage\",\"@id\":\"https:\/\/alcaldiaalbertoadriani.com\/?p=16076\",\"url\":\"https:\/\/alcaldiaalbertoadriani.com\/?p=16076\",\"name\":\"Alcald\u00eda de Alberto Adriani advierte riesgo inminente de p\u00e9rdida\",\"isPartOf\":{\"@id\":\"https:\/\/alcaldiaalbertoadriani.com\/#website\"},\"datePublished\":\"2026-04-27T14:49:36+00:00\",\"dateModified\":\"2026-04-27T14:49:47+00:00\",\"author\":{\"@id\":\"https:\/\/alcaldiaalbertoadriani.com\/#\/schema\/person\/549b4483ff8999ac780deeea78795fc9\"},\"description\":\"Alcald\u00eda de Alberto Adriani advierte riesgo inminente de p\u00e9rdida de la v\u00eda hacia La Palmita parroquia Gabriel Pic\u00f3n Gonz\u00e1lez\",\"breadcrumb\":{\"@id\":\"https:\/\/alcaldiaalbertoadriani.com\/?p=16076#breadcrumb\"},\"inLanguage\":\"es\",\"potentialAction\":[{\"@type\":\"ReadAction\",\"target\":[\"https:\/\/alcaldiaalbertoadriani.com\/?p=16076\"]}]},{\"@type\":\"BreadcrumbList\",\"@id\":\"https:\/\/alcaldiaalbertoadriani.com\/?p=16076#breadcrumb\",\"itemListElement\":[{\"@type\":\"ListItem\",\"position\":1,\"name\":\"Portada\",\"item\":\"https:\/\/alcaldiaalbertoadriani.com\/\"},{\"@type\":\"ListItem\",\"position\":2,\"name\":\"Alcald\u00eda de Alberto Adriani advierte riesgo inminente de p\u00e9rdida de la v\u00eda hacia La Palmita\"}]},{\"@type\":\"WebSite\",\"@id\":\"https:\/\/alcaldiaalbertoadriani.com\/#website\",\"url\":\"https:\/\/alcaldiaalbertoadriani.com\/\",\"name\":\"Alcaldia Alberto Adriani\",\"description\":\"\",\"potentialAction\":[{\"@type\":\"SearchAction\",\"target\":{\"@type\":\"EntryPoint\",\"urlTemplate\":\"https:\/\/alcaldiaalbertoadriani.com\/?s={search_term_string}\"},\"query-input\":\"required name=search_term_string\"}],\"inLanguage\":\"es\"},{\"@type\":\"Person\",\"@id\":\"https:\/\/alcaldiaalbertoadriani.com\/#\/schema\/person\/549b4483ff8999ac780deeea78795fc9\",\"name\":\"Prensa\",\"image\":{\"@type\":\"ImageObject\",\"inLanguage\":\"es\",\"@id\":\"https:\/\/alcaldiaalbertoadriani.com\/#\/schema\/person\/image\/\",\"url\":\"https:\/\/secure.gravatar.com\/avatar\/ea1cb567ea992a29627f4eee1c2eb185ec16decec6342d508fdf18dedb56c9de?s=96&d=mm&r=g\",\"contentUrl\":\"https:\/\/secure.gravatar.com\/avatar\/ea1cb567ea992a29627f4eee1c2eb185ec16decec6342d508fdf18dedb56c9de?s=96&d=mm&r=g\",\"caption\":\"Prensa\"},\"url\":\"https:\/\/alcaldiaalbertoadriani.com\/?author=2\"}]}<\/script>\n<!-- \/ Yoast SEO plugin. -->","yoast_head_json":{"title":"Alcald\u00eda de Alberto Adriani advierte riesgo inminente de p\u00e9rdida","description":"Alcald\u00eda de Alberto Adriani advierte riesgo inminente de p\u00e9rdida de la v\u00eda hacia La Palmita parroquia Gabriel Pic\u00f3n Gonz\u00e1lez","robots":{"index":"index","follow":"follow","max-snippet":"max-snippet:-1","max-image-preview":"max-image-preview:large","max-video-preview":"max-video-preview:-1"},"canonical":"https:\/\/alcaldiaalbertoadriani.com\/?p=16076","og_locale":"es_ES","og_type":"article","og_title":"Alcald\u00eda de Alberto Adriani advierte riesgo inminente de p\u00e9rdida","og_description":"Alcald\u00eda de Alberto Adriani advierte riesgo inminente de p\u00e9rdida de la v\u00eda hacia La Palmita parroquia Gabriel Pic\u00f3n Gonz\u00e1lez","og_url":"https:\/\/alcaldiaalbertoadriani.com\/?p=16076","og_site_name":"Alcaldia Alberto Adriani","article_published_time":"2026-04-27T14:49:36+00:00","article_modified_time":"2026-04-27T14:49:47+00:00","og_image":[{"width":1000,"height":750,"url":"https:\/\/alcaldiaalbertoadriani.com\/wp-content\/uploads\/2026\/04\/photo_5139071512794041453_y.jpg","type":"image\/jpeg"}],"author":"Prensa","twitter_card":"summary_large_image","twitter_misc":{"Escrito por":"Prensa","Tiempo de lectura":"4 minutos"},"schema":{"@context":"https:\/\/schema.org","@graph":[{"@type":"WebPage","@id":"https:\/\/alcaldiaalbertoadriani.com\/?p=16076","url":"https:\/\/alcaldiaalbertoadriani.com\/?p=16076","name":"Alcald\u00eda de Alberto Adriani advierte riesgo inminente de p\u00e9rdida","isPartOf":{"@id":"https:\/\/alcaldiaalbertoadriani.com\/#website"},"datePublished":"2026-04-27T14:49:36+00:00","dateModified":"2026-04-27T14:49:47+00:00","author":{"@id":"https:\/\/alcaldiaalbertoadriani.com\/#\/schema\/person\/549b4483ff8999ac780deeea78795fc9"},"description":"Alcald\u00eda de Alberto Adriani advierte riesgo inminente de p\u00e9rdida de la v\u00eda hacia La Palmita parroquia Gabriel Pic\u00f3n Gonz\u00e1lez","breadcrumb":{"@id":"https:\/\/alcaldiaalbertoadriani.com\/?p=16076#breadcrumb"},"inLanguage":"es","potentialAction":[{"@type":"ReadAction","target":["https:\/\/alcaldiaalbertoadriani.com\/?p=16076"]}]},{"@type":"BreadcrumbList","@id":"https:\/\/alcaldiaalbertoadriani.com\/?p=16076#breadcrumb","itemListElement":[{"@type":"ListItem","position":1,"name":"Portada","item":"https:\/\/alcaldiaalbertoadriani.com\/"},{"@type":"ListItem","position":2,"name":"Alcald\u00eda de Alberto Adriani advierte riesgo inminente de p\u00e9rdida de la v\u00eda hacia La Palmita"}]},{"@type":"WebSite","@id":"https:\/\/alcaldiaalbertoadriani.com\/#website","url":"https:\/\/alcaldiaalbertoadriani.com\/","name":"Alcaldia Alberto Adriani","description":"","potentialAction":[{"@type":"SearchAction","target":{"@type":"EntryPoint","urlTemplate":"https:\/\/alcaldiaalbertoadriani.com\/?s={search_term_string}"},"query-input":"required name=search_term_string"}],"inLanguage":"es"},{"@type":"Person","@id":"https:\/\/alcaldiaalbertoadriani.com\/#\/schema\/person\/549b4483ff8999ac780deeea78795fc9","name":"Prensa","image":{"@type":"ImageObject","inLanguage":"es","@id":"https:\/\/alcaldiaalbertoadriani.com\/#\/schema\/person\/image\/","url":"https:\/\/secure.gravatar.com\/avatar\/ea1cb567ea992a29627f4eee1c2eb185ec16decec6342d508fdf18dedb56c9de?s=96&d=mm&r=g","contentUrl":"https:\/\/secure.gravatar.com\/avatar\/ea1cb567ea992a29627f4eee1c2eb185ec16decec6342d508fdf18dedb56c9de?s=96&d=mm&r=g","caption":"Prensa"},"url":"https:\/\/alcaldiaalbertoadriani.com\/?author=2"}]}},"_links":{"self":[{"href":"https:\/\/alcaldiaalbertoadriani.com\/index.php?rest_route=\/wp\/v2\/posts\/16076","targetHints":{"allow":["GET"]}}],"collection":[{"href":"https:\/\/alcaldiaalbertoadriani.com\/index.php?rest_route=\/wp\/v2\/posts"}],"about":[{"href":"https:\/\/alcaldiaalbertoadriani.com\/index.php?rest_route=\/wp\/v2\/types\/post"}],"author":[{"embeddable":true,"href":"https:\/\/alcaldiaalbertoadriani.com\/index.php?rest_route=\/wp\/v2\/users\/2"}],"replies":[{"embeddable":true,"href":"https:\/\/alcaldiaalbertoadriani.com\/index.php?rest_route=%2Fwp%2Fv2%2Fcomments&post=16076"}],"version-history":[{"count":1,"href":"https:\/\/alcaldiaalbertoadriani.com\/index.php?rest_route=\/wp\/v2\/posts\/16076\/revisions"}],"predecessor-version":[{"id":16084,"href":"https:\/\/alcaldiaalbertoadriani.com\/index.php?rest_route=\/wp\/v2\/posts\/16076\/revisions\/16084"}],"wp:featuredmedia":[{"embeddable":true,"href":"https:\/\/alcaldiaalbertoadriani.com\/index.php?rest_route=\/wp\/v2\/media\/16077"}],"wp:attachment":[{"href":"https:\/\/alcaldiaalbertoadriani.com\/index.php?rest_route=%2Fwp%2Fv2%2Fmedia&parent=16076"}],"wp:term":[{"taxonomy":"category","embeddable":true,"href":"https:\/\/alcaldiaalbertoadriani.com\/index.php?rest_route=%2Fwp%2Fv2%2Fcategories&post=16076"},{"taxonomy":"post_tag","embeddable":true,"href":"https:\/\/alcaldiaalbertoadriani.com\/index.php?rest_route=%2Fwp%2Fv2%2Ftags&post=16076"}],"curies":[{"name":"wp","href":"https:\/\/api.w.org\/{rel}","templated":true}]}}