{"id":16073,"date":"2026-04-27T13:58:59","date_gmt":"2026-04-27T13:58:59","guid":{"rendered":"https:\/\/alcaldiaalbertoadriani.com\/?p=16073"},"modified":"2026-04-27T13:59:04","modified_gmt":"2026-04-27T13:59:04","slug":"restablecido-el-paso-vehicular-en-el-puente-sobre-el-rio-chama","status":"publish","type":"post","link":"https:\/\/alcaldiaalbertoadriani.com\/?p=16073","title":{"rendered":"Restablecido el paso vehicular en el puente sobre el r\u00edo Chama tras labores de despeje"},"content":{"rendered":"\n<p>La Alcald\u00eda del <a href=\"https:\/\/alcaldiaalbertoadriani.com\/?p=13703\">Municipio Alberto Adriani<\/a> informa a la colectividad que, gracias a las r\u00e1pidas y oportunas labores ejecutadas por los equipos de atenci\u00f3n. Fue restablecido el paso vehicular a trav\u00e9s del puente sobre el r\u00edo Chama.<\/p>\n\n\n\n<!--more-->\n\n\n\n<p>Luego de los eventos lluviosos registrados durante la madrugada y la ma\u00f1ana de este jueves, se generaron acumulaciones de lodo, material rocoso y sedimentos sobre la calzada, fectando de manera significativa la transitabilidad en esta importante arteria vial.<\/p>\n\n\n\n<p>De manera inmediata, el alcalde <a href=\"https:\/\/www.instagram.com\/lisandrosegura02\/\">Lisandro Segura<\/a> instruy\u00f3 el despliegue de maquinaria pesada. As\u00ed como del personal de la Unidad de Gesti\u00f3n de Riesgo y Administraci\u00f3n de Desastres y las cuadrillas del Plan Renacer. Quienes ejecutaron labores de despeje, remoci\u00f3n de escombros y limpieza integral de la v\u00eda.<\/p>\n\n\n\n<p>Gracias a la efectividad de estas acciones, se logr\u00f3 el paso vehicular por el puente, garantizando nuevamente la movilidad segura de los ciudadanos.<\/p>\n\n\n\n<p>La Alcald\u00eda del Municipio Alberto Adriani reafirma su compromiso de continuar trabajando de manera articulada y oportuna. Ante cualquier eventualidad, priorizando la seguridad y el bienestar de la poblaci\u00f3n. <strong><em>Prensa OIPI Tahiry Villalobos CNP 23.225\/ Foto OIPI Danny Ruiz<\/em><\/strong><\/p>\n","protected":false},"excerpt":{"rendered":"<p>La Alcald\u00eda del Municipio Alberto Adriani informa a la colectividad que, gracias a las r\u00e1pidas y oportunas labores ejecutadas por los equipos de atenci\u00f3n. Fue restablecido el paso vehicular a [&hellip;]<\/p>\n","protected":false},"author":2,"featured_media":16074,"comment_status":"open","ping_status":"closed","sticky":false,"template":"","format":"standard","meta":{"_et_pb_use_builder":"off","_et_pb_old_content":"","_et_gb_content_width":"","footnotes":""},"categories":[341,25],"tags":[31,11,12,15,761,30,29,28],"class_list":["post-16073","post","type-post","status-publish","format-standard","has-post-thumbnail","hentry","category-alcaldia-alberto-adriani","category-nuestro-municipio","tag-alcalde","tag-alcaldia","tag-alcaldiaalbertoadriani","tag-elvigia","tag-encrucijadadeprogreso","tag-lisandrosegura","tag-municipioquenosmerecemos","tag-porelrenacer"],"yoast_head":"<!-- This site is optimized with the Yoast SEO plugin v19.13 - https:\/\/yoast.com\/wordpress\/plugins\/seo\/ -->\n<title>Restablecido el paso vehicular en el puente sobre el r\u00edo Chama<\/title>\n<meta name=\"description\" content=\"Restablecido el paso vehicular en el puente sobre el r\u00edo Chama tras labores de despeje Gracias a la efectividad de estas acciones\" \/>\n<meta name=\"robots\" content=\"index, follow, max-snippet:-1, max-image-preview:large, max-video-preview:-1\" \/>\n<link rel=\"canonical\" href=\"https:\/\/alcaldiaalbertoadriani.com\/?p=16073\" \/>\n<meta property=\"og:locale\" content=\"es_ES\" \/>\n<meta property=\"og:type\" content=\"article\" \/>\n<meta property=\"og:title\" content=\"Restablecido el paso vehicular en el puente sobre el r\u00edo Chama\" \/>\n<meta property=\"og:description\" content=\"Restablecido el paso vehicular en el puente sobre el r\u00edo Chama tras labores de despeje Gracias a la efectividad de estas acciones\" \/>\n<meta property=\"og:url\" content=\"https:\/\/alcaldiaalbertoadriani.com\/?p=16073\" \/>\n<meta property=\"og:site_name\" content=\"Alcaldia Alberto Adriani\" \/>\n<meta property=\"article:published_time\" content=\"2026-04-27T13:58:59+00:00\" \/>\n<meta property=\"article:modified_time\" content=\"2026-04-27T13:59:04+00:00\" \/>\n<meta property=\"og:image\" content=\"https:\/\/alcaldiaalbertoadriani.com\/wp-content\/uploads\/2026\/04\/photo_5116352106460810206_w.jpg\" \/>\n\t<meta property=\"og:image:width\" content=\"2560\" \/>\n\t<meta property=\"og:image:height\" content=\"1920\" \/>\n\t<meta property=\"og:image:type\" content=\"image\/jpeg\" \/>\n<meta name=\"author\" content=\"Prensa\" \/>\n<meta name=\"twitter:card\" content=\"summary_large_image\" \/>\n<meta name=\"twitter:label1\" content=\"Escrito por\" \/>\n\t<meta name=\"twitter:data1\" content=\"Prensa\" \/>\n\t<meta name=\"twitter:label2\" content=\"Tiempo de lectura\" \/>\n\t<meta name=\"twitter:data2\" content=\"1 minuto\" \/>\n<script type=\"application\/ld+json\" class=\"yoast-schema-graph\">{\"@context\":\"https:\/\/schema.org\",\"@graph\":[{\"@type\":\"WebPage\",\"@id\":\"https:\/\/alcaldiaalbertoadriani.com\/?p=16073\",\"url\":\"https:\/\/alcaldiaalbertoadriani.com\/?p=16073\",\"name\":\"Restablecido el paso vehicular en el puente sobre el r\u00edo Chama\",\"isPartOf\":{\"@id\":\"https:\/\/alcaldiaalbertoadriani.com\/#website\"},\"datePublished\":\"2026-04-27T13:58:59+00:00\",\"dateModified\":\"2026-04-27T13:59:04+00:00\",\"author\":{\"@id\":\"https:\/\/alcaldiaalbertoadriani.com\/#\/schema\/person\/549b4483ff8999ac780deeea78795fc9\"},\"description\":\"Restablecido el paso vehicular en el puente sobre el r\u00edo Chama tras labores de despeje Gracias a la efectividad de estas acciones\",\"breadcrumb\":{\"@id\":\"https:\/\/alcaldiaalbertoadriani.com\/?p=16073#breadcrumb\"},\"inLanguage\":\"es\",\"potentialAction\":[{\"@type\":\"ReadAction\",\"target\":[\"https:\/\/alcaldiaalbertoadriani.com\/?p=16073\"]}]},{\"@type\":\"BreadcrumbList\",\"@id\":\"https:\/\/alcaldiaalbertoadriani.com\/?p=16073#breadcrumb\",\"itemListElement\":[{\"@type\":\"ListItem\",\"position\":1,\"name\":\"Portada\",\"item\":\"https:\/\/alcaldiaalbertoadriani.com\/\"},{\"@type\":\"ListItem\",\"position\":2,\"name\":\"Restablecido el paso vehicular en el puente sobre el r\u00edo Chama tras labores de despeje\"}]},{\"@type\":\"WebSite\",\"@id\":\"https:\/\/alcaldiaalbertoadriani.com\/#website\",\"url\":\"https:\/\/alcaldiaalbertoadriani.com\/\",\"name\":\"Alcaldia Alberto Adriani\",\"description\":\"\",\"potentialAction\":[{\"@type\":\"SearchAction\",\"target\":{\"@type\":\"EntryPoint\",\"urlTemplate\":\"https:\/\/alcaldiaalbertoadriani.com\/?s={search_term_string}\"},\"query-input\":\"required name=search_term_string\"}],\"inLanguage\":\"es\"},{\"@type\":\"Person\",\"@id\":\"https:\/\/alcaldiaalbertoadriani.com\/#\/schema\/person\/549b4483ff8999ac780deeea78795fc9\",\"name\":\"Prensa\",\"image\":{\"@type\":\"ImageObject\",\"inLanguage\":\"es\",\"@id\":\"https:\/\/alcaldiaalbertoadriani.com\/#\/schema\/person\/image\/\",\"url\":\"https:\/\/secure.gravatar.com\/avatar\/ea1cb567ea992a29627f4eee1c2eb185ec16decec6342d508fdf18dedb56c9de?s=96&d=mm&r=g\",\"contentUrl\":\"https:\/\/secure.gravatar.com\/avatar\/ea1cb567ea992a29627f4eee1c2eb185ec16decec6342d508fdf18dedb56c9de?s=96&d=mm&r=g\",\"caption\":\"Prensa\"},\"url\":\"https:\/\/alcaldiaalbertoadriani.com\/?author=2\"}]}<\/script>\n<!-- \/ Yoast SEO plugin. -->","yoast_head_json":{"title":"Restablecido el paso vehicular en el puente sobre el r\u00edo Chama","description":"Restablecido el paso vehicular en el puente sobre el r\u00edo Chama tras labores de despeje Gracias a la efectividad de estas acciones","robots":{"index":"index","follow":"follow","max-snippet":"max-snippet:-1","max-image-preview":"max-image-preview:large","max-video-preview":"max-video-preview:-1"},"canonical":"https:\/\/alcaldiaalbertoadriani.com\/?p=16073","og_locale":"es_ES","og_type":"article","og_title":"Restablecido el paso vehicular en el puente sobre el r\u00edo Chama","og_description":"Restablecido el paso vehicular en el puente sobre el r\u00edo Chama tras labores de despeje Gracias a la efectividad de estas acciones","og_url":"https:\/\/alcaldiaalbertoadriani.com\/?p=16073","og_site_name":"Alcaldia Alberto Adriani","article_published_time":"2026-04-27T13:58:59+00:00","article_modified_time":"2026-04-27T13:59:04+00:00","og_image":[{"width":2560,"height":1920,"url":"https:\/\/alcaldiaalbertoadriani.com\/wp-content\/uploads\/2026\/04\/photo_5116352106460810206_w.jpg","type":"image\/jpeg"}],"author":"Prensa","twitter_card":"summary_large_image","twitter_misc":{"Escrito por":"Prensa","Tiempo de lectura":"1 minuto"},"schema":{"@context":"https:\/\/schema.org","@graph":[{"@type":"WebPage","@id":"https:\/\/alcaldiaalbertoadriani.com\/?p=16073","url":"https:\/\/alcaldiaalbertoadriani.com\/?p=16073","name":"Restablecido el paso vehicular en el puente sobre el r\u00edo Chama","isPartOf":{"@id":"https:\/\/alcaldiaalbertoadriani.com\/#website"},"datePublished":"2026-04-27T13:58:59+00:00","dateModified":"2026-04-27T13:59:04+00:00","author":{"@id":"https:\/\/alcaldiaalbertoadriani.com\/#\/schema\/person\/549b4483ff8999ac780deeea78795fc9"},"description":"Restablecido el paso vehicular en el puente sobre el r\u00edo Chama tras labores de despeje Gracias a la efectividad de estas acciones","breadcrumb":{"@id":"https:\/\/alcaldiaalbertoadriani.com\/?p=16073#breadcrumb"},"inLanguage":"es","potentialAction":[{"@type":"ReadAction","target":["https:\/\/alcaldiaalbertoadriani.com\/?p=16073"]}]},{"@type":"BreadcrumbList","@id":"https:\/\/alcaldiaalbertoadriani.com\/?p=16073#breadcrumb","itemListElement":[{"@type":"ListItem","position":1,"name":"Portada","item":"https:\/\/alcaldiaalbertoadriani.com\/"},{"@type":"ListItem","position":2,"name":"Restablecido el paso vehicular en el puente sobre el r\u00edo Chama tras labores de despeje"}]},{"@type":"WebSite","@id":"https:\/\/alcaldiaalbertoadriani.com\/#website","url":"https:\/\/alcaldiaalbertoadriani.com\/","name":"Alcaldia Alberto Adriani","description":"","potentialAction":[{"@type":"SearchAction","target":{"@type":"EntryPoint","urlTemplate":"https:\/\/alcaldiaalbertoadriani.com\/?s={search_term_string}"},"query-input":"required name=search_term_string"}],"inLanguage":"es"},{"@type":"Person","@id":"https:\/\/alcaldiaalbertoadriani.com\/#\/schema\/person\/549b4483ff8999ac780deeea78795fc9","name":"Prensa","image":{"@type":"ImageObject","inLanguage":"es","@id":"https:\/\/alcaldiaalbertoadriani.com\/#\/schema\/person\/image\/","url":"https:\/\/secure.gravatar.com\/avatar\/ea1cb567ea992a29627f4eee1c2eb185ec16decec6342d508fdf18dedb56c9de?s=96&d=mm&r=g","contentUrl":"https:\/\/secure.gravatar.com\/avatar\/ea1cb567ea992a29627f4eee1c2eb185ec16decec6342d508fdf18dedb56c9de?s=96&d=mm&r=g","caption":"Prensa"},"url":"https:\/\/alcaldiaalbertoadriani.com\/?author=2"}]}},"_links":{"self":[{"href":"https:\/\/alcaldiaalbertoadriani.com\/index.php?rest_route=\/wp\/v2\/posts\/16073","targetHints":{"allow":["GET"]}}],"collection":[{"href":"https:\/\/alcaldiaalbertoadriani.com\/index.php?rest_route=\/wp\/v2\/posts"}],"about":[{"href":"https:\/\/alcaldiaalbertoadriani.com\/index.php?rest_route=\/wp\/v2\/types\/post"}],"author":[{"embeddable":true,"href":"https:\/\/alcaldiaalbertoadriani.com\/index.php?rest_route=\/wp\/v2\/users\/2"}],"replies":[{"embeddable":true,"href":"https:\/\/alcaldiaalbertoadriani.com\/index.php?rest_route=%2Fwp%2Fv2%2Fcomments&post=16073"}],"version-history":[{"count":1,"href":"https:\/\/alcaldiaalbertoadriani.com\/index.php?rest_route=\/wp\/v2\/posts\/16073\/revisions"}],"predecessor-version":[{"id":16075,"href":"https:\/\/alcaldiaalbertoadriani.com\/index.php?rest_route=\/wp\/v2\/posts\/16073\/revisions\/16075"}],"wp:featuredmedia":[{"embeddable":true,"href":"https:\/\/alcaldiaalbertoadriani.com\/index.php?rest_route=\/wp\/v2\/media\/16074"}],"wp:attachment":[{"href":"https:\/\/alcaldiaalbertoadriani.com\/index.php?rest_route=%2Fwp%2Fv2%2Fmedia&parent=16073"}],"wp:term":[{"taxonomy":"category","embeddable":true,"href":"https:\/\/alcaldiaalbertoadriani.com\/index.php?rest_route=%2Fwp%2Fv2%2Fcategories&post=16073"},{"taxonomy":"post_tag","embeddable":true,"href":"https:\/\/alcaldiaalbertoadriani.com\/index.php?rest_route=%2Fwp%2Fv2%2Ftags&post=16073"}],"curies":[{"name":"wp","href":"https:\/\/api.w.org\/{rel}","templated":true}]}}