{"id":16062,"date":"2026-04-27T13:45:54","date_gmt":"2026-04-27T13:45:54","guid":{"rendered":"https:\/\/alcaldiaalbertoadriani.com\/?p=16062"},"modified":"2026-04-27T13:46:10","modified_gmt":"2026-04-27T13:46:10","slug":"alcalde-lisandro-segura-atiende-de-manera-oportuna-afectaciones","status":"publish","type":"post","link":"https:\/\/alcaldiaalbertoadriani.com\/?p=16062","title":{"rendered":"Alcalde Lisandro Segura atiende de manera oportuna afectaciones por lluvias en el municipio Alberto Adriani"},"content":{"rendered":"\n<p>El alcalde del municipio Alberto Adriani, <a href=\"https:\/\/www.instagram.com\/lisandrosegura02\/\">Lisandro Segura<\/a>, informa a la colectividad que, producto de las intensas lluvias registradas durante la madrugada y la ma\u00f1ana de este jueves, se presentaron diversas afectaciones en varios sectores de la jurisdicci\u00f3n.<\/p>\n\n\n\n<!--more-->\n\n\n\n<p>Entre las zonas impactadas se encuentran La Vega 1, La Pirelli, la <a href=\"https:\/\/alcaldiaalbertoadriani.com\/?p=5607\">entrada al Puente Chama<\/a> y La Palmita, donde se evidenciaron deslizamientos de talud y material rocoso que, en muchos casos, obstaculizaron la vialidad en su totalidad, generando inconvenientes en el tr\u00e1nsito vehicular y peatonal.<\/p>\n\n\n\n<figure class=\"wp-block-gallery has-nested-images columns-default is-cropped wp-block-gallery-1 is-layout-flex wp-block-gallery-is-layout-flex\">\n<figure class=\"wp-block-image size-large\"><img loading=\"lazy\" decoding=\"async\" width=\"1024\" height=\"768\" data-id=\"16064\" src=\"https:\/\/alcaldiaalbertoadriani.com\/wp-content\/uploads\/2026\/04\/photo_5139107448785406948_y-1024x768.jpg\" alt=\"\" class=\"wp-image-16064\" srcset=\"https:\/\/alcaldiaalbertoadriani.com\/wp-content\/uploads\/2026\/04\/photo_5139107448785406948_y-1024x768.jpg 1024w, https:\/\/alcaldiaalbertoadriani.com\/wp-content\/uploads\/2026\/04\/photo_5139107448785406948_y-980x735.jpg 980w, https:\/\/alcaldiaalbertoadriani.com\/wp-content\/uploads\/2026\/04\/photo_5139107448785406948_y-480x360.jpg 480w\" sizes=\"auto, (min-width: 0px) and (max-width: 480px) 480px, (min-width: 481px) and (max-width: 980px) 980px, (min-width: 981px) 1024px, 100vw\" \/><\/figure>\n<\/figure>\n\n\n\n<p>Ante esta situaci\u00f3n de afectaciones, el alcalde <a href=\"https:\/\/www.instagram.com\/lisandrosegura02\/\">Lisandro Segura<\/a> supervis\u00f3 las areas afectadas y gir\u00f3 instrucciones inmediatas para la activaci\u00f3n de los protocolos de atenci\u00f3n y respuesta, garantizando una actuaci\u00f3n r\u00e1pida, organizada y efectiva en las \u00e1reas afectadas.<\/p>\n\n\n\n<p>Actualmente, maquinaria pesada, junto al personal de la Unidad de Gesti\u00f3n de Riesgo y Administraci\u00f3n de Desastres del municipio Alberto Adriani (<a href=\"https:\/\/alcaldiaalbertoadriani.com\/?tag=ugradmaa-congreso-riesgos-desastres\">Ugradmaa<\/a>), as\u00ed como cuadrillas del Plan Renacer, se encuentran desplegados ejecutando labores de despeje de la vialidad, remoci\u00f3n de material rocoso y limpieza, con el objetivo de restablecer el paso y resguardar la seguridad de los ciudadanos.<\/p>\n\n\n\n<figure class=\"wp-block-gallery has-nested-images columns-default is-cropped wp-block-gallery-2 is-layout-flex wp-block-gallery-is-layout-flex\">\n<figure class=\"wp-block-image size-large\"><img loading=\"lazy\" decoding=\"async\" width=\"1024\" height=\"768\" data-id=\"16065\" src=\"https:\/\/alcaldiaalbertoadriani.com\/wp-content\/uploads\/2026\/04\/photo_5139107448785406945_y-1024x768.jpg\" alt=\"\" class=\"wp-image-16065\" srcset=\"https:\/\/alcaldiaalbertoadriani.com\/wp-content\/uploads\/2026\/04\/photo_5139107448785406945_y-1024x768.jpg 1024w, https:\/\/alcaldiaalbertoadriani.com\/wp-content\/uploads\/2026\/04\/photo_5139107448785406945_y-980x735.jpg 980w, https:\/\/alcaldiaalbertoadriani.com\/wp-content\/uploads\/2026\/04\/photo_5139107448785406945_y-480x360.jpg 480w\" sizes=\"auto, (min-width: 0px) and (max-width: 480px) 480px, (min-width: 481px) and (max-width: 980px) 980px, (min-width: 981px) 1024px, 100vw\" \/><\/figure>\n<\/figure>\n\n\n\n<p>El alcalde reafirma su compromiso de continuar trabajando de manera incansable por el bienestar del pueblo, atendiendo con responsabilidad y eficiencia cada situaci\u00f3n que afecte la calidad de vida de los habitantes del municipio. <strong><em>Prensa OIPI Tahiry Villalobos CNP 23.225\/Fotos OIPI: Danny Ruiz<\/em><\/strong><\/p>\n\n\n\n<figure class=\"wp-block-gallery has-nested-images columns-default is-cropped wp-block-gallery-3 is-layout-flex wp-block-gallery-is-layout-flex\">\n<figure class=\"wp-block-image size-large\"><img loading=\"lazy\" decoding=\"async\" width=\"1024\" height=\"768\" data-id=\"16066\" src=\"https:\/\/alcaldiaalbertoadriani.com\/wp-content\/uploads\/2026\/04\/photo_5139107448785406954_y-1024x768.jpg\" alt=\"\" class=\"wp-image-16066\" srcset=\"https:\/\/alcaldiaalbertoadriani.com\/wp-content\/uploads\/2026\/04\/photo_5139107448785406954_y-1024x768.jpg 1024w, https:\/\/alcaldiaalbertoadriani.com\/wp-content\/uploads\/2026\/04\/photo_5139107448785406954_y-980x735.jpg 980w, https:\/\/alcaldiaalbertoadriani.com\/wp-content\/uploads\/2026\/04\/photo_5139107448785406954_y-480x360.jpg 480w\" sizes=\"auto, (min-width: 0px) and (max-width: 480px) 480px, (min-width: 481px) and (max-width: 980px) 980px, (min-width: 981px) 1024px, 100vw\" \/><\/figure>\n\n\n\n<figure class=\"wp-block-image size-large\"><img loading=\"lazy\" decoding=\"async\" width=\"1024\" height=\"768\" data-id=\"16070\" src=\"https:\/\/alcaldiaalbertoadriani.com\/wp-content\/uploads\/2026\/04\/photo_5139107448785406946_y-1024x768.jpg\" alt=\"\" class=\"wp-image-16070\" srcset=\"https:\/\/alcaldiaalbertoadriani.com\/wp-content\/uploads\/2026\/04\/photo_5139107448785406946_y-1024x768.jpg 1024w, https:\/\/alcaldiaalbertoadriani.com\/wp-content\/uploads\/2026\/04\/photo_5139107448785406946_y-980x735.jpg 980w, https:\/\/alcaldiaalbertoadriani.com\/wp-content\/uploads\/2026\/04\/photo_5139107448785406946_y-480x360.jpg 480w\" sizes=\"auto, (min-width: 0px) and (max-width: 480px) 480px, (min-width: 481px) and (max-width: 980px) 980px, (min-width: 981px) 1024px, 100vw\" \/><\/figure>\n\n\n\n<figure class=\"wp-block-image size-large\"><img loading=\"lazy\" decoding=\"async\" width=\"1024\" height=\"768\" data-id=\"16068\" src=\"https:\/\/alcaldiaalbertoadriani.com\/wp-content\/uploads\/2026\/04\/photo_5139107448785406947_y-1-1024x768.jpg\" alt=\"\" class=\"wp-image-16068\" srcset=\"https:\/\/alcaldiaalbertoadriani.com\/wp-content\/uploads\/2026\/04\/photo_5139107448785406947_y-1-1024x768.jpg 1024w, https:\/\/alcaldiaalbertoadriani.com\/wp-content\/uploads\/2026\/04\/photo_5139107448785406947_y-1-980x735.jpg 980w, https:\/\/alcaldiaalbertoadriani.com\/wp-content\/uploads\/2026\/04\/photo_5139107448785406947_y-1-480x360.jpg 480w\" sizes=\"auto, (min-width: 0px) and (max-width: 480px) 480px, (min-width: 481px) and (max-width: 980px) 980px, (min-width: 981px) 1024px, 100vw\" \/><\/figure>\n\n\n\n<figure class=\"wp-block-image size-large\"><img loading=\"lazy\" decoding=\"async\" width=\"1024\" height=\"768\" data-id=\"16071\" src=\"https:\/\/alcaldiaalbertoadriani.com\/wp-content\/uploads\/2026\/04\/photo_5139107448785406950_y-1024x768.jpg\" alt=\"\" class=\"wp-image-16071\" srcset=\"https:\/\/alcaldiaalbertoadriani.com\/wp-content\/uploads\/2026\/04\/photo_5139107448785406950_y-1024x768.jpg 1024w, https:\/\/alcaldiaalbertoadriani.com\/wp-content\/uploads\/2026\/04\/photo_5139107448785406950_y-980x735.jpg 980w, https:\/\/alcaldiaalbertoadriani.com\/wp-content\/uploads\/2026\/04\/photo_5139107448785406950_y-480x360.jpg 480w\" sizes=\"auto, (min-width: 0px) and (max-width: 480px) 480px, (min-width: 481px) and (max-width: 980px) 980px, (min-width: 981px) 1024px, 100vw\" \/><\/figure>\n\n\n\n<figure class=\"wp-block-image size-large\"><img loading=\"lazy\" decoding=\"async\" width=\"1024\" height=\"768\" data-id=\"16069\" src=\"https:\/\/alcaldiaalbertoadriani.com\/wp-content\/uploads\/2026\/04\/photo_5139107448785406951_y-1024x768.jpg\" alt=\"\" class=\"wp-image-16069\" srcset=\"https:\/\/alcaldiaalbertoadriani.com\/wp-content\/uploads\/2026\/04\/photo_5139107448785406951_y-1024x768.jpg 1024w, https:\/\/alcaldiaalbertoadriani.com\/wp-content\/uploads\/2026\/04\/photo_5139107448785406951_y-980x735.jpg 980w, https:\/\/alcaldiaalbertoadriani.com\/wp-content\/uploads\/2026\/04\/photo_5139107448785406951_y-480x360.jpg 480w\" sizes=\"auto, (min-width: 0px) and (max-width: 480px) 480px, (min-width: 481px) and (max-width: 980px) 980px, (min-width: 981px) 1024px, 100vw\" \/><\/figure>\n\n\n\n<figure class=\"wp-block-image size-large\"><img loading=\"lazy\" decoding=\"async\" width=\"1024\" height=\"768\" data-id=\"16067\" src=\"https:\/\/alcaldiaalbertoadriani.com\/wp-content\/uploads\/2026\/04\/photo_5139107448785406952_y-1024x768.jpg\" alt=\"\" class=\"wp-image-16067\" srcset=\"https:\/\/alcaldiaalbertoadriani.com\/wp-content\/uploads\/2026\/04\/photo_5139107448785406952_y-1024x768.jpg 1024w, https:\/\/alcaldiaalbertoadriani.com\/wp-content\/uploads\/2026\/04\/photo_5139107448785406952_y-980x735.jpg 980w, https:\/\/alcaldiaalbertoadriani.com\/wp-content\/uploads\/2026\/04\/photo_5139107448785406952_y-480x360.jpg 480w\" sizes=\"auto, (min-width: 0px) and (max-width: 480px) 480px, (min-width: 481px) and (max-width: 980px) 980px, (min-width: 981px) 1024px, 100vw\" \/><\/figure>\n<\/figure>\n","protected":false},"excerpt":{"rendered":"<p>El alcalde del municipio Alberto Adriani, Lisandro Segura, informa a la colectividad que, producto de las intensas lluvias registradas durante la madrugada y la ma\u00f1ana de este jueves, se presentaron [&hellip;]<\/p>\n","protected":false},"author":2,"featured_media":16063,"comment_status":"open","ping_status":"closed","sticky":false,"template":"","format":"standard","meta":{"_et_pb_use_builder":"off","_et_pb_old_content":"","_et_gb_content_width":"","footnotes":""},"categories":[341,25,311,218],"tags":[31,11,12,15,761,30,29,28],"class_list":["post-16062","post","type-post","status-publish","format-standard","has-post-thumbnail","hentry","category-alcaldia-alberto-adriani","category-nuestro-municipio","category-ugradmaa","category-unidad-municipal-de-gestion-de-riesgo","tag-alcalde","tag-alcaldia","tag-alcaldiaalbertoadriani","tag-elvigia","tag-encrucijadadeprogreso","tag-lisandrosegura","tag-municipioquenosmerecemos","tag-porelrenacer"],"yoast_head":"<!-- This site is optimized with the Yoast SEO plugin v19.13 - https:\/\/yoast.com\/wordpress\/plugins\/seo\/ -->\n<title>Alcalde Lisandro Segura atiende de manera oportuna afectaciones<\/title>\n<meta name=\"description\" content=\"Alcalde Lisandro Segura atiende de manera oportuna afectaciones por lluvias en el municipio Alberto Adriani\" \/>\n<meta name=\"robots\" content=\"index, follow, max-snippet:-1, max-image-preview:large, max-video-preview:-1\" \/>\n<link rel=\"canonical\" href=\"https:\/\/alcaldiaalbertoadriani.com\/?p=16062\" \/>\n<meta property=\"og:locale\" content=\"es_ES\" \/>\n<meta property=\"og:type\" content=\"article\" \/>\n<meta property=\"og:title\" content=\"Alcalde Lisandro Segura atiende de manera oportuna afectaciones\" \/>\n<meta property=\"og:description\" content=\"Alcalde Lisandro Segura atiende de manera oportuna afectaciones por lluvias en el municipio Alberto Adriani\" \/>\n<meta property=\"og:url\" content=\"https:\/\/alcaldiaalbertoadriani.com\/?p=16062\" \/>\n<meta property=\"og:site_name\" content=\"Alcaldia Alberto Adriani\" \/>\n<meta property=\"article:published_time\" content=\"2026-04-27T13:45:54+00:00\" \/>\n<meta property=\"article:modified_time\" content=\"2026-04-27T13:46:10+00:00\" \/>\n<meta property=\"og:image\" content=\"https:\/\/alcaldiaalbertoadriani.com\/wp-content\/uploads\/2026\/04\/photo_5139107448785406949_y.jpg\" \/>\n\t<meta property=\"og:image:width\" content=\"1280\" \/>\n\t<meta property=\"og:image:height\" content=\"960\" \/>\n\t<meta property=\"og:image:type\" content=\"image\/jpeg\" \/>\n<meta name=\"author\" content=\"Prensa\" \/>\n<meta name=\"twitter:card\" content=\"summary_large_image\" \/>\n<meta name=\"twitter:label1\" content=\"Escrito por\" \/>\n\t<meta name=\"twitter:data1\" content=\"Prensa\" \/>\n\t<meta name=\"twitter:label2\" content=\"Tiempo de lectura\" \/>\n\t<meta name=\"twitter:data2\" content=\"3 minutos\" \/>\n<script type=\"application\/ld+json\" class=\"yoast-schema-graph\">{\"@context\":\"https:\/\/schema.org\",\"@graph\":[{\"@type\":\"WebPage\",\"@id\":\"https:\/\/alcaldiaalbertoadriani.com\/?p=16062\",\"url\":\"https:\/\/alcaldiaalbertoadriani.com\/?p=16062\",\"name\":\"Alcalde Lisandro Segura atiende de manera oportuna afectaciones\",\"isPartOf\":{\"@id\":\"https:\/\/alcaldiaalbertoadriani.com\/#website\"},\"datePublished\":\"2026-04-27T13:45:54+00:00\",\"dateModified\":\"2026-04-27T13:46:10+00:00\",\"author\":{\"@id\":\"https:\/\/alcaldiaalbertoadriani.com\/#\/schema\/person\/549b4483ff8999ac780deeea78795fc9\"},\"description\":\"Alcalde Lisandro Segura atiende de manera oportuna afectaciones por lluvias en el municipio Alberto Adriani\",\"breadcrumb\":{\"@id\":\"https:\/\/alcaldiaalbertoadriani.com\/?p=16062#breadcrumb\"},\"inLanguage\":\"es\",\"potentialAction\":[{\"@type\":\"ReadAction\",\"target\":[\"https:\/\/alcaldiaalbertoadriani.com\/?p=16062\"]}]},{\"@type\":\"BreadcrumbList\",\"@id\":\"https:\/\/alcaldiaalbertoadriani.com\/?p=16062#breadcrumb\",\"itemListElement\":[{\"@type\":\"ListItem\",\"position\":1,\"name\":\"Portada\",\"item\":\"https:\/\/alcaldiaalbertoadriani.com\/\"},{\"@type\":\"ListItem\",\"position\":2,\"name\":\"Alcalde Lisandro Segura atiende de manera oportuna afectaciones por lluvias en el municipio Alberto Adriani\"}]},{\"@type\":\"WebSite\",\"@id\":\"https:\/\/alcaldiaalbertoadriani.com\/#website\",\"url\":\"https:\/\/alcaldiaalbertoadriani.com\/\",\"name\":\"Alcaldia Alberto Adriani\",\"description\":\"\",\"potentialAction\":[{\"@type\":\"SearchAction\",\"target\":{\"@type\":\"EntryPoint\",\"urlTemplate\":\"https:\/\/alcaldiaalbertoadriani.com\/?s={search_term_string}\"},\"query-input\":\"required name=search_term_string\"}],\"inLanguage\":\"es\"},{\"@type\":\"Person\",\"@id\":\"https:\/\/alcaldiaalbertoadriani.com\/#\/schema\/person\/549b4483ff8999ac780deeea78795fc9\",\"name\":\"Prensa\",\"image\":{\"@type\":\"ImageObject\",\"inLanguage\":\"es\",\"@id\":\"https:\/\/alcaldiaalbertoadriani.com\/#\/schema\/person\/image\/\",\"url\":\"https:\/\/secure.gravatar.com\/avatar\/ea1cb567ea992a29627f4eee1c2eb185ec16decec6342d508fdf18dedb56c9de?s=96&d=mm&r=g\",\"contentUrl\":\"https:\/\/secure.gravatar.com\/avatar\/ea1cb567ea992a29627f4eee1c2eb185ec16decec6342d508fdf18dedb56c9de?s=96&d=mm&r=g\",\"caption\":\"Prensa\"},\"url\":\"https:\/\/alcaldiaalbertoadriani.com\/?author=2\"}]}<\/script>\n<!-- \/ Yoast SEO plugin. -->","yoast_head_json":{"title":"Alcalde Lisandro Segura atiende de manera oportuna afectaciones","description":"Alcalde Lisandro Segura atiende de manera oportuna afectaciones por lluvias en el municipio Alberto Adriani","robots":{"index":"index","follow":"follow","max-snippet":"max-snippet:-1","max-image-preview":"max-image-preview:large","max-video-preview":"max-video-preview:-1"},"canonical":"https:\/\/alcaldiaalbertoadriani.com\/?p=16062","og_locale":"es_ES","og_type":"article","og_title":"Alcalde Lisandro Segura atiende de manera oportuna afectaciones","og_description":"Alcalde Lisandro Segura atiende de manera oportuna afectaciones por lluvias en el municipio Alberto Adriani","og_url":"https:\/\/alcaldiaalbertoadriani.com\/?p=16062","og_site_name":"Alcaldia Alberto Adriani","article_published_time":"2026-04-27T13:45:54+00:00","article_modified_time":"2026-04-27T13:46:10+00:00","og_image":[{"width":1280,"height":960,"url":"https:\/\/alcaldiaalbertoadriani.com\/wp-content\/uploads\/2026\/04\/photo_5139107448785406949_y.jpg","type":"image\/jpeg"}],"author":"Prensa","twitter_card":"summary_large_image","twitter_misc":{"Escrito por":"Prensa","Tiempo de lectura":"3 minutos"},"schema":{"@context":"https:\/\/schema.org","@graph":[{"@type":"WebPage","@id":"https:\/\/alcaldiaalbertoadriani.com\/?p=16062","url":"https:\/\/alcaldiaalbertoadriani.com\/?p=16062","name":"Alcalde Lisandro Segura atiende de manera oportuna afectaciones","isPartOf":{"@id":"https:\/\/alcaldiaalbertoadriani.com\/#website"},"datePublished":"2026-04-27T13:45:54+00:00","dateModified":"2026-04-27T13:46:10+00:00","author":{"@id":"https:\/\/alcaldiaalbertoadriani.com\/#\/schema\/person\/549b4483ff8999ac780deeea78795fc9"},"description":"Alcalde Lisandro Segura atiende de manera oportuna afectaciones por lluvias en el municipio Alberto Adriani","breadcrumb":{"@id":"https:\/\/alcaldiaalbertoadriani.com\/?p=16062#breadcrumb"},"inLanguage":"es","potentialAction":[{"@type":"ReadAction","target":["https:\/\/alcaldiaalbertoadriani.com\/?p=16062"]}]},{"@type":"BreadcrumbList","@id":"https:\/\/alcaldiaalbertoadriani.com\/?p=16062#breadcrumb","itemListElement":[{"@type":"ListItem","position":1,"name":"Portada","item":"https:\/\/alcaldiaalbertoadriani.com\/"},{"@type":"ListItem","position":2,"name":"Alcalde Lisandro Segura atiende de manera oportuna afectaciones por lluvias en el municipio Alberto Adriani"}]},{"@type":"WebSite","@id":"https:\/\/alcaldiaalbertoadriani.com\/#website","url":"https:\/\/alcaldiaalbertoadriani.com\/","name":"Alcaldia Alberto Adriani","description":"","potentialAction":[{"@type":"SearchAction","target":{"@type":"EntryPoint","urlTemplate":"https:\/\/alcaldiaalbertoadriani.com\/?s={search_term_string}"},"query-input":"required name=search_term_string"}],"inLanguage":"es"},{"@type":"Person","@id":"https:\/\/alcaldiaalbertoadriani.com\/#\/schema\/person\/549b4483ff8999ac780deeea78795fc9","name":"Prensa","image":{"@type":"ImageObject","inLanguage":"es","@id":"https:\/\/alcaldiaalbertoadriani.com\/#\/schema\/person\/image\/","url":"https:\/\/secure.gravatar.com\/avatar\/ea1cb567ea992a29627f4eee1c2eb185ec16decec6342d508fdf18dedb56c9de?s=96&d=mm&r=g","contentUrl":"https:\/\/secure.gravatar.com\/avatar\/ea1cb567ea992a29627f4eee1c2eb185ec16decec6342d508fdf18dedb56c9de?s=96&d=mm&r=g","caption":"Prensa"},"url":"https:\/\/alcaldiaalbertoadriani.com\/?author=2"}]}},"_links":{"self":[{"href":"https:\/\/alcaldiaalbertoadriani.com\/index.php?rest_route=\/wp\/v2\/posts\/16062","targetHints":{"allow":["GET"]}}],"collection":[{"href":"https:\/\/alcaldiaalbertoadriani.com\/index.php?rest_route=\/wp\/v2\/posts"}],"about":[{"href":"https:\/\/alcaldiaalbertoadriani.com\/index.php?rest_route=\/wp\/v2\/types\/post"}],"author":[{"embeddable":true,"href":"https:\/\/alcaldiaalbertoadriani.com\/index.php?rest_route=\/wp\/v2\/users\/2"}],"replies":[{"embeddable":true,"href":"https:\/\/alcaldiaalbertoadriani.com\/index.php?rest_route=%2Fwp%2Fv2%2Fcomments&post=16062"}],"version-history":[{"count":1,"href":"https:\/\/alcaldiaalbertoadriani.com\/index.php?rest_route=\/wp\/v2\/posts\/16062\/revisions"}],"predecessor-version":[{"id":16072,"href":"https:\/\/alcaldiaalbertoadriani.com\/index.php?rest_route=\/wp\/v2\/posts\/16062\/revisions\/16072"}],"wp:featuredmedia":[{"embeddable":true,"href":"https:\/\/alcaldiaalbertoadriani.com\/index.php?rest_route=\/wp\/v2\/media\/16063"}],"wp:attachment":[{"href":"https:\/\/alcaldiaalbertoadriani.com\/index.php?rest_route=%2Fwp%2Fv2%2Fmedia&parent=16062"}],"wp:term":[{"taxonomy":"category","embeddable":true,"href":"https:\/\/alcaldiaalbertoadriani.com\/index.php?rest_route=%2Fwp%2Fv2%2Fcategories&post=16062"},{"taxonomy":"post_tag","embeddable":true,"href":"https:\/\/alcaldiaalbertoadriani.com\/index.php?rest_route=%2Fwp%2Fv2%2Ftags&post=16062"}],"curies":[{"name":"wp","href":"https:\/\/api.w.org\/{rel}","templated":true}]}}