{"id":15649,"date":"2026-04-06T14:25:54","date_gmt":"2026-04-06T14:25:54","guid":{"rendered":"https:\/\/alcaldiaalbertoadriani.com\/?p=15649"},"modified":"2026-04-06T14:26:00","modified_gmt":"2026-04-06T14:26:00","slug":"alcalde-lisandro-segura-anuncia-plan-de-contingencia-por-rotura","status":"publish","type":"post","link":"https:\/\/alcaldiaalbertoadriani.com\/?p=15649","title":{"rendered":"Alcalde Lisandro Segura anuncia plan de contingencia por rotura de tuber\u00eda en Mucujepe"},"content":{"rendered":"\n<p>Este mi\u00e9rcoles 25 de marzo el alcalde <a href=\"https:\/\/www.instagram.com\/lisandrosegura02\/\">Lisandro Segura<\/a> durante la transmisi\u00f3n de su programa radial \u201c<a href=\"https:\/\/alcaldiaalbertoadriani.com\/?cat=222\">Conversando con Lisandro<\/a>\u201d se solidariz\u00f3 con Benigna Mora, S\u00edndico Procurador del municipio Alberto Adriani y envi\u00f3 palabras de condolencias por el lamentable fallecimiento de su hermano Rafael Arc\u00e1ngel Mora Escalona.<\/p>\n\n\n\n<p>Inform\u00f3 que luego de la fuerte crecida del afluente Quebrada Blanca producto de las recientes lluvias, ocasion\u00f3 la rotura de la tuber\u00eda que alimenta el acueducto rural y que surte de agua potable a la comunidad Mucujepe de la parroquia H\u00e9ctor Amable Mora.<\/p>\n\n\n\n<p>\u201cAnte esta situaci\u00f3n comenzamos a coordinar con nuestros camiones cisternas el env\u00edo del vital l\u00edquido mientras hacemos la reparaci\u00f3n y la sustituci\u00f3n del tramo de la tuber\u00eda afectada\u201d, enfatiz\u00f3.<\/p>\n\n\n\n<h2 class=\"wp-block-heading\"><strong><em>Plan de asfaltado<\/em><\/strong><\/h2>\n\n\n\n<p>Dijo <a href=\"https:\/\/www.instagram.com\/lisandrosegura02\/\">Lisandro Segura<\/a> que el reinicio del <a href=\"https:\/\/alcaldiaalbertoadriani.com\/?tag=avanzan-progresivamente-con-plan-de-asfaltado-y-bacheo-2024\">plan de asfaltado y bacheo<\/a>, se ejecuta en el sector Iberia e intersecciones de El Vig\u00eda. \u201cEstamos ejecutando este plan en nuestras principales calles y avenidas de la ciudad, para posteriormente avanzar la calle diez de Sur Am\u00e9rica, calle 3 del centro y una parte de La Inmaculada\u201d.\u00a0<\/p>\n\n\n\n<p>Despu\u00e9s continuar\u00e1n en la v\u00eda hacia Los Pozones, Los Naranjos, Mucujepe, La Palmita y la parroquia Rafael Pulido M\u00e9ndez.<\/p>\n\n\n\n<h2 class=\"wp-block-heading\"><strong><em>Agradecimiento<\/em><\/strong><\/h2>\n\n\n\n<p>El alcalde agradeci\u00f3 al presb\u00edtero Ricardo Quevedo, sacerdote encargado de la Parroquia San Jos\u00e9 de La Blanca, por el otorgamiento del distinguido galard\u00f3n \u201cSan Jos\u00e9 de Oro\u201d en su primera edici\u00f3n, enmarcado en la celebraci\u00f3n de las festividades en honor al santo patrono de La Blanca, San Jos\u00e9.<\/p>\n\n\n\n<p>Finalmente, agreg\u00f3 que en cumplimiento de lo establecido en las leyes, invita a la colectividad vig\u00edense a la Presentaci\u00f3n de la Memoria y Cuenta correspondiente al ejercicio fiscal 2025. El evento ser\u00e1 este 27 del mes en curso, a partir de las 12:00 del mediod\u00eda en el auditorio &#8220;Eduardo Escalante&#8221; de la Asociaci\u00f3n de Ganaderos y Agricultores de Alberto Adriani(Asodegaa). Igualmente podr\u00e1n escuchar a trav\u00e9s de la Alianza Radial Adrianista y redes sociales del Ayuntamiento. <strong><em>Prensa OIPI: Edgar Mendoza CNP: 25.736\/Fotos: Karla M\u00e1rquez.<\/em><\/strong><\/p>\n","protected":false},"excerpt":{"rendered":"<p>Este mi\u00e9rcoles 25 de marzo el alcalde Lisandro Segura durante la transmisi\u00f3n de su programa radial \u201cConversando con Lisandro\u201d se solidariz\u00f3 con Benigna Mora, S\u00edndico Procurador del municipio Alberto Adriani [&hellip;]<\/p>\n","protected":false},"author":2,"featured_media":15650,"comment_status":"open","ping_status":"closed","sticky":false,"template":"","format":"standard","meta":{"_et_pb_use_builder":"off","_et_pb_old_content":"","_et_gb_content_width":"","footnotes":""},"categories":[341,1064,222,25],"tags":[31,11,12,15,761,30,29,28],"class_list":["post-15649","post","type-post","status-publish","format-standard","has-post-thumbnail","hentry","category-alcaldia-alberto-adriani","category-asfaltado","category-conversando-con-lisandro","category-nuestro-municipio","tag-alcalde","tag-alcaldia","tag-alcaldiaalbertoadriani","tag-elvigia","tag-encrucijadadeprogreso","tag-lisandrosegura","tag-municipioquenosmerecemos","tag-porelrenacer"],"yoast_head":"<!-- This site is optimized with the Yoast SEO plugin v19.13 - https:\/\/yoast.com\/wordpress\/plugins\/seo\/ -->\n<title>Alcalde Lisandro Segura anuncia plan de contingencia por rotura<\/title>\n<meta name=\"description\" content=\"Alcalde Lisandro Segura anuncia plan de contingencia por rotura de tuber\u00eda en Mucujepe parroquia Hector Amable Mora\" \/>\n<meta name=\"robots\" content=\"index, follow, max-snippet:-1, max-image-preview:large, max-video-preview:-1\" \/>\n<link rel=\"canonical\" href=\"https:\/\/alcaldiaalbertoadriani.com\/?p=15649\" \/>\n<meta property=\"og:locale\" content=\"es_ES\" \/>\n<meta property=\"og:type\" content=\"article\" \/>\n<meta property=\"og:title\" content=\"Alcalde Lisandro Segura anuncia plan de contingencia por rotura\" \/>\n<meta property=\"og:description\" content=\"Alcalde Lisandro Segura anuncia plan de contingencia por rotura de tuber\u00eda en Mucujepe parroquia Hector Amable Mora\" \/>\n<meta property=\"og:url\" content=\"https:\/\/alcaldiaalbertoadriani.com\/?p=15649\" \/>\n<meta property=\"og:site_name\" content=\"Alcaldia Alberto Adriani\" \/>\n<meta property=\"article:published_time\" content=\"2026-04-06T14:25:54+00:00\" \/>\n<meta property=\"article:modified_time\" content=\"2026-04-06T14:26:00+00:00\" \/>\n<meta property=\"og:image\" content=\"https:\/\/alcaldiaalbertoadriani.com\/wp-content\/uploads\/2026\/04\/photo_5055665077561789595_y.jpg\" \/>\n\t<meta property=\"og:image:width\" content=\"1280\" \/>\n\t<meta property=\"og:image:height\" content=\"960\" \/>\n\t<meta property=\"og:image:type\" content=\"image\/jpeg\" \/>\n<meta name=\"author\" content=\"Prensa\" \/>\n<meta name=\"twitter:card\" content=\"summary_large_image\" \/>\n<meta name=\"twitter:label1\" content=\"Escrito por\" \/>\n\t<meta name=\"twitter:data1\" content=\"Prensa\" \/>\n\t<meta name=\"twitter:label2\" content=\"Tiempo de lectura\" \/>\n\t<meta name=\"twitter:data2\" content=\"2 minutos\" \/>\n<script type=\"application\/ld+json\" class=\"yoast-schema-graph\">{\"@context\":\"https:\/\/schema.org\",\"@graph\":[{\"@type\":\"WebPage\",\"@id\":\"https:\/\/alcaldiaalbertoadriani.com\/?p=15649\",\"url\":\"https:\/\/alcaldiaalbertoadriani.com\/?p=15649\",\"name\":\"Alcalde Lisandro Segura anuncia plan de contingencia por rotura\",\"isPartOf\":{\"@id\":\"https:\/\/alcaldiaalbertoadriani.com\/#website\"},\"datePublished\":\"2026-04-06T14:25:54+00:00\",\"dateModified\":\"2026-04-06T14:26:00+00:00\",\"author\":{\"@id\":\"https:\/\/alcaldiaalbertoadriani.com\/#\/schema\/person\/549b4483ff8999ac780deeea78795fc9\"},\"description\":\"Alcalde Lisandro Segura anuncia plan de contingencia por rotura de tuber\u00eda en Mucujepe parroquia Hector Amable Mora\",\"breadcrumb\":{\"@id\":\"https:\/\/alcaldiaalbertoadriani.com\/?p=15649#breadcrumb\"},\"inLanguage\":\"es\",\"potentialAction\":[{\"@type\":\"ReadAction\",\"target\":[\"https:\/\/alcaldiaalbertoadriani.com\/?p=15649\"]}]},{\"@type\":\"BreadcrumbList\",\"@id\":\"https:\/\/alcaldiaalbertoadriani.com\/?p=15649#breadcrumb\",\"itemListElement\":[{\"@type\":\"ListItem\",\"position\":1,\"name\":\"Portada\",\"item\":\"https:\/\/alcaldiaalbertoadriani.com\/\"},{\"@type\":\"ListItem\",\"position\":2,\"name\":\"Alcalde Lisandro Segura anuncia plan de contingencia por rotura de tuber\u00eda en Mucujepe\"}]},{\"@type\":\"WebSite\",\"@id\":\"https:\/\/alcaldiaalbertoadriani.com\/#website\",\"url\":\"https:\/\/alcaldiaalbertoadriani.com\/\",\"name\":\"Alcaldia Alberto Adriani\",\"description\":\"\",\"potentialAction\":[{\"@type\":\"SearchAction\",\"target\":{\"@type\":\"EntryPoint\",\"urlTemplate\":\"https:\/\/alcaldiaalbertoadriani.com\/?s={search_term_string}\"},\"query-input\":\"required name=search_term_string\"}],\"inLanguage\":\"es\"},{\"@type\":\"Person\",\"@id\":\"https:\/\/alcaldiaalbertoadriani.com\/#\/schema\/person\/549b4483ff8999ac780deeea78795fc9\",\"name\":\"Prensa\",\"image\":{\"@type\":\"ImageObject\",\"inLanguage\":\"es\",\"@id\":\"https:\/\/alcaldiaalbertoadriani.com\/#\/schema\/person\/image\/\",\"url\":\"https:\/\/secure.gravatar.com\/avatar\/ea1cb567ea992a29627f4eee1c2eb185ec16decec6342d508fdf18dedb56c9de?s=96&d=mm&r=g\",\"contentUrl\":\"https:\/\/secure.gravatar.com\/avatar\/ea1cb567ea992a29627f4eee1c2eb185ec16decec6342d508fdf18dedb56c9de?s=96&d=mm&r=g\",\"caption\":\"Prensa\"},\"url\":\"https:\/\/alcaldiaalbertoadriani.com\/?author=2\"}]}<\/script>\n<!-- \/ Yoast SEO plugin. -->","yoast_head_json":{"title":"Alcalde Lisandro Segura anuncia plan de contingencia por rotura","description":"Alcalde Lisandro Segura anuncia plan de contingencia por rotura de tuber\u00eda en Mucujepe parroquia Hector Amable Mora","robots":{"index":"index","follow":"follow","max-snippet":"max-snippet:-1","max-image-preview":"max-image-preview:large","max-video-preview":"max-video-preview:-1"},"canonical":"https:\/\/alcaldiaalbertoadriani.com\/?p=15649","og_locale":"es_ES","og_type":"article","og_title":"Alcalde Lisandro Segura anuncia plan de contingencia por rotura","og_description":"Alcalde Lisandro Segura anuncia plan de contingencia por rotura de tuber\u00eda en Mucujepe parroquia Hector Amable Mora","og_url":"https:\/\/alcaldiaalbertoadriani.com\/?p=15649","og_site_name":"Alcaldia Alberto Adriani","article_published_time":"2026-04-06T14:25:54+00:00","article_modified_time":"2026-04-06T14:26:00+00:00","og_image":[{"width":1280,"height":960,"url":"https:\/\/alcaldiaalbertoadriani.com\/wp-content\/uploads\/2026\/04\/photo_5055665077561789595_y.jpg","type":"image\/jpeg"}],"author":"Prensa","twitter_card":"summary_large_image","twitter_misc":{"Escrito por":"Prensa","Tiempo de lectura":"2 minutos"},"schema":{"@context":"https:\/\/schema.org","@graph":[{"@type":"WebPage","@id":"https:\/\/alcaldiaalbertoadriani.com\/?p=15649","url":"https:\/\/alcaldiaalbertoadriani.com\/?p=15649","name":"Alcalde Lisandro Segura anuncia plan de contingencia por rotura","isPartOf":{"@id":"https:\/\/alcaldiaalbertoadriani.com\/#website"},"datePublished":"2026-04-06T14:25:54+00:00","dateModified":"2026-04-06T14:26:00+00:00","author":{"@id":"https:\/\/alcaldiaalbertoadriani.com\/#\/schema\/person\/549b4483ff8999ac780deeea78795fc9"},"description":"Alcalde Lisandro Segura anuncia plan de contingencia por rotura de tuber\u00eda en Mucujepe parroquia Hector Amable Mora","breadcrumb":{"@id":"https:\/\/alcaldiaalbertoadriani.com\/?p=15649#breadcrumb"},"inLanguage":"es","potentialAction":[{"@type":"ReadAction","target":["https:\/\/alcaldiaalbertoadriani.com\/?p=15649"]}]},{"@type":"BreadcrumbList","@id":"https:\/\/alcaldiaalbertoadriani.com\/?p=15649#breadcrumb","itemListElement":[{"@type":"ListItem","position":1,"name":"Portada","item":"https:\/\/alcaldiaalbertoadriani.com\/"},{"@type":"ListItem","position":2,"name":"Alcalde Lisandro Segura anuncia plan de contingencia por rotura de tuber\u00eda en Mucujepe"}]},{"@type":"WebSite","@id":"https:\/\/alcaldiaalbertoadriani.com\/#website","url":"https:\/\/alcaldiaalbertoadriani.com\/","name":"Alcaldia Alberto Adriani","description":"","potentialAction":[{"@type":"SearchAction","target":{"@type":"EntryPoint","urlTemplate":"https:\/\/alcaldiaalbertoadriani.com\/?s={search_term_string}"},"query-input":"required name=search_term_string"}],"inLanguage":"es"},{"@type":"Person","@id":"https:\/\/alcaldiaalbertoadriani.com\/#\/schema\/person\/549b4483ff8999ac780deeea78795fc9","name":"Prensa","image":{"@type":"ImageObject","inLanguage":"es","@id":"https:\/\/alcaldiaalbertoadriani.com\/#\/schema\/person\/image\/","url":"https:\/\/secure.gravatar.com\/avatar\/ea1cb567ea992a29627f4eee1c2eb185ec16decec6342d508fdf18dedb56c9de?s=96&d=mm&r=g","contentUrl":"https:\/\/secure.gravatar.com\/avatar\/ea1cb567ea992a29627f4eee1c2eb185ec16decec6342d508fdf18dedb56c9de?s=96&d=mm&r=g","caption":"Prensa"},"url":"https:\/\/alcaldiaalbertoadriani.com\/?author=2"}]}},"_links":{"self":[{"href":"https:\/\/alcaldiaalbertoadriani.com\/index.php?rest_route=\/wp\/v2\/posts\/15649","targetHints":{"allow":["GET"]}}],"collection":[{"href":"https:\/\/alcaldiaalbertoadriani.com\/index.php?rest_route=\/wp\/v2\/posts"}],"about":[{"href":"https:\/\/alcaldiaalbertoadriani.com\/index.php?rest_route=\/wp\/v2\/types\/post"}],"author":[{"embeddable":true,"href":"https:\/\/alcaldiaalbertoadriani.com\/index.php?rest_route=\/wp\/v2\/users\/2"}],"replies":[{"embeddable":true,"href":"https:\/\/alcaldiaalbertoadriani.com\/index.php?rest_route=%2Fwp%2Fv2%2Fcomments&post=15649"}],"version-history":[{"count":1,"href":"https:\/\/alcaldiaalbertoadriani.com\/index.php?rest_route=\/wp\/v2\/posts\/15649\/revisions"}],"predecessor-version":[{"id":15651,"href":"https:\/\/alcaldiaalbertoadriani.com\/index.php?rest_route=\/wp\/v2\/posts\/15649\/revisions\/15651"}],"wp:featuredmedia":[{"embeddable":true,"href":"https:\/\/alcaldiaalbertoadriani.com\/index.php?rest_route=\/wp\/v2\/media\/15650"}],"wp:attachment":[{"href":"https:\/\/alcaldiaalbertoadriani.com\/index.php?rest_route=%2Fwp%2Fv2%2Fmedia&parent=15649"}],"wp:term":[{"taxonomy":"category","embeddable":true,"href":"https:\/\/alcaldiaalbertoadriani.com\/index.php?rest_route=%2Fwp%2Fv2%2Fcategories&post=15649"},{"taxonomy":"post_tag","embeddable":true,"href":"https:\/\/alcaldiaalbertoadriani.com\/index.php?rest_route=%2Fwp%2Fv2%2Ftags&post=15649"}],"curies":[{"name":"wp","href":"https:\/\/api.w.org\/{rel}","templated":true}]}}