{"id":15459,"date":"2026-03-16T20:02:26","date_gmt":"2026-03-16T20:02:26","guid":{"rendered":"https:\/\/alcaldiaalbertoadriani.com\/?p=15459"},"modified":"2026-03-16T20:02:30","modified_gmt":"2026-03-16T20:02:30","slug":"autoridades-municipales-de-alberto-adriani-celebraron-sesion","status":"publish","type":"post","link":"https:\/\/alcaldiaalbertoadriani.com\/?p=15459","title":{"rendered":"Autoridades municipales de Alberto Adriani celebraron sesi\u00f3n solemne en reconocimiento a mujeres del municipio"},"content":{"rendered":"\n<h2 class=\"wp-block-heading\"><strong><em>Adem\u00e1s se entreg\u00f3 la Orden Omaira Candela de Quintero<\/em><\/strong><\/h2>\n\n\n\n<p>En el marco del <a href=\"https:\/\/alcaldiaalbertoadriani.com\/?tag=conmemoran-dia-internacional-de-la-mujer\">D\u00eda Internacional de la Mujer<\/a>, las autoridades municipales de Alberto Adriani realizaron una sesi\u00f3n solemne para rendir homenaje a destacadas mujeres de la jurisdicci\u00f3n por su trayectoria y aportes al desarrollo social, econ\u00f3mico y comunitario. En el acto, realizado en las instalaciones de la Casa del Ni\u00f1o Trabajador, tambi\u00e9n se entreg\u00f3 la Orden Omaira Candela de Quintero.<\/p>\n\n\n\n<p>La actividad cont\u00f3 con la presencia del alcalde <a href=\"https:\/\/www.instagram.com\/lisandrosegura02\/\">Lisandro Segura<\/a>, concejales del cuerpo edilicio y como Oradora de Orden fungi\u00f3 Mar\u00eda Coromoto Astorga.<\/p>\n\n\n\n<figure class=\"wp-block-gallery has-nested-images columns-default is-cropped wp-block-gallery-1 is-layout-flex wp-block-gallery-is-layout-flex\">\n<figure class=\"wp-block-image size-large\"><img loading=\"lazy\" decoding=\"async\" width=\"1024\" height=\"768\" data-id=\"15464\" src=\"https:\/\/alcaldiaalbertoadriani.com\/wp-content\/uploads\/2026\/03\/photo_5015213413415717981_y-1024x768.jpg\" alt=\"\" class=\"wp-image-15464\" srcset=\"https:\/\/alcaldiaalbertoadriani.com\/wp-content\/uploads\/2026\/03\/photo_5015213413415717981_y-1024x768.jpg 1024w, https:\/\/alcaldiaalbertoadriani.com\/wp-content\/uploads\/2026\/03\/photo_5015213413415717981_y-980x735.jpg 980w, https:\/\/alcaldiaalbertoadriani.com\/wp-content\/uploads\/2026\/03\/photo_5015213413415717981_y-480x360.jpg 480w\" sizes=\"auto, (min-width: 0px) and (max-width: 480px) 480px, (min-width: 481px) and (max-width: 980px) 980px, (min-width: 981px) 1024px, 100vw\" \/><\/figure>\n<\/figure>\n\n\n\n<p>Durante su intervenci\u00f3n, el alcalde destac\u00f3 la importancia de continuar fortaleciendo los espacios de encuentro institucional entre el Poder Ejecutivo y el Poder Legislativo municipal, as\u00ed como el v\u00ednculo con las diferentes expresiones sociales de la localidad.<\/p>\n\n\n\n<p>\u201cContinuando con esta tradici\u00f3n que hemos sembrado en esta gesti\u00f3n de gobierno, de manera compartida, entre el Poder Legislativo y el Poder Ejecutivo, hoy nos encontramos celebrando el D\u00eda Internacional de la Mujer junto a las distintas expresiones sociales de nuestra municipalidad\u201d, expres\u00f3.<\/p>\n\n\n\n<figure class=\"wp-block-gallery has-nested-images columns-default is-cropped wp-block-gallery-2 is-layout-flex wp-block-gallery-is-layout-flex\">\n<figure class=\"wp-block-image size-large\"><img loading=\"lazy\" decoding=\"async\" width=\"1024\" height=\"768\" data-id=\"15462\" src=\"https:\/\/alcaldiaalbertoadriani.com\/wp-content\/uploads\/2026\/03\/photo_5015213413415717991_y-1024x768.jpg\" alt=\"\" class=\"wp-image-15462\" srcset=\"https:\/\/alcaldiaalbertoadriani.com\/wp-content\/uploads\/2026\/03\/photo_5015213413415717991_y-1024x768.jpg 1024w, https:\/\/alcaldiaalbertoadriani.com\/wp-content\/uploads\/2026\/03\/photo_5015213413415717991_y-980x735.jpg 980w, https:\/\/alcaldiaalbertoadriani.com\/wp-content\/uploads\/2026\/03\/photo_5015213413415717991_y-480x360.jpg 480w\" sizes=\"auto, (min-width: 0px) and (max-width: 480px) 480px, (min-width: 481px) and (max-width: 980px) 980px, (min-width: 981px) 1024px, 100vw\" \/><\/figure>\n<\/figure>\n\n\n\n<p>El burgomaestre resalt\u00f3 el valor fundamental de la mujer dentro de la sociedad y en la vida de cada ser humano. \u201cSi ustedes se preguntan qui\u00e9n es la persona m\u00e1s importante en su vida, seguramente dir\u00edamos una mujer, porque fue una mujer quien nos dio el ser. El amor de madre es incondicional, y cuando hablamos del amor como hombre, est\u00e1 la esposa, compa\u00f1era de vida y madre de nuestros hijos\u201d, afirm\u00f3.<\/p>\n\n\n\n<p>Segura tambi\u00e9n reflexion\u00f3 sobre los avances alcanzados en materia de derechos femeninos, se\u00f1alando que a\u00fan existen desaf\u00edos importantes por superar. En ese sentido, mencion\u00f3 cifras de organismos internacionales que evidencian que las mujeres a\u00fan no disfrutan de todos los derechos. \u201cEn nuestra sociedad se han conquistado importantes logros en cuanto a los derechos de las mujeres, pero todav\u00eda queda mucho por recorrer. Seg\u00fan estad\u00edsticas de la Organizaci\u00f3n de Naciones Unidas, las mujeres apenas disfrutan del 64% de los derechos que disfruta el hombre. En otras latitudes del planeta a\u00fan se cometen cr\u00edmenes atroces contra la mujer solo por su condici\u00f3n de mujer\u201d, indic\u00f3.<\/p>\n\n\n\n<p>Ante esta realidad, el alcalde subray\u00f3 la necesidad de continuar impulsando acciones que promuevan la igualdad y el respeto pleno a los derechos femeninos. &#8220;Desde la municipalidad de Alberto Adriani, sumamos nuestra voz al llamado de la Organizaci\u00f3n de Naciones Unidas, que este a\u00f1o promueve el lema \u2018Derechos, Justicia y Acci\u00f3n\u00b4\u201d, enfatiz\u00f3.<\/p>\n\n\n\n<h2 class=\"wp-block-heading\"><strong><em>Creaci\u00f3n Divina<\/em><\/strong><\/h2>\n\n\n\n<p>La oradora de orden Mar\u00eda Coromoto Astorga, integrante de la Asociaci\u00f3n Civil Damas Voluntarias de El Vig\u00eda y reconocida ampliamente por su vocaci\u00f3n de servicio social, pronunci\u00f3 un emotivo discurso donde agradeci\u00f3 la confianza y destac\u00f3 el valor de la solidaridad y el trabajo comunitario.<\/p>\n\n\n\n<figure class=\"wp-block-gallery has-nested-images columns-default is-cropped wp-block-gallery-3 is-layout-flex wp-block-gallery-is-layout-flex\">\n<figure class=\"wp-block-image size-large\"><img loading=\"lazy\" decoding=\"async\" width=\"1024\" height=\"768\" data-id=\"15463\" src=\"https:\/\/alcaldiaalbertoadriani.com\/wp-content\/uploads\/2026\/03\/photo_5015213413415717971_y-1-1024x768.jpg\" alt=\"\" class=\"wp-image-15463\" srcset=\"https:\/\/alcaldiaalbertoadriani.com\/wp-content\/uploads\/2026\/03\/photo_5015213413415717971_y-1-1024x768.jpg 1024w, https:\/\/alcaldiaalbertoadriani.com\/wp-content\/uploads\/2026\/03\/photo_5015213413415717971_y-1-980x735.jpg 980w, https:\/\/alcaldiaalbertoadriani.com\/wp-content\/uploads\/2026\/03\/photo_5015213413415717971_y-1-480x360.jpg 480w\" sizes=\"auto, (min-width: 0px) and (max-width: 480px) 480px, (min-width: 481px) and (max-width: 980px) 980px, (min-width: 981px) 1024px, 100vw\" \/><\/figure>\n<\/figure>\n\n\n\n<p>\u201cEsta fue una responsabilidad que me dieron mis compa\u00f1eras Damas Voluntarias. Cuando uno forma parte de una organizaci\u00f3n, tiene que destacarse con actos, cumpliendo con el deber que tenemos de servir\u201d, expres\u00f3.<\/p>\n\n\n\n<p>Asimismo, reflexion\u00f3 sobre el papel fundamental de la mujer dentro de la sociedad y la familia, \u201cCuando Dios estaba dise\u00f1ando a las mujeres, se qued\u00f3 dormido, pues hizo grandes mujeres, hay quienes son padres y madres dentro del hogar, a pesar de ello, uno saca el tiempo para ayudar a la gente, y no para darle lo que sobra, sino lo que uno tiene\u201d.<\/p>\n\n\n\n<p>La municipalidad entreg\u00f3 reconocimientos a 80 mujeres aproximadamente, Anmi Jaime, presidente del Immigaa felicit\u00f3 a las homenajeadas y resalt\u00f3 su valor. <strong><em>Prensa OIPI: Tahiry Villalobos CNP:23.225 \/ Foto OIPI: Karla M\u00e1rquez.<\/em><\/strong><\/p>\n\n\n\n<figure class=\"wp-block-gallery has-nested-images columns-default is-cropped wp-block-gallery-4 is-layout-flex wp-block-gallery-is-layout-flex\">\n<figure class=\"wp-block-image size-large\"><img loading=\"lazy\" decoding=\"async\" width=\"1024\" height=\"768\" data-id=\"15483\" src=\"https:\/\/alcaldiaalbertoadriani.com\/wp-content\/uploads\/2026\/03\/photo_5015213413415717897_y-1-1024x768.jpg\" alt=\"\" class=\"wp-image-15483\" srcset=\"https:\/\/alcaldiaalbertoadriani.com\/wp-content\/uploads\/2026\/03\/photo_5015213413415717897_y-1-1024x768.jpg 1024w, https:\/\/alcaldiaalbertoadriani.com\/wp-content\/uploads\/2026\/03\/photo_5015213413415717897_y-1-980x735.jpg 980w, https:\/\/alcaldiaalbertoadriani.com\/wp-content\/uploads\/2026\/03\/photo_5015213413415717897_y-1-480x360.jpg 480w\" sizes=\"auto, (min-width: 0px) and (max-width: 480px) 480px, (min-width: 481px) and (max-width: 980px) 980px, (min-width: 981px) 1024px, 100vw\" \/><\/figure>\n\n\n\n<figure class=\"wp-block-image size-large\"><img loading=\"lazy\" decoding=\"async\" width=\"1024\" height=\"768\" data-id=\"15479\" src=\"https:\/\/alcaldiaalbertoadriani.com\/wp-content\/uploads\/2026\/03\/photo_5015213413415717904_y-1-1024x768.jpg\" alt=\"\" class=\"wp-image-15479\" srcset=\"https:\/\/alcaldiaalbertoadriani.com\/wp-content\/uploads\/2026\/03\/photo_5015213413415717904_y-1-1024x768.jpg 1024w, https:\/\/alcaldiaalbertoadriani.com\/wp-content\/uploads\/2026\/03\/photo_5015213413415717904_y-1-980x735.jpg 980w, https:\/\/alcaldiaalbertoadriani.com\/wp-content\/uploads\/2026\/03\/photo_5015213413415717904_y-1-480x360.jpg 480w\" sizes=\"auto, (min-width: 0px) and (max-width: 480px) 480px, (min-width: 481px) and (max-width: 980px) 980px, (min-width: 981px) 1024px, 100vw\" \/><\/figure>\n\n\n\n<figure class=\"wp-block-image size-large\"><img loading=\"lazy\" decoding=\"async\" width=\"1024\" height=\"768\" data-id=\"15481\" src=\"https:\/\/alcaldiaalbertoadriani.com\/wp-content\/uploads\/2026\/03\/photo_5015213413415717912_y-1-1024x768.jpg\" alt=\"\" class=\"wp-image-15481\" srcset=\"https:\/\/alcaldiaalbertoadriani.com\/wp-content\/uploads\/2026\/03\/photo_5015213413415717912_y-1-1024x768.jpg 1024w, https:\/\/alcaldiaalbertoadriani.com\/wp-content\/uploads\/2026\/03\/photo_5015213413415717912_y-1-980x735.jpg 980w, https:\/\/alcaldiaalbertoadriani.com\/wp-content\/uploads\/2026\/03\/photo_5015213413415717912_y-1-480x360.jpg 480w\" sizes=\"auto, (min-width: 0px) and (max-width: 480px) 480px, (min-width: 481px) and (max-width: 980px) 980px, (min-width: 981px) 1024px, 100vw\" \/><\/figure>\n\n\n\n<figure class=\"wp-block-image size-large\"><img loading=\"lazy\" decoding=\"async\" width=\"1024\" height=\"576\" data-id=\"15465\" src=\"https:\/\/alcaldiaalbertoadriani.com\/wp-content\/uploads\/2026\/03\/photo_5015213413415717928_y-1024x576.jpg\" alt=\"\" class=\"wp-image-15465\" srcset=\"https:\/\/alcaldiaalbertoadriani.com\/wp-content\/uploads\/2026\/03\/photo_5015213413415717928_y-1024x576.jpg 1024w, https:\/\/alcaldiaalbertoadriani.com\/wp-content\/uploads\/2026\/03\/photo_5015213413415717928_y-980x551.jpg 980w, https:\/\/alcaldiaalbertoadriani.com\/wp-content\/uploads\/2026\/03\/photo_5015213413415717928_y-480x270.jpg 480w\" sizes=\"auto, (min-width: 0px) and (max-width: 480px) 480px, (min-width: 481px) and (max-width: 980px) 980px, (min-width: 981px) 1024px, 100vw\" \/><\/figure>\n\n\n\n<figure class=\"wp-block-image size-large\"><img loading=\"lazy\" decoding=\"async\" width=\"1024\" height=\"768\" data-id=\"15485\" src=\"https:\/\/alcaldiaalbertoadriani.com\/wp-content\/uploads\/2026\/03\/photo_5015213413415717937_y-1-1024x768.jpg\" alt=\"\" class=\"wp-image-15485\" srcset=\"https:\/\/alcaldiaalbertoadriani.com\/wp-content\/uploads\/2026\/03\/photo_5015213413415717937_y-1-1024x768.jpg 1024w, https:\/\/alcaldiaalbertoadriani.com\/wp-content\/uploads\/2026\/03\/photo_5015213413415717937_y-1-980x735.jpg 980w, https:\/\/alcaldiaalbertoadriani.com\/wp-content\/uploads\/2026\/03\/photo_5015213413415717937_y-1-480x360.jpg 480w\" sizes=\"auto, (min-width: 0px) and (max-width: 480px) 480px, (min-width: 481px) and (max-width: 980px) 980px, (min-width: 981px) 1024px, 100vw\" \/><\/figure>\n\n\n\n<figure class=\"wp-block-image size-large\"><img loading=\"lazy\" decoding=\"async\" width=\"1024\" height=\"768\" data-id=\"15480\" src=\"https:\/\/alcaldiaalbertoadriani.com\/wp-content\/uploads\/2026\/03\/photo_5015213413415717943_y-1-1024x768.jpg\" alt=\"\" class=\"wp-image-15480\" srcset=\"https:\/\/alcaldiaalbertoadriani.com\/wp-content\/uploads\/2026\/03\/photo_5015213413415717943_y-1-1024x768.jpg 1024w, https:\/\/alcaldiaalbertoadriani.com\/wp-content\/uploads\/2026\/03\/photo_5015213413415717943_y-1-980x735.jpg 980w, https:\/\/alcaldiaalbertoadriani.com\/wp-content\/uploads\/2026\/03\/photo_5015213413415717943_y-1-480x360.jpg 480w\" sizes=\"auto, (min-width: 0px) and (max-width: 480px) 480px, (min-width: 481px) and (max-width: 980px) 980px, (min-width: 981px) 1024px, 100vw\" \/><\/figure>\n\n\n\n<figure class=\"wp-block-image size-large\"><img loading=\"lazy\" decoding=\"async\" width=\"1024\" height=\"768\" data-id=\"15476\" src=\"https:\/\/alcaldiaalbertoadriani.com\/wp-content\/uploads\/2026\/03\/photo_5015213413415717952_y-1-1024x768.jpg\" alt=\"\" class=\"wp-image-15476\" srcset=\"https:\/\/alcaldiaalbertoadriani.com\/wp-content\/uploads\/2026\/03\/photo_5015213413415717952_y-1-1024x768.jpg 1024w, https:\/\/alcaldiaalbertoadriani.com\/wp-content\/uploads\/2026\/03\/photo_5015213413415717952_y-1-980x735.jpg 980w, https:\/\/alcaldiaalbertoadriani.com\/wp-content\/uploads\/2026\/03\/photo_5015213413415717952_y-1-480x360.jpg 480w\" sizes=\"auto, (min-width: 0px) and (max-width: 480px) 480px, (min-width: 481px) and (max-width: 980px) 980px, (min-width: 981px) 1024px, 100vw\" \/><\/figure>\n\n\n\n<figure class=\"wp-block-image size-large\"><img loading=\"lazy\" decoding=\"async\" width=\"1024\" height=\"768\" data-id=\"15477\" src=\"https:\/\/alcaldiaalbertoadriani.com\/wp-content\/uploads\/2026\/03\/photo_5015213413415717959_y-1-1024x768.jpg\" alt=\"\" class=\"wp-image-15477\" srcset=\"https:\/\/alcaldiaalbertoadriani.com\/wp-content\/uploads\/2026\/03\/photo_5015213413415717959_y-1-1024x768.jpg 1024w, https:\/\/alcaldiaalbertoadriani.com\/wp-content\/uploads\/2026\/03\/photo_5015213413415717959_y-1-980x735.jpg 980w, https:\/\/alcaldiaalbertoadriani.com\/wp-content\/uploads\/2026\/03\/photo_5015213413415717959_y-1-480x360.jpg 480w\" sizes=\"auto, (min-width: 0px) and (max-width: 480px) 480px, (min-width: 481px) and (max-width: 980px) 980px, (min-width: 981px) 1024px, 100vw\" \/><\/figure>\n\n\n\n<figure class=\"wp-block-image size-large\"><img loading=\"lazy\" decoding=\"async\" width=\"1024\" height=\"768\" data-id=\"15482\" src=\"https:\/\/alcaldiaalbertoadriani.com\/wp-content\/uploads\/2026\/03\/photo_5015213413415717962_y-1-1024x768.jpg\" alt=\"\" class=\"wp-image-15482\" srcset=\"https:\/\/alcaldiaalbertoadriani.com\/wp-content\/uploads\/2026\/03\/photo_5015213413415717962_y-1-1024x768.jpg 1024w, https:\/\/alcaldiaalbertoadriani.com\/wp-content\/uploads\/2026\/03\/photo_5015213413415717962_y-1-980x735.jpg 980w, https:\/\/alcaldiaalbertoadriani.com\/wp-content\/uploads\/2026\/03\/photo_5015213413415717962_y-1-480x360.jpg 480w\" sizes=\"auto, (min-width: 0px) and (max-width: 480px) 480px, (min-width: 481px) and (max-width: 980px) 980px, (min-width: 981px) 1024px, 100vw\" \/><\/figure>\n\n\n\n<figure class=\"wp-block-image size-large\"><img loading=\"lazy\" decoding=\"async\" width=\"1024\" height=\"768\" data-id=\"15478\" src=\"https:\/\/alcaldiaalbertoadriani.com\/wp-content\/uploads\/2026\/03\/photo_5015213413415717966_y-1-1024x768.jpg\" alt=\"\" class=\"wp-image-15478\" srcset=\"https:\/\/alcaldiaalbertoadriani.com\/wp-content\/uploads\/2026\/03\/photo_5015213413415717966_y-1-1024x768.jpg 1024w, https:\/\/alcaldiaalbertoadriani.com\/wp-content\/uploads\/2026\/03\/photo_5015213413415717966_y-1-980x735.jpg 980w, https:\/\/alcaldiaalbertoadriani.com\/wp-content\/uploads\/2026\/03\/photo_5015213413415717966_y-1-480x360.jpg 480w\" sizes=\"auto, (min-width: 0px) and (max-width: 480px) 480px, (min-width: 481px) and (max-width: 980px) 980px, (min-width: 981px) 1024px, 100vw\" \/><\/figure>\n\n\n\n<figure class=\"wp-block-image size-large\"><img loading=\"lazy\" decoding=\"async\" width=\"1024\" height=\"768\" data-id=\"15484\" src=\"https:\/\/alcaldiaalbertoadriani.com\/wp-content\/uploads\/2026\/03\/photo_5015213413415717995_y-1-1024x768.jpg\" alt=\"\" class=\"wp-image-15484\" srcset=\"https:\/\/alcaldiaalbertoadriani.com\/wp-content\/uploads\/2026\/03\/photo_5015213413415717995_y-1-1024x768.jpg 1024w, https:\/\/alcaldiaalbertoadriani.com\/wp-content\/uploads\/2026\/03\/photo_5015213413415717995_y-1-980x735.jpg 980w, https:\/\/alcaldiaalbertoadriani.com\/wp-content\/uploads\/2026\/03\/photo_5015213413415717995_y-1-480x360.jpg 480w\" sizes=\"auto, (min-width: 0px) and (max-width: 480px) 480px, (min-width: 481px) and (max-width: 980px) 980px, (min-width: 981px) 1024px, 100vw\" \/><\/figure>\n<\/figure>\n","protected":false},"excerpt":{"rendered":"<p>Adem\u00e1s se entreg\u00f3 la Orden Omaira Candela de Quintero En el marco del D\u00eda Internacional de la Mujer, las autoridades municipales de Alberto Adriani realizaron una sesi\u00f3n solemne para rendir [&hellip;]<\/p>\n","protected":false},"author":2,"featured_media":15460,"comment_status":"open","ping_status":"closed","sticky":false,"template":"","format":"standard","meta":{"_et_pb_use_builder":"off","_et_pb_old_content":"","_et_gb_content_width":"","footnotes":""},"categories":[341,60,25,342],"tags":[31,11,12,15,761,30,29],"class_list":["post-15459","post","type-post","status-publish","format-standard","has-post-thumbnail","hentry","category-alcaldia-alberto-adriani","category-immigaa","category-nuestro-municipio","category-sesion-solemne","tag-alcalde","tag-alcaldia","tag-alcaldiaalbertoadriani","tag-elvigia","tag-encrucijadadeprogreso","tag-lisandrosegura","tag-municipioquenosmerecemos"],"yoast_head":"<!-- This site is optimized with the Yoast SEO plugin v19.13 - https:\/\/yoast.com\/wordpress\/plugins\/seo\/ -->\n<title>Autoridades municipales de Alberto Adriani celebraron sesi\u00f3n<\/title>\n<meta name=\"description\" content=\"Autoridades municipales de Alberto Adriani celebraron sesi\u00f3n solemne en reconocimiento a mujeres del municipio\" \/>\n<meta name=\"robots\" content=\"index, follow, max-snippet:-1, max-image-preview:large, max-video-preview:-1\" \/>\n<link rel=\"canonical\" href=\"https:\/\/alcaldiaalbertoadriani.com\/?p=15459\" \/>\n<meta property=\"og:locale\" content=\"es_ES\" \/>\n<meta property=\"og:type\" content=\"article\" \/>\n<meta property=\"og:title\" content=\"Autoridades municipales de Alberto Adriani celebraron sesi\u00f3n\" \/>\n<meta property=\"og:description\" content=\"Autoridades municipales de Alberto Adriani celebraron sesi\u00f3n solemne en reconocimiento a mujeres del municipio\" \/>\n<meta property=\"og:url\" content=\"https:\/\/alcaldiaalbertoadriani.com\/?p=15459\" \/>\n<meta property=\"og:site_name\" content=\"Alcaldia Alberto Adriani\" \/>\n<meta property=\"article:published_time\" content=\"2026-03-16T20:02:26+00:00\" \/>\n<meta property=\"article:modified_time\" content=\"2026-03-16T20:02:30+00:00\" \/>\n<meta property=\"og:image\" content=\"https:\/\/alcaldiaalbertoadriani.com\/wp-content\/uploads\/2026\/03\/photo_5015213413415718000_y.jpg\" \/>\n\t<meta property=\"og:image:width\" content=\"1280\" \/>\n\t<meta property=\"og:image:height\" content=\"960\" \/>\n\t<meta property=\"og:image:type\" content=\"image\/jpeg\" \/>\n<meta name=\"author\" content=\"Prensa\" \/>\n<meta name=\"twitter:card\" content=\"summary_large_image\" \/>\n<meta name=\"twitter:label1\" content=\"Escrito por\" \/>\n\t<meta name=\"twitter:data1\" content=\"Prensa\" \/>\n\t<meta name=\"twitter:label2\" content=\"Tiempo de lectura\" \/>\n\t<meta name=\"twitter:data2\" content=\"6 minutos\" \/>\n<script type=\"application\/ld+json\" class=\"yoast-schema-graph\">{\"@context\":\"https:\/\/schema.org\",\"@graph\":[{\"@type\":\"WebPage\",\"@id\":\"https:\/\/alcaldiaalbertoadriani.com\/?p=15459\",\"url\":\"https:\/\/alcaldiaalbertoadriani.com\/?p=15459\",\"name\":\"Autoridades municipales de Alberto Adriani celebraron sesi\u00f3n\",\"isPartOf\":{\"@id\":\"https:\/\/alcaldiaalbertoadriani.com\/#website\"},\"datePublished\":\"2026-03-16T20:02:26+00:00\",\"dateModified\":\"2026-03-16T20:02:30+00:00\",\"author\":{\"@id\":\"https:\/\/alcaldiaalbertoadriani.com\/#\/schema\/person\/549b4483ff8999ac780deeea78795fc9\"},\"description\":\"Autoridades municipales de Alberto Adriani celebraron sesi\u00f3n solemne en reconocimiento a mujeres del municipio\",\"breadcrumb\":{\"@id\":\"https:\/\/alcaldiaalbertoadriani.com\/?p=15459#breadcrumb\"},\"inLanguage\":\"es\",\"potentialAction\":[{\"@type\":\"ReadAction\",\"target\":[\"https:\/\/alcaldiaalbertoadriani.com\/?p=15459\"]}]},{\"@type\":\"BreadcrumbList\",\"@id\":\"https:\/\/alcaldiaalbertoadriani.com\/?p=15459#breadcrumb\",\"itemListElement\":[{\"@type\":\"ListItem\",\"position\":1,\"name\":\"Portada\",\"item\":\"https:\/\/alcaldiaalbertoadriani.com\/\"},{\"@type\":\"ListItem\",\"position\":2,\"name\":\"Autoridades municipales de Alberto Adriani celebraron sesi\u00f3n solemne en reconocimiento a mujeres del municipio\"}]},{\"@type\":\"WebSite\",\"@id\":\"https:\/\/alcaldiaalbertoadriani.com\/#website\",\"url\":\"https:\/\/alcaldiaalbertoadriani.com\/\",\"name\":\"Alcaldia Alberto Adriani\",\"description\":\"\",\"potentialAction\":[{\"@type\":\"SearchAction\",\"target\":{\"@type\":\"EntryPoint\",\"urlTemplate\":\"https:\/\/alcaldiaalbertoadriani.com\/?s={search_term_string}\"},\"query-input\":\"required name=search_term_string\"}],\"inLanguage\":\"es\"},{\"@type\":\"Person\",\"@id\":\"https:\/\/alcaldiaalbertoadriani.com\/#\/schema\/person\/549b4483ff8999ac780deeea78795fc9\",\"name\":\"Prensa\",\"image\":{\"@type\":\"ImageObject\",\"inLanguage\":\"es\",\"@id\":\"https:\/\/alcaldiaalbertoadriani.com\/#\/schema\/person\/image\/\",\"url\":\"https:\/\/secure.gravatar.com\/avatar\/ea1cb567ea992a29627f4eee1c2eb185ec16decec6342d508fdf18dedb56c9de?s=96&d=mm&r=g\",\"contentUrl\":\"https:\/\/secure.gravatar.com\/avatar\/ea1cb567ea992a29627f4eee1c2eb185ec16decec6342d508fdf18dedb56c9de?s=96&d=mm&r=g\",\"caption\":\"Prensa\"},\"url\":\"https:\/\/alcaldiaalbertoadriani.com\/?author=2\"}]}<\/script>\n<!-- \/ Yoast SEO plugin. -->","yoast_head_json":{"title":"Autoridades municipales de Alberto Adriani celebraron sesi\u00f3n","description":"Autoridades municipales de Alberto Adriani celebraron sesi\u00f3n solemne en reconocimiento a mujeres del municipio","robots":{"index":"index","follow":"follow","max-snippet":"max-snippet:-1","max-image-preview":"max-image-preview:large","max-video-preview":"max-video-preview:-1"},"canonical":"https:\/\/alcaldiaalbertoadriani.com\/?p=15459","og_locale":"es_ES","og_type":"article","og_title":"Autoridades municipales de Alberto Adriani celebraron sesi\u00f3n","og_description":"Autoridades municipales de Alberto Adriani celebraron sesi\u00f3n solemne en reconocimiento a mujeres del municipio","og_url":"https:\/\/alcaldiaalbertoadriani.com\/?p=15459","og_site_name":"Alcaldia Alberto Adriani","article_published_time":"2026-03-16T20:02:26+00:00","article_modified_time":"2026-03-16T20:02:30+00:00","og_image":[{"width":1280,"height":960,"url":"https:\/\/alcaldiaalbertoadriani.com\/wp-content\/uploads\/2026\/03\/photo_5015213413415718000_y.jpg","type":"image\/jpeg"}],"author":"Prensa","twitter_card":"summary_large_image","twitter_misc":{"Escrito por":"Prensa","Tiempo de lectura":"6 minutos"},"schema":{"@context":"https:\/\/schema.org","@graph":[{"@type":"WebPage","@id":"https:\/\/alcaldiaalbertoadriani.com\/?p=15459","url":"https:\/\/alcaldiaalbertoadriani.com\/?p=15459","name":"Autoridades municipales de Alberto Adriani celebraron sesi\u00f3n","isPartOf":{"@id":"https:\/\/alcaldiaalbertoadriani.com\/#website"},"datePublished":"2026-03-16T20:02:26+00:00","dateModified":"2026-03-16T20:02:30+00:00","author":{"@id":"https:\/\/alcaldiaalbertoadriani.com\/#\/schema\/person\/549b4483ff8999ac780deeea78795fc9"},"description":"Autoridades municipales de Alberto Adriani celebraron sesi\u00f3n solemne en reconocimiento a mujeres del municipio","breadcrumb":{"@id":"https:\/\/alcaldiaalbertoadriani.com\/?p=15459#breadcrumb"},"inLanguage":"es","potentialAction":[{"@type":"ReadAction","target":["https:\/\/alcaldiaalbertoadriani.com\/?p=15459"]}]},{"@type":"BreadcrumbList","@id":"https:\/\/alcaldiaalbertoadriani.com\/?p=15459#breadcrumb","itemListElement":[{"@type":"ListItem","position":1,"name":"Portada","item":"https:\/\/alcaldiaalbertoadriani.com\/"},{"@type":"ListItem","position":2,"name":"Autoridades municipales de Alberto Adriani celebraron sesi\u00f3n solemne en reconocimiento a mujeres del municipio"}]},{"@type":"WebSite","@id":"https:\/\/alcaldiaalbertoadriani.com\/#website","url":"https:\/\/alcaldiaalbertoadriani.com\/","name":"Alcaldia Alberto Adriani","description":"","potentialAction":[{"@type":"SearchAction","target":{"@type":"EntryPoint","urlTemplate":"https:\/\/alcaldiaalbertoadriani.com\/?s={search_term_string}"},"query-input":"required name=search_term_string"}],"inLanguage":"es"},{"@type":"Person","@id":"https:\/\/alcaldiaalbertoadriani.com\/#\/schema\/person\/549b4483ff8999ac780deeea78795fc9","name":"Prensa","image":{"@type":"ImageObject","inLanguage":"es","@id":"https:\/\/alcaldiaalbertoadriani.com\/#\/schema\/person\/image\/","url":"https:\/\/secure.gravatar.com\/avatar\/ea1cb567ea992a29627f4eee1c2eb185ec16decec6342d508fdf18dedb56c9de?s=96&d=mm&r=g","contentUrl":"https:\/\/secure.gravatar.com\/avatar\/ea1cb567ea992a29627f4eee1c2eb185ec16decec6342d508fdf18dedb56c9de?s=96&d=mm&r=g","caption":"Prensa"},"url":"https:\/\/alcaldiaalbertoadriani.com\/?author=2"}]}},"_links":{"self":[{"href":"https:\/\/alcaldiaalbertoadriani.com\/index.php?rest_route=\/wp\/v2\/posts\/15459","targetHints":{"allow":["GET"]}}],"collection":[{"href":"https:\/\/alcaldiaalbertoadriani.com\/index.php?rest_route=\/wp\/v2\/posts"}],"about":[{"href":"https:\/\/alcaldiaalbertoadriani.com\/index.php?rest_route=\/wp\/v2\/types\/post"}],"author":[{"embeddable":true,"href":"https:\/\/alcaldiaalbertoadriani.com\/index.php?rest_route=\/wp\/v2\/users\/2"}],"replies":[{"embeddable":true,"href":"https:\/\/alcaldiaalbertoadriani.com\/index.php?rest_route=%2Fwp%2Fv2%2Fcomments&post=15459"}],"version-history":[{"count":1,"href":"https:\/\/alcaldiaalbertoadriani.com\/index.php?rest_route=\/wp\/v2\/posts\/15459\/revisions"}],"predecessor-version":[{"id":15486,"href":"https:\/\/alcaldiaalbertoadriani.com\/index.php?rest_route=\/wp\/v2\/posts\/15459\/revisions\/15486"}],"wp:featuredmedia":[{"embeddable":true,"href":"https:\/\/alcaldiaalbertoadriani.com\/index.php?rest_route=\/wp\/v2\/media\/15460"}],"wp:attachment":[{"href":"https:\/\/alcaldiaalbertoadriani.com\/index.php?rest_route=%2Fwp%2Fv2%2Fmedia&parent=15459"}],"wp:term":[{"taxonomy":"category","embeddable":true,"href":"https:\/\/alcaldiaalbertoadriani.com\/index.php?rest_route=%2Fwp%2Fv2%2Fcategories&post=15459"},{"taxonomy":"post_tag","embeddable":true,"href":"https:\/\/alcaldiaalbertoadriani.com\/index.php?rest_route=%2Fwp%2Fv2%2Ftags&post=15459"}],"curies":[{"name":"wp","href":"https:\/\/api.w.org\/{rel}","templated":true}]}}