{"id":15447,"date":"2026-03-12T15:36:01","date_gmt":"2026-03-12T15:36:01","guid":{"rendered":"https:\/\/alcaldiaalbertoadriani.com\/?p=15447"},"modified":"2026-03-12T15:36:05","modified_gmt":"2026-03-12T15:36:05","slug":"alcalde-lisandro-segura-apoyo-con-transporte-a-gimnastas","status":"publish","type":"post","link":"https:\/\/alcaldiaalbertoadriani.com\/?p=15447","title":{"rendered":"Alcalde Lisandro Segura apoy\u00f3 con transporte a Gimnastas del Club Florecita"},"content":{"rendered":"\n<p>La gesti\u00f3n del alcalde<a href=\"https:\/\/www.instagram.com\/lisandrosegura02\/\"> Lisandro Segura<\/a> facilit\u00f3 el transporte para el traslado de las atletas del club de gimnasia &#8220;Florecita de El Vig\u00eda&#8221; quienes participaron en un encuentro nacional celebrado en el Complejo Deportivo Cinco \u00c1guilas Blancas, en la ciudad de M\u00e9rida.\u00a0 Tras una destacada participaci\u00f3n, el club dej\u00f3 en alto el nombre del <a href=\"https:\/\/alcaldiaalbertoadriani.com\/?p=922\">municipio Alberto Adriani<\/a><\/p>\n\n\n\n<p>Con la direcci\u00f3n de los profesores Silvana y Silvio Parra, las gimnastas vigienses demostraron un importante nivel competitivo al obtener dos primeros lugares en las categor\u00edas de Mejor Coreograf\u00eda y M\u00e9rito Deportivo.<\/p>\n\n\n\n<p>En el \u00e1mbito individual, dos atletas destacaron en la modalidad libre, alcanzando el segundo y sexto lugar, respectivamente, consolidando la participaci\u00f3n del club Florecita.<\/p>\n\n\n\n<h2 class=\"wp-block-heading\"><strong><em>Agradecimiento<\/em><\/strong><\/h2>\n\n\n\n<p>Entrenadores del club expresaron su gratitud por la colaboraci\u00f3n con el transporte brindado por el alcalde a trav\u00e9s del Instituto <a href=\"https:\/\/alcaldiaalbertoadriani.com\/?cat=512\">Terminal de Pasajeros Abelardo Pern\u00eda<\/a>, que permiti\u00f3 la asistencia de las ni\u00f1as al evento.<\/p>\n\n\n\n<p>\u201cAgradecemos al alcalde <a href=\"https:\/\/www.instagram.com\/lisandrosegura02\/\">Lisandro Segura<\/a> por su valiosa colaboraci\u00f3n con el transporte; gracias a este apoyo nuestras gimnastas pudieron representar dignamente a nuestro municipio\u201d.<\/p>\n\n\n\n<p>Con esta acci\u00f3n, el gobierno de Alberto Adriani reafirma su compromiso con el desarrollo integral de los ni\u00f1os y j\u00f3venes, adem\u00e1s del fortalecimiento del deporte local. <strong><em>Prensa Alcald\u00eda Alberto Adriani OIPI\/ Claribel Zambrano CNP: 11.843\/ Foto: cortes\u00eda.<\/em><\/strong><\/p>\n","protected":false},"excerpt":{"rendered":"<p>La gesti\u00f3n del alcalde Lisandro Segura facilit\u00f3 el transporte para el traslado de las atletas del club de gimnasia &#8220;Florecita de El Vig\u00eda&#8221; quienes participaron en un encuentro nacional celebrado [&hellip;]<\/p>\n","protected":false},"author":2,"featured_media":15448,"comment_status":"open","ping_status":"closed","sticky":false,"template":"","format":"standard","meta":{"_et_pb_use_builder":"off","_et_pb_old_content":"","_et_gb_content_width":"","footnotes":""},"categories":[341,25,512,156],"tags":[31,11,12,15,761,30,29,28],"class_list":["post-15447","post","type-post","status-publish","format-standard","has-post-thumbnail","hentry","category-alcaldia-alberto-adriani","category-nuestro-municipio","category-terminal-de-pasajeros-abelardo-pernia","category-transporte-publico","tag-alcalde","tag-alcaldia","tag-alcaldiaalbertoadriani","tag-elvigia","tag-encrucijadadeprogreso","tag-lisandrosegura","tag-municipioquenosmerecemos","tag-porelrenacer"],"yoast_head":"<!-- This site is optimized with the Yoast SEO plugin v19.13 - https:\/\/yoast.com\/wordpress\/plugins\/seo\/ -->\n<title>Alcalde Lisandro Segura apoy\u00f3 con transporte a Gimnastas<\/title>\n<meta name=\"description\" content=\"Alcalde Lisandro Segura apoy\u00f3 con transporte a Gimnastas del Club Florecita quienes participaron en un encuentro nacional\" \/>\n<meta name=\"robots\" content=\"index, follow, max-snippet:-1, max-image-preview:large, max-video-preview:-1\" \/>\n<link rel=\"canonical\" href=\"https:\/\/alcaldiaalbertoadriani.com\/?p=15447\" \/>\n<meta property=\"og:locale\" content=\"es_ES\" \/>\n<meta property=\"og:type\" content=\"article\" \/>\n<meta property=\"og:title\" content=\"Alcalde Lisandro Segura apoy\u00f3 con transporte a Gimnastas\" \/>\n<meta property=\"og:description\" content=\"Alcalde Lisandro Segura apoy\u00f3 con transporte a Gimnastas del Club Florecita quienes participaron en un encuentro nacional\" \/>\n<meta property=\"og:url\" content=\"https:\/\/alcaldiaalbertoadriani.com\/?p=15447\" \/>\n<meta property=\"og:site_name\" content=\"Alcaldia Alberto Adriani\" \/>\n<meta property=\"article:published_time\" content=\"2026-03-12T15:36:01+00:00\" \/>\n<meta property=\"article:modified_time\" content=\"2026-03-12T15:36:05+00:00\" \/>\n<meta property=\"og:image\" content=\"https:\/\/alcaldiaalbertoadriani.com\/wp-content\/uploads\/2026\/03\/photo_5015040188794735482_y.jpg\" \/>\n\t<meta property=\"og:image:width\" content=\"1016\" \/>\n\t<meta property=\"og:image:height\" content=\"762\" \/>\n\t<meta property=\"og:image:type\" content=\"image\/jpeg\" \/>\n<meta name=\"author\" content=\"Prensa\" \/>\n<meta name=\"twitter:card\" content=\"summary_large_image\" \/>\n<meta name=\"twitter:label1\" content=\"Escrito por\" \/>\n\t<meta name=\"twitter:data1\" content=\"Prensa\" \/>\n\t<meta name=\"twitter:label2\" content=\"Tiempo de lectura\" \/>\n\t<meta name=\"twitter:data2\" content=\"1 minuto\" \/>\n<script type=\"application\/ld+json\" class=\"yoast-schema-graph\">{\"@context\":\"https:\/\/schema.org\",\"@graph\":[{\"@type\":\"WebPage\",\"@id\":\"https:\/\/alcaldiaalbertoadriani.com\/?p=15447\",\"url\":\"https:\/\/alcaldiaalbertoadriani.com\/?p=15447\",\"name\":\"Alcalde Lisandro Segura apoy\u00f3 con transporte a Gimnastas\",\"isPartOf\":{\"@id\":\"https:\/\/alcaldiaalbertoadriani.com\/#website\"},\"datePublished\":\"2026-03-12T15:36:01+00:00\",\"dateModified\":\"2026-03-12T15:36:05+00:00\",\"author\":{\"@id\":\"https:\/\/alcaldiaalbertoadriani.com\/#\/schema\/person\/549b4483ff8999ac780deeea78795fc9\"},\"description\":\"Alcalde Lisandro Segura apoy\u00f3 con transporte a Gimnastas del Club Florecita quienes participaron en un encuentro nacional\",\"breadcrumb\":{\"@id\":\"https:\/\/alcaldiaalbertoadriani.com\/?p=15447#breadcrumb\"},\"inLanguage\":\"es\",\"potentialAction\":[{\"@type\":\"ReadAction\",\"target\":[\"https:\/\/alcaldiaalbertoadriani.com\/?p=15447\"]}]},{\"@type\":\"BreadcrumbList\",\"@id\":\"https:\/\/alcaldiaalbertoadriani.com\/?p=15447#breadcrumb\",\"itemListElement\":[{\"@type\":\"ListItem\",\"position\":1,\"name\":\"Portada\",\"item\":\"https:\/\/alcaldiaalbertoadriani.com\/\"},{\"@type\":\"ListItem\",\"position\":2,\"name\":\"Alcalde Lisandro Segura apoy\u00f3 con transporte a Gimnastas del Club Florecita\"}]},{\"@type\":\"WebSite\",\"@id\":\"https:\/\/alcaldiaalbertoadriani.com\/#website\",\"url\":\"https:\/\/alcaldiaalbertoadriani.com\/\",\"name\":\"Alcaldia Alberto Adriani\",\"description\":\"\",\"potentialAction\":[{\"@type\":\"SearchAction\",\"target\":{\"@type\":\"EntryPoint\",\"urlTemplate\":\"https:\/\/alcaldiaalbertoadriani.com\/?s={search_term_string}\"},\"query-input\":\"required name=search_term_string\"}],\"inLanguage\":\"es\"},{\"@type\":\"Person\",\"@id\":\"https:\/\/alcaldiaalbertoadriani.com\/#\/schema\/person\/549b4483ff8999ac780deeea78795fc9\",\"name\":\"Prensa\",\"image\":{\"@type\":\"ImageObject\",\"inLanguage\":\"es\",\"@id\":\"https:\/\/alcaldiaalbertoadriani.com\/#\/schema\/person\/image\/\",\"url\":\"https:\/\/secure.gravatar.com\/avatar\/ea1cb567ea992a29627f4eee1c2eb185ec16decec6342d508fdf18dedb56c9de?s=96&d=mm&r=g\",\"contentUrl\":\"https:\/\/secure.gravatar.com\/avatar\/ea1cb567ea992a29627f4eee1c2eb185ec16decec6342d508fdf18dedb56c9de?s=96&d=mm&r=g\",\"caption\":\"Prensa\"},\"url\":\"https:\/\/alcaldiaalbertoadriani.com\/?author=2\"}]}<\/script>\n<!-- \/ Yoast SEO plugin. -->","yoast_head_json":{"title":"Alcalde Lisandro Segura apoy\u00f3 con transporte a Gimnastas","description":"Alcalde Lisandro Segura apoy\u00f3 con transporte a Gimnastas del Club Florecita quienes participaron en un encuentro nacional","robots":{"index":"index","follow":"follow","max-snippet":"max-snippet:-1","max-image-preview":"max-image-preview:large","max-video-preview":"max-video-preview:-1"},"canonical":"https:\/\/alcaldiaalbertoadriani.com\/?p=15447","og_locale":"es_ES","og_type":"article","og_title":"Alcalde Lisandro Segura apoy\u00f3 con transporte a Gimnastas","og_description":"Alcalde Lisandro Segura apoy\u00f3 con transporte a Gimnastas del Club Florecita quienes participaron en un encuentro nacional","og_url":"https:\/\/alcaldiaalbertoadriani.com\/?p=15447","og_site_name":"Alcaldia Alberto Adriani","article_published_time":"2026-03-12T15:36:01+00:00","article_modified_time":"2026-03-12T15:36:05+00:00","og_image":[{"width":1016,"height":762,"url":"https:\/\/alcaldiaalbertoadriani.com\/wp-content\/uploads\/2026\/03\/photo_5015040188794735482_y.jpg","type":"image\/jpeg"}],"author":"Prensa","twitter_card":"summary_large_image","twitter_misc":{"Escrito por":"Prensa","Tiempo de lectura":"1 minuto"},"schema":{"@context":"https:\/\/schema.org","@graph":[{"@type":"WebPage","@id":"https:\/\/alcaldiaalbertoadriani.com\/?p=15447","url":"https:\/\/alcaldiaalbertoadriani.com\/?p=15447","name":"Alcalde Lisandro Segura apoy\u00f3 con transporte a Gimnastas","isPartOf":{"@id":"https:\/\/alcaldiaalbertoadriani.com\/#website"},"datePublished":"2026-03-12T15:36:01+00:00","dateModified":"2026-03-12T15:36:05+00:00","author":{"@id":"https:\/\/alcaldiaalbertoadriani.com\/#\/schema\/person\/549b4483ff8999ac780deeea78795fc9"},"description":"Alcalde Lisandro Segura apoy\u00f3 con transporte a Gimnastas del Club Florecita quienes participaron en un encuentro nacional","breadcrumb":{"@id":"https:\/\/alcaldiaalbertoadriani.com\/?p=15447#breadcrumb"},"inLanguage":"es","potentialAction":[{"@type":"ReadAction","target":["https:\/\/alcaldiaalbertoadriani.com\/?p=15447"]}]},{"@type":"BreadcrumbList","@id":"https:\/\/alcaldiaalbertoadriani.com\/?p=15447#breadcrumb","itemListElement":[{"@type":"ListItem","position":1,"name":"Portada","item":"https:\/\/alcaldiaalbertoadriani.com\/"},{"@type":"ListItem","position":2,"name":"Alcalde Lisandro Segura apoy\u00f3 con transporte a Gimnastas del Club Florecita"}]},{"@type":"WebSite","@id":"https:\/\/alcaldiaalbertoadriani.com\/#website","url":"https:\/\/alcaldiaalbertoadriani.com\/","name":"Alcaldia Alberto Adriani","description":"","potentialAction":[{"@type":"SearchAction","target":{"@type":"EntryPoint","urlTemplate":"https:\/\/alcaldiaalbertoadriani.com\/?s={search_term_string}"},"query-input":"required name=search_term_string"}],"inLanguage":"es"},{"@type":"Person","@id":"https:\/\/alcaldiaalbertoadriani.com\/#\/schema\/person\/549b4483ff8999ac780deeea78795fc9","name":"Prensa","image":{"@type":"ImageObject","inLanguage":"es","@id":"https:\/\/alcaldiaalbertoadriani.com\/#\/schema\/person\/image\/","url":"https:\/\/secure.gravatar.com\/avatar\/ea1cb567ea992a29627f4eee1c2eb185ec16decec6342d508fdf18dedb56c9de?s=96&d=mm&r=g","contentUrl":"https:\/\/secure.gravatar.com\/avatar\/ea1cb567ea992a29627f4eee1c2eb185ec16decec6342d508fdf18dedb56c9de?s=96&d=mm&r=g","caption":"Prensa"},"url":"https:\/\/alcaldiaalbertoadriani.com\/?author=2"}]}},"_links":{"self":[{"href":"https:\/\/alcaldiaalbertoadriani.com\/index.php?rest_route=\/wp\/v2\/posts\/15447","targetHints":{"allow":["GET"]}}],"collection":[{"href":"https:\/\/alcaldiaalbertoadriani.com\/index.php?rest_route=\/wp\/v2\/posts"}],"about":[{"href":"https:\/\/alcaldiaalbertoadriani.com\/index.php?rest_route=\/wp\/v2\/types\/post"}],"author":[{"embeddable":true,"href":"https:\/\/alcaldiaalbertoadriani.com\/index.php?rest_route=\/wp\/v2\/users\/2"}],"replies":[{"embeddable":true,"href":"https:\/\/alcaldiaalbertoadriani.com\/index.php?rest_route=%2Fwp%2Fv2%2Fcomments&post=15447"}],"version-history":[{"count":1,"href":"https:\/\/alcaldiaalbertoadriani.com\/index.php?rest_route=\/wp\/v2\/posts\/15447\/revisions"}],"predecessor-version":[{"id":15449,"href":"https:\/\/alcaldiaalbertoadriani.com\/index.php?rest_route=\/wp\/v2\/posts\/15447\/revisions\/15449"}],"wp:featuredmedia":[{"embeddable":true,"href":"https:\/\/alcaldiaalbertoadriani.com\/index.php?rest_route=\/wp\/v2\/media\/15448"}],"wp:attachment":[{"href":"https:\/\/alcaldiaalbertoadriani.com\/index.php?rest_route=%2Fwp%2Fv2%2Fmedia&parent=15447"}],"wp:term":[{"taxonomy":"category","embeddable":true,"href":"https:\/\/alcaldiaalbertoadriani.com\/index.php?rest_route=%2Fwp%2Fv2%2Fcategories&post=15447"},{"taxonomy":"post_tag","embeddable":true,"href":"https:\/\/alcaldiaalbertoadriani.com\/index.php?rest_route=%2Fwp%2Fv2%2Ftags&post=15447"}],"curies":[{"name":"wp","href":"https:\/\/api.w.org\/{rel}","templated":true}]}}