{"id":15428,"date":"2026-03-12T14:47:35","date_gmt":"2026-03-12T14:47:35","guid":{"rendered":"https:\/\/alcaldiaalbertoadriani.com\/?p=15428"},"modified":"2026-03-12T14:47:38","modified_gmt":"2026-03-12T14:47:38","slug":"immigaa-impulsa-emprendimientos-con-exposicion-de-arte","status":"publish","type":"post","link":"https:\/\/alcaldiaalbertoadriani.com\/?p=15428","title":{"rendered":"IMMIGAA impulsa emprendimientos con exposici\u00f3n de arte y oficios"},"content":{"rendered":"\n<p>En el marco de las actividades conmemorativas del mes de la mujer, la Alcald\u00eda del Municipio Alberto Adriani, bajo la gesti\u00f3n del alcalde <a href=\"https:\/\/www.instagram.com\/lisandrosegura02\/\">Lisandro Segura<\/a> y a trav\u00e9s del Instituto Municipal para la Mujer e Igualdad de G\u00e9nero (<a href=\"https:\/\/alcaldiaalbertoadriani.com\/?tag=immigaa\">Immigaa<\/a>), realiz\u00f3 una exposici\u00f3n de arte y oficios en el Mercado Artesanal Olinto Vera, espacio destinado a visibilizar el talento y el esp\u00edritu emprendedor de las mujeres del municipio.<\/p>\n\n\n\n<p>La actividad reuni\u00f3 a diversas emprendedoras que, a trav\u00e9s de sus creaciones y trabajos artesanales, demostraron el potencial productivo y creativo de las mujeres que participan en los programas formativos impulsados por el instituto.<\/p>\n\n\n\n<p>Esta iniciativa busca fortalecer la autonom\u00eda econ\u00f3mica, promover el aprendizaje de oficios y brindar oportunidades de crecimiento a las participantes de las diferentes parroquias del municipio.<\/p>\n\n\n\n<h2 class=\"wp-block-heading\"><strong><em>Demostrando Talento<\/em><\/strong><\/h2>\n\n\n\n<p>La presidente del <a href=\"https:\/\/alcaldiaalbertoadriani.com\/?tag=immigaa\">Immigaa<\/a>, Anmi Jaime, destac\u00f3 la importancia de este tipo de actividades para impulsar el talento femenino y motivar a m\u00e1s mujeres a desarrollar habilidades productivas.<\/p>\n\n\n\n<figure class=\"wp-block-gallery has-nested-images columns-default is-cropped wp-block-gallery-1 is-layout-flex wp-block-gallery-is-layout-flex\">\n<figure class=\"wp-block-image size-large\"><img loading=\"lazy\" decoding=\"async\" width=\"1024\" height=\"768\" data-id=\"15430\" src=\"https:\/\/alcaldiaalbertoadriani.com\/wp-content\/uploads\/2026\/03\/photo_5008025996099259418_y-1024x768.jpg\" alt=\"\" class=\"wp-image-15430\" srcset=\"https:\/\/alcaldiaalbertoadriani.com\/wp-content\/uploads\/2026\/03\/photo_5008025996099259418_y-1024x768.jpg 1024w, https:\/\/alcaldiaalbertoadriani.com\/wp-content\/uploads\/2026\/03\/photo_5008025996099259418_y-980x735.jpg 980w, https:\/\/alcaldiaalbertoadriani.com\/wp-content\/uploads\/2026\/03\/photo_5008025996099259418_y-480x360.jpg 480w\" sizes=\"auto, (min-width: 0px) and (max-width: 480px) 480px, (min-width: 481px) and (max-width: 980px) 980px, (min-width: 981px) 1024px, 100vw\" \/><\/figure>\n<\/figure>\n\n\n\n<p>\u201cHoy estamos llevando una excelente exposici\u00f3n de nuestras emprendedoras, a ra\u00edz que tenemos tres promotoras que cubren las siete parroquias del municipio. Este importante acto se hace en memoria de esas mujeres que tienen un talento oculto y quieren destacar en algo, en un arte u oficio. Hoy le estamos dando esa valiosa importancia a la mujer vig\u00edense\u201d, expres\u00f3.<\/p>\n\n\n\n<p>Asimismo, Jaime invit\u00f3 a la colectividad a participar en las distintas actividades que se estar\u00e1n realizando durante este mes. \u201cLos invitamos a que asistan tambi\u00e9n a otras actividades que seguiremos llevando en conmemoraci\u00f3n del mes del D\u00eda Internacional de la Mujer. Este es un programa de arte y oficio que desarrollamos cada tres meses. Hoy estamos realizando una peque\u00f1a exposici\u00f3n, pero para la entrega y cierre del proyecto realizamos otra exposici\u00f3n m\u00e1s amplia y hacemos la entrega de certificados\u201d, indic\u00f3.<\/p>\n\n\n\n<figure class=\"wp-block-gallery has-nested-images columns-default is-cropped wp-block-gallery-2 is-layout-flex wp-block-gallery-is-layout-flex\">\n<figure class=\"wp-block-image size-large\"><img loading=\"lazy\" decoding=\"async\" width=\"1024\" height=\"768\" data-id=\"15431\" src=\"https:\/\/alcaldiaalbertoadriani.com\/wp-content\/uploads\/2026\/03\/photo_5008025996099259420_y-1024x768.jpg\" alt=\"\" class=\"wp-image-15431\" srcset=\"https:\/\/alcaldiaalbertoadriani.com\/wp-content\/uploads\/2026\/03\/photo_5008025996099259420_y-1024x768.jpg 1024w, https:\/\/alcaldiaalbertoadriani.com\/wp-content\/uploads\/2026\/03\/photo_5008025996099259420_y-980x735.jpg 980w, https:\/\/alcaldiaalbertoadriani.com\/wp-content\/uploads\/2026\/03\/photo_5008025996099259420_y-480x360.jpg 480w\" sizes=\"auto, (min-width: 0px) and (max-width: 480px) 480px, (min-width: 481px) and (max-width: 980px) 980px, (min-width: 981px) 1024px, 100vw\" \/><\/figure>\n<\/figure>\n\n\n\n<p>La presidente de Immigaa tambi\u00e9n explic\u00f3 que las tres promotoras del programa tienen la responsabilidad de llevar estos talleres de aprendizaje a todas las parroquias del municipio, con el objetivo que m\u00e1s mujeres puedan formarse y emprender.<\/p>\n\n\n\n<p>Desde la gesti\u00f3n municipal trabaja de manera articulada con las instituciones municipales para generar espacios de formaci\u00f3n, participaci\u00f3n y desarrollo integral para las mujeres del municipio. <strong><em>Prensa OIPI: Tahiry Villalobos C.N.P.23.225\/ Foto OIPI: Karla M\u00e1rquez.<\/em><\/strong><\/p>\n\n\n\n<figure class=\"wp-block-gallery has-nested-images columns-default is-cropped wp-block-gallery-3 is-layout-flex wp-block-gallery-is-layout-flex\">\n<figure class=\"wp-block-image size-large\"><img loading=\"lazy\" decoding=\"async\" width=\"1024\" height=\"768\" data-id=\"15432\" src=\"https:\/\/alcaldiaalbertoadriani.com\/wp-content\/uploads\/2026\/03\/photo_5008025996099259419_y-1024x768.jpg\" alt=\"\" class=\"wp-image-15432\" srcset=\"https:\/\/alcaldiaalbertoadriani.com\/wp-content\/uploads\/2026\/03\/photo_5008025996099259419_y-1024x768.jpg 1024w, https:\/\/alcaldiaalbertoadriani.com\/wp-content\/uploads\/2026\/03\/photo_5008025996099259419_y-980x735.jpg 980w, https:\/\/alcaldiaalbertoadriani.com\/wp-content\/uploads\/2026\/03\/photo_5008025996099259419_y-480x360.jpg 480w\" sizes=\"auto, (min-width: 0px) and (max-width: 480px) 480px, (min-width: 481px) and (max-width: 980px) 980px, (min-width: 981px) 1024px, 100vw\" \/><\/figure>\n\n\n\n<figure class=\"wp-block-image size-large\"><img loading=\"lazy\" decoding=\"async\" width=\"1024\" height=\"768\" data-id=\"15434\" src=\"https:\/\/alcaldiaalbertoadriani.com\/wp-content\/uploads\/2026\/03\/photo_5008025996099259421_y-1024x768.jpg\" alt=\"\" class=\"wp-image-15434\" srcset=\"https:\/\/alcaldiaalbertoadriani.com\/wp-content\/uploads\/2026\/03\/photo_5008025996099259421_y-1024x768.jpg 1024w, https:\/\/alcaldiaalbertoadriani.com\/wp-content\/uploads\/2026\/03\/photo_5008025996099259421_y-980x735.jpg 980w, https:\/\/alcaldiaalbertoadriani.com\/wp-content\/uploads\/2026\/03\/photo_5008025996099259421_y-480x360.jpg 480w\" sizes=\"auto, (min-width: 0px) and (max-width: 480px) 480px, (min-width: 481px) and (max-width: 980px) 980px, (min-width: 981px) 1024px, 100vw\" \/><\/figure>\n\n\n\n<figure class=\"wp-block-image size-large\"><img loading=\"lazy\" decoding=\"async\" width=\"1024\" height=\"768\" data-id=\"15433\" src=\"https:\/\/alcaldiaalbertoadriani.com\/wp-content\/uploads\/2026\/03\/photo_5008025996099259422_y-1024x768.jpg\" alt=\"\" class=\"wp-image-15433\" srcset=\"https:\/\/alcaldiaalbertoadriani.com\/wp-content\/uploads\/2026\/03\/photo_5008025996099259422_y-1024x768.jpg 1024w, https:\/\/alcaldiaalbertoadriani.com\/wp-content\/uploads\/2026\/03\/photo_5008025996099259422_y-980x735.jpg 980w, https:\/\/alcaldiaalbertoadriani.com\/wp-content\/uploads\/2026\/03\/photo_5008025996099259422_y-480x360.jpg 480w\" sizes=\"auto, (min-width: 0px) and (max-width: 480px) 480px, (min-width: 481px) and (max-width: 980px) 980px, (min-width: 981px) 1024px, 100vw\" \/><\/figure>\n<\/figure>\n","protected":false},"excerpt":{"rendered":"<p>En el marco de las actividades conmemorativas del mes de la mujer, la Alcald\u00eda del Municipio Alberto Adriani, bajo la gesti\u00f3n del alcalde Lisandro Segura y a trav\u00e9s del Instituto [&hellip;]<\/p>\n","protected":false},"author":2,"featured_media":15429,"comment_status":"open","ping_status":"closed","sticky":false,"template":"","format":"standard","meta":{"_et_pb_use_builder":"off","_et_pb_old_content":"","_et_gb_content_width":"","footnotes":""},"categories":[341,60,25],"tags":[31,11,12,15,761,30,29,28],"class_list":["post-15428","post","type-post","status-publish","format-standard","has-post-thumbnail","hentry","category-alcaldia-alberto-adriani","category-immigaa","category-nuestro-municipio","tag-alcalde","tag-alcaldia","tag-alcaldiaalbertoadriani","tag-elvigia","tag-encrucijadadeprogreso","tag-lisandrosegura","tag-municipioquenosmerecemos","tag-porelrenacer"],"yoast_head":"<!-- This site is optimized with the Yoast SEO plugin v19.13 - https:\/\/yoast.com\/wordpress\/plugins\/seo\/ -->\n<title>IMMIGAA impulsa emprendimientos con exposici\u00f3n de arte<\/title>\n<meta name=\"description\" content=\"IMMIGAA impulsa emprendimientos con exposici\u00f3n de arte y oficios en el marco de las actividades conmemorativas del mes de la mujer\" \/>\n<meta name=\"robots\" content=\"index, follow, max-snippet:-1, max-image-preview:large, max-video-preview:-1\" \/>\n<link rel=\"canonical\" href=\"https:\/\/alcaldiaalbertoadriani.com\/?p=15428\" \/>\n<meta property=\"og:locale\" content=\"es_ES\" \/>\n<meta property=\"og:type\" content=\"article\" \/>\n<meta property=\"og:title\" content=\"IMMIGAA impulsa emprendimientos con exposici\u00f3n de arte\" \/>\n<meta property=\"og:description\" content=\"IMMIGAA impulsa emprendimientos con exposici\u00f3n de arte y oficios en el marco de las actividades conmemorativas del mes de la mujer\" \/>\n<meta property=\"og:url\" content=\"https:\/\/alcaldiaalbertoadriani.com\/?p=15428\" \/>\n<meta property=\"og:site_name\" content=\"Alcaldia Alberto Adriani\" \/>\n<meta property=\"article:published_time\" content=\"2026-03-12T14:47:35+00:00\" \/>\n<meta property=\"article:modified_time\" content=\"2026-03-12T14:47:38+00:00\" \/>\n<meta property=\"og:image\" content=\"https:\/\/alcaldiaalbertoadriani.com\/wp-content\/uploads\/2026\/03\/photo_5008025996099259417_y.jpg\" \/>\n\t<meta property=\"og:image:width\" content=\"1280\" \/>\n\t<meta property=\"og:image:height\" content=\"960\" \/>\n\t<meta property=\"og:image:type\" content=\"image\/jpeg\" \/>\n<meta name=\"author\" content=\"Prensa\" \/>\n<meta name=\"twitter:card\" content=\"summary_large_image\" \/>\n<meta name=\"twitter:label1\" content=\"Escrito por\" \/>\n\t<meta name=\"twitter:data1\" content=\"Prensa\" \/>\n\t<meta name=\"twitter:label2\" content=\"Tiempo de lectura\" \/>\n\t<meta name=\"twitter:data2\" content=\"3 minutos\" \/>\n<script type=\"application\/ld+json\" class=\"yoast-schema-graph\">{\"@context\":\"https:\/\/schema.org\",\"@graph\":[{\"@type\":\"WebPage\",\"@id\":\"https:\/\/alcaldiaalbertoadriani.com\/?p=15428\",\"url\":\"https:\/\/alcaldiaalbertoadriani.com\/?p=15428\",\"name\":\"IMMIGAA impulsa emprendimientos con exposici\u00f3n de arte\",\"isPartOf\":{\"@id\":\"https:\/\/alcaldiaalbertoadriani.com\/#website\"},\"datePublished\":\"2026-03-12T14:47:35+00:00\",\"dateModified\":\"2026-03-12T14:47:38+00:00\",\"author\":{\"@id\":\"https:\/\/alcaldiaalbertoadriani.com\/#\/schema\/person\/549b4483ff8999ac780deeea78795fc9\"},\"description\":\"IMMIGAA impulsa emprendimientos con exposici\u00f3n de arte y oficios en el marco de las actividades conmemorativas del mes de la mujer\",\"breadcrumb\":{\"@id\":\"https:\/\/alcaldiaalbertoadriani.com\/?p=15428#breadcrumb\"},\"inLanguage\":\"es\",\"potentialAction\":[{\"@type\":\"ReadAction\",\"target\":[\"https:\/\/alcaldiaalbertoadriani.com\/?p=15428\"]}]},{\"@type\":\"BreadcrumbList\",\"@id\":\"https:\/\/alcaldiaalbertoadriani.com\/?p=15428#breadcrumb\",\"itemListElement\":[{\"@type\":\"ListItem\",\"position\":1,\"name\":\"Portada\",\"item\":\"https:\/\/alcaldiaalbertoadriani.com\/\"},{\"@type\":\"ListItem\",\"position\":2,\"name\":\"IMMIGAA impulsa emprendimientos con exposici\u00f3n de arte y oficios\"}]},{\"@type\":\"WebSite\",\"@id\":\"https:\/\/alcaldiaalbertoadriani.com\/#website\",\"url\":\"https:\/\/alcaldiaalbertoadriani.com\/\",\"name\":\"Alcaldia Alberto Adriani\",\"description\":\"\",\"potentialAction\":[{\"@type\":\"SearchAction\",\"target\":{\"@type\":\"EntryPoint\",\"urlTemplate\":\"https:\/\/alcaldiaalbertoadriani.com\/?s={search_term_string}\"},\"query-input\":\"required name=search_term_string\"}],\"inLanguage\":\"es\"},{\"@type\":\"Person\",\"@id\":\"https:\/\/alcaldiaalbertoadriani.com\/#\/schema\/person\/549b4483ff8999ac780deeea78795fc9\",\"name\":\"Prensa\",\"image\":{\"@type\":\"ImageObject\",\"inLanguage\":\"es\",\"@id\":\"https:\/\/alcaldiaalbertoadriani.com\/#\/schema\/person\/image\/\",\"url\":\"https:\/\/secure.gravatar.com\/avatar\/ea1cb567ea992a29627f4eee1c2eb185ec16decec6342d508fdf18dedb56c9de?s=96&d=mm&r=g\",\"contentUrl\":\"https:\/\/secure.gravatar.com\/avatar\/ea1cb567ea992a29627f4eee1c2eb185ec16decec6342d508fdf18dedb56c9de?s=96&d=mm&r=g\",\"caption\":\"Prensa\"},\"url\":\"https:\/\/alcaldiaalbertoadriani.com\/?author=2\"}]}<\/script>\n<!-- \/ Yoast SEO plugin. -->","yoast_head_json":{"title":"IMMIGAA impulsa emprendimientos con exposici\u00f3n de arte","description":"IMMIGAA impulsa emprendimientos con exposici\u00f3n de arte y oficios en el marco de las actividades conmemorativas del mes de la mujer","robots":{"index":"index","follow":"follow","max-snippet":"max-snippet:-1","max-image-preview":"max-image-preview:large","max-video-preview":"max-video-preview:-1"},"canonical":"https:\/\/alcaldiaalbertoadriani.com\/?p=15428","og_locale":"es_ES","og_type":"article","og_title":"IMMIGAA impulsa emprendimientos con exposici\u00f3n de arte","og_description":"IMMIGAA impulsa emprendimientos con exposici\u00f3n de arte y oficios en el marco de las actividades conmemorativas del mes de la mujer","og_url":"https:\/\/alcaldiaalbertoadriani.com\/?p=15428","og_site_name":"Alcaldia Alberto Adriani","article_published_time":"2026-03-12T14:47:35+00:00","article_modified_time":"2026-03-12T14:47:38+00:00","og_image":[{"width":1280,"height":960,"url":"https:\/\/alcaldiaalbertoadriani.com\/wp-content\/uploads\/2026\/03\/photo_5008025996099259417_y.jpg","type":"image\/jpeg"}],"author":"Prensa","twitter_card":"summary_large_image","twitter_misc":{"Escrito por":"Prensa","Tiempo de lectura":"3 minutos"},"schema":{"@context":"https:\/\/schema.org","@graph":[{"@type":"WebPage","@id":"https:\/\/alcaldiaalbertoadriani.com\/?p=15428","url":"https:\/\/alcaldiaalbertoadriani.com\/?p=15428","name":"IMMIGAA impulsa emprendimientos con exposici\u00f3n de arte","isPartOf":{"@id":"https:\/\/alcaldiaalbertoadriani.com\/#website"},"datePublished":"2026-03-12T14:47:35+00:00","dateModified":"2026-03-12T14:47:38+00:00","author":{"@id":"https:\/\/alcaldiaalbertoadriani.com\/#\/schema\/person\/549b4483ff8999ac780deeea78795fc9"},"description":"IMMIGAA impulsa emprendimientos con exposici\u00f3n de arte y oficios en el marco de las actividades conmemorativas del mes de la mujer","breadcrumb":{"@id":"https:\/\/alcaldiaalbertoadriani.com\/?p=15428#breadcrumb"},"inLanguage":"es","potentialAction":[{"@type":"ReadAction","target":["https:\/\/alcaldiaalbertoadriani.com\/?p=15428"]}]},{"@type":"BreadcrumbList","@id":"https:\/\/alcaldiaalbertoadriani.com\/?p=15428#breadcrumb","itemListElement":[{"@type":"ListItem","position":1,"name":"Portada","item":"https:\/\/alcaldiaalbertoadriani.com\/"},{"@type":"ListItem","position":2,"name":"IMMIGAA impulsa emprendimientos con exposici\u00f3n de arte y oficios"}]},{"@type":"WebSite","@id":"https:\/\/alcaldiaalbertoadriani.com\/#website","url":"https:\/\/alcaldiaalbertoadriani.com\/","name":"Alcaldia Alberto Adriani","description":"","potentialAction":[{"@type":"SearchAction","target":{"@type":"EntryPoint","urlTemplate":"https:\/\/alcaldiaalbertoadriani.com\/?s={search_term_string}"},"query-input":"required name=search_term_string"}],"inLanguage":"es"},{"@type":"Person","@id":"https:\/\/alcaldiaalbertoadriani.com\/#\/schema\/person\/549b4483ff8999ac780deeea78795fc9","name":"Prensa","image":{"@type":"ImageObject","inLanguage":"es","@id":"https:\/\/alcaldiaalbertoadriani.com\/#\/schema\/person\/image\/","url":"https:\/\/secure.gravatar.com\/avatar\/ea1cb567ea992a29627f4eee1c2eb185ec16decec6342d508fdf18dedb56c9de?s=96&d=mm&r=g","contentUrl":"https:\/\/secure.gravatar.com\/avatar\/ea1cb567ea992a29627f4eee1c2eb185ec16decec6342d508fdf18dedb56c9de?s=96&d=mm&r=g","caption":"Prensa"},"url":"https:\/\/alcaldiaalbertoadriani.com\/?author=2"}]}},"_links":{"self":[{"href":"https:\/\/alcaldiaalbertoadriani.com\/index.php?rest_route=\/wp\/v2\/posts\/15428","targetHints":{"allow":["GET"]}}],"collection":[{"href":"https:\/\/alcaldiaalbertoadriani.com\/index.php?rest_route=\/wp\/v2\/posts"}],"about":[{"href":"https:\/\/alcaldiaalbertoadriani.com\/index.php?rest_route=\/wp\/v2\/types\/post"}],"author":[{"embeddable":true,"href":"https:\/\/alcaldiaalbertoadriani.com\/index.php?rest_route=\/wp\/v2\/users\/2"}],"replies":[{"embeddable":true,"href":"https:\/\/alcaldiaalbertoadriani.com\/index.php?rest_route=%2Fwp%2Fv2%2Fcomments&post=15428"}],"version-history":[{"count":1,"href":"https:\/\/alcaldiaalbertoadriani.com\/index.php?rest_route=\/wp\/v2\/posts\/15428\/revisions"}],"predecessor-version":[{"id":15435,"href":"https:\/\/alcaldiaalbertoadriani.com\/index.php?rest_route=\/wp\/v2\/posts\/15428\/revisions\/15435"}],"wp:featuredmedia":[{"embeddable":true,"href":"https:\/\/alcaldiaalbertoadriani.com\/index.php?rest_route=\/wp\/v2\/media\/15429"}],"wp:attachment":[{"href":"https:\/\/alcaldiaalbertoadriani.com\/index.php?rest_route=%2Fwp%2Fv2%2Fmedia&parent=15428"}],"wp:term":[{"taxonomy":"category","embeddable":true,"href":"https:\/\/alcaldiaalbertoadriani.com\/index.php?rest_route=%2Fwp%2Fv2%2Fcategories&post=15428"},{"taxonomy":"post_tag","embeddable":true,"href":"https:\/\/alcaldiaalbertoadriani.com\/index.php?rest_route=%2Fwp%2Fv2%2Ftags&post=15428"}],"curies":[{"name":"wp","href":"https:\/\/api.w.org\/{rel}","templated":true}]}}