{"id":15405,"date":"2026-03-10T14:55:25","date_gmt":"2026-03-10T14:55:25","guid":{"rendered":"https:\/\/alcaldiaalbertoadriani.com\/?p=15405"},"modified":"2026-03-10T14:55:28","modified_gmt":"2026-03-10T14:55:28","slug":"exito-total-noche-de-boleros-y-algo-mas-cautivo-al-publico","status":"publish","type":"post","link":"https:\/\/alcaldiaalbertoadriani.com\/?p=15405","title":{"rendered":"\u00c9xito total: &#8220;Noche de Boleros y algo m\u00e1s&#8221; cautiv\u00f3 al p\u00fablico con la Banda Municipal Inocente Carre\u00f1o"},"content":{"rendered":"\n<p>En una velada llena de romanticismo y excelencia musical desde el Juniotel, la <a href=\"https:\/\/alcaldiaalbertoadriani.com\/?p=1297\">Banda Municipal &#8220;Inocente Carre\u00f1o&#8221;<\/a>, adscrita al Instituto Municipal de la Cultura, celebr\u00f3 con rotundo \u00e9xito la &#8220;Noche de Boleros y algo m\u00e1s\u201d. El evento, respaldado por el alcalde <a href=\"https:\/\/www.instagram.com\/lisandrosegura02\/\">Lisandro Segura<\/a>, logr\u00f3 un lleno total en una iniciativa orientada a recolectar fondos para fortalecer la infraestructura t\u00e9cnica de la agrupaci\u00f3n.<\/p>\n\n\n\n<!--more-->\n\n\n\n<p>Alexander Ram\u00edrez, director de la Banda, manifest\u00f3 su satisfacci\u00f3n por la receptividad del p\u00fablico vig\u00edense. El prop\u00f3sito principal de este concierto fue la recaudaci\u00f3n de recursos para optimizar su sala de ensayo, entre otros.<\/p>\n\n\n\n<figure class=\"wp-block-gallery has-nested-images columns-default is-cropped wp-block-gallery-1 is-layout-flex wp-block-gallery-is-layout-flex\">\n<figure class=\"wp-block-image size-large\"><img loading=\"lazy\" decoding=\"async\" width=\"1024\" height=\"768\" data-id=\"15406\" src=\"https:\/\/alcaldiaalbertoadriani.com\/wp-content\/uploads\/2026\/03\/photo_5008078592268766113_y-1024x768.jpg\" alt=\"\" class=\"wp-image-15406\" srcset=\"https:\/\/alcaldiaalbertoadriani.com\/wp-content\/uploads\/2026\/03\/photo_5008078592268766113_y-1024x768.jpg 1024w, https:\/\/alcaldiaalbertoadriani.com\/wp-content\/uploads\/2026\/03\/photo_5008078592268766113_y-980x735.jpg 980w, https:\/\/alcaldiaalbertoadriani.com\/wp-content\/uploads\/2026\/03\/photo_5008078592268766113_y-480x360.jpg 480w\" sizes=\"auto, (min-width: 0px) and (max-width: 480px) 480px, (min-width: 481px) and (max-width: 980px) 980px, (min-width: 981px) 1024px, 100vw\" \/><\/figure>\n<\/figure>\n\n\n\n<p>&#8220;Estamos felices y orgullosos porque la asistencia fue bastante en este primer concierto y que super\u00f3 nuestras expectativas. El objetivo es recaudar fondos para instalar la ac\u00fastica en nuestra sala de ensayo y, de ser posible, adquirir una computadora e impresora para gestionar lo de las partituras&#8221;, explic\u00f3 Ram\u00edrez.<\/p>\n\n\n\n<p>El director agradeci\u00f3 el apoyo del alcalde <a href=\"https:\/\/www.instagram.com\/lisandrosegura02\/\">Lisandro Segura<\/a> para consolidar la cultura en el municipio. \u201cGracias a nuestro alcalde que siempre nos ha apoyado en cuanto a instrumentos y log\u00edstica\u201d.<\/p>\n\n\n\n<p>Agreg\u00f3, que el desarrollo de esta actividad permite dar un valor agregado para que la Banda Municipal tenga una mejor preparaci\u00f3n desde el punto de vista t\u00e9cnico y alcanzar la excelencia.<\/p>\n\n\n\n<figure class=\"wp-block-gallery has-nested-images columns-default is-cropped wp-block-gallery-2 is-layout-flex wp-block-gallery-is-layout-flex\">\n<figure class=\"wp-block-image size-large\"><img loading=\"lazy\" decoding=\"async\" width=\"1024\" height=\"576\" data-id=\"15407\" src=\"https:\/\/alcaldiaalbertoadriani.com\/wp-content\/uploads\/2026\/03\/photo_5008078592268766123_y-1024x576.jpg\" alt=\"\" class=\"wp-image-15407\" srcset=\"https:\/\/alcaldiaalbertoadriani.com\/wp-content\/uploads\/2026\/03\/photo_5008078592268766123_y-1024x576.jpg 1024w, https:\/\/alcaldiaalbertoadriani.com\/wp-content\/uploads\/2026\/03\/photo_5008078592268766123_y-980x551.jpg 980w, https:\/\/alcaldiaalbertoadriani.com\/wp-content\/uploads\/2026\/03\/photo_5008078592268766123_y-480x270.jpg 480w\" sizes=\"auto, (min-width: 0px) and (max-width: 480px) 480px, (min-width: 481px) and (max-width: 980px) 980px, (min-width: 981px) 1024px, 100vw\" \/><\/figure>\n<\/figure>\n\n\n\n<h2 class=\"wp-block-heading\"><strong><em>Talento vig\u00edense<\/em><\/strong><\/h2>\n\n\n\n<p>La gala musical cont\u00f3 con la participaci\u00f3n de grandes talentos vigienses. Las portentosas voces de Isabela D\u00e1vila, Oswalt Rivero, Nixon Carvajal y Alejandro Hern\u00e1ndez, as\u00ed como la presentaci\u00f3n del saxofonista Jos\u00e9 Miguel Altuve, quien deleit\u00f3 a los presentes con una interpretaci\u00f3n delirante de cuatro piezas musicales, impregnando a\u00fan m\u00e1s de romanticismo la noche.<\/p>\n\n\n\n<figure class=\"wp-block-gallery has-nested-images columns-default is-cropped wp-block-gallery-3 is-layout-flex wp-block-gallery-is-layout-flex\">\n<figure class=\"wp-block-image size-large\"><img loading=\"lazy\" decoding=\"async\" width=\"1024\" height=\"576\" data-id=\"15408\" src=\"https:\/\/alcaldiaalbertoadriani.com\/wp-content\/uploads\/2026\/03\/photo_5008078592268766118_y-1024x576.jpg\" alt=\"\" class=\"wp-image-15408\" srcset=\"https:\/\/alcaldiaalbertoadriani.com\/wp-content\/uploads\/2026\/03\/photo_5008078592268766118_y-1024x576.jpg 1024w, https:\/\/alcaldiaalbertoadriani.com\/wp-content\/uploads\/2026\/03\/photo_5008078592268766118_y-980x551.jpg 980w, https:\/\/alcaldiaalbertoadriani.com\/wp-content\/uploads\/2026\/03\/photo_5008078592268766118_y-480x270.jpg 480w\" sizes=\"auto, (min-width: 0px) and (max-width: 480px) 480px, (min-width: 481px) and (max-width: 980px) 980px, (min-width: 981px) 1024px, 100vw\" \/><\/figure>\n<\/figure>\n\n\n\n<p>Tras este \u00e9xito cultural, la <a href=\"https:\/\/alcaldiaalbertoadriani.com\/?p=1297\">Banda Municipal Inocente Carre\u00f1o<\/a>, se prepara para un pr\u00f3ximo concierto que estar\u00e1 de altura. &#8220;En lo inmediato estaremos montando un concierto de pasodoble que realizaremos en el marco de las ferias de nuestro municipio Alberto Adriani&#8221;, adelant\u00f3 Ram\u00edrez. <strong><em>Prensa Alcald\u00eda Alberto Adriani OIPI\/ Claribel Zambrano CNP: 11.843\/ Fotos: OIPI.<\/em><\/strong><\/p>\n\n\n\n<figure class=\"wp-block-gallery has-nested-images columns-default is-cropped wp-block-gallery-4 is-layout-flex wp-block-gallery-is-layout-flex\">\n<figure class=\"wp-block-image size-large\"><img loading=\"lazy\" decoding=\"async\" width=\"1024\" height=\"576\" data-id=\"15409\" src=\"https:\/\/alcaldiaalbertoadriani.com\/wp-content\/uploads\/2026\/03\/photo_5008078592268766111_y-1024x576.jpg\" alt=\"\" class=\"wp-image-15409\" srcset=\"https:\/\/alcaldiaalbertoadriani.com\/wp-content\/uploads\/2026\/03\/photo_5008078592268766111_y-1024x576.jpg 1024w, https:\/\/alcaldiaalbertoadriani.com\/wp-content\/uploads\/2026\/03\/photo_5008078592268766111_y-980x551.jpg 980w, https:\/\/alcaldiaalbertoadriani.com\/wp-content\/uploads\/2026\/03\/photo_5008078592268766111_y-480x270.jpg 480w\" sizes=\"auto, (min-width: 0px) and (max-width: 480px) 480px, (min-width: 481px) and (max-width: 980px) 980px, (min-width: 981px) 1024px, 100vw\" \/><\/figure>\n\n\n\n<figure class=\"wp-block-image size-large\"><img loading=\"lazy\" decoding=\"async\" width=\"1024\" height=\"576\" data-id=\"15413\" src=\"https:\/\/alcaldiaalbertoadriani.com\/wp-content\/uploads\/2026\/03\/photo_5008078592268766114_y-1024x576.jpg\" alt=\"\" class=\"wp-image-15413\" srcset=\"https:\/\/alcaldiaalbertoadriani.com\/wp-content\/uploads\/2026\/03\/photo_5008078592268766114_y-1024x576.jpg 1024w, https:\/\/alcaldiaalbertoadriani.com\/wp-content\/uploads\/2026\/03\/photo_5008078592268766114_y-980x551.jpg 980w, https:\/\/alcaldiaalbertoadriani.com\/wp-content\/uploads\/2026\/03\/photo_5008078592268766114_y-480x270.jpg 480w\" sizes=\"auto, (min-width: 0px) and (max-width: 480px) 480px, (min-width: 481px) and (max-width: 980px) 980px, (min-width: 981px) 1024px, 100vw\" \/><\/figure>\n\n\n\n<figure class=\"wp-block-image size-large\"><img loading=\"lazy\" decoding=\"async\" width=\"1024\" height=\"576\" data-id=\"15411\" src=\"https:\/\/alcaldiaalbertoadriani.com\/wp-content\/uploads\/2026\/03\/photo_5008078592268766115_y-1024x576.jpg\" alt=\"\" class=\"wp-image-15411\" srcset=\"https:\/\/alcaldiaalbertoadriani.com\/wp-content\/uploads\/2026\/03\/photo_5008078592268766115_y-1024x576.jpg 1024w, https:\/\/alcaldiaalbertoadriani.com\/wp-content\/uploads\/2026\/03\/photo_5008078592268766115_y-980x551.jpg 980w, https:\/\/alcaldiaalbertoadriani.com\/wp-content\/uploads\/2026\/03\/photo_5008078592268766115_y-480x270.jpg 480w\" sizes=\"auto, (min-width: 0px) and (max-width: 480px) 480px, (min-width: 481px) and (max-width: 980px) 980px, (min-width: 981px) 1024px, 100vw\" \/><\/figure>\n\n\n\n<figure class=\"wp-block-image size-large\"><img loading=\"lazy\" decoding=\"async\" width=\"1024\" height=\"768\" data-id=\"15416\" src=\"https:\/\/alcaldiaalbertoadriani.com\/wp-content\/uploads\/2026\/03\/photo_5008078592268766116_y-1024x768.jpg\" alt=\"\" class=\"wp-image-15416\" srcset=\"https:\/\/alcaldiaalbertoadriani.com\/wp-content\/uploads\/2026\/03\/photo_5008078592268766116_y-1024x768.jpg 1024w, https:\/\/alcaldiaalbertoadriani.com\/wp-content\/uploads\/2026\/03\/photo_5008078592268766116_y-980x735.jpg 980w, https:\/\/alcaldiaalbertoadriani.com\/wp-content\/uploads\/2026\/03\/photo_5008078592268766116_y-480x360.jpg 480w\" sizes=\"auto, (min-width: 0px) and (max-width: 480px) 480px, (min-width: 481px) and (max-width: 980px) 980px, (min-width: 981px) 1024px, 100vw\" \/><\/figure>\n\n\n\n<figure class=\"wp-block-image size-large\"><img loading=\"lazy\" decoding=\"async\" width=\"1024\" height=\"576\" data-id=\"15415\" src=\"https:\/\/alcaldiaalbertoadriani.com\/wp-content\/uploads\/2026\/03\/photo_5008078592268766117_y-1024x576.jpg\" alt=\"\" class=\"wp-image-15415\" srcset=\"https:\/\/alcaldiaalbertoadriani.com\/wp-content\/uploads\/2026\/03\/photo_5008078592268766117_y-1024x576.jpg 1024w, https:\/\/alcaldiaalbertoadriani.com\/wp-content\/uploads\/2026\/03\/photo_5008078592268766117_y-980x551.jpg 980w, https:\/\/alcaldiaalbertoadriani.com\/wp-content\/uploads\/2026\/03\/photo_5008078592268766117_y-480x270.jpg 480w\" sizes=\"auto, (min-width: 0px) and (max-width: 480px) 480px, (min-width: 481px) and (max-width: 980px) 980px, (min-width: 981px) 1024px, 100vw\" \/><\/figure>\n\n\n\n<figure class=\"wp-block-image size-large\"><img loading=\"lazy\" decoding=\"async\" width=\"1024\" height=\"768\" data-id=\"15412\" src=\"https:\/\/alcaldiaalbertoadriani.com\/wp-content\/uploads\/2026\/03\/photo_5008078592268766120_y-1024x768.jpg\" alt=\"\" class=\"wp-image-15412\" srcset=\"https:\/\/alcaldiaalbertoadriani.com\/wp-content\/uploads\/2026\/03\/photo_5008078592268766120_y-1024x768.jpg 1024w, https:\/\/alcaldiaalbertoadriani.com\/wp-content\/uploads\/2026\/03\/photo_5008078592268766120_y-980x735.jpg 980w, https:\/\/alcaldiaalbertoadriani.com\/wp-content\/uploads\/2026\/03\/photo_5008078592268766120_y-480x360.jpg 480w\" sizes=\"auto, (min-width: 0px) and (max-width: 480px) 480px, (min-width: 481px) and (max-width: 980px) 980px, (min-width: 981px) 1024px, 100vw\" \/><\/figure>\n\n\n\n<figure class=\"wp-block-image size-large\"><img loading=\"lazy\" decoding=\"async\" width=\"1024\" height=\"768\" data-id=\"15414\" src=\"https:\/\/alcaldiaalbertoadriani.com\/wp-content\/uploads\/2026\/03\/photo_5008078592268766121_y-1024x768.jpg\" alt=\"\" class=\"wp-image-15414\" srcset=\"https:\/\/alcaldiaalbertoadriani.com\/wp-content\/uploads\/2026\/03\/photo_5008078592268766121_y-1024x768.jpg 1024w, https:\/\/alcaldiaalbertoadriani.com\/wp-content\/uploads\/2026\/03\/photo_5008078592268766121_y-980x735.jpg 980w, https:\/\/alcaldiaalbertoadriani.com\/wp-content\/uploads\/2026\/03\/photo_5008078592268766121_y-480x360.jpg 480w\" sizes=\"auto, (min-width: 0px) and (max-width: 480px) 480px, (min-width: 481px) and (max-width: 980px) 980px, (min-width: 981px) 1024px, 100vw\" \/><\/figure>\n\n\n\n<figure class=\"wp-block-image size-large\"><img loading=\"lazy\" decoding=\"async\" width=\"1024\" height=\"576\" data-id=\"15410\" src=\"https:\/\/alcaldiaalbertoadriani.com\/wp-content\/uploads\/2026\/03\/photo_5008078592268766110_y-1024x576.jpg\" alt=\"\" class=\"wp-image-15410\" srcset=\"https:\/\/alcaldiaalbertoadriani.com\/wp-content\/uploads\/2026\/03\/photo_5008078592268766110_y-1024x576.jpg 1024w, https:\/\/alcaldiaalbertoadriani.com\/wp-content\/uploads\/2026\/03\/photo_5008078592268766110_y-980x551.jpg 980w, https:\/\/alcaldiaalbertoadriani.com\/wp-content\/uploads\/2026\/03\/photo_5008078592268766110_y-480x270.jpg 480w\" sizes=\"auto, (min-width: 0px) and (max-width: 480px) 480px, (min-width: 481px) and (max-width: 980px) 980px, (min-width: 981px) 1024px, 100vw\" \/><\/figure>\n<\/figure>\n","protected":false},"excerpt":{"rendered":"<p>En una velada llena de romanticismo y excelencia musical desde el Juniotel, la Banda Municipal &#8220;Inocente Carre\u00f1o&#8221;, adscrita al Instituto Municipal de la Cultura, celebr\u00f3 con rotundo \u00e9xito la &#8220;Noche [&hellip;]<\/p>\n","protected":false},"author":2,"featured_media":15418,"comment_status":"open","ping_status":"closed","sticky":false,"template":"","format":"standard","meta":{"_et_pb_use_builder":"off","_et_pb_old_content":"","_et_gb_content_width":"","footnotes":""},"categories":[341,78,77,25],"tags":[31,11,12,15,761,30,29,28],"class_list":["post-15405","post","type-post","status-publish","format-standard","has-post-thumbnail","hentry","category-alcaldia-alberto-adriani","category-cultura","category-iamcaa","category-nuestro-municipio","tag-alcalde","tag-alcaldia","tag-alcaldiaalbertoadriani","tag-elvigia","tag-encrucijadadeprogreso","tag-lisandrosegura","tag-municipioquenosmerecemos","tag-porelrenacer"],"yoast_head":"<!-- This site is optimized with the Yoast SEO plugin v19.13 - https:\/\/yoast.com\/wordpress\/plugins\/seo\/ -->\n<title>\u00c9xito total: &quot;Noche de Boleros y algo m\u00e1s&quot; cautiv\u00f3 al p\u00fablico<\/title>\n<meta name=\"description\" content=\"\u00c9xito total: &quot;Noche de Boleros y algo m\u00e1s&quot; cautiv\u00f3 al p\u00fablico con la Banda Municipal Inocente Carre\u00f1o el evento, respaldado por el alcalde\" \/>\n<meta name=\"robots\" content=\"index, follow, max-snippet:-1, max-image-preview:large, max-video-preview:-1\" \/>\n<link rel=\"canonical\" href=\"https:\/\/alcaldiaalbertoadriani.com\/?p=15405\" \/>\n<meta property=\"og:locale\" content=\"es_ES\" \/>\n<meta property=\"og:type\" content=\"article\" \/>\n<meta property=\"og:title\" content=\"\u00c9xito total: &quot;Noche de Boleros y algo m\u00e1s&quot; cautiv\u00f3 al p\u00fablico\" \/>\n<meta property=\"og:description\" content=\"\u00c9xito total: &quot;Noche de Boleros y algo m\u00e1s&quot; cautiv\u00f3 al p\u00fablico con la Banda Municipal Inocente Carre\u00f1o el evento, respaldado por el alcalde\" \/>\n<meta property=\"og:url\" content=\"https:\/\/alcaldiaalbertoadriani.com\/?p=15405\" \/>\n<meta property=\"og:site_name\" content=\"Alcaldia Alberto Adriani\" \/>\n<meta property=\"article:published_time\" content=\"2026-03-10T14:55:25+00:00\" \/>\n<meta property=\"article:modified_time\" content=\"2026-03-10T14:55:28+00:00\" \/>\n<meta property=\"og:image\" content=\"https:\/\/alcaldiaalbertoadriani.com\/wp-content\/uploads\/2026\/03\/photo_5008078592268766112_y.jpg\" \/>\n\t<meta property=\"og:image:width\" content=\"1280\" \/>\n\t<meta property=\"og:image:height\" content=\"960\" \/>\n\t<meta property=\"og:image:type\" content=\"image\/jpeg\" \/>\n<meta name=\"author\" content=\"Prensa\" \/>\n<meta name=\"twitter:card\" content=\"summary_large_image\" \/>\n<meta name=\"twitter:label1\" content=\"Escrito por\" \/>\n\t<meta name=\"twitter:data1\" content=\"Prensa\" \/>\n\t<meta name=\"twitter:label2\" content=\"Tiempo de lectura\" \/>\n\t<meta name=\"twitter:data2\" content=\"4 minutos\" \/>\n<script type=\"application\/ld+json\" class=\"yoast-schema-graph\">{\"@context\":\"https:\/\/schema.org\",\"@graph\":[{\"@type\":\"WebPage\",\"@id\":\"https:\/\/alcaldiaalbertoadriani.com\/?p=15405\",\"url\":\"https:\/\/alcaldiaalbertoadriani.com\/?p=15405\",\"name\":\"\u00c9xito total: \\\"Noche de Boleros y algo m\u00e1s\\\" cautiv\u00f3 al p\u00fablico\",\"isPartOf\":{\"@id\":\"https:\/\/alcaldiaalbertoadriani.com\/#website\"},\"datePublished\":\"2026-03-10T14:55:25+00:00\",\"dateModified\":\"2026-03-10T14:55:28+00:00\",\"author\":{\"@id\":\"https:\/\/alcaldiaalbertoadriani.com\/#\/schema\/person\/549b4483ff8999ac780deeea78795fc9\"},\"description\":\"\u00c9xito total: \\\"Noche de Boleros y algo m\u00e1s\\\" cautiv\u00f3 al p\u00fablico con la Banda Municipal Inocente Carre\u00f1o el evento, respaldado por el alcalde\",\"breadcrumb\":{\"@id\":\"https:\/\/alcaldiaalbertoadriani.com\/?p=15405#breadcrumb\"},\"inLanguage\":\"es\",\"potentialAction\":[{\"@type\":\"ReadAction\",\"target\":[\"https:\/\/alcaldiaalbertoadriani.com\/?p=15405\"]}]},{\"@type\":\"BreadcrumbList\",\"@id\":\"https:\/\/alcaldiaalbertoadriani.com\/?p=15405#breadcrumb\",\"itemListElement\":[{\"@type\":\"ListItem\",\"position\":1,\"name\":\"Portada\",\"item\":\"https:\/\/alcaldiaalbertoadriani.com\/\"},{\"@type\":\"ListItem\",\"position\":2,\"name\":\"\u00c9xito total: &#8220;Noche de Boleros y algo m\u00e1s&#8221; cautiv\u00f3 al p\u00fablico con la Banda Municipal Inocente Carre\u00f1o\"}]},{\"@type\":\"WebSite\",\"@id\":\"https:\/\/alcaldiaalbertoadriani.com\/#website\",\"url\":\"https:\/\/alcaldiaalbertoadriani.com\/\",\"name\":\"Alcaldia Alberto Adriani\",\"description\":\"\",\"potentialAction\":[{\"@type\":\"SearchAction\",\"target\":{\"@type\":\"EntryPoint\",\"urlTemplate\":\"https:\/\/alcaldiaalbertoadriani.com\/?s={search_term_string}\"},\"query-input\":\"required name=search_term_string\"}],\"inLanguage\":\"es\"},{\"@type\":\"Person\",\"@id\":\"https:\/\/alcaldiaalbertoadriani.com\/#\/schema\/person\/549b4483ff8999ac780deeea78795fc9\",\"name\":\"Prensa\",\"image\":{\"@type\":\"ImageObject\",\"inLanguage\":\"es\",\"@id\":\"https:\/\/alcaldiaalbertoadriani.com\/#\/schema\/person\/image\/\",\"url\":\"https:\/\/secure.gravatar.com\/avatar\/ea1cb567ea992a29627f4eee1c2eb185ec16decec6342d508fdf18dedb56c9de?s=96&d=mm&r=g\",\"contentUrl\":\"https:\/\/secure.gravatar.com\/avatar\/ea1cb567ea992a29627f4eee1c2eb185ec16decec6342d508fdf18dedb56c9de?s=96&d=mm&r=g\",\"caption\":\"Prensa\"},\"url\":\"https:\/\/alcaldiaalbertoadriani.com\/?author=2\"}]}<\/script>\n<!-- \/ Yoast SEO plugin. -->","yoast_head_json":{"title":"\u00c9xito total: \"Noche de Boleros y algo m\u00e1s\" cautiv\u00f3 al p\u00fablico","description":"\u00c9xito total: \"Noche de Boleros y algo m\u00e1s\" cautiv\u00f3 al p\u00fablico con la Banda Municipal Inocente Carre\u00f1o el evento, respaldado por el alcalde","robots":{"index":"index","follow":"follow","max-snippet":"max-snippet:-1","max-image-preview":"max-image-preview:large","max-video-preview":"max-video-preview:-1"},"canonical":"https:\/\/alcaldiaalbertoadriani.com\/?p=15405","og_locale":"es_ES","og_type":"article","og_title":"\u00c9xito total: \"Noche de Boleros y algo m\u00e1s\" cautiv\u00f3 al p\u00fablico","og_description":"\u00c9xito total: \"Noche de Boleros y algo m\u00e1s\" cautiv\u00f3 al p\u00fablico con la Banda Municipal Inocente Carre\u00f1o el evento, respaldado por el alcalde","og_url":"https:\/\/alcaldiaalbertoadriani.com\/?p=15405","og_site_name":"Alcaldia Alberto Adriani","article_published_time":"2026-03-10T14:55:25+00:00","article_modified_time":"2026-03-10T14:55:28+00:00","og_image":[{"width":1280,"height":960,"url":"https:\/\/alcaldiaalbertoadriani.com\/wp-content\/uploads\/2026\/03\/photo_5008078592268766112_y.jpg","type":"image\/jpeg"}],"author":"Prensa","twitter_card":"summary_large_image","twitter_misc":{"Escrito por":"Prensa","Tiempo de lectura":"4 minutos"},"schema":{"@context":"https:\/\/schema.org","@graph":[{"@type":"WebPage","@id":"https:\/\/alcaldiaalbertoadriani.com\/?p=15405","url":"https:\/\/alcaldiaalbertoadriani.com\/?p=15405","name":"\u00c9xito total: \"Noche de Boleros y algo m\u00e1s\" cautiv\u00f3 al p\u00fablico","isPartOf":{"@id":"https:\/\/alcaldiaalbertoadriani.com\/#website"},"datePublished":"2026-03-10T14:55:25+00:00","dateModified":"2026-03-10T14:55:28+00:00","author":{"@id":"https:\/\/alcaldiaalbertoadriani.com\/#\/schema\/person\/549b4483ff8999ac780deeea78795fc9"},"description":"\u00c9xito total: \"Noche de Boleros y algo m\u00e1s\" cautiv\u00f3 al p\u00fablico con la Banda Municipal Inocente Carre\u00f1o el evento, respaldado por el alcalde","breadcrumb":{"@id":"https:\/\/alcaldiaalbertoadriani.com\/?p=15405#breadcrumb"},"inLanguage":"es","potentialAction":[{"@type":"ReadAction","target":["https:\/\/alcaldiaalbertoadriani.com\/?p=15405"]}]},{"@type":"BreadcrumbList","@id":"https:\/\/alcaldiaalbertoadriani.com\/?p=15405#breadcrumb","itemListElement":[{"@type":"ListItem","position":1,"name":"Portada","item":"https:\/\/alcaldiaalbertoadriani.com\/"},{"@type":"ListItem","position":2,"name":"\u00c9xito total: &#8220;Noche de Boleros y algo m\u00e1s&#8221; cautiv\u00f3 al p\u00fablico con la Banda Municipal Inocente Carre\u00f1o"}]},{"@type":"WebSite","@id":"https:\/\/alcaldiaalbertoadriani.com\/#website","url":"https:\/\/alcaldiaalbertoadriani.com\/","name":"Alcaldia Alberto Adriani","description":"","potentialAction":[{"@type":"SearchAction","target":{"@type":"EntryPoint","urlTemplate":"https:\/\/alcaldiaalbertoadriani.com\/?s={search_term_string}"},"query-input":"required name=search_term_string"}],"inLanguage":"es"},{"@type":"Person","@id":"https:\/\/alcaldiaalbertoadriani.com\/#\/schema\/person\/549b4483ff8999ac780deeea78795fc9","name":"Prensa","image":{"@type":"ImageObject","inLanguage":"es","@id":"https:\/\/alcaldiaalbertoadriani.com\/#\/schema\/person\/image\/","url":"https:\/\/secure.gravatar.com\/avatar\/ea1cb567ea992a29627f4eee1c2eb185ec16decec6342d508fdf18dedb56c9de?s=96&d=mm&r=g","contentUrl":"https:\/\/secure.gravatar.com\/avatar\/ea1cb567ea992a29627f4eee1c2eb185ec16decec6342d508fdf18dedb56c9de?s=96&d=mm&r=g","caption":"Prensa"},"url":"https:\/\/alcaldiaalbertoadriani.com\/?author=2"}]}},"_links":{"self":[{"href":"https:\/\/alcaldiaalbertoadriani.com\/index.php?rest_route=\/wp\/v2\/posts\/15405","targetHints":{"allow":["GET"]}}],"collection":[{"href":"https:\/\/alcaldiaalbertoadriani.com\/index.php?rest_route=\/wp\/v2\/posts"}],"about":[{"href":"https:\/\/alcaldiaalbertoadriani.com\/index.php?rest_route=\/wp\/v2\/types\/post"}],"author":[{"embeddable":true,"href":"https:\/\/alcaldiaalbertoadriani.com\/index.php?rest_route=\/wp\/v2\/users\/2"}],"replies":[{"embeddable":true,"href":"https:\/\/alcaldiaalbertoadriani.com\/index.php?rest_route=%2Fwp%2Fv2%2Fcomments&post=15405"}],"version-history":[{"count":1,"href":"https:\/\/alcaldiaalbertoadriani.com\/index.php?rest_route=\/wp\/v2\/posts\/15405\/revisions"}],"predecessor-version":[{"id":15419,"href":"https:\/\/alcaldiaalbertoadriani.com\/index.php?rest_route=\/wp\/v2\/posts\/15405\/revisions\/15419"}],"wp:featuredmedia":[{"embeddable":true,"href":"https:\/\/alcaldiaalbertoadriani.com\/index.php?rest_route=\/wp\/v2\/media\/15418"}],"wp:attachment":[{"href":"https:\/\/alcaldiaalbertoadriani.com\/index.php?rest_route=%2Fwp%2Fv2%2Fmedia&parent=15405"}],"wp:term":[{"taxonomy":"category","embeddable":true,"href":"https:\/\/alcaldiaalbertoadriani.com\/index.php?rest_route=%2Fwp%2Fv2%2Fcategories&post=15405"},{"taxonomy":"post_tag","embeddable":true,"href":"https:\/\/alcaldiaalbertoadriani.com\/index.php?rest_route=%2Fwp%2Fv2%2Ftags&post=15405"}],"curies":[{"name":"wp","href":"https:\/\/api.w.org\/{rel}","templated":true}]}}