{"id":15353,"date":"2026-03-06T19:28:17","date_gmt":"2026-03-06T19:28:17","guid":{"rendered":"https:\/\/alcaldiaalbertoadriani.com\/?p=15353"},"modified":"2026-03-06T19:28:20","modified_gmt":"2026-03-06T19:28:20","slug":"lisandro-segura-presento-ante-el-clpp-balance","status":"publish","type":"post","link":"https:\/\/alcaldiaalbertoadriani.com\/?p=15353","title":{"rendered":"Lisandro Segura present\u00f3 ante el Clpp balance y proyecta inversi\u00f3n para 2026"},"content":{"rendered":"\n<p>Este mi\u00e9rcoles, en sesi\u00f3n ordinaria del Consejo Local de Planificaci\u00f3n de Pol\u00edticas P\u00fablicas (<a href=\"https:\/\/alcaldiaalbertoadriani.com\/?cat=56\">Clpp<\/a>) de Alberto Adriani. El alcalde y presidente del ente, <a href=\"https:\/\/www.instagram.com\/lisandrosegura02\/\">Lisandro Segura<\/a>, present\u00f3 un balance detallado sobre la gesti\u00f3n municipal durante los primeros meses de 2026.\u00a0<\/p>\n\n\n\n<p>La actividad cont\u00f3 con la mayor\u00eda de los consejeros, enfoc\u00e1ndose en la atenci\u00f3n de emergencias clim\u00e1ticas y la planificaci\u00f3n presupuestaria establecida.<\/p>\n\n\n\n<p>En ese sentido, Lisandro Segura, inform\u00f3 que, tras semanas de intensas precipitaciones, el municipio ha logrado superar las contingencias sin reportar p\u00e9rdidas humanas. &#8220;Afortunadamente, contamos con la capacidad log\u00edstica y operativa para atender cada parroquia afectada&#8221;, destac\u00f3.<\/p>\n\n\n\n<figure class=\"wp-block-gallery has-nested-images columns-default is-cropped wp-block-gallery-1 is-layout-flex wp-block-gallery-is-layout-flex\">\n<figure class=\"wp-block-image size-large\"><img loading=\"lazy\" decoding=\"async\" width=\"1024\" height=\"768\" data-id=\"15355\" src=\"https:\/\/alcaldiaalbertoadriani.com\/wp-content\/uploads\/2026\/03\/photo_4994693618748558278_y-1024x768.jpg\" alt=\"\" class=\"wp-image-15355\" srcset=\"https:\/\/alcaldiaalbertoadriani.com\/wp-content\/uploads\/2026\/03\/photo_4994693618748558278_y-1024x768.jpg 1024w, https:\/\/alcaldiaalbertoadriani.com\/wp-content\/uploads\/2026\/03\/photo_4994693618748558278_y-980x735.jpg 980w, https:\/\/alcaldiaalbertoadriani.com\/wp-content\/uploads\/2026\/03\/photo_4994693618748558278_y-480x360.jpg 480w\" sizes=\"auto, (min-width: 0px) and (max-width: 480px) 480px, (min-width: 481px) and (max-width: 980px) 980px, (min-width: 981px) 1024px, 100vw\" \/><\/figure>\n<\/figure>\n\n\n\n<p>El burgomaestre y presidente del Clpp, aclar\u00f3 que el Plan de Inversi\u00f3n 2026 sigue su curso sin interrupciones mayores. Con la disminuci\u00f3n de las lluvias prevista para finales de febrero, el gobierno municipal retomar\u00e1 con fuerza las obras de infraestructura planificadas para este ejercicio fiscal.<\/p>\n\n\n\n<h2 class=\"wp-block-heading\"><strong><em>Apoyo a proyectos comunales<\/em><\/strong><\/h2>\n\n\n\n<p>De cara a la Consulta Popular del pr\u00f3ximo 8 de marzo, Segura anunci\u00f3 que la Municipalidad brindar\u00e1 apoyo integral a los proyectos electos. &#8220;Dependiendo de la naturaleza de cada propuesta y los lineamientos del Consejo Federal de Gobierno, el respaldo se ejecutar\u00e1 mediante financiamiento directo y entrega de materiales, asesor\u00eda t\u00e9cnica y profesional, despliegue de maquinaria pesada y equipos&#8221;.<\/p>\n\n\n\n<p>Igualmente, dijo que desde el Clpp se acord\u00f3 articular mesas de trabajo con los organismos de seguridad para reforzar la convivencia urbana. El foco principal ser\u00e1 la fiscalizaci\u00f3n de centros nocturnos para garantizar el cumplimiento de horarios y, especialmente, prohibir la permanencia de menores de edad y la venta de alcohol a estos.&nbsp;<\/p>\n\n\n\n<p>Finalmente, Lisandro Segura, indic\u00f3 que esta labor se realizar\u00e1 de forma conjunta entre el Consejo municipal de Derechos del Ni\u00f1o, Ni\u00f1a y Adolescente (Cmdnna), y el Servicio Aut\u00f3nomo de Administraci\u00f3n Tributaria (Samat), bajo el resguardo de los cuerpos policiales para garantizar la integridad f\u00edsica de los funcionarios durante las inspecciones. <strong><em>Prensa OIPI Edgar Mendoza CNP 25.736\/Fotos: Karla M\u00e1rquez.<\/em><\/strong><\/p>\n\n\n\n<figure class=\"wp-block-gallery has-nested-images columns-default is-cropped wp-block-gallery-2 is-layout-flex wp-block-gallery-is-layout-flex\">\n<figure class=\"wp-block-image size-large\"><img loading=\"lazy\" decoding=\"async\" width=\"800\" height=\"600\" data-id=\"15356\" src=\"https:\/\/alcaldiaalbertoadriani.com\/wp-content\/uploads\/2026\/03\/photo_4994693618748558277_x.jpg\" alt=\"\" class=\"wp-image-15356\" srcset=\"https:\/\/alcaldiaalbertoadriani.com\/wp-content\/uploads\/2026\/03\/photo_4994693618748558277_x.jpg 800w, https:\/\/alcaldiaalbertoadriani.com\/wp-content\/uploads\/2026\/03\/photo_4994693618748558277_x-480x360.jpg 480w\" sizes=\"auto, (min-width: 0px) and (max-width: 480px) 480px, (min-width: 481px) 800px, 100vw\" \/><\/figure>\n\n\n\n<figure class=\"wp-block-image size-large\"><img loading=\"lazy\" decoding=\"async\" width=\"800\" height=\"600\" data-id=\"15357\" src=\"https:\/\/alcaldiaalbertoadriani.com\/wp-content\/uploads\/2026\/03\/photo_4994693618748558275_x.jpg\" alt=\"\" class=\"wp-image-15357\" srcset=\"https:\/\/alcaldiaalbertoadriani.com\/wp-content\/uploads\/2026\/03\/photo_4994693618748558275_x.jpg 800w, https:\/\/alcaldiaalbertoadriani.com\/wp-content\/uploads\/2026\/03\/photo_4994693618748558275_x-480x360.jpg 480w\" sizes=\"auto, (min-width: 0px) and (max-width: 480px) 480px, (min-width: 481px) 800px, 100vw\" \/><\/figure>\n\n\n\n<figure class=\"wp-block-image size-large\"><img loading=\"lazy\" decoding=\"async\" width=\"800\" height=\"600\" data-id=\"15358\" src=\"https:\/\/alcaldiaalbertoadriani.com\/wp-content\/uploads\/2026\/03\/photo_4994693618748558276_x.jpg\" alt=\"\" class=\"wp-image-15358\" srcset=\"https:\/\/alcaldiaalbertoadriani.com\/wp-content\/uploads\/2026\/03\/photo_4994693618748558276_x.jpg 800w, https:\/\/alcaldiaalbertoadriani.com\/wp-content\/uploads\/2026\/03\/photo_4994693618748558276_x-480x360.jpg 480w\" sizes=\"auto, (min-width: 0px) and (max-width: 480px) 480px, (min-width: 481px) 800px, 100vw\" \/><\/figure>\n<\/figure>\n","protected":false},"excerpt":{"rendered":"<p>Este mi\u00e9rcoles, en sesi\u00f3n ordinaria del Consejo Local de Planificaci\u00f3n de Pol\u00edticas P\u00fablicas (Clpp) de Alberto Adriani. El alcalde y presidente del ente, Lisandro Segura, present\u00f3 un balance detallado sobre [&hellip;]<\/p>\n","protected":false},"author":2,"featured_media":15354,"comment_status":"open","ping_status":"closed","sticky":false,"template":"","format":"standard","meta":{"_et_pb_use_builder":"off","_et_pb_old_content":"","_et_gb_content_width":"","footnotes":""},"categories":[341,56,25],"tags":[31,11,12,15,761,30,29],"class_list":["post-15353","post","type-post","status-publish","format-standard","has-post-thumbnail","hentry","category-alcaldia-alberto-adriani","category-clpp","category-nuestro-municipio","tag-alcalde","tag-alcaldia","tag-alcaldiaalbertoadriani","tag-elvigia","tag-encrucijadadeprogreso","tag-lisandrosegura","tag-municipioquenosmerecemos"],"yoast_head":"<!-- This site is optimized with the Yoast SEO plugin v19.13 - https:\/\/yoast.com\/wordpress\/plugins\/seo\/ -->\n<title>Lisandro Segura present\u00f3 ante el Clpp balance<\/title>\n<meta name=\"description\" content=\"Lisandro Segura present\u00f3 ante el Clpp balance y proyecta inversi\u00f3n para 2026 la actividad cont\u00f3 con la mayor\u00eda de los consejeros\" \/>\n<meta name=\"robots\" content=\"index, follow, max-snippet:-1, max-image-preview:large, max-video-preview:-1\" \/>\n<link rel=\"canonical\" href=\"https:\/\/alcaldiaalbertoadriani.com\/?p=15353\" \/>\n<meta property=\"og:locale\" content=\"es_ES\" \/>\n<meta property=\"og:type\" content=\"article\" \/>\n<meta property=\"og:title\" content=\"Lisandro Segura present\u00f3 ante el Clpp balance\" \/>\n<meta property=\"og:description\" content=\"Lisandro Segura present\u00f3 ante el Clpp balance y proyecta inversi\u00f3n para 2026 la actividad cont\u00f3 con la mayor\u00eda de los consejeros\" \/>\n<meta property=\"og:url\" content=\"https:\/\/alcaldiaalbertoadriani.com\/?p=15353\" \/>\n<meta property=\"og:site_name\" content=\"Alcaldia Alberto Adriani\" \/>\n<meta property=\"article:published_time\" content=\"2026-03-06T19:28:17+00:00\" \/>\n<meta property=\"article:modified_time\" content=\"2026-03-06T19:28:20+00:00\" \/>\n<meta property=\"og:image\" content=\"https:\/\/alcaldiaalbertoadriani.com\/wp-content\/uploads\/2026\/03\/photo_4994693618748558274_x.jpg\" \/>\n\t<meta property=\"og:image:width\" content=\"800\" \/>\n\t<meta property=\"og:image:height\" content=\"600\" \/>\n\t<meta property=\"og:image:type\" content=\"image\/jpeg\" \/>\n<meta name=\"author\" content=\"Prensa\" \/>\n<meta name=\"twitter:card\" content=\"summary_large_image\" \/>\n<meta name=\"twitter:label1\" content=\"Escrito por\" \/>\n\t<meta name=\"twitter:data1\" content=\"Prensa\" \/>\n\t<meta name=\"twitter:label2\" content=\"Tiempo de lectura\" \/>\n\t<meta name=\"twitter:data2\" content=\"3 minutos\" \/>\n<script type=\"application\/ld+json\" class=\"yoast-schema-graph\">{\"@context\":\"https:\/\/schema.org\",\"@graph\":[{\"@type\":\"WebPage\",\"@id\":\"https:\/\/alcaldiaalbertoadriani.com\/?p=15353\",\"url\":\"https:\/\/alcaldiaalbertoadriani.com\/?p=15353\",\"name\":\"Lisandro Segura present\u00f3 ante el Clpp balance\",\"isPartOf\":{\"@id\":\"https:\/\/alcaldiaalbertoadriani.com\/#website\"},\"datePublished\":\"2026-03-06T19:28:17+00:00\",\"dateModified\":\"2026-03-06T19:28:20+00:00\",\"author\":{\"@id\":\"https:\/\/alcaldiaalbertoadriani.com\/#\/schema\/person\/549b4483ff8999ac780deeea78795fc9\"},\"description\":\"Lisandro Segura present\u00f3 ante el Clpp balance y proyecta inversi\u00f3n para 2026 la actividad cont\u00f3 con la mayor\u00eda de los consejeros\",\"breadcrumb\":{\"@id\":\"https:\/\/alcaldiaalbertoadriani.com\/?p=15353#breadcrumb\"},\"inLanguage\":\"es\",\"potentialAction\":[{\"@type\":\"ReadAction\",\"target\":[\"https:\/\/alcaldiaalbertoadriani.com\/?p=15353\"]}]},{\"@type\":\"BreadcrumbList\",\"@id\":\"https:\/\/alcaldiaalbertoadriani.com\/?p=15353#breadcrumb\",\"itemListElement\":[{\"@type\":\"ListItem\",\"position\":1,\"name\":\"Portada\",\"item\":\"https:\/\/alcaldiaalbertoadriani.com\/\"},{\"@type\":\"ListItem\",\"position\":2,\"name\":\"Lisandro Segura present\u00f3 ante el Clpp balance y proyecta inversi\u00f3n para 2026\"}]},{\"@type\":\"WebSite\",\"@id\":\"https:\/\/alcaldiaalbertoadriani.com\/#website\",\"url\":\"https:\/\/alcaldiaalbertoadriani.com\/\",\"name\":\"Alcaldia Alberto Adriani\",\"description\":\"\",\"potentialAction\":[{\"@type\":\"SearchAction\",\"target\":{\"@type\":\"EntryPoint\",\"urlTemplate\":\"https:\/\/alcaldiaalbertoadriani.com\/?s={search_term_string}\"},\"query-input\":\"required name=search_term_string\"}],\"inLanguage\":\"es\"},{\"@type\":\"Person\",\"@id\":\"https:\/\/alcaldiaalbertoadriani.com\/#\/schema\/person\/549b4483ff8999ac780deeea78795fc9\",\"name\":\"Prensa\",\"image\":{\"@type\":\"ImageObject\",\"inLanguage\":\"es\",\"@id\":\"https:\/\/alcaldiaalbertoadriani.com\/#\/schema\/person\/image\/\",\"url\":\"https:\/\/secure.gravatar.com\/avatar\/ea1cb567ea992a29627f4eee1c2eb185ec16decec6342d508fdf18dedb56c9de?s=96&d=mm&r=g\",\"contentUrl\":\"https:\/\/secure.gravatar.com\/avatar\/ea1cb567ea992a29627f4eee1c2eb185ec16decec6342d508fdf18dedb56c9de?s=96&d=mm&r=g\",\"caption\":\"Prensa\"},\"url\":\"https:\/\/alcaldiaalbertoadriani.com\/?author=2\"}]}<\/script>\n<!-- \/ Yoast SEO plugin. -->","yoast_head_json":{"title":"Lisandro Segura present\u00f3 ante el Clpp balance","description":"Lisandro Segura present\u00f3 ante el Clpp balance y proyecta inversi\u00f3n para 2026 la actividad cont\u00f3 con la mayor\u00eda de los consejeros","robots":{"index":"index","follow":"follow","max-snippet":"max-snippet:-1","max-image-preview":"max-image-preview:large","max-video-preview":"max-video-preview:-1"},"canonical":"https:\/\/alcaldiaalbertoadriani.com\/?p=15353","og_locale":"es_ES","og_type":"article","og_title":"Lisandro Segura present\u00f3 ante el Clpp balance","og_description":"Lisandro Segura present\u00f3 ante el Clpp balance y proyecta inversi\u00f3n para 2026 la actividad cont\u00f3 con la mayor\u00eda de los consejeros","og_url":"https:\/\/alcaldiaalbertoadriani.com\/?p=15353","og_site_name":"Alcaldia Alberto Adriani","article_published_time":"2026-03-06T19:28:17+00:00","article_modified_time":"2026-03-06T19:28:20+00:00","og_image":[{"width":800,"height":600,"url":"https:\/\/alcaldiaalbertoadriani.com\/wp-content\/uploads\/2026\/03\/photo_4994693618748558274_x.jpg","type":"image\/jpeg"}],"author":"Prensa","twitter_card":"summary_large_image","twitter_misc":{"Escrito por":"Prensa","Tiempo de lectura":"3 minutos"},"schema":{"@context":"https:\/\/schema.org","@graph":[{"@type":"WebPage","@id":"https:\/\/alcaldiaalbertoadriani.com\/?p=15353","url":"https:\/\/alcaldiaalbertoadriani.com\/?p=15353","name":"Lisandro Segura present\u00f3 ante el Clpp balance","isPartOf":{"@id":"https:\/\/alcaldiaalbertoadriani.com\/#website"},"datePublished":"2026-03-06T19:28:17+00:00","dateModified":"2026-03-06T19:28:20+00:00","author":{"@id":"https:\/\/alcaldiaalbertoadriani.com\/#\/schema\/person\/549b4483ff8999ac780deeea78795fc9"},"description":"Lisandro Segura present\u00f3 ante el Clpp balance y proyecta inversi\u00f3n para 2026 la actividad cont\u00f3 con la mayor\u00eda de los consejeros","breadcrumb":{"@id":"https:\/\/alcaldiaalbertoadriani.com\/?p=15353#breadcrumb"},"inLanguage":"es","potentialAction":[{"@type":"ReadAction","target":["https:\/\/alcaldiaalbertoadriani.com\/?p=15353"]}]},{"@type":"BreadcrumbList","@id":"https:\/\/alcaldiaalbertoadriani.com\/?p=15353#breadcrumb","itemListElement":[{"@type":"ListItem","position":1,"name":"Portada","item":"https:\/\/alcaldiaalbertoadriani.com\/"},{"@type":"ListItem","position":2,"name":"Lisandro Segura present\u00f3 ante el Clpp balance y proyecta inversi\u00f3n para 2026"}]},{"@type":"WebSite","@id":"https:\/\/alcaldiaalbertoadriani.com\/#website","url":"https:\/\/alcaldiaalbertoadriani.com\/","name":"Alcaldia Alberto Adriani","description":"","potentialAction":[{"@type":"SearchAction","target":{"@type":"EntryPoint","urlTemplate":"https:\/\/alcaldiaalbertoadriani.com\/?s={search_term_string}"},"query-input":"required name=search_term_string"}],"inLanguage":"es"},{"@type":"Person","@id":"https:\/\/alcaldiaalbertoadriani.com\/#\/schema\/person\/549b4483ff8999ac780deeea78795fc9","name":"Prensa","image":{"@type":"ImageObject","inLanguage":"es","@id":"https:\/\/alcaldiaalbertoadriani.com\/#\/schema\/person\/image\/","url":"https:\/\/secure.gravatar.com\/avatar\/ea1cb567ea992a29627f4eee1c2eb185ec16decec6342d508fdf18dedb56c9de?s=96&d=mm&r=g","contentUrl":"https:\/\/secure.gravatar.com\/avatar\/ea1cb567ea992a29627f4eee1c2eb185ec16decec6342d508fdf18dedb56c9de?s=96&d=mm&r=g","caption":"Prensa"},"url":"https:\/\/alcaldiaalbertoadriani.com\/?author=2"}]}},"_links":{"self":[{"href":"https:\/\/alcaldiaalbertoadriani.com\/index.php?rest_route=\/wp\/v2\/posts\/15353","targetHints":{"allow":["GET"]}}],"collection":[{"href":"https:\/\/alcaldiaalbertoadriani.com\/index.php?rest_route=\/wp\/v2\/posts"}],"about":[{"href":"https:\/\/alcaldiaalbertoadriani.com\/index.php?rest_route=\/wp\/v2\/types\/post"}],"author":[{"embeddable":true,"href":"https:\/\/alcaldiaalbertoadriani.com\/index.php?rest_route=\/wp\/v2\/users\/2"}],"replies":[{"embeddable":true,"href":"https:\/\/alcaldiaalbertoadriani.com\/index.php?rest_route=%2Fwp%2Fv2%2Fcomments&post=15353"}],"version-history":[{"count":1,"href":"https:\/\/alcaldiaalbertoadriani.com\/index.php?rest_route=\/wp\/v2\/posts\/15353\/revisions"}],"predecessor-version":[{"id":15359,"href":"https:\/\/alcaldiaalbertoadriani.com\/index.php?rest_route=\/wp\/v2\/posts\/15353\/revisions\/15359"}],"wp:featuredmedia":[{"embeddable":true,"href":"https:\/\/alcaldiaalbertoadriani.com\/index.php?rest_route=\/wp\/v2\/media\/15354"}],"wp:attachment":[{"href":"https:\/\/alcaldiaalbertoadriani.com\/index.php?rest_route=%2Fwp%2Fv2%2Fmedia&parent=15353"}],"wp:term":[{"taxonomy":"category","embeddable":true,"href":"https:\/\/alcaldiaalbertoadriani.com\/index.php?rest_route=%2Fwp%2Fv2%2Fcategories&post=15353"},{"taxonomy":"post_tag","embeddable":true,"href":"https:\/\/alcaldiaalbertoadriani.com\/index.php?rest_route=%2Fwp%2Fv2%2Ftags&post=15353"}],"curies":[{"name":"wp","href":"https:\/\/api.w.org\/{rel}","templated":true}]}}