{"id":15343,"date":"2026-03-06T19:12:20","date_gmt":"2026-03-06T19:12:20","guid":{"rendered":"https:\/\/alcaldiaalbertoadriani.com\/?p=15343"},"modified":"2026-03-06T19:12:25","modified_gmt":"2026-03-06T19:12:25","slug":"lisandro-segura-sostuvo-encuentro-con-sistema-de-orquestas","status":"publish","type":"post","link":"https:\/\/alcaldiaalbertoadriani.com\/?p=15343","title":{"rendered":"Lisandro Segura sostuvo encuentro con Sistema de Orquestas n\u00facleo El Vig\u00eda para consolidar su sede"},"content":{"rendered":"\n<h2 class=\"wp-block-heading\"><strong><em>La concha ac\u00fastica a desarrollarse en el Parque Metropolitano ser\u00e1 el espacio id\u00f3neo para la formaci\u00f3n musical de ni\u00f1os y j\u00f3venes vigienses<\/em><\/strong><\/h2>\n\n\n\n<p>El alcalde de Alberto Adriani, <a href=\"https:\/\/www.instagram.com\/lisandrosegura02\/\">Lisandro Segura<\/a>, sostuvo una reuni\u00f3n con Mar\u00eda Ana Bucci, directora del Sistema Nacional de Orquestas y Coros Juveniles e Infantiles de Venezuela, N\u00facleo El Vig\u00eda.Con el objetivo de formalizar los primeros pasos para la consecuci\u00f3n del proyecto de creaci\u00f3n de la sede para esta instituci\u00f3n.<\/p>\n\n\n\n<p> En el encuentro realizado este martes, participaron dem\u00e1s directivos y comit\u00e9 de padres y representantes del Sistema, as\u00ed como los gerentes de Ingenier\u00eda y Planeamiento Urbano Local ,Proyectos y la Consultor\u00eda Jur\u00eddica del Despacho.<\/p>\n\n\n\n<p>El burgomaestre se mostr\u00f3 complacido el poder llegar a acuerdos con los directivos de sistema de Orquesta n\u00facleo El Vig\u00eda que beneficiar\u00e1 a cientos de ni\u00f1os y j\u00f3venes m\u00fasicos de la jurisdicci\u00f3n. Anunci\u00f3 que la futura sede estar\u00e1 en la concha ac\u00fastica proyectada para realizar en el <a href=\"https:\/\/alcaldiaalbertoadriani.com\/?tag=parque-metropolitano\">Parque Metropolitano<\/a>.<\/p>\n\n\n\n<p>Por su parte, Mar\u00eda Ana Bucci destac\u00f3 la importancia de este acercamiento para el Sistema de Orquestas. &#8220;Estamos felices porque hoy tuvimos el encuentro con el ciudadano alcalde y dimos el primer paso para la consecuci\u00f3n de la sede. Vamos a cumplir con todos los pasos legales para darle realidad a ese gran sue\u00f1o de muchos que forman parte del Sistema N\u00facleo El Vig\u00eda. Agradecida con el ciudadano alcalde y todo el equipo t\u00e9cnico profesional de la alcald\u00eda\u201d.<\/p>\n\n\n\n<p>Con esta iniciativa, la gesti\u00f3n municipal fortalece las relaciones interinstitucionales y busca garantizar un espacio digno para la formaci\u00f3n musical de los ni\u00f1os y j\u00f3venes vigienses.<strong><em> Prensa Alcald\u00eda Alberto Adriani OIPI\/ Claribel Zambrano CNP; 11.843\/ Fotos: Karla M\u00e1rquez.<\/em><\/strong><\/p>\n\n\n\n<figure class=\"wp-block-gallery has-nested-images columns-default is-cropped wp-block-gallery-1 is-layout-flex wp-block-gallery-is-layout-flex\">\n<figure class=\"wp-block-image size-large\"><img loading=\"lazy\" decoding=\"async\" width=\"1024\" height=\"768\" data-id=\"15345\" src=\"https:\/\/alcaldiaalbertoadriani.com\/wp-content\/uploads\/2026\/03\/photo_4994962427866712915_y-1024x768.jpg\" alt=\"\" class=\"wp-image-15345\" srcset=\"https:\/\/alcaldiaalbertoadriani.com\/wp-content\/uploads\/2026\/03\/photo_4994962427866712915_y-1024x768.jpg 1024w, https:\/\/alcaldiaalbertoadriani.com\/wp-content\/uploads\/2026\/03\/photo_4994962427866712915_y-980x735.jpg 980w, https:\/\/alcaldiaalbertoadriani.com\/wp-content\/uploads\/2026\/03\/photo_4994962427866712915_y-480x360.jpg 480w\" sizes=\"auto, (min-width: 0px) and (max-width: 480px) 480px, (min-width: 481px) and (max-width: 980px) 980px, (min-width: 981px) 1024px, 100vw\" \/><\/figure>\n<\/figure>\n","protected":false},"excerpt":{"rendered":"<p>La concha ac\u00fastica a desarrollarse en el Parque Metropolitano ser\u00e1 el espacio id\u00f3neo para la formaci\u00f3n musical de ni\u00f1os y j\u00f3venes vigienses El alcalde de Alberto Adriani, Lisandro Segura, sostuvo [&hellip;]<\/p>\n","protected":false},"author":2,"featured_media":15344,"comment_status":"open","ping_status":"closed","sticky":false,"template":"","format":"standard","meta":{"_et_pb_use_builder":"off","_et_pb_old_content":"","_et_gb_content_width":"","footnotes":""},"categories":[341,78,25],"tags":[31,11,12,15,761,30,29,28],"class_list":["post-15343","post","type-post","status-publish","format-standard","has-post-thumbnail","hentry","category-alcaldia-alberto-adriani","category-cultura","category-nuestro-municipio","tag-alcalde","tag-alcaldia","tag-alcaldiaalbertoadriani","tag-elvigia","tag-encrucijadadeprogreso","tag-lisandrosegura","tag-municipioquenosmerecemos","tag-porelrenacer"],"yoast_head":"<!-- This site is optimized with the Yoast SEO plugin v19.13 - https:\/\/yoast.com\/wordpress\/plugins\/seo\/ -->\n<title>Lisandro Segura sostuvo encuentro con Sistema de Orquestas<\/title>\n<meta name=\"description\" content=\"Lisandro Segura sostuvo encuentro con Sistema de Orquestas n\u00facleo El Vig\u00eda para consolidar su sede en el Parque Metropolitano\" \/>\n<meta name=\"robots\" content=\"index, follow, max-snippet:-1, max-image-preview:large, max-video-preview:-1\" \/>\n<link rel=\"canonical\" href=\"https:\/\/alcaldiaalbertoadriani.com\/?p=15343\" \/>\n<meta property=\"og:locale\" content=\"es_ES\" \/>\n<meta property=\"og:type\" content=\"article\" \/>\n<meta property=\"og:title\" content=\"Lisandro Segura sostuvo encuentro con Sistema de Orquestas\" \/>\n<meta property=\"og:description\" content=\"Lisandro Segura sostuvo encuentro con Sistema de Orquestas n\u00facleo El Vig\u00eda para consolidar su sede en el Parque Metropolitano\" \/>\n<meta property=\"og:url\" content=\"https:\/\/alcaldiaalbertoadriani.com\/?p=15343\" \/>\n<meta property=\"og:site_name\" content=\"Alcaldia Alberto Adriani\" \/>\n<meta property=\"article:published_time\" content=\"2026-03-06T19:12:20+00:00\" \/>\n<meta property=\"article:modified_time\" content=\"2026-03-06T19:12:25+00:00\" \/>\n<meta property=\"og:image\" content=\"https:\/\/alcaldiaalbertoadriani.com\/wp-content\/uploads\/2026\/03\/photo_4994962427866712916_y.jpg\" \/>\n\t<meta property=\"og:image:width\" content=\"1280\" \/>\n\t<meta property=\"og:image:height\" content=\"962\" \/>\n\t<meta property=\"og:image:type\" content=\"image\/jpeg\" \/>\n<meta name=\"author\" content=\"Prensa\" \/>\n<meta name=\"twitter:card\" content=\"summary_large_image\" \/>\n<meta name=\"twitter:label1\" content=\"Escrito por\" \/>\n\t<meta name=\"twitter:data1\" content=\"Prensa\" \/>\n\t<meta name=\"twitter:label2\" content=\"Tiempo de lectura\" \/>\n\t<meta name=\"twitter:data2\" content=\"2 minutos\" \/>\n<script type=\"application\/ld+json\" class=\"yoast-schema-graph\">{\"@context\":\"https:\/\/schema.org\",\"@graph\":[{\"@type\":\"WebPage\",\"@id\":\"https:\/\/alcaldiaalbertoadriani.com\/?p=15343\",\"url\":\"https:\/\/alcaldiaalbertoadriani.com\/?p=15343\",\"name\":\"Lisandro Segura sostuvo encuentro con Sistema de Orquestas\",\"isPartOf\":{\"@id\":\"https:\/\/alcaldiaalbertoadriani.com\/#website\"},\"datePublished\":\"2026-03-06T19:12:20+00:00\",\"dateModified\":\"2026-03-06T19:12:25+00:00\",\"author\":{\"@id\":\"https:\/\/alcaldiaalbertoadriani.com\/#\/schema\/person\/549b4483ff8999ac780deeea78795fc9\"},\"description\":\"Lisandro Segura sostuvo encuentro con Sistema de Orquestas n\u00facleo El Vig\u00eda para consolidar su sede en el Parque Metropolitano\",\"breadcrumb\":{\"@id\":\"https:\/\/alcaldiaalbertoadriani.com\/?p=15343#breadcrumb\"},\"inLanguage\":\"es\",\"potentialAction\":[{\"@type\":\"ReadAction\",\"target\":[\"https:\/\/alcaldiaalbertoadriani.com\/?p=15343\"]}]},{\"@type\":\"BreadcrumbList\",\"@id\":\"https:\/\/alcaldiaalbertoadriani.com\/?p=15343#breadcrumb\",\"itemListElement\":[{\"@type\":\"ListItem\",\"position\":1,\"name\":\"Portada\",\"item\":\"https:\/\/alcaldiaalbertoadriani.com\/\"},{\"@type\":\"ListItem\",\"position\":2,\"name\":\"Lisandro Segura sostuvo encuentro con Sistema de Orquestas n\u00facleo El Vig\u00eda para consolidar su sede\"}]},{\"@type\":\"WebSite\",\"@id\":\"https:\/\/alcaldiaalbertoadriani.com\/#website\",\"url\":\"https:\/\/alcaldiaalbertoadriani.com\/\",\"name\":\"Alcaldia Alberto Adriani\",\"description\":\"\",\"potentialAction\":[{\"@type\":\"SearchAction\",\"target\":{\"@type\":\"EntryPoint\",\"urlTemplate\":\"https:\/\/alcaldiaalbertoadriani.com\/?s={search_term_string}\"},\"query-input\":\"required name=search_term_string\"}],\"inLanguage\":\"es\"},{\"@type\":\"Person\",\"@id\":\"https:\/\/alcaldiaalbertoadriani.com\/#\/schema\/person\/549b4483ff8999ac780deeea78795fc9\",\"name\":\"Prensa\",\"image\":{\"@type\":\"ImageObject\",\"inLanguage\":\"es\",\"@id\":\"https:\/\/alcaldiaalbertoadriani.com\/#\/schema\/person\/image\/\",\"url\":\"https:\/\/secure.gravatar.com\/avatar\/ea1cb567ea992a29627f4eee1c2eb185ec16decec6342d508fdf18dedb56c9de?s=96&d=mm&r=g\",\"contentUrl\":\"https:\/\/secure.gravatar.com\/avatar\/ea1cb567ea992a29627f4eee1c2eb185ec16decec6342d508fdf18dedb56c9de?s=96&d=mm&r=g\",\"caption\":\"Prensa\"},\"url\":\"https:\/\/alcaldiaalbertoadriani.com\/?author=2\"}]}<\/script>\n<!-- \/ Yoast SEO plugin. -->","yoast_head_json":{"title":"Lisandro Segura sostuvo encuentro con Sistema de Orquestas","description":"Lisandro Segura sostuvo encuentro con Sistema de Orquestas n\u00facleo El Vig\u00eda para consolidar su sede en el Parque Metropolitano","robots":{"index":"index","follow":"follow","max-snippet":"max-snippet:-1","max-image-preview":"max-image-preview:large","max-video-preview":"max-video-preview:-1"},"canonical":"https:\/\/alcaldiaalbertoadriani.com\/?p=15343","og_locale":"es_ES","og_type":"article","og_title":"Lisandro Segura sostuvo encuentro con Sistema de Orquestas","og_description":"Lisandro Segura sostuvo encuentro con Sistema de Orquestas n\u00facleo El Vig\u00eda para consolidar su sede en el Parque Metropolitano","og_url":"https:\/\/alcaldiaalbertoadriani.com\/?p=15343","og_site_name":"Alcaldia Alberto Adriani","article_published_time":"2026-03-06T19:12:20+00:00","article_modified_time":"2026-03-06T19:12:25+00:00","og_image":[{"width":1280,"height":962,"url":"https:\/\/alcaldiaalbertoadriani.com\/wp-content\/uploads\/2026\/03\/photo_4994962427866712916_y.jpg","type":"image\/jpeg"}],"author":"Prensa","twitter_card":"summary_large_image","twitter_misc":{"Escrito por":"Prensa","Tiempo de lectura":"2 minutos"},"schema":{"@context":"https:\/\/schema.org","@graph":[{"@type":"WebPage","@id":"https:\/\/alcaldiaalbertoadriani.com\/?p=15343","url":"https:\/\/alcaldiaalbertoadriani.com\/?p=15343","name":"Lisandro Segura sostuvo encuentro con Sistema de Orquestas","isPartOf":{"@id":"https:\/\/alcaldiaalbertoadriani.com\/#website"},"datePublished":"2026-03-06T19:12:20+00:00","dateModified":"2026-03-06T19:12:25+00:00","author":{"@id":"https:\/\/alcaldiaalbertoadriani.com\/#\/schema\/person\/549b4483ff8999ac780deeea78795fc9"},"description":"Lisandro Segura sostuvo encuentro con Sistema de Orquestas n\u00facleo El Vig\u00eda para consolidar su sede en el Parque Metropolitano","breadcrumb":{"@id":"https:\/\/alcaldiaalbertoadriani.com\/?p=15343#breadcrumb"},"inLanguage":"es","potentialAction":[{"@type":"ReadAction","target":["https:\/\/alcaldiaalbertoadriani.com\/?p=15343"]}]},{"@type":"BreadcrumbList","@id":"https:\/\/alcaldiaalbertoadriani.com\/?p=15343#breadcrumb","itemListElement":[{"@type":"ListItem","position":1,"name":"Portada","item":"https:\/\/alcaldiaalbertoadriani.com\/"},{"@type":"ListItem","position":2,"name":"Lisandro Segura sostuvo encuentro con Sistema de Orquestas n\u00facleo El Vig\u00eda para consolidar su sede"}]},{"@type":"WebSite","@id":"https:\/\/alcaldiaalbertoadriani.com\/#website","url":"https:\/\/alcaldiaalbertoadriani.com\/","name":"Alcaldia Alberto Adriani","description":"","potentialAction":[{"@type":"SearchAction","target":{"@type":"EntryPoint","urlTemplate":"https:\/\/alcaldiaalbertoadriani.com\/?s={search_term_string}"},"query-input":"required name=search_term_string"}],"inLanguage":"es"},{"@type":"Person","@id":"https:\/\/alcaldiaalbertoadriani.com\/#\/schema\/person\/549b4483ff8999ac780deeea78795fc9","name":"Prensa","image":{"@type":"ImageObject","inLanguage":"es","@id":"https:\/\/alcaldiaalbertoadriani.com\/#\/schema\/person\/image\/","url":"https:\/\/secure.gravatar.com\/avatar\/ea1cb567ea992a29627f4eee1c2eb185ec16decec6342d508fdf18dedb56c9de?s=96&d=mm&r=g","contentUrl":"https:\/\/secure.gravatar.com\/avatar\/ea1cb567ea992a29627f4eee1c2eb185ec16decec6342d508fdf18dedb56c9de?s=96&d=mm&r=g","caption":"Prensa"},"url":"https:\/\/alcaldiaalbertoadriani.com\/?author=2"}]}},"_links":{"self":[{"href":"https:\/\/alcaldiaalbertoadriani.com\/index.php?rest_route=\/wp\/v2\/posts\/15343","targetHints":{"allow":["GET"]}}],"collection":[{"href":"https:\/\/alcaldiaalbertoadriani.com\/index.php?rest_route=\/wp\/v2\/posts"}],"about":[{"href":"https:\/\/alcaldiaalbertoadriani.com\/index.php?rest_route=\/wp\/v2\/types\/post"}],"author":[{"embeddable":true,"href":"https:\/\/alcaldiaalbertoadriani.com\/index.php?rest_route=\/wp\/v2\/users\/2"}],"replies":[{"embeddable":true,"href":"https:\/\/alcaldiaalbertoadriani.com\/index.php?rest_route=%2Fwp%2Fv2%2Fcomments&post=15343"}],"version-history":[{"count":1,"href":"https:\/\/alcaldiaalbertoadriani.com\/index.php?rest_route=\/wp\/v2\/posts\/15343\/revisions"}],"predecessor-version":[{"id":15346,"href":"https:\/\/alcaldiaalbertoadriani.com\/index.php?rest_route=\/wp\/v2\/posts\/15343\/revisions\/15346"}],"wp:featuredmedia":[{"embeddable":true,"href":"https:\/\/alcaldiaalbertoadriani.com\/index.php?rest_route=\/wp\/v2\/media\/15344"}],"wp:attachment":[{"href":"https:\/\/alcaldiaalbertoadriani.com\/index.php?rest_route=%2Fwp%2Fv2%2Fmedia&parent=15343"}],"wp:term":[{"taxonomy":"category","embeddable":true,"href":"https:\/\/alcaldiaalbertoadriani.com\/index.php?rest_route=%2Fwp%2Fv2%2Fcategories&post=15343"},{"taxonomy":"post_tag","embeddable":true,"href":"https:\/\/alcaldiaalbertoadriani.com\/index.php?rest_route=%2Fwp%2Fv2%2Ftags&post=15343"}],"curies":[{"name":"wp","href":"https:\/\/api.w.org\/{rel}","templated":true}]}}