{"id":15337,"date":"2026-03-06T18:57:03","date_gmt":"2026-03-06T18:57:03","guid":{"rendered":"https:\/\/alcaldiaalbertoadriani.com\/?p=15337"},"modified":"2026-03-06T18:57:07","modified_gmt":"2026-03-06T18:57:07","slug":"alcalde-lisandro-segura-informo-sobre-avances-en-alumbrado","status":"publish","type":"post","link":"https:\/\/alcaldiaalbertoadriani.com\/?p=15337","title":{"rendered":"Alcalde Lisandro Segura inform\u00f3 sobre avances en alumbrado p\u00fablico"},"content":{"rendered":"\n<p>Desde la <a href=\"https:\/\/alcaldiaalbertoadriani.com\/?p=5223\">parroquia Jos\u00e9 Nucete Sardi<\/a>, durante la transmisi\u00f3n de su programa radial, el alcalde del municipio Alberto Adriani, <a href=\"https:\/\/www.instagram.com\/lisandrosegura02\/\">Lisandro Segura<\/a>, inform\u00f3 sobre los avances de la gesti\u00f3n municipal en materia de alumbrado p\u00fablico.<\/p>\n\n\n\n<p>El alcalde destac\u00f3, que actualmente contin\u00faan realizando inspecciones t\u00e9cnicas en materia de <a href=\"https:\/\/alcaldiaalbertoadriani.com\/?tag=alcaldia-reparo-alumbrado-publico\">alumbrado p\u00fablico<\/a> en las parroquias Rafael Pulido M\u00e9ndez, R\u00f3mulo Gallegos y R\u00f3mulo Betancourt, con el objetivo de evaluar las condiciones del sistema y planificar futuros trabajos que permitan mejorar el servicio en estas localidades.<\/p>\n\n\n\n<p>Durante su intervenci\u00f3n, explic\u00f3 a la ciudadan\u00eda la situaci\u00f3n administrativa relacionada con la competencia del alumbrado p\u00fablico. Record\u00f3 que, durante el tercer trimestre del a\u00f1o pasado, autoridades de Corpoelec informaron verbalmente que esta responsabilidad pasar\u00eda a ser competencia de los gobiernos municipales.<\/p>\n\n\n\n<figure class=\"wp-block-gallery has-nested-images columns-default is-cropped wp-block-gallery-1 is-layout-flex wp-block-gallery-is-layout-flex\">\n<figure class=\"wp-block-image size-large\"><img loading=\"lazy\" decoding=\"async\" width=\"1024\" height=\"576\" data-id=\"15341\" src=\"https:\/\/alcaldiaalbertoadriani.com\/wp-content\/uploads\/2026\/03\/photo_4992415572389727152_y-1-1024x576.jpg\" alt=\"\" class=\"wp-image-15341\" srcset=\"https:\/\/alcaldiaalbertoadriani.com\/wp-content\/uploads\/2026\/03\/photo_4992415572389727152_y-1-1024x576.jpg 1024w, https:\/\/alcaldiaalbertoadriani.com\/wp-content\/uploads\/2026\/03\/photo_4992415572389727152_y-1-980x551.jpg 980w, https:\/\/alcaldiaalbertoadriani.com\/wp-content\/uploads\/2026\/03\/photo_4992415572389727152_y-1-480x270.jpg 480w\" sizes=\"auto, (min-width: 0px) and (max-width: 480px) 480px, (min-width: 481px) and (max-width: 980px) 980px, (min-width: 981px) 1024px, 100vw\" \/><\/figure>\n<\/figure>\n\n\n\n<p>No obstante, aclar\u00f3 que hasta la fecha la municipalidad no ha recibido una notificaci\u00f3n oficial por escrito ni recursos financieros para asumir dicha competencia. Adem\u00e1s, se\u00f1al\u00f3 que el sistema de alumbrado p\u00fablico recibido presenta un considerable deterioro y deficiencias acumuladas durante a\u00f1os.<\/p>\n\n\n\n<p>\u201cNos han transferido la competencia del alumbrado p\u00fablico, pero no nos han transferido recursos, y tampoco nos han entregado un sistema en \u00f3ptimas condiciones para iniciar su mantenimiento\u201d, expres\u00f3.<\/p>\n\n\n\n<p>El alcalde explic\u00f3 que la recuperaci\u00f3n integral del sistema de iluminaci\u00f3n del municipio representa una inversi\u00f3n considerable. Como ejemplo, indic\u00f3 que instalar alumbrado p\u00fablico en la avenida Jos\u00e9 Antonio P\u00e1ez, conocida como avenida Aeropuerto, desde la intersecci\u00f3n con la avenida Don Pepe Rojas hasta el aeropuerto, tiene un costo aproximado de 80 mil d\u00f3lares. De igual manera, el alumbrado de la avenida Rotaria requerir\u00eda una inversi\u00f3n superior a los 100 mil d\u00f3lares.<\/p>\n\n\n\n<h2 class=\"wp-block-heading\"><strong><em>Mejoras del alumbrado hechas<\/em><\/strong><\/h2>\n\n\n\n<p>Segura destac\u00f3 que actualmente se ejecutan importantes labores de mejora del servicio de iluminaci\u00f3n en diferentes puntos del municipio. En este sentido, se\u00f1al\u00f3 que recientemente se culminaron trabajos en la avenida 15, donde fueron instaladas 100 luminarias LED tipo cobra de 200 watts, con el objetivo de garantizar mejores condiciones de alumbrado p\u00fablico en esta importante arteria vial.<\/p>\n\n\n\n<p>\u201cEste es un trabajo que venimos ejecutando desde principios de a\u00f1o y que ya hemos culminado, permitiendo fortalecer la iluminaci\u00f3n y la seguridad en esta zona\u201d, indic\u00f3.<\/p>\n\n\n\n<p>Asimismo, inform\u00f3 que se realizaron labores de mantenimiento del sistema de alumbrado interno en el&nbsp; per\u00edmetro del galp\u00f3n de infraestructura de la alcald\u00eda, ubicado en la zona industrial. De igual forma, en el parque La Guacamaya se ejecutaron trabajos de acondicionamiento de las tuber\u00edas destinadas a los circuitos el\u00e9ctricos de sus \u00e1reas recreativas.<\/p>\n\n\n\n<h2 class=\"wp-block-heading\"><strong><em>Nuevos proyectos<\/em><\/strong><\/h2>\n\n\n\n<p>Pese a las limitaciones, el gobierno municipal contin\u00faa avanzando con recursos propios provenientes de los impuestos municipales. En este sentido, Segura inform\u00f3 que se est\u00e1 elaborando un expediente con las solicitudes de las comunidades relacionadas con fallas en el alumbrado p\u00fablico, con el prop\u00f3sito de realizar una compra importante de luminarias que permita atender m\u00faltiples sectores de forma organizada y eficiente.<\/p>\n\n\n\n<p>Igualmente, anunci\u00f3 que para el a\u00f1o 2026 se encuentran planificados diez proyectos de electrificaci\u00f3n en distintos sectores del municipio, los cuales representan inversiones que oscilan entre los 10 mil y 30 mil d\u00f3lares cada uno.<\/p>\n\n\n\n<p>Finalmente, el alcalde explic\u00f3 que la ejecuci\u00f3n de estos proyectos se realizar\u00e1 progresivamente durante el a\u00f1o, cumpliendo as\u00ed con el 100% del plan de inversi\u00f3n. <strong><em>Prensa OIPI: Tahiry Villalobos \/ CNP:23.225 Foto OIPI<\/em><\/strong><\/p>\n\n\n\n<figure class=\"wp-block-gallery has-nested-images columns-default is-cropped wp-block-gallery-2 is-layout-flex wp-block-gallery-is-layout-flex\">\n<figure class=\"wp-block-image size-large\"><img loading=\"lazy\" decoding=\"async\" width=\"1024\" height=\"461\" data-id=\"15339\" src=\"https:\/\/alcaldiaalbertoadriani.com\/wp-content\/uploads\/2026\/03\/photo_4992415572389727150_y-1-1024x461.jpg\" alt=\"\" class=\"wp-image-15339\" srcset=\"https:\/\/alcaldiaalbertoadriani.com\/wp-content\/uploads\/2026\/03\/photo_4992415572389727150_y-1-1024x461.jpg 1024w, https:\/\/alcaldiaalbertoadriani.com\/wp-content\/uploads\/2026\/03\/photo_4992415572389727150_y-1-980x441.jpg 980w, https:\/\/alcaldiaalbertoadriani.com\/wp-content\/uploads\/2026\/03\/photo_4992415572389727150_y-1-480x216.jpg 480w\" sizes=\"auto, (min-width: 0px) and (max-width: 480px) 480px, (min-width: 481px) and (max-width: 980px) 980px, (min-width: 981px) 1024px, 100vw\" \/><\/figure>\n\n\n\n<figure class=\"wp-block-image size-large\"><img loading=\"lazy\" decoding=\"async\" width=\"1024\" height=\"461\" data-id=\"15340\" src=\"https:\/\/alcaldiaalbertoadriani.com\/wp-content\/uploads\/2026\/03\/photo_4992415572389727151_y-1-1024x461.jpg\" alt=\"\" class=\"wp-image-15340\" srcset=\"https:\/\/alcaldiaalbertoadriani.com\/wp-content\/uploads\/2026\/03\/photo_4992415572389727151_y-1-1024x461.jpg 1024w, https:\/\/alcaldiaalbertoadriani.com\/wp-content\/uploads\/2026\/03\/photo_4992415572389727151_y-1-980x441.jpg 980w, https:\/\/alcaldiaalbertoadriani.com\/wp-content\/uploads\/2026\/03\/photo_4992415572389727151_y-1-480x216.jpg 480w\" sizes=\"auto, (min-width: 0px) and (max-width: 480px) 480px, (min-width: 481px) and (max-width: 980px) 980px, (min-width: 981px) 1024px, 100vw\" \/><\/figure>\n<\/figure>\n","protected":false},"excerpt":{"rendered":"<p>Desde la parroquia Jos\u00e9 Nucete Sardi, durante la transmisi\u00f3n de su programa radial, el alcalde del municipio Alberto Adriani, Lisandro Segura, inform\u00f3 sobre los avances de la gesti\u00f3n municipal en [&hellip;]<\/p>\n","protected":false},"author":2,"featured_media":15338,"comment_status":"open","ping_status":"closed","sticky":false,"template":"","format":"standard","meta":{"_et_pb_use_builder":"off","_et_pb_old_content":"","_et_gb_content_width":"","footnotes":""},"categories":[341,25],"tags":[31,11,12,15,761,30,29,28],"class_list":["post-15337","post","type-post","status-publish","format-standard","has-post-thumbnail","hentry","category-alcaldia-alberto-adriani","category-nuestro-municipio","tag-alcalde","tag-alcaldia","tag-alcaldiaalbertoadriani","tag-elvigia","tag-encrucijadadeprogreso","tag-lisandrosegura","tag-municipioquenosmerecemos","tag-porelrenacer"],"yoast_head":"<!-- This site is optimized with the Yoast SEO plugin v19.13 - https:\/\/yoast.com\/wordpress\/plugins\/seo\/ -->\n<title>Alcalde Lisandro Segura inform\u00f3 sobre avances en alumbrado<\/title>\n<meta name=\"description\" content=\"Alcalde Lisandro Segura inform\u00f3 sobre avances en alumbrado p\u00fablico durante la transmisi\u00f3n de su programa radial\" \/>\n<meta name=\"robots\" content=\"index, follow, max-snippet:-1, max-image-preview:large, max-video-preview:-1\" \/>\n<link rel=\"canonical\" href=\"https:\/\/alcaldiaalbertoadriani.com\/?p=15337\" \/>\n<meta property=\"og:locale\" content=\"es_ES\" \/>\n<meta property=\"og:type\" content=\"article\" \/>\n<meta property=\"og:title\" content=\"Alcalde Lisandro Segura inform\u00f3 sobre avances en alumbrado\" \/>\n<meta property=\"og:description\" content=\"Alcalde Lisandro Segura inform\u00f3 sobre avances en alumbrado p\u00fablico durante la transmisi\u00f3n de su programa radial\" \/>\n<meta property=\"og:url\" content=\"https:\/\/alcaldiaalbertoadriani.com\/?p=15337\" \/>\n<meta property=\"og:site_name\" content=\"Alcaldia Alberto Adriani\" \/>\n<meta property=\"article:published_time\" content=\"2026-03-06T18:57:03+00:00\" \/>\n<meta property=\"article:modified_time\" content=\"2026-03-06T18:57:07+00:00\" \/>\n<meta property=\"og:image\" content=\"https:\/\/alcaldiaalbertoadriani.com\/wp-content\/uploads\/2026\/03\/photo_4992415572389727149_y-1.jpg\" \/>\n\t<meta property=\"og:image:width\" content=\"1280\" \/>\n\t<meta property=\"og:image:height\" content=\"576\" \/>\n\t<meta property=\"og:image:type\" content=\"image\/jpeg\" \/>\n<meta name=\"author\" content=\"Prensa\" \/>\n<meta name=\"twitter:card\" content=\"summary_large_image\" \/>\n<meta name=\"twitter:label1\" content=\"Escrito por\" \/>\n\t<meta name=\"twitter:data1\" content=\"Prensa\" \/>\n\t<meta name=\"twitter:label2\" content=\"Tiempo de lectura\" \/>\n\t<meta name=\"twitter:data2\" content=\"4 minutos\" \/>\n<script type=\"application\/ld+json\" class=\"yoast-schema-graph\">{\"@context\":\"https:\/\/schema.org\",\"@graph\":[{\"@type\":\"WebPage\",\"@id\":\"https:\/\/alcaldiaalbertoadriani.com\/?p=15337\",\"url\":\"https:\/\/alcaldiaalbertoadriani.com\/?p=15337\",\"name\":\"Alcalde Lisandro Segura inform\u00f3 sobre avances en alumbrado\",\"isPartOf\":{\"@id\":\"https:\/\/alcaldiaalbertoadriani.com\/#website\"},\"datePublished\":\"2026-03-06T18:57:03+00:00\",\"dateModified\":\"2026-03-06T18:57:07+00:00\",\"author\":{\"@id\":\"https:\/\/alcaldiaalbertoadriani.com\/#\/schema\/person\/549b4483ff8999ac780deeea78795fc9\"},\"description\":\"Alcalde Lisandro Segura inform\u00f3 sobre avances en alumbrado p\u00fablico durante la transmisi\u00f3n de su programa radial\",\"breadcrumb\":{\"@id\":\"https:\/\/alcaldiaalbertoadriani.com\/?p=15337#breadcrumb\"},\"inLanguage\":\"es\",\"potentialAction\":[{\"@type\":\"ReadAction\",\"target\":[\"https:\/\/alcaldiaalbertoadriani.com\/?p=15337\"]}]},{\"@type\":\"BreadcrumbList\",\"@id\":\"https:\/\/alcaldiaalbertoadriani.com\/?p=15337#breadcrumb\",\"itemListElement\":[{\"@type\":\"ListItem\",\"position\":1,\"name\":\"Portada\",\"item\":\"https:\/\/alcaldiaalbertoadriani.com\/\"},{\"@type\":\"ListItem\",\"position\":2,\"name\":\"Alcalde Lisandro Segura inform\u00f3 sobre avances en alumbrado p\u00fablico\"}]},{\"@type\":\"WebSite\",\"@id\":\"https:\/\/alcaldiaalbertoadriani.com\/#website\",\"url\":\"https:\/\/alcaldiaalbertoadriani.com\/\",\"name\":\"Alcaldia Alberto Adriani\",\"description\":\"\",\"potentialAction\":[{\"@type\":\"SearchAction\",\"target\":{\"@type\":\"EntryPoint\",\"urlTemplate\":\"https:\/\/alcaldiaalbertoadriani.com\/?s={search_term_string}\"},\"query-input\":\"required name=search_term_string\"}],\"inLanguage\":\"es\"},{\"@type\":\"Person\",\"@id\":\"https:\/\/alcaldiaalbertoadriani.com\/#\/schema\/person\/549b4483ff8999ac780deeea78795fc9\",\"name\":\"Prensa\",\"image\":{\"@type\":\"ImageObject\",\"inLanguage\":\"es\",\"@id\":\"https:\/\/alcaldiaalbertoadriani.com\/#\/schema\/person\/image\/\",\"url\":\"https:\/\/secure.gravatar.com\/avatar\/ea1cb567ea992a29627f4eee1c2eb185ec16decec6342d508fdf18dedb56c9de?s=96&d=mm&r=g\",\"contentUrl\":\"https:\/\/secure.gravatar.com\/avatar\/ea1cb567ea992a29627f4eee1c2eb185ec16decec6342d508fdf18dedb56c9de?s=96&d=mm&r=g\",\"caption\":\"Prensa\"},\"url\":\"https:\/\/alcaldiaalbertoadriani.com\/?author=2\"}]}<\/script>\n<!-- \/ Yoast SEO plugin. -->","yoast_head_json":{"title":"Alcalde Lisandro Segura inform\u00f3 sobre avances en alumbrado","description":"Alcalde Lisandro Segura inform\u00f3 sobre avances en alumbrado p\u00fablico durante la transmisi\u00f3n de su programa radial","robots":{"index":"index","follow":"follow","max-snippet":"max-snippet:-1","max-image-preview":"max-image-preview:large","max-video-preview":"max-video-preview:-1"},"canonical":"https:\/\/alcaldiaalbertoadriani.com\/?p=15337","og_locale":"es_ES","og_type":"article","og_title":"Alcalde Lisandro Segura inform\u00f3 sobre avances en alumbrado","og_description":"Alcalde Lisandro Segura inform\u00f3 sobre avances en alumbrado p\u00fablico durante la transmisi\u00f3n de su programa radial","og_url":"https:\/\/alcaldiaalbertoadriani.com\/?p=15337","og_site_name":"Alcaldia Alberto Adriani","article_published_time":"2026-03-06T18:57:03+00:00","article_modified_time":"2026-03-06T18:57:07+00:00","og_image":[{"width":1280,"height":576,"url":"https:\/\/alcaldiaalbertoadriani.com\/wp-content\/uploads\/2026\/03\/photo_4992415572389727149_y-1.jpg","type":"image\/jpeg"}],"author":"Prensa","twitter_card":"summary_large_image","twitter_misc":{"Escrito por":"Prensa","Tiempo de lectura":"4 minutos"},"schema":{"@context":"https:\/\/schema.org","@graph":[{"@type":"WebPage","@id":"https:\/\/alcaldiaalbertoadriani.com\/?p=15337","url":"https:\/\/alcaldiaalbertoadriani.com\/?p=15337","name":"Alcalde Lisandro Segura inform\u00f3 sobre avances en alumbrado","isPartOf":{"@id":"https:\/\/alcaldiaalbertoadriani.com\/#website"},"datePublished":"2026-03-06T18:57:03+00:00","dateModified":"2026-03-06T18:57:07+00:00","author":{"@id":"https:\/\/alcaldiaalbertoadriani.com\/#\/schema\/person\/549b4483ff8999ac780deeea78795fc9"},"description":"Alcalde Lisandro Segura inform\u00f3 sobre avances en alumbrado p\u00fablico durante la transmisi\u00f3n de su programa radial","breadcrumb":{"@id":"https:\/\/alcaldiaalbertoadriani.com\/?p=15337#breadcrumb"},"inLanguage":"es","potentialAction":[{"@type":"ReadAction","target":["https:\/\/alcaldiaalbertoadriani.com\/?p=15337"]}]},{"@type":"BreadcrumbList","@id":"https:\/\/alcaldiaalbertoadriani.com\/?p=15337#breadcrumb","itemListElement":[{"@type":"ListItem","position":1,"name":"Portada","item":"https:\/\/alcaldiaalbertoadriani.com\/"},{"@type":"ListItem","position":2,"name":"Alcalde Lisandro Segura inform\u00f3 sobre avances en alumbrado p\u00fablico"}]},{"@type":"WebSite","@id":"https:\/\/alcaldiaalbertoadriani.com\/#website","url":"https:\/\/alcaldiaalbertoadriani.com\/","name":"Alcaldia Alberto Adriani","description":"","potentialAction":[{"@type":"SearchAction","target":{"@type":"EntryPoint","urlTemplate":"https:\/\/alcaldiaalbertoadriani.com\/?s={search_term_string}"},"query-input":"required name=search_term_string"}],"inLanguage":"es"},{"@type":"Person","@id":"https:\/\/alcaldiaalbertoadriani.com\/#\/schema\/person\/549b4483ff8999ac780deeea78795fc9","name":"Prensa","image":{"@type":"ImageObject","inLanguage":"es","@id":"https:\/\/alcaldiaalbertoadriani.com\/#\/schema\/person\/image\/","url":"https:\/\/secure.gravatar.com\/avatar\/ea1cb567ea992a29627f4eee1c2eb185ec16decec6342d508fdf18dedb56c9de?s=96&d=mm&r=g","contentUrl":"https:\/\/secure.gravatar.com\/avatar\/ea1cb567ea992a29627f4eee1c2eb185ec16decec6342d508fdf18dedb56c9de?s=96&d=mm&r=g","caption":"Prensa"},"url":"https:\/\/alcaldiaalbertoadriani.com\/?author=2"}]}},"_links":{"self":[{"href":"https:\/\/alcaldiaalbertoadriani.com\/index.php?rest_route=\/wp\/v2\/posts\/15337","targetHints":{"allow":["GET"]}}],"collection":[{"href":"https:\/\/alcaldiaalbertoadriani.com\/index.php?rest_route=\/wp\/v2\/posts"}],"about":[{"href":"https:\/\/alcaldiaalbertoadriani.com\/index.php?rest_route=\/wp\/v2\/types\/post"}],"author":[{"embeddable":true,"href":"https:\/\/alcaldiaalbertoadriani.com\/index.php?rest_route=\/wp\/v2\/users\/2"}],"replies":[{"embeddable":true,"href":"https:\/\/alcaldiaalbertoadriani.com\/index.php?rest_route=%2Fwp%2Fv2%2Fcomments&post=15337"}],"version-history":[{"count":1,"href":"https:\/\/alcaldiaalbertoadriani.com\/index.php?rest_route=\/wp\/v2\/posts\/15337\/revisions"}],"predecessor-version":[{"id":15342,"href":"https:\/\/alcaldiaalbertoadriani.com\/index.php?rest_route=\/wp\/v2\/posts\/15337\/revisions\/15342"}],"wp:featuredmedia":[{"embeddable":true,"href":"https:\/\/alcaldiaalbertoadriani.com\/index.php?rest_route=\/wp\/v2\/media\/15338"}],"wp:attachment":[{"href":"https:\/\/alcaldiaalbertoadriani.com\/index.php?rest_route=%2Fwp%2Fv2%2Fmedia&parent=15337"}],"wp:term":[{"taxonomy":"category","embeddable":true,"href":"https:\/\/alcaldiaalbertoadriani.com\/index.php?rest_route=%2Fwp%2Fv2%2Fcategories&post=15337"},{"taxonomy":"post_tag","embeddable":true,"href":"https:\/\/alcaldiaalbertoadriani.com\/index.php?rest_route=%2Fwp%2Fv2%2Ftags&post=15337"}],"curies":[{"name":"wp","href":"https:\/\/api.w.org\/{rel}","templated":true}]}}