{"id":15334,"date":"2026-03-06T18:35:50","date_gmt":"2026-03-06T18:35:50","guid":{"rendered":"https:\/\/alcaldiaalbertoadriani.com\/?p=15334"},"modified":"2026-03-06T18:35:54","modified_gmt":"2026-03-06T18:35:54","slug":"lisandro-segura-ofrecio-detalles-sobre-diversas-obras","status":"publish","type":"post","link":"https:\/\/alcaldiaalbertoadriani.com\/?p=15334","title":{"rendered":"Lisandro Segura ofreci\u00f3 detalles sobre diversas obras en el municipio"},"content":{"rendered":"\n<p>En su programa radial desde Los Naranjos, el alcalde <a href=\"https:\/\/www.instagram.com\/lisandrosegura02\/\">Lisandro Segura<\/a>, ofreci\u00f3 detalles sobre los trabajos de dragado y canalizaci\u00f3n de aguas pluviales en los sectores afectados por las lluvias en la <a href=\"https:\/\/alcaldiaalbertoadriani.com\/?p=5223\">parroquia Jos\u00e9 Nucete Sardi<\/a>, entre otras acciones de gobierno. Le acompa\u00f1aron los concejales del circuito y l\u00edderes comunitarios.<\/p>\n\n\n\n<p>El burgomaestre detall\u00f3 el avance progresivo de los trabajos de canalizaci\u00f3n de aguas pluviales y que est\u00e1n por concluir en los sectores Provivienda 97, La Batea, Para\u00edso 3 y Bol\u00edvar de La poblaci\u00f3n de Los Naranjos.<\/p>\n\n\n\n<p>&#8220;Hemos limpiado y canalizado 3 kil\u00f3metros aproximadamente entre los canales internos y contiguo a los sectores que fueron afectados por las lluvias; trabajos que permitir\u00e1 que las aguas fluyan sin obst\u00e1culos&#8221;, subray\u00f3. Para ello, se ha utilizado maquinaria tipo jumbo y una m\u00e1quina peque\u00f1a retro (zanjero) aportado por los productores, adem\u00e1s del apoyo de la comunidad.<\/p>\n\n\n\n<p>Sin embargo, dijo que se debe hacer un trabajo de mantenimiento anualmente.<\/p>\n\n\n\n<p>Segura, anunci\u00f3 que ejecutar\u00e1n obras complementarias para optimizar el drenaje. &#8220;En el sector La Batea, en ese punto espec\u00edfico, se construir\u00e1 una alcantarilla de paso de agua con mayor capacidad. Tambi\u00e9n vamos a construir una alcantarilla o caj\u00f3n en el sector Provivienda 97 por las adyacencias del Sr. Olivo\u201d, afirm\u00f3.&nbsp;<\/p>\n\n\n\n<h2 class=\"wp-block-heading\"><strong><em>Vialidad<\/em><\/strong><\/h2>\n\n\n\n<p>Igualmente, mencion\u00f3 los avances del plan de limpieza de las m\u00e1rgenes de la v\u00eda a Los Naranjos como pre\u00e1mbulo al plan de asfaltado. &#8220;Vamos a usar la m\u00e1quina tipo patrol para limpiar los orillos de la v\u00eda donde se amerite y luego procederemos a asfaltar esta importante vialidad&#8221;.<\/p>\n\n\n\n<h2 class=\"wp-block-heading\"><strong><em>Alumbrado p\u00fablico<\/em><\/strong><\/h2>\n\n\n\n<p>Con relaci\u00f3n al alumbrado p\u00fablico explic\u00f3 los trabajos que ha venido ejecutando e inform\u00f3 que para este a\u00f1o tiene en la planificaci\u00f3n la ejecuci\u00f3n de 10 proyectos de electrificaci\u00f3n en diversos sectores del municipio.<\/p>\n\n\n\n<p>Respecto al puente que se construye en la v\u00eda Las Adjuntas, inform\u00f3 que luego termine los trabajos en Los Naranjos, enviar\u00e1 la maquinaria para culminar dicha obra.<\/p>\n\n\n\n<h2 class=\"wp-block-heading\"><strong><em>Cultura y compromiso social<\/em><\/strong><\/h2>\n\n\n\n<p>El alcalde anunci\u00f3 un acuerdo con el Sistema de Orquestas N\u00facleo El Vig\u00eda para consolidar su sede en la futura concha ac\u00fastica ue se har\u00e1 en el Parque Metropolitano.<\/p>\n\n\n\n<p>\u200bFinalmente, invit\u00f3 a la ciudadan\u00eda al &#8220;Concierto de Boleros&#8221; de la Banda Inocente Carre\u00f1o, que se realizar\u00e1 este s\u00e1bado 07 de marzo en Juniotel. <strong><em>Prensa Alcald\u00eda Alberto Adriani OIPI\/Claribel Zambrano CNP 11.843\/Foto:Karla M\u00e1rquez.<\/em><\/strong><\/p>\n","protected":false},"excerpt":{"rendered":"<p>En su programa radial desde Los Naranjos, el alcalde Lisandro Segura, ofreci\u00f3 detalles sobre los trabajos de dragado y canalizaci\u00f3n de aguas pluviales en los sectores afectados por las lluvias [&hellip;]<\/p>\n","protected":false},"author":2,"featured_media":15335,"comment_status":"open","ping_status":"closed","sticky":false,"template":"","format":"standard","meta":{"_et_pb_use_builder":"off","_et_pb_old_content":"","_et_gb_content_width":"","footnotes":""},"categories":[341,222,25],"tags":[31,11,12,15,761,30,29,28],"class_list":["post-15334","post","type-post","status-publish","format-standard","has-post-thumbnail","hentry","category-alcaldia-alberto-adriani","category-conversando-con-lisandro","category-nuestro-municipio","tag-alcalde","tag-alcaldia","tag-alcaldiaalbertoadriani","tag-elvigia","tag-encrucijadadeprogreso","tag-lisandrosegura","tag-municipioquenosmerecemos","tag-porelrenacer"],"yoast_head":"<!-- This site is optimized with the Yoast SEO plugin v19.13 - https:\/\/yoast.com\/wordpress\/plugins\/seo\/ -->\n<title>Lisandro Segura ofreci\u00f3 detalles sobre diversas obras<\/title>\n<meta name=\"description\" content=\"Lisandro Segura ofreci\u00f3 detalles sobre diversas obras en el municipio le acompa\u00f1aron los concejales del circuito y l\u00edderes comunitarios.\" \/>\n<meta name=\"robots\" content=\"index, follow, max-snippet:-1, max-image-preview:large, max-video-preview:-1\" \/>\n<link rel=\"canonical\" href=\"https:\/\/alcaldiaalbertoadriani.com\/?p=15334\" \/>\n<meta property=\"og:locale\" content=\"es_ES\" \/>\n<meta property=\"og:type\" content=\"article\" \/>\n<meta property=\"og:title\" content=\"Lisandro Segura ofreci\u00f3 detalles sobre diversas obras\" \/>\n<meta property=\"og:description\" content=\"Lisandro Segura ofreci\u00f3 detalles sobre diversas obras en el municipio le acompa\u00f1aron los concejales del circuito y l\u00edderes comunitarios.\" \/>\n<meta property=\"og:url\" content=\"https:\/\/alcaldiaalbertoadriani.com\/?p=15334\" \/>\n<meta property=\"og:site_name\" content=\"Alcaldia Alberto Adriani\" \/>\n<meta property=\"article:published_time\" content=\"2026-03-06T18:35:50+00:00\" \/>\n<meta property=\"article:modified_time\" content=\"2026-03-06T18:35:54+00:00\" \/>\n<meta property=\"og:image\" content=\"https:\/\/alcaldiaalbertoadriani.com\/wp-content\/uploads\/2026\/03\/photo_4992672239635336051_y.jpg\" \/>\n\t<meta property=\"og:image:width\" content=\"1280\" \/>\n\t<meta property=\"og:image:height\" content=\"962\" \/>\n\t<meta property=\"og:image:type\" content=\"image\/jpeg\" \/>\n<meta name=\"author\" content=\"Prensa\" \/>\n<meta name=\"twitter:card\" content=\"summary_large_image\" \/>\n<meta name=\"twitter:label1\" content=\"Escrito por\" \/>\n\t<meta name=\"twitter:data1\" content=\"Prensa\" \/>\n\t<meta name=\"twitter:label2\" content=\"Tiempo de lectura\" \/>\n\t<meta name=\"twitter:data2\" content=\"2 minutos\" \/>\n<script type=\"application\/ld+json\" class=\"yoast-schema-graph\">{\"@context\":\"https:\/\/schema.org\",\"@graph\":[{\"@type\":\"WebPage\",\"@id\":\"https:\/\/alcaldiaalbertoadriani.com\/?p=15334\",\"url\":\"https:\/\/alcaldiaalbertoadriani.com\/?p=15334\",\"name\":\"Lisandro Segura ofreci\u00f3 detalles sobre diversas obras\",\"isPartOf\":{\"@id\":\"https:\/\/alcaldiaalbertoadriani.com\/#website\"},\"datePublished\":\"2026-03-06T18:35:50+00:00\",\"dateModified\":\"2026-03-06T18:35:54+00:00\",\"author\":{\"@id\":\"https:\/\/alcaldiaalbertoadriani.com\/#\/schema\/person\/549b4483ff8999ac780deeea78795fc9\"},\"description\":\"Lisandro Segura ofreci\u00f3 detalles sobre diversas obras en el municipio le acompa\u00f1aron los concejales del circuito y l\u00edderes comunitarios.\",\"breadcrumb\":{\"@id\":\"https:\/\/alcaldiaalbertoadriani.com\/?p=15334#breadcrumb\"},\"inLanguage\":\"es\",\"potentialAction\":[{\"@type\":\"ReadAction\",\"target\":[\"https:\/\/alcaldiaalbertoadriani.com\/?p=15334\"]}]},{\"@type\":\"BreadcrumbList\",\"@id\":\"https:\/\/alcaldiaalbertoadriani.com\/?p=15334#breadcrumb\",\"itemListElement\":[{\"@type\":\"ListItem\",\"position\":1,\"name\":\"Portada\",\"item\":\"https:\/\/alcaldiaalbertoadriani.com\/\"},{\"@type\":\"ListItem\",\"position\":2,\"name\":\"Lisandro Segura ofreci\u00f3 detalles sobre diversas obras en el municipio\"}]},{\"@type\":\"WebSite\",\"@id\":\"https:\/\/alcaldiaalbertoadriani.com\/#website\",\"url\":\"https:\/\/alcaldiaalbertoadriani.com\/\",\"name\":\"Alcaldia Alberto Adriani\",\"description\":\"\",\"potentialAction\":[{\"@type\":\"SearchAction\",\"target\":{\"@type\":\"EntryPoint\",\"urlTemplate\":\"https:\/\/alcaldiaalbertoadriani.com\/?s={search_term_string}\"},\"query-input\":\"required name=search_term_string\"}],\"inLanguage\":\"es\"},{\"@type\":\"Person\",\"@id\":\"https:\/\/alcaldiaalbertoadriani.com\/#\/schema\/person\/549b4483ff8999ac780deeea78795fc9\",\"name\":\"Prensa\",\"image\":{\"@type\":\"ImageObject\",\"inLanguage\":\"es\",\"@id\":\"https:\/\/alcaldiaalbertoadriani.com\/#\/schema\/person\/image\/\",\"url\":\"https:\/\/secure.gravatar.com\/avatar\/ea1cb567ea992a29627f4eee1c2eb185ec16decec6342d508fdf18dedb56c9de?s=96&d=mm&r=g\",\"contentUrl\":\"https:\/\/secure.gravatar.com\/avatar\/ea1cb567ea992a29627f4eee1c2eb185ec16decec6342d508fdf18dedb56c9de?s=96&d=mm&r=g\",\"caption\":\"Prensa\"},\"url\":\"https:\/\/alcaldiaalbertoadriani.com\/?author=2\"}]}<\/script>\n<!-- \/ Yoast SEO plugin. -->","yoast_head_json":{"title":"Lisandro Segura ofreci\u00f3 detalles sobre diversas obras","description":"Lisandro Segura ofreci\u00f3 detalles sobre diversas obras en el municipio le acompa\u00f1aron los concejales del circuito y l\u00edderes comunitarios.","robots":{"index":"index","follow":"follow","max-snippet":"max-snippet:-1","max-image-preview":"max-image-preview:large","max-video-preview":"max-video-preview:-1"},"canonical":"https:\/\/alcaldiaalbertoadriani.com\/?p=15334","og_locale":"es_ES","og_type":"article","og_title":"Lisandro Segura ofreci\u00f3 detalles sobre diversas obras","og_description":"Lisandro Segura ofreci\u00f3 detalles sobre diversas obras en el municipio le acompa\u00f1aron los concejales del circuito y l\u00edderes comunitarios.","og_url":"https:\/\/alcaldiaalbertoadriani.com\/?p=15334","og_site_name":"Alcaldia Alberto Adriani","article_published_time":"2026-03-06T18:35:50+00:00","article_modified_time":"2026-03-06T18:35:54+00:00","og_image":[{"width":1280,"height":962,"url":"https:\/\/alcaldiaalbertoadriani.com\/wp-content\/uploads\/2026\/03\/photo_4992672239635336051_y.jpg","type":"image\/jpeg"}],"author":"Prensa","twitter_card":"summary_large_image","twitter_misc":{"Escrito por":"Prensa","Tiempo de lectura":"2 minutos"},"schema":{"@context":"https:\/\/schema.org","@graph":[{"@type":"WebPage","@id":"https:\/\/alcaldiaalbertoadriani.com\/?p=15334","url":"https:\/\/alcaldiaalbertoadriani.com\/?p=15334","name":"Lisandro Segura ofreci\u00f3 detalles sobre diversas obras","isPartOf":{"@id":"https:\/\/alcaldiaalbertoadriani.com\/#website"},"datePublished":"2026-03-06T18:35:50+00:00","dateModified":"2026-03-06T18:35:54+00:00","author":{"@id":"https:\/\/alcaldiaalbertoadriani.com\/#\/schema\/person\/549b4483ff8999ac780deeea78795fc9"},"description":"Lisandro Segura ofreci\u00f3 detalles sobre diversas obras en el municipio le acompa\u00f1aron los concejales del circuito y l\u00edderes comunitarios.","breadcrumb":{"@id":"https:\/\/alcaldiaalbertoadriani.com\/?p=15334#breadcrumb"},"inLanguage":"es","potentialAction":[{"@type":"ReadAction","target":["https:\/\/alcaldiaalbertoadriani.com\/?p=15334"]}]},{"@type":"BreadcrumbList","@id":"https:\/\/alcaldiaalbertoadriani.com\/?p=15334#breadcrumb","itemListElement":[{"@type":"ListItem","position":1,"name":"Portada","item":"https:\/\/alcaldiaalbertoadriani.com\/"},{"@type":"ListItem","position":2,"name":"Lisandro Segura ofreci\u00f3 detalles sobre diversas obras en el municipio"}]},{"@type":"WebSite","@id":"https:\/\/alcaldiaalbertoadriani.com\/#website","url":"https:\/\/alcaldiaalbertoadriani.com\/","name":"Alcaldia Alberto Adriani","description":"","potentialAction":[{"@type":"SearchAction","target":{"@type":"EntryPoint","urlTemplate":"https:\/\/alcaldiaalbertoadriani.com\/?s={search_term_string}"},"query-input":"required name=search_term_string"}],"inLanguage":"es"},{"@type":"Person","@id":"https:\/\/alcaldiaalbertoadriani.com\/#\/schema\/person\/549b4483ff8999ac780deeea78795fc9","name":"Prensa","image":{"@type":"ImageObject","inLanguage":"es","@id":"https:\/\/alcaldiaalbertoadriani.com\/#\/schema\/person\/image\/","url":"https:\/\/secure.gravatar.com\/avatar\/ea1cb567ea992a29627f4eee1c2eb185ec16decec6342d508fdf18dedb56c9de?s=96&d=mm&r=g","contentUrl":"https:\/\/secure.gravatar.com\/avatar\/ea1cb567ea992a29627f4eee1c2eb185ec16decec6342d508fdf18dedb56c9de?s=96&d=mm&r=g","caption":"Prensa"},"url":"https:\/\/alcaldiaalbertoadriani.com\/?author=2"}]}},"_links":{"self":[{"href":"https:\/\/alcaldiaalbertoadriani.com\/index.php?rest_route=\/wp\/v2\/posts\/15334","targetHints":{"allow":["GET"]}}],"collection":[{"href":"https:\/\/alcaldiaalbertoadriani.com\/index.php?rest_route=\/wp\/v2\/posts"}],"about":[{"href":"https:\/\/alcaldiaalbertoadriani.com\/index.php?rest_route=\/wp\/v2\/types\/post"}],"author":[{"embeddable":true,"href":"https:\/\/alcaldiaalbertoadriani.com\/index.php?rest_route=\/wp\/v2\/users\/2"}],"replies":[{"embeddable":true,"href":"https:\/\/alcaldiaalbertoadriani.com\/index.php?rest_route=%2Fwp%2Fv2%2Fcomments&post=15334"}],"version-history":[{"count":1,"href":"https:\/\/alcaldiaalbertoadriani.com\/index.php?rest_route=\/wp\/v2\/posts\/15334\/revisions"}],"predecessor-version":[{"id":15336,"href":"https:\/\/alcaldiaalbertoadriani.com\/index.php?rest_route=\/wp\/v2\/posts\/15334\/revisions\/15336"}],"wp:featuredmedia":[{"embeddable":true,"href":"https:\/\/alcaldiaalbertoadriani.com\/index.php?rest_route=\/wp\/v2\/media\/15335"}],"wp:attachment":[{"href":"https:\/\/alcaldiaalbertoadriani.com\/index.php?rest_route=%2Fwp%2Fv2%2Fmedia&parent=15334"}],"wp:term":[{"taxonomy":"category","embeddable":true,"href":"https:\/\/alcaldiaalbertoadriani.com\/index.php?rest_route=%2Fwp%2Fv2%2Fcategories&post=15334"},{"taxonomy":"post_tag","embeddable":true,"href":"https:\/\/alcaldiaalbertoadriani.com\/index.php?rest_route=%2Fwp%2Fv2%2Ftags&post=15334"}],"curies":[{"name":"wp","href":"https:\/\/api.w.org\/{rel}","templated":true}]}}