{"id":15309,"date":"2026-03-02T15:02:34","date_gmt":"2026-03-02T15:02:34","guid":{"rendered":"https:\/\/alcaldiaalbertoadriani.com\/?p=15309"},"modified":"2026-03-02T15:02:36","modified_gmt":"2026-03-02T15:02:36","slug":"derribado-busto-de-simon-bolivar-en-la-plaza-la-palmita","status":"publish","type":"post","link":"https:\/\/alcaldiaalbertoadriani.com\/?p=15309","title":{"rendered":"Derribado busto de Sim\u00f3n Bol\u00edvar en la plaza La Palmita"},"content":{"rendered":"\n<p>Durante la noche del s\u00e1bado 28 de febrero de 2026, fue derribado el busto de El Libertador, Sim\u00f3n Bol\u00edvar, de la plaza que lleva su nombre en La Palmita, parroquia Gabriel Pic\u00f3n Gonz\u00e1lez.<\/p>\n\n\n\n<p>La informaci\u00f3n la dio a conocer Ricardo Romero, presidente del Instituto Municipal del Deporte y Recreaci\u00f3n (<a href=\"https:\/\/alcaldiaalbertoadriani.com\/?tag=imdraa-inicio-plan\">Imdraa<\/a>), quien, en cumplimiento de las pol\u00edticas p\u00fablicas del alcalde <a href=\"https:\/\/www.instagram.com\/lisandrosegura02\/\">Lisandro Segura<\/a>, denunci\u00f3 y rechaz\u00f3 este lamentable hecho.<\/p>\n\n\n\n<p>&#8220;\u00a1Qu\u00e9 falta de patriotismo y cultura por parte de este grupo inescrupuloso no identificado!&#8221;, manifest\u00f3.<\/p>\n\n\n\n<p>Por \u00faltimo, Ricardo Romero, hizo un llamado a los organismos de seguridad para que investiguen e indaguen sobre lo ocurrido. <strong>Prensa OIPI Edgar Mendoza CNP 25.736\/Fotos cortes\u00eda.<\/strong><\/p>\n\n\n\n<figure class=\"wp-block-gallery has-nested-images columns-default is-cropped wp-block-gallery-1 is-layout-flex wp-block-gallery-is-layout-flex\">\n<figure class=\"wp-block-image size-large\"><img loading=\"lazy\" decoding=\"async\" width=\"576\" height=\"1024\" data-id=\"15311\" src=\"https:\/\/alcaldiaalbertoadriani.com\/wp-content\/uploads\/2026\/03\/photo_4981156538961562537_y-576x1024.jpg\" alt=\"\" class=\"wp-image-15311\" srcset=\"https:\/\/alcaldiaalbertoadriani.com\/wp-content\/uploads\/2026\/03\/photo_4981156538961562537_y-576x1024.jpg 576w, https:\/\/alcaldiaalbertoadriani.com\/wp-content\/uploads\/2026\/03\/photo_4981156538961562537_y-480x854.jpg 480w\" sizes=\"auto, (min-width: 0px) and (max-width: 480px) 480px, (min-width: 481px) 576px, 100vw\" \/><\/figure>\n<\/figure>\n","protected":false},"excerpt":{"rendered":"<p>Durante la noche del s\u00e1bado 28 de febrero de 2026, fue derribado el busto de El Libertador, Sim\u00f3n Bol\u00edvar, de la plaza que lleva su nombre en La Palmita, parroquia [&hellip;]<\/p>\n","protected":false},"author":2,"featured_media":15310,"comment_status":"open","ping_status":"closed","sticky":false,"template":"","format":"standard","meta":{"_et_pb_use_builder":"off","_et_pb_old_content":"","_et_gb_content_width":"","footnotes":""},"categories":[341,25],"tags":[31,11,12,15,761,30,29,28],"class_list":["post-15309","post","type-post","status-publish","format-standard","has-post-thumbnail","hentry","category-alcaldia-alberto-adriani","category-nuestro-municipio","tag-alcalde","tag-alcaldia","tag-alcaldiaalbertoadriani","tag-elvigia","tag-encrucijadadeprogreso","tag-lisandrosegura","tag-municipioquenosmerecemos","tag-porelrenacer"],"yoast_head":"<!-- This site is optimized with the Yoast SEO plugin v19.13 - https:\/\/yoast.com\/wordpress\/plugins\/seo\/ -->\n<title>Derribado busto de Sim\u00f3n Bol\u00edvar en la plaza La Palmita<\/title>\n<meta name=\"description\" content=\"Derribado busto de Sim\u00f3n Bol\u00edvar en la plaza La Palmita Durante la noche del s\u00e1bado 28 de febrero de 2026 parroquia Gabriel Pic\u00f3n Gonz\u00e1lez\" \/>\n<meta name=\"robots\" content=\"index, follow, max-snippet:-1, max-image-preview:large, max-video-preview:-1\" \/>\n<link rel=\"canonical\" href=\"https:\/\/alcaldiaalbertoadriani.com\/?p=15309\" \/>\n<meta property=\"og:locale\" content=\"es_ES\" \/>\n<meta property=\"og:type\" content=\"article\" \/>\n<meta property=\"og:title\" content=\"Derribado busto de Sim\u00f3n Bol\u00edvar en la plaza La Palmita\" \/>\n<meta property=\"og:description\" content=\"Derribado busto de Sim\u00f3n Bol\u00edvar en la plaza La Palmita Durante la noche del s\u00e1bado 28 de febrero de 2026 parroquia Gabriel Pic\u00f3n Gonz\u00e1lez\" \/>\n<meta property=\"og:url\" content=\"https:\/\/alcaldiaalbertoadriani.com\/?p=15309\" \/>\n<meta property=\"og:site_name\" content=\"Alcaldia Alberto Adriani\" \/>\n<meta property=\"article:published_time\" content=\"2026-03-02T15:02:34+00:00\" \/>\n<meta property=\"article:modified_time\" content=\"2026-03-02T15:02:36+00:00\" \/>\n<meta property=\"og:image\" content=\"https:\/\/alcaldiaalbertoadriani.com\/wp-content\/uploads\/2026\/03\/photo_4981156538961562536_y.jpg\" \/>\n\t<meta property=\"og:image:width\" content=\"607\" \/>\n\t<meta property=\"og:image:height\" content=\"1080\" \/>\n\t<meta property=\"og:image:type\" content=\"image\/jpeg\" \/>\n<meta name=\"author\" content=\"Prensa\" \/>\n<meta name=\"twitter:card\" content=\"summary_large_image\" \/>\n<meta name=\"twitter:label1\" content=\"Escrito por\" \/>\n\t<meta name=\"twitter:data1\" content=\"Prensa\" \/>\n\t<meta name=\"twitter:label2\" content=\"Tiempo de lectura\" \/>\n\t<meta name=\"twitter:data2\" content=\"1 minuto\" \/>\n<script type=\"application\/ld+json\" class=\"yoast-schema-graph\">{\"@context\":\"https:\/\/schema.org\",\"@graph\":[{\"@type\":\"WebPage\",\"@id\":\"https:\/\/alcaldiaalbertoadriani.com\/?p=15309\",\"url\":\"https:\/\/alcaldiaalbertoadriani.com\/?p=15309\",\"name\":\"Derribado busto de Sim\u00f3n Bol\u00edvar en la plaza La Palmita\",\"isPartOf\":{\"@id\":\"https:\/\/alcaldiaalbertoadriani.com\/#website\"},\"datePublished\":\"2026-03-02T15:02:34+00:00\",\"dateModified\":\"2026-03-02T15:02:36+00:00\",\"author\":{\"@id\":\"https:\/\/alcaldiaalbertoadriani.com\/#\/schema\/person\/549b4483ff8999ac780deeea78795fc9\"},\"description\":\"Derribado busto de Sim\u00f3n Bol\u00edvar en la plaza La Palmita Durante la noche del s\u00e1bado 28 de febrero de 2026 parroquia Gabriel Pic\u00f3n Gonz\u00e1lez\",\"breadcrumb\":{\"@id\":\"https:\/\/alcaldiaalbertoadriani.com\/?p=15309#breadcrumb\"},\"inLanguage\":\"es\",\"potentialAction\":[{\"@type\":\"ReadAction\",\"target\":[\"https:\/\/alcaldiaalbertoadriani.com\/?p=15309\"]}]},{\"@type\":\"BreadcrumbList\",\"@id\":\"https:\/\/alcaldiaalbertoadriani.com\/?p=15309#breadcrumb\",\"itemListElement\":[{\"@type\":\"ListItem\",\"position\":1,\"name\":\"Portada\",\"item\":\"https:\/\/alcaldiaalbertoadriani.com\/\"},{\"@type\":\"ListItem\",\"position\":2,\"name\":\"Derribado busto de Sim\u00f3n Bol\u00edvar en la plaza La Palmita\"}]},{\"@type\":\"WebSite\",\"@id\":\"https:\/\/alcaldiaalbertoadriani.com\/#website\",\"url\":\"https:\/\/alcaldiaalbertoadriani.com\/\",\"name\":\"Alcaldia Alberto Adriani\",\"description\":\"\",\"potentialAction\":[{\"@type\":\"SearchAction\",\"target\":{\"@type\":\"EntryPoint\",\"urlTemplate\":\"https:\/\/alcaldiaalbertoadriani.com\/?s={search_term_string}\"},\"query-input\":\"required name=search_term_string\"}],\"inLanguage\":\"es\"},{\"@type\":\"Person\",\"@id\":\"https:\/\/alcaldiaalbertoadriani.com\/#\/schema\/person\/549b4483ff8999ac780deeea78795fc9\",\"name\":\"Prensa\",\"image\":{\"@type\":\"ImageObject\",\"inLanguage\":\"es\",\"@id\":\"https:\/\/alcaldiaalbertoadriani.com\/#\/schema\/person\/image\/\",\"url\":\"https:\/\/secure.gravatar.com\/avatar\/ea1cb567ea992a29627f4eee1c2eb185ec16decec6342d508fdf18dedb56c9de?s=96&d=mm&r=g\",\"contentUrl\":\"https:\/\/secure.gravatar.com\/avatar\/ea1cb567ea992a29627f4eee1c2eb185ec16decec6342d508fdf18dedb56c9de?s=96&d=mm&r=g\",\"caption\":\"Prensa\"},\"url\":\"https:\/\/alcaldiaalbertoadriani.com\/?author=2\"}]}<\/script>\n<!-- \/ Yoast SEO plugin. -->","yoast_head_json":{"title":"Derribado busto de Sim\u00f3n Bol\u00edvar en la plaza La Palmita","description":"Derribado busto de Sim\u00f3n Bol\u00edvar en la plaza La Palmita Durante la noche del s\u00e1bado 28 de febrero de 2026 parroquia Gabriel Pic\u00f3n Gonz\u00e1lez","robots":{"index":"index","follow":"follow","max-snippet":"max-snippet:-1","max-image-preview":"max-image-preview:large","max-video-preview":"max-video-preview:-1"},"canonical":"https:\/\/alcaldiaalbertoadriani.com\/?p=15309","og_locale":"es_ES","og_type":"article","og_title":"Derribado busto de Sim\u00f3n Bol\u00edvar en la plaza La Palmita","og_description":"Derribado busto de Sim\u00f3n Bol\u00edvar en la plaza La Palmita Durante la noche del s\u00e1bado 28 de febrero de 2026 parroquia Gabriel Pic\u00f3n Gonz\u00e1lez","og_url":"https:\/\/alcaldiaalbertoadriani.com\/?p=15309","og_site_name":"Alcaldia Alberto Adriani","article_published_time":"2026-03-02T15:02:34+00:00","article_modified_time":"2026-03-02T15:02:36+00:00","og_image":[{"width":607,"height":1080,"url":"https:\/\/alcaldiaalbertoadriani.com\/wp-content\/uploads\/2026\/03\/photo_4981156538961562536_y.jpg","type":"image\/jpeg"}],"author":"Prensa","twitter_card":"summary_large_image","twitter_misc":{"Escrito por":"Prensa","Tiempo de lectura":"1 minuto"},"schema":{"@context":"https:\/\/schema.org","@graph":[{"@type":"WebPage","@id":"https:\/\/alcaldiaalbertoadriani.com\/?p=15309","url":"https:\/\/alcaldiaalbertoadriani.com\/?p=15309","name":"Derribado busto de Sim\u00f3n Bol\u00edvar en la plaza La Palmita","isPartOf":{"@id":"https:\/\/alcaldiaalbertoadriani.com\/#website"},"datePublished":"2026-03-02T15:02:34+00:00","dateModified":"2026-03-02T15:02:36+00:00","author":{"@id":"https:\/\/alcaldiaalbertoadriani.com\/#\/schema\/person\/549b4483ff8999ac780deeea78795fc9"},"description":"Derribado busto de Sim\u00f3n Bol\u00edvar en la plaza La Palmita Durante la noche del s\u00e1bado 28 de febrero de 2026 parroquia Gabriel Pic\u00f3n Gonz\u00e1lez","breadcrumb":{"@id":"https:\/\/alcaldiaalbertoadriani.com\/?p=15309#breadcrumb"},"inLanguage":"es","potentialAction":[{"@type":"ReadAction","target":["https:\/\/alcaldiaalbertoadriani.com\/?p=15309"]}]},{"@type":"BreadcrumbList","@id":"https:\/\/alcaldiaalbertoadriani.com\/?p=15309#breadcrumb","itemListElement":[{"@type":"ListItem","position":1,"name":"Portada","item":"https:\/\/alcaldiaalbertoadriani.com\/"},{"@type":"ListItem","position":2,"name":"Derribado busto de Sim\u00f3n Bol\u00edvar en la plaza La Palmita"}]},{"@type":"WebSite","@id":"https:\/\/alcaldiaalbertoadriani.com\/#website","url":"https:\/\/alcaldiaalbertoadriani.com\/","name":"Alcaldia Alberto Adriani","description":"","potentialAction":[{"@type":"SearchAction","target":{"@type":"EntryPoint","urlTemplate":"https:\/\/alcaldiaalbertoadriani.com\/?s={search_term_string}"},"query-input":"required name=search_term_string"}],"inLanguage":"es"},{"@type":"Person","@id":"https:\/\/alcaldiaalbertoadriani.com\/#\/schema\/person\/549b4483ff8999ac780deeea78795fc9","name":"Prensa","image":{"@type":"ImageObject","inLanguage":"es","@id":"https:\/\/alcaldiaalbertoadriani.com\/#\/schema\/person\/image\/","url":"https:\/\/secure.gravatar.com\/avatar\/ea1cb567ea992a29627f4eee1c2eb185ec16decec6342d508fdf18dedb56c9de?s=96&d=mm&r=g","contentUrl":"https:\/\/secure.gravatar.com\/avatar\/ea1cb567ea992a29627f4eee1c2eb185ec16decec6342d508fdf18dedb56c9de?s=96&d=mm&r=g","caption":"Prensa"},"url":"https:\/\/alcaldiaalbertoadriani.com\/?author=2"}]}},"_links":{"self":[{"href":"https:\/\/alcaldiaalbertoadriani.com\/index.php?rest_route=\/wp\/v2\/posts\/15309","targetHints":{"allow":["GET"]}}],"collection":[{"href":"https:\/\/alcaldiaalbertoadriani.com\/index.php?rest_route=\/wp\/v2\/posts"}],"about":[{"href":"https:\/\/alcaldiaalbertoadriani.com\/index.php?rest_route=\/wp\/v2\/types\/post"}],"author":[{"embeddable":true,"href":"https:\/\/alcaldiaalbertoadriani.com\/index.php?rest_route=\/wp\/v2\/users\/2"}],"replies":[{"embeddable":true,"href":"https:\/\/alcaldiaalbertoadriani.com\/index.php?rest_route=%2Fwp%2Fv2%2Fcomments&post=15309"}],"version-history":[{"count":1,"href":"https:\/\/alcaldiaalbertoadriani.com\/index.php?rest_route=\/wp\/v2\/posts\/15309\/revisions"}],"predecessor-version":[{"id":15312,"href":"https:\/\/alcaldiaalbertoadriani.com\/index.php?rest_route=\/wp\/v2\/posts\/15309\/revisions\/15312"}],"wp:featuredmedia":[{"embeddable":true,"href":"https:\/\/alcaldiaalbertoadriani.com\/index.php?rest_route=\/wp\/v2\/media\/15310"}],"wp:attachment":[{"href":"https:\/\/alcaldiaalbertoadriani.com\/index.php?rest_route=%2Fwp%2Fv2%2Fmedia&parent=15309"}],"wp:term":[{"taxonomy":"category","embeddable":true,"href":"https:\/\/alcaldiaalbertoadriani.com\/index.php?rest_route=%2Fwp%2Fv2%2Fcategories&post=15309"},{"taxonomy":"post_tag","embeddable":true,"href":"https:\/\/alcaldiaalbertoadriani.com\/index.php?rest_route=%2Fwp%2Fv2%2Ftags&post=15309"}],"curies":[{"name":"wp","href":"https:\/\/api.w.org\/{rel}","templated":true}]}}