{"id":15284,"date":"2026-03-02T13:41:49","date_gmt":"2026-03-02T13:41:49","guid":{"rendered":"https:\/\/alcaldiaalbertoadriani.com\/?p=15284"},"modified":"2026-03-02T13:41:52","modified_gmt":"2026-03-02T13:41:52","slug":"alcaldia-alberto-adriani-avanza-en-planificacion-de-construccion","status":"publish","type":"post","link":"https:\/\/alcaldiaalbertoadriani.com\/?p=15284","title":{"rendered":"Alcald\u00eda Alberto Adriani avanza en planificaci\u00f3n de construcci\u00f3n del puente caj\u00f3n en Flor del Para\u00edso"},"content":{"rendered":"\n<p>La Alcald\u00eda del Municipio Alberto Adriani, bajo la direcci\u00f3n del alcalde <a href=\"https:\/\/www.instagram.com\/lisandrosegura02\/\">Lisandro Segura<\/a>, contin\u00faa trabajando en el mejoramiento, atenci\u00f3n y consolidaci\u00f3n de todas y cada una de las comunidades. Por ello, de forma programada y trabajando de la mano con los concejales, avanzan en la planificaci\u00f3n para la construcci\u00f3n del puente caj\u00f3n en el sector <a href=\"https:\/\/alcaldiaalbertoadriani.com\/?p=11130\">Flor del Para\u00edso<\/a> de la parroquia R\u00f3mulo Gallegos.<\/p>\n\n\n\n<p>La informaci\u00f3n la dio a conocer el concejal Marco Varela, quien se\u00f1al\u00f3 que este jueves se logr\u00f3 el arribo al mencionado sector de las vigas requeridas para esta obra de gran relevancia para la integraci\u00f3n vial y productiva de diversas comunidades de la zona.<\/p>\n\n\n\n<p>El concejal se\u00f1al\u00f3 que, est\u00e1 todo listo para dar inicio al proceso t\u00e9cnico y organizativo que permitir\u00e1 ejecutar la obra una vez se reciban las orientaciones del alcalde Lisandro Segura, \u201cEn el d\u00eda de ayer (jueves) pudimos llevar el material al sector Flor del Para\u00edso, para avanzar en la construcci\u00f3n del puente caj\u00f3n que se realizar\u00e1 en esa zona. Estamos a la espera de las \u00f3rdenes de nuestro alcalde para dar ejecuci\u00f3n a esta importante misi\u00f3n\u201d, expres\u00f3 el edil.<\/p>\n\n\n\n<p>Durante la jornada, se realiz\u00f3 la colocaci\u00f3n simb\u00f3lica de la primera piedra para la construcci\u00f3n de la viga principal del caj\u00f3n, acci\u00f3n que marca el inicio de la planificaci\u00f3n para el desarrollo estructural de la obra.<\/p>\n\n\n\n<h2 class=\"wp-block-heading\"><strong><em>Comunidades Beneficiadas<\/em><\/strong><\/h2>\n\n\n\n<p>Vale acotar que, con la construcci\u00f3n de esta infraestructura vial beneficiar\u00e1 de manera directa a las comunidades de Las Minas, Jos\u00e9 Mart\u00ed, Naranjal 1 y 2; adem\u00e1s, permitir\u00e1 la conexi\u00f3n con La Florida y Monte Verde, fortaleciendo as\u00ed la movilidad de habitantes y productores agr\u00edcolas hacia la ciudad.<\/p>\n\n\n\n<p>Adicionalmente, dentro de la planificaci\u00f3n municipal, se contempla la construcci\u00f3n de un nuevo puente caj\u00f3n en el sector Colinas de San Benito, adyacente a Colinas Pony, puesto que, el que exist\u00eda fue da\u00f1ado&nbsp; por las lluvias. Esta obra tambi\u00e9n reviste gran importancia para la comunicaci\u00f3n agr\u00edcola y el traslado de la producci\u00f3n hacia los centros urbanos.<\/p>\n\n\n\n<p>Valera, destac\u00f3 que las recientes lluvias ocasionaron tambi\u00e9n deslaves, por lo que hay varios frentes de trabajos pendientes en distintas \u00e1reas y que se est\u00e1n atendiendo progresivamente. No obstante, reiter\u00f3 que, culminadas estas labores prioritarias, se proceder\u00e1 con la ejecuci\u00f3n del puente caj\u00f3n en Flor del Para\u00edso.<\/p>\n\n\n\n<p>El gobierno de Alberto Adriani ratifica su compromiso con el desarrollo de infraestructuras que mejoren la calidad de vida de las comunidades y fortalezcan el aparato productivo del municipio, garantizando soluciones oportunas ante los retos ocasionados por las condiciones clim\u00e1ticas recientes. <strong><em>Prensa OIPI \/ Tahiry Villalobos CNP: 23.225 \/ Foto: Prensa OIPI Karla M\u00e1rquez.<\/em><\/strong><\/p>\n\n\n\n<figure class=\"wp-block-gallery has-nested-images columns-default is-cropped wp-block-gallery-1 is-layout-flex wp-block-gallery-is-layout-flex\">\n<figure class=\"wp-block-image size-large\"><img loading=\"lazy\" decoding=\"async\" width=\"768\" height=\"1024\" data-id=\"15286\" src=\"https:\/\/alcaldiaalbertoadriani.com\/wp-content\/uploads\/2026\/03\/photo_4976632070088100721_y-768x1024.jpg\" alt=\"\" class=\"wp-image-15286\" srcset=\"https:\/\/alcaldiaalbertoadriani.com\/wp-content\/uploads\/2026\/03\/photo_4976632070088100721_y-768x1024.jpg 768w, https:\/\/alcaldiaalbertoadriani.com\/wp-content\/uploads\/2026\/03\/photo_4976632070088100721_y-480x640.jpg 480w\" sizes=\"auto, (min-width: 0px) and (max-width: 480px) 480px, (min-width: 481px) 768px, 100vw\" \/><\/figure>\n<\/figure>\n","protected":false},"excerpt":{"rendered":"<p>La Alcald\u00eda del Municipio Alberto Adriani, bajo la direcci\u00f3n del alcalde Lisandro Segura, contin\u00faa trabajando en el mejoramiento, atenci\u00f3n y consolidaci\u00f3n de todas y cada una de las comunidades. Por [&hellip;]<\/p>\n","protected":false},"author":2,"featured_media":15285,"comment_status":"open","ping_status":"closed","sticky":false,"template":"","format":"standard","meta":{"_et_pb_use_builder":"off","_et_pb_old_content":"","_et_gb_content_width":"","footnotes":""},"categories":[341,25],"tags":[31,11,12,15,761,30,29,28],"class_list":["post-15284","post","type-post","status-publish","format-standard","has-post-thumbnail","hentry","category-alcaldia-alberto-adriani","category-nuestro-municipio","tag-alcalde","tag-alcaldia","tag-alcaldiaalbertoadriani","tag-elvigia","tag-encrucijadadeprogreso","tag-lisandrosegura","tag-municipioquenosmerecemos","tag-porelrenacer"],"yoast_head":"<!-- This site is optimized with the Yoast SEO plugin v19.13 - https:\/\/yoast.com\/wordpress\/plugins\/seo\/ -->\n<title>Alcald\u00eda Alberto Adriani avanza en planificaci\u00f3n de construcci\u00f3n<\/title>\n<meta name=\"description\" content=\"Alcald\u00eda Alberto Adriani avanza en planificaci\u00f3n de construcci\u00f3n del puente caj\u00f3n en Flor del Para\u00edso parroquia R\u00f3mulo Gallegos\" \/>\n<meta name=\"robots\" content=\"index, follow, max-snippet:-1, max-image-preview:large, max-video-preview:-1\" \/>\n<link rel=\"canonical\" href=\"https:\/\/alcaldiaalbertoadriani.com\/?p=15284\" \/>\n<meta property=\"og:locale\" content=\"es_ES\" \/>\n<meta property=\"og:type\" content=\"article\" \/>\n<meta property=\"og:title\" content=\"Alcald\u00eda Alberto Adriani avanza en planificaci\u00f3n de construcci\u00f3n\" \/>\n<meta property=\"og:description\" content=\"Alcald\u00eda Alberto Adriani avanza en planificaci\u00f3n de construcci\u00f3n del puente caj\u00f3n en Flor del Para\u00edso parroquia R\u00f3mulo Gallegos\" \/>\n<meta property=\"og:url\" content=\"https:\/\/alcaldiaalbertoadriani.com\/?p=15284\" \/>\n<meta property=\"og:site_name\" content=\"Alcaldia Alberto Adriani\" \/>\n<meta property=\"article:published_time\" content=\"2026-03-02T13:41:49+00:00\" \/>\n<meta property=\"article:modified_time\" content=\"2026-03-02T13:41:52+00:00\" \/>\n<meta property=\"og:image\" content=\"https:\/\/alcaldiaalbertoadriani.com\/wp-content\/uploads\/2026\/03\/photo_4976632070088100720_y.jpg\" \/>\n\t<meta property=\"og:image:width\" content=\"1280\" \/>\n\t<meta property=\"og:image:height\" content=\"960\" \/>\n\t<meta property=\"og:image:type\" content=\"image\/jpeg\" \/>\n<meta name=\"author\" content=\"Prensa\" \/>\n<meta name=\"twitter:card\" content=\"summary_large_image\" \/>\n<meta name=\"twitter:label1\" content=\"Escrito por\" \/>\n\t<meta name=\"twitter:data1\" content=\"Prensa\" \/>\n\t<meta name=\"twitter:label2\" content=\"Tiempo de lectura\" \/>\n\t<meta name=\"twitter:data2\" content=\"3 minutos\" \/>\n<script type=\"application\/ld+json\" class=\"yoast-schema-graph\">{\"@context\":\"https:\/\/schema.org\",\"@graph\":[{\"@type\":\"WebPage\",\"@id\":\"https:\/\/alcaldiaalbertoadriani.com\/?p=15284\",\"url\":\"https:\/\/alcaldiaalbertoadriani.com\/?p=15284\",\"name\":\"Alcald\u00eda Alberto Adriani avanza en planificaci\u00f3n de construcci\u00f3n\",\"isPartOf\":{\"@id\":\"https:\/\/alcaldiaalbertoadriani.com\/#website\"},\"datePublished\":\"2026-03-02T13:41:49+00:00\",\"dateModified\":\"2026-03-02T13:41:52+00:00\",\"author\":{\"@id\":\"https:\/\/alcaldiaalbertoadriani.com\/#\/schema\/person\/549b4483ff8999ac780deeea78795fc9\"},\"description\":\"Alcald\u00eda Alberto Adriani avanza en planificaci\u00f3n de construcci\u00f3n del puente caj\u00f3n en Flor del Para\u00edso parroquia R\u00f3mulo Gallegos\",\"breadcrumb\":{\"@id\":\"https:\/\/alcaldiaalbertoadriani.com\/?p=15284#breadcrumb\"},\"inLanguage\":\"es\",\"potentialAction\":[{\"@type\":\"ReadAction\",\"target\":[\"https:\/\/alcaldiaalbertoadriani.com\/?p=15284\"]}]},{\"@type\":\"BreadcrumbList\",\"@id\":\"https:\/\/alcaldiaalbertoadriani.com\/?p=15284#breadcrumb\",\"itemListElement\":[{\"@type\":\"ListItem\",\"position\":1,\"name\":\"Portada\",\"item\":\"https:\/\/alcaldiaalbertoadriani.com\/\"},{\"@type\":\"ListItem\",\"position\":2,\"name\":\"Alcald\u00eda Alberto Adriani avanza en planificaci\u00f3n de construcci\u00f3n del puente caj\u00f3n en Flor del Para\u00edso\"}]},{\"@type\":\"WebSite\",\"@id\":\"https:\/\/alcaldiaalbertoadriani.com\/#website\",\"url\":\"https:\/\/alcaldiaalbertoadriani.com\/\",\"name\":\"Alcaldia Alberto Adriani\",\"description\":\"\",\"potentialAction\":[{\"@type\":\"SearchAction\",\"target\":{\"@type\":\"EntryPoint\",\"urlTemplate\":\"https:\/\/alcaldiaalbertoadriani.com\/?s={search_term_string}\"},\"query-input\":\"required name=search_term_string\"}],\"inLanguage\":\"es\"},{\"@type\":\"Person\",\"@id\":\"https:\/\/alcaldiaalbertoadriani.com\/#\/schema\/person\/549b4483ff8999ac780deeea78795fc9\",\"name\":\"Prensa\",\"image\":{\"@type\":\"ImageObject\",\"inLanguage\":\"es\",\"@id\":\"https:\/\/alcaldiaalbertoadriani.com\/#\/schema\/person\/image\/\",\"url\":\"https:\/\/secure.gravatar.com\/avatar\/ea1cb567ea992a29627f4eee1c2eb185ec16decec6342d508fdf18dedb56c9de?s=96&d=mm&r=g\",\"contentUrl\":\"https:\/\/secure.gravatar.com\/avatar\/ea1cb567ea992a29627f4eee1c2eb185ec16decec6342d508fdf18dedb56c9de?s=96&d=mm&r=g\",\"caption\":\"Prensa\"},\"url\":\"https:\/\/alcaldiaalbertoadriani.com\/?author=2\"}]}<\/script>\n<!-- \/ Yoast SEO plugin. -->","yoast_head_json":{"title":"Alcald\u00eda Alberto Adriani avanza en planificaci\u00f3n de construcci\u00f3n","description":"Alcald\u00eda Alberto Adriani avanza en planificaci\u00f3n de construcci\u00f3n del puente caj\u00f3n en Flor del Para\u00edso parroquia R\u00f3mulo Gallegos","robots":{"index":"index","follow":"follow","max-snippet":"max-snippet:-1","max-image-preview":"max-image-preview:large","max-video-preview":"max-video-preview:-1"},"canonical":"https:\/\/alcaldiaalbertoadriani.com\/?p=15284","og_locale":"es_ES","og_type":"article","og_title":"Alcald\u00eda Alberto Adriani avanza en planificaci\u00f3n de construcci\u00f3n","og_description":"Alcald\u00eda Alberto Adriani avanza en planificaci\u00f3n de construcci\u00f3n del puente caj\u00f3n en Flor del Para\u00edso parroquia R\u00f3mulo Gallegos","og_url":"https:\/\/alcaldiaalbertoadriani.com\/?p=15284","og_site_name":"Alcaldia Alberto Adriani","article_published_time":"2026-03-02T13:41:49+00:00","article_modified_time":"2026-03-02T13:41:52+00:00","og_image":[{"width":1280,"height":960,"url":"https:\/\/alcaldiaalbertoadriani.com\/wp-content\/uploads\/2026\/03\/photo_4976632070088100720_y.jpg","type":"image\/jpeg"}],"author":"Prensa","twitter_card":"summary_large_image","twitter_misc":{"Escrito por":"Prensa","Tiempo de lectura":"3 minutos"},"schema":{"@context":"https:\/\/schema.org","@graph":[{"@type":"WebPage","@id":"https:\/\/alcaldiaalbertoadriani.com\/?p=15284","url":"https:\/\/alcaldiaalbertoadriani.com\/?p=15284","name":"Alcald\u00eda Alberto Adriani avanza en planificaci\u00f3n de construcci\u00f3n","isPartOf":{"@id":"https:\/\/alcaldiaalbertoadriani.com\/#website"},"datePublished":"2026-03-02T13:41:49+00:00","dateModified":"2026-03-02T13:41:52+00:00","author":{"@id":"https:\/\/alcaldiaalbertoadriani.com\/#\/schema\/person\/549b4483ff8999ac780deeea78795fc9"},"description":"Alcald\u00eda Alberto Adriani avanza en planificaci\u00f3n de construcci\u00f3n del puente caj\u00f3n en Flor del Para\u00edso parroquia R\u00f3mulo Gallegos","breadcrumb":{"@id":"https:\/\/alcaldiaalbertoadriani.com\/?p=15284#breadcrumb"},"inLanguage":"es","potentialAction":[{"@type":"ReadAction","target":["https:\/\/alcaldiaalbertoadriani.com\/?p=15284"]}]},{"@type":"BreadcrumbList","@id":"https:\/\/alcaldiaalbertoadriani.com\/?p=15284#breadcrumb","itemListElement":[{"@type":"ListItem","position":1,"name":"Portada","item":"https:\/\/alcaldiaalbertoadriani.com\/"},{"@type":"ListItem","position":2,"name":"Alcald\u00eda Alberto Adriani avanza en planificaci\u00f3n de construcci\u00f3n del puente caj\u00f3n en Flor del Para\u00edso"}]},{"@type":"WebSite","@id":"https:\/\/alcaldiaalbertoadriani.com\/#website","url":"https:\/\/alcaldiaalbertoadriani.com\/","name":"Alcaldia Alberto Adriani","description":"","potentialAction":[{"@type":"SearchAction","target":{"@type":"EntryPoint","urlTemplate":"https:\/\/alcaldiaalbertoadriani.com\/?s={search_term_string}"},"query-input":"required name=search_term_string"}],"inLanguage":"es"},{"@type":"Person","@id":"https:\/\/alcaldiaalbertoadriani.com\/#\/schema\/person\/549b4483ff8999ac780deeea78795fc9","name":"Prensa","image":{"@type":"ImageObject","inLanguage":"es","@id":"https:\/\/alcaldiaalbertoadriani.com\/#\/schema\/person\/image\/","url":"https:\/\/secure.gravatar.com\/avatar\/ea1cb567ea992a29627f4eee1c2eb185ec16decec6342d508fdf18dedb56c9de?s=96&d=mm&r=g","contentUrl":"https:\/\/secure.gravatar.com\/avatar\/ea1cb567ea992a29627f4eee1c2eb185ec16decec6342d508fdf18dedb56c9de?s=96&d=mm&r=g","caption":"Prensa"},"url":"https:\/\/alcaldiaalbertoadriani.com\/?author=2"}]}},"_links":{"self":[{"href":"https:\/\/alcaldiaalbertoadriani.com\/index.php?rest_route=\/wp\/v2\/posts\/15284","targetHints":{"allow":["GET"]}}],"collection":[{"href":"https:\/\/alcaldiaalbertoadriani.com\/index.php?rest_route=\/wp\/v2\/posts"}],"about":[{"href":"https:\/\/alcaldiaalbertoadriani.com\/index.php?rest_route=\/wp\/v2\/types\/post"}],"author":[{"embeddable":true,"href":"https:\/\/alcaldiaalbertoadriani.com\/index.php?rest_route=\/wp\/v2\/users\/2"}],"replies":[{"embeddable":true,"href":"https:\/\/alcaldiaalbertoadriani.com\/index.php?rest_route=%2Fwp%2Fv2%2Fcomments&post=15284"}],"version-history":[{"count":1,"href":"https:\/\/alcaldiaalbertoadriani.com\/index.php?rest_route=\/wp\/v2\/posts\/15284\/revisions"}],"predecessor-version":[{"id":15287,"href":"https:\/\/alcaldiaalbertoadriani.com\/index.php?rest_route=\/wp\/v2\/posts\/15284\/revisions\/15287"}],"wp:featuredmedia":[{"embeddable":true,"href":"https:\/\/alcaldiaalbertoadriani.com\/index.php?rest_route=\/wp\/v2\/media\/15285"}],"wp:attachment":[{"href":"https:\/\/alcaldiaalbertoadriani.com\/index.php?rest_route=%2Fwp%2Fv2%2Fmedia&parent=15284"}],"wp:term":[{"taxonomy":"category","embeddable":true,"href":"https:\/\/alcaldiaalbertoadriani.com\/index.php?rest_route=%2Fwp%2Fv2%2Fcategories&post=15284"},{"taxonomy":"post_tag","embeddable":true,"href":"https:\/\/alcaldiaalbertoadriani.com\/index.php?rest_route=%2Fwp%2Fv2%2Ftags&post=15284"}],"curies":[{"name":"wp","href":"https:\/\/api.w.org\/{rel}","templated":true}]}}