{"id":15260,"date":"2026-02-27T18:03:50","date_gmt":"2026-02-27T18:03:50","guid":{"rendered":"https:\/\/alcaldiaalbertoadriani.com\/?p=15260"},"modified":"2026-02-27T18:03:54","modified_gmt":"2026-02-27T18:03:54","slug":"lisandro-segura-ofrecio-balance-sobre-acciones-de-gobierno","status":"publish","type":"post","link":"https:\/\/alcaldiaalbertoadriani.com\/?p=15260","title":{"rendered":"Lisandro Segura ofreci\u00f3 balance sobre acciones de gobierno y anuncia plan de becas"},"content":{"rendered":"\n<p>Este mi\u00e9rcoles, durante la transmisi\u00f3n de su programa radial \u201c<a href=\"https:\/\/alcaldiaalbertoadriani.com\/?tag=conversando-con-lisandro\">Conversando con Lisandro<\/a>\u201d, desde la parroquia Jos\u00e9 Nucete Sardi, el alcalde de Alberto Adriani, <a href=\"https:\/\/www.instagram.com\/lisandrosegura02\/\">Lisandro Segura<\/a>, present\u00f3 un balance integral de gesti\u00f3n sobre los trabajos de canalizaci\u00f3n de aguas pluviales, y anuncios para el fortalecimiento educativo en la jurisdicci\u00f3n.<\/p>\n\n\n\n<h2 class=\"wp-block-heading\"><strong><em>Prevenci\u00f3n y canalizaci\u00f3n de aguas pluviales<\/em><\/strong><\/h2>\n\n\n\n<p>Con relaci\u00f3n a la canalizaci\u00f3n, Segura inform\u00f3 que, con el equipo de Ingenier\u00eda y Planeamiento Urbano Local (Gipul), se ejecutan labores de limpieza y dragado en el canal del predio La Esperanza, contiguo con el sector Provivienda 97. Estas acciones, que cuentan con el apoyo de un jumbo peque\u00f1o del propietario de la finca, buscan evitar futuras anegaciones. \u201cVamos a restablecer la berma de la canal, as\u00ed como tambi\u00e9n se va a dragar las zanjas del sector\u201d.<\/p>\n\n\n\n<p>Adem\u00e1s, inform\u00f3 que en coordinaci\u00f3n con el productor del predio cercano a los sectores afectados realizar\u00e1n un trabajo conjunto de ampliaci\u00f3n de las alcantarillas en el sector conocido como la Batea. \u201cla municipalidad colocar\u00e1 las alcantarillas y el personal t\u00e9cnico de la Gipul y el productor se encargar\u00e1 de ejecutar los trabajos con la maquinaria pesada\u201d.<\/p>\n\n\n\n<p>Respecto a la vialidad hacia Los Naranjos, el alcalde se\u00f1al\u00f3 que ya iniciaron las labores de limpieza de m\u00e1rgenes como paso previo al plan de asfaltado. Aclar\u00f3 que, debido a la magnitud de la inversi\u00f3n requerida, se intervendr\u00e1n con carpeta corrida los puntos cr\u00edticos, mientras que en el resto de la v\u00eda se ejecutar\u00e1 un plan de bacheo.<\/p>\n\n\n\n<p>Por otra parte, el alcalde se refiri\u00f3 a los expendios de licores, indicando que el Samat iniciar\u00e1 fiscalizaciones. \u201cQuien no cumpla con los horarios y la prohibici\u00f3n de menores de edad ser\u00e1 sancionado seg\u00fan la ordenanza, lo cual incluye la suspensi\u00f3n de la licencia\u201d, advirti\u00f3.<\/p>\n\n\n\n<h2 class=\"wp-block-heading\"><strong><em>Impulso educativo y profesional<\/em><\/strong><\/h2>\n\n\n\n<p>En materia educativa, Segura anunci\u00f3 que a trav\u00e9s del programa de becas \u201cCarlos Andr\u00e9s P\u00e9rez\u201d, financiar\u00e1 estudios de T\u00e9cnico Superior Universitario a 10 j\u00f3venes vigienses en carreras como Inform\u00e1tica, Turismo y Administraci\u00f3n de empresas y administraci\u00f3n de Empresas Agropecuarias en el tecnol\u00f3gico Crist\u00f3bal Mendoza.<\/p>\n\n\n\n<p>Asimismo, inform\u00f3 que pr\u00f3ximamente iniciar\u00e1n los cursos de formaci\u00f3n del <a href=\"https:\/\/alcaldiaalbertoadriani.com\/?tag=plan-siembra-julio-suarez-inicia-este-sabado\">Plan Siembra \u201cJulio Su\u00e1rez\u201d <\/a>en \u00e1reas como Electricidad, Alba\u00f1iler\u00eda Estructural y Lectura de Planos; Plomer\u00eda e Instalaciones Hidrosanitarias y Asistente Administrativo. Mencion\u00f3 que el alcance de las becas ser\u00e1 de 300 j\u00f3venes. <strong><em>Prensa OITI. Claribel Zambrano CNP: 11.843\/ Fotos: Karla M\u00e1rquez.<\/em><\/strong><\/p>\n\n\n\n<figure class=\"wp-block-gallery has-nested-images columns-default is-cropped wp-block-gallery-1 is-layout-flex wp-block-gallery-is-layout-flex\">\n<figure class=\"wp-block-image size-large\"><img loading=\"lazy\" decoding=\"async\" width=\"1024\" height=\"768\" data-id=\"15262\" src=\"https:\/\/alcaldiaalbertoadriani.com\/wp-content\/uploads\/2026\/02\/photo_4974458898240703379_y-1024x768.jpg\" alt=\"\" class=\"wp-image-15262\" srcset=\"https:\/\/alcaldiaalbertoadriani.com\/wp-content\/uploads\/2026\/02\/photo_4974458898240703379_y-1024x768.jpg 1024w, https:\/\/alcaldiaalbertoadriani.com\/wp-content\/uploads\/2026\/02\/photo_4974458898240703379_y-980x735.jpg 980w, https:\/\/alcaldiaalbertoadriani.com\/wp-content\/uploads\/2026\/02\/photo_4974458898240703379_y-480x360.jpg 480w\" sizes=\"auto, (min-width: 0px) and (max-width: 480px) 480px, (min-width: 481px) and (max-width: 980px) 980px, (min-width: 981px) 1024px, 100vw\" \/><\/figure>\n<\/figure>\n","protected":false},"excerpt":{"rendered":"<p>Este mi\u00e9rcoles, durante la transmisi\u00f3n de su programa radial \u201cConversando con Lisandro\u201d, desde la parroquia Jos\u00e9 Nucete Sardi, el alcalde de Alberto Adriani, Lisandro Segura, present\u00f3 un balance integral de [&hellip;]<\/p>\n","protected":false},"author":2,"featured_media":15261,"comment_status":"open","ping_status":"closed","sticky":false,"template":"","format":"standard","meta":{"_et_pb_use_builder":"off","_et_pb_old_content":"","_et_gb_content_width":"","footnotes":""},"categories":[341,222,197,25],"tags":[31,12,15,761,30,29,28],"class_list":["post-15260","post","type-post","status-publish","format-standard","has-post-thumbnail","hentry","category-alcaldia-alberto-adriani","category-conversando-con-lisandro","category-gipul","category-nuestro-municipio","tag-alcalde","tag-alcaldiaalbertoadriani","tag-elvigia","tag-encrucijadadeprogreso","tag-lisandrosegura","tag-municipioquenosmerecemos","tag-porelrenacer"],"yoast_head":"<!-- This site is optimized with the Yoast SEO plugin v19.13 - https:\/\/yoast.com\/wordpress\/plugins\/seo\/ -->\n<title>Lisandro Segura ofreci\u00f3 balance sobre acciones de gobierno<\/title>\n<meta name=\"description\" content=\"Lisandro Segura ofreci\u00f3 balance sobre acciones de gobierno y anuncia plan de becas durante la transmisi\u00f3n de su programa radial\" \/>\n<meta name=\"robots\" content=\"index, follow, max-snippet:-1, max-image-preview:large, max-video-preview:-1\" \/>\n<link rel=\"canonical\" href=\"https:\/\/alcaldiaalbertoadriani.com\/?p=15260\" \/>\n<meta property=\"og:locale\" content=\"es_ES\" \/>\n<meta property=\"og:type\" content=\"article\" \/>\n<meta property=\"og:title\" content=\"Lisandro Segura ofreci\u00f3 balance sobre acciones de gobierno\" \/>\n<meta property=\"og:description\" content=\"Lisandro Segura ofreci\u00f3 balance sobre acciones de gobierno y anuncia plan de becas durante la transmisi\u00f3n de su programa radial\" \/>\n<meta property=\"og:url\" content=\"https:\/\/alcaldiaalbertoadriani.com\/?p=15260\" \/>\n<meta property=\"og:site_name\" content=\"Alcaldia Alberto Adriani\" \/>\n<meta property=\"article:published_time\" content=\"2026-02-27T18:03:50+00:00\" \/>\n<meta property=\"article:modified_time\" content=\"2026-02-27T18:03:54+00:00\" \/>\n<meta property=\"og:image\" content=\"https:\/\/alcaldiaalbertoadriani.com\/wp-content\/uploads\/2026\/02\/photo_4974458898240703380_y.jpg\" \/>\n\t<meta property=\"og:image:width\" content=\"1280\" \/>\n\t<meta property=\"og:image:height\" content=\"962\" \/>\n\t<meta property=\"og:image:type\" content=\"image\/jpeg\" \/>\n<meta name=\"author\" content=\"Prensa\" \/>\n<meta name=\"twitter:card\" content=\"summary_large_image\" \/>\n<meta name=\"twitter:label1\" content=\"Escrito por\" \/>\n\t<meta name=\"twitter:data1\" content=\"Prensa\" \/>\n\t<meta name=\"twitter:label2\" content=\"Tiempo de lectura\" \/>\n\t<meta name=\"twitter:data2\" content=\"2 minutos\" \/>\n<script type=\"application\/ld+json\" class=\"yoast-schema-graph\">{\"@context\":\"https:\/\/schema.org\",\"@graph\":[{\"@type\":\"WebPage\",\"@id\":\"https:\/\/alcaldiaalbertoadriani.com\/?p=15260\",\"url\":\"https:\/\/alcaldiaalbertoadriani.com\/?p=15260\",\"name\":\"Lisandro Segura ofreci\u00f3 balance sobre acciones de gobierno\",\"isPartOf\":{\"@id\":\"https:\/\/alcaldiaalbertoadriani.com\/#website\"},\"datePublished\":\"2026-02-27T18:03:50+00:00\",\"dateModified\":\"2026-02-27T18:03:54+00:00\",\"author\":{\"@id\":\"https:\/\/alcaldiaalbertoadriani.com\/#\/schema\/person\/549b4483ff8999ac780deeea78795fc9\"},\"description\":\"Lisandro Segura ofreci\u00f3 balance sobre acciones de gobierno y anuncia plan de becas durante la transmisi\u00f3n de su programa radial\",\"breadcrumb\":{\"@id\":\"https:\/\/alcaldiaalbertoadriani.com\/?p=15260#breadcrumb\"},\"inLanguage\":\"es\",\"potentialAction\":[{\"@type\":\"ReadAction\",\"target\":[\"https:\/\/alcaldiaalbertoadriani.com\/?p=15260\"]}]},{\"@type\":\"BreadcrumbList\",\"@id\":\"https:\/\/alcaldiaalbertoadriani.com\/?p=15260#breadcrumb\",\"itemListElement\":[{\"@type\":\"ListItem\",\"position\":1,\"name\":\"Portada\",\"item\":\"https:\/\/alcaldiaalbertoadriani.com\/\"},{\"@type\":\"ListItem\",\"position\":2,\"name\":\"Lisandro Segura ofreci\u00f3 balance sobre acciones de gobierno y anuncia plan de becas\"}]},{\"@type\":\"WebSite\",\"@id\":\"https:\/\/alcaldiaalbertoadriani.com\/#website\",\"url\":\"https:\/\/alcaldiaalbertoadriani.com\/\",\"name\":\"Alcaldia Alberto Adriani\",\"description\":\"\",\"potentialAction\":[{\"@type\":\"SearchAction\",\"target\":{\"@type\":\"EntryPoint\",\"urlTemplate\":\"https:\/\/alcaldiaalbertoadriani.com\/?s={search_term_string}\"},\"query-input\":\"required name=search_term_string\"}],\"inLanguage\":\"es\"},{\"@type\":\"Person\",\"@id\":\"https:\/\/alcaldiaalbertoadriani.com\/#\/schema\/person\/549b4483ff8999ac780deeea78795fc9\",\"name\":\"Prensa\",\"image\":{\"@type\":\"ImageObject\",\"inLanguage\":\"es\",\"@id\":\"https:\/\/alcaldiaalbertoadriani.com\/#\/schema\/person\/image\/\",\"url\":\"https:\/\/secure.gravatar.com\/avatar\/ea1cb567ea992a29627f4eee1c2eb185ec16decec6342d508fdf18dedb56c9de?s=96&d=mm&r=g\",\"contentUrl\":\"https:\/\/secure.gravatar.com\/avatar\/ea1cb567ea992a29627f4eee1c2eb185ec16decec6342d508fdf18dedb56c9de?s=96&d=mm&r=g\",\"caption\":\"Prensa\"},\"url\":\"https:\/\/alcaldiaalbertoadriani.com\/?author=2\"}]}<\/script>\n<!-- \/ Yoast SEO plugin. -->","yoast_head_json":{"title":"Lisandro Segura ofreci\u00f3 balance sobre acciones de gobierno","description":"Lisandro Segura ofreci\u00f3 balance sobre acciones de gobierno y anuncia plan de becas durante la transmisi\u00f3n de su programa radial","robots":{"index":"index","follow":"follow","max-snippet":"max-snippet:-1","max-image-preview":"max-image-preview:large","max-video-preview":"max-video-preview:-1"},"canonical":"https:\/\/alcaldiaalbertoadriani.com\/?p=15260","og_locale":"es_ES","og_type":"article","og_title":"Lisandro Segura ofreci\u00f3 balance sobre acciones de gobierno","og_description":"Lisandro Segura ofreci\u00f3 balance sobre acciones de gobierno y anuncia plan de becas durante la transmisi\u00f3n de su programa radial","og_url":"https:\/\/alcaldiaalbertoadriani.com\/?p=15260","og_site_name":"Alcaldia Alberto Adriani","article_published_time":"2026-02-27T18:03:50+00:00","article_modified_time":"2026-02-27T18:03:54+00:00","og_image":[{"width":1280,"height":962,"url":"https:\/\/alcaldiaalbertoadriani.com\/wp-content\/uploads\/2026\/02\/photo_4974458898240703380_y.jpg","type":"image\/jpeg"}],"author":"Prensa","twitter_card":"summary_large_image","twitter_misc":{"Escrito por":"Prensa","Tiempo de lectura":"2 minutos"},"schema":{"@context":"https:\/\/schema.org","@graph":[{"@type":"WebPage","@id":"https:\/\/alcaldiaalbertoadriani.com\/?p=15260","url":"https:\/\/alcaldiaalbertoadriani.com\/?p=15260","name":"Lisandro Segura ofreci\u00f3 balance sobre acciones de gobierno","isPartOf":{"@id":"https:\/\/alcaldiaalbertoadriani.com\/#website"},"datePublished":"2026-02-27T18:03:50+00:00","dateModified":"2026-02-27T18:03:54+00:00","author":{"@id":"https:\/\/alcaldiaalbertoadriani.com\/#\/schema\/person\/549b4483ff8999ac780deeea78795fc9"},"description":"Lisandro Segura ofreci\u00f3 balance sobre acciones de gobierno y anuncia plan de becas durante la transmisi\u00f3n de su programa radial","breadcrumb":{"@id":"https:\/\/alcaldiaalbertoadriani.com\/?p=15260#breadcrumb"},"inLanguage":"es","potentialAction":[{"@type":"ReadAction","target":["https:\/\/alcaldiaalbertoadriani.com\/?p=15260"]}]},{"@type":"BreadcrumbList","@id":"https:\/\/alcaldiaalbertoadriani.com\/?p=15260#breadcrumb","itemListElement":[{"@type":"ListItem","position":1,"name":"Portada","item":"https:\/\/alcaldiaalbertoadriani.com\/"},{"@type":"ListItem","position":2,"name":"Lisandro Segura ofreci\u00f3 balance sobre acciones de gobierno y anuncia plan de becas"}]},{"@type":"WebSite","@id":"https:\/\/alcaldiaalbertoadriani.com\/#website","url":"https:\/\/alcaldiaalbertoadriani.com\/","name":"Alcaldia Alberto Adriani","description":"","potentialAction":[{"@type":"SearchAction","target":{"@type":"EntryPoint","urlTemplate":"https:\/\/alcaldiaalbertoadriani.com\/?s={search_term_string}"},"query-input":"required name=search_term_string"}],"inLanguage":"es"},{"@type":"Person","@id":"https:\/\/alcaldiaalbertoadriani.com\/#\/schema\/person\/549b4483ff8999ac780deeea78795fc9","name":"Prensa","image":{"@type":"ImageObject","inLanguage":"es","@id":"https:\/\/alcaldiaalbertoadriani.com\/#\/schema\/person\/image\/","url":"https:\/\/secure.gravatar.com\/avatar\/ea1cb567ea992a29627f4eee1c2eb185ec16decec6342d508fdf18dedb56c9de?s=96&d=mm&r=g","contentUrl":"https:\/\/secure.gravatar.com\/avatar\/ea1cb567ea992a29627f4eee1c2eb185ec16decec6342d508fdf18dedb56c9de?s=96&d=mm&r=g","caption":"Prensa"},"url":"https:\/\/alcaldiaalbertoadriani.com\/?author=2"}]}},"_links":{"self":[{"href":"https:\/\/alcaldiaalbertoadriani.com\/index.php?rest_route=\/wp\/v2\/posts\/15260","targetHints":{"allow":["GET"]}}],"collection":[{"href":"https:\/\/alcaldiaalbertoadriani.com\/index.php?rest_route=\/wp\/v2\/posts"}],"about":[{"href":"https:\/\/alcaldiaalbertoadriani.com\/index.php?rest_route=\/wp\/v2\/types\/post"}],"author":[{"embeddable":true,"href":"https:\/\/alcaldiaalbertoadriani.com\/index.php?rest_route=\/wp\/v2\/users\/2"}],"replies":[{"embeddable":true,"href":"https:\/\/alcaldiaalbertoadriani.com\/index.php?rest_route=%2Fwp%2Fv2%2Fcomments&post=15260"}],"version-history":[{"count":1,"href":"https:\/\/alcaldiaalbertoadriani.com\/index.php?rest_route=\/wp\/v2\/posts\/15260\/revisions"}],"predecessor-version":[{"id":15263,"href":"https:\/\/alcaldiaalbertoadriani.com\/index.php?rest_route=\/wp\/v2\/posts\/15260\/revisions\/15263"}],"wp:featuredmedia":[{"embeddable":true,"href":"https:\/\/alcaldiaalbertoadriani.com\/index.php?rest_route=\/wp\/v2\/media\/15261"}],"wp:attachment":[{"href":"https:\/\/alcaldiaalbertoadriani.com\/index.php?rest_route=%2Fwp%2Fv2%2Fmedia&parent=15260"}],"wp:term":[{"taxonomy":"category","embeddable":true,"href":"https:\/\/alcaldiaalbertoadriani.com\/index.php?rest_route=%2Fwp%2Fv2%2Fcategories&post=15260"},{"taxonomy":"post_tag","embeddable":true,"href":"https:\/\/alcaldiaalbertoadriani.com\/index.php?rest_route=%2Fwp%2Fv2%2Ftags&post=15260"}],"curies":[{"name":"wp","href":"https:\/\/api.w.org\/{rel}","templated":true}]}}