{"id":15244,"date":"2026-02-27T17:44:41","date_gmt":"2026-02-27T17:44:41","guid":{"rendered":"https:\/\/alcaldiaalbertoadriani.com\/?p=15244"},"modified":"2026-02-27T17:44:44","modified_gmt":"2026-02-27T17:44:44","slug":"gerencia-de-vialidad-municipal-ofrece-talleres-de-educacion-vial","status":"publish","type":"post","link":"https:\/\/alcaldiaalbertoadriani.com\/?p=15244","title":{"rendered":"Gerencia de Vialidad Municipal ofrece talleres de Educaci\u00f3n Vial"},"content":{"rendered":"\n<h2 class=\"wp-block-heading\"><strong><em>Se busca la ense\u00f1anza y aprendizaje de normas, se\u00f1ales y comportamientos seguros en la v\u00eda p\u00fablica, cuyo objetivo es prevenir siniestros y promover la convivencia arm\u00f3nica entre conductores, peatones, ciclistas y pasajeros<\/em><\/strong><\/h2>\n\n\n\n<p>La gesti\u00f3n municipal de Alberto Adriani, bajo la direcci\u00f3n del ciudadano alcalde <a href=\"https:\/\/www.instagram.com\/lisandrosegura02\/\">Lisandro Segura<\/a>, informa a la colectividad que, en horas de la tarde de este mi\u00e9rcoles,\u00a0 la <a href=\"https:\/\/alcaldiaalbertoadriani.com\/?tag=gerencia-de-vialidad\">Gerencia de Vialidad<\/a> a cargo de Edilio M\u00e1rquez, dio continuidad al programa de formaci\u00f3n y capacitaci\u00f3n dirigido a los j\u00f3venes integrantes de la Brigada Bosque de Banderas, quienes realizan actividades voluntarias en beneficio del municipio.<\/p>\n\n\n\n<!--more-->\n\n\n\n<p>La jornada que se desarroll\u00f3 en el auditorio del ayuntamiento, la misma consisti\u00f3 en un conversatorio orientado a elementos fundamentales de la educaci\u00f3n vial, destacando el respeto a los dispositivos electr\u00f3nicos de sem\u00e1foro, el uso obligatorio del casco en el transporte en motocicleta y el fortalecimiento de campa\u00f1as preventivas que pr\u00f3ximamente se desplegar\u00e1n en las principales arterias viales de la ciudad.<\/p>\n\n\n\n<figure class=\"wp-block-gallery has-nested-images columns-default is-cropped wp-block-gallery-1 is-layout-flex wp-block-gallery-is-layout-flex\">\n<figure class=\"wp-block-image size-large\"><img loading=\"lazy\" decoding=\"async\" width=\"1024\" height=\"768\" data-id=\"15246\" src=\"https:\/\/alcaldiaalbertoadriani.com\/wp-content\/uploads\/2026\/02\/photo_4972220889567005733_y-1024x768.jpg\" alt=\"\" class=\"wp-image-15246\" srcset=\"https:\/\/alcaldiaalbertoadriani.com\/wp-content\/uploads\/2026\/02\/photo_4972220889567005733_y-1024x768.jpg 1024w, https:\/\/alcaldiaalbertoadriani.com\/wp-content\/uploads\/2026\/02\/photo_4972220889567005733_y-980x735.jpg 980w, https:\/\/alcaldiaalbertoadriani.com\/wp-content\/uploads\/2026\/02\/photo_4972220889567005733_y-480x360.jpg 480w\" sizes=\"auto, (min-width: 0px) and (max-width: 480px) 480px, (min-width: 481px) and (max-width: 980px) 980px, (min-width: 981px) 1024px, 100vw\" \/><\/figure>\n<\/figure>\n\n\n\n<p>Es importante resaltar que, la municipalidad ha venido ejecutando este tipo de acciones de manera recurrente con los distintos sectores vinculados al transporte, y en esta oportunidad con los j\u00f3venes de la brigada. &#8220;El objetivo es fortalecer la conciencia ciudadana ante el incremento de la incidencia de accidentes viales registrado en los \u00faltimos d\u00edas&#8221;, subray\u00f3 M\u00e1rquez.<\/p>\n\n\n\n<p>Como medida preventiva, la Alcald\u00eda contin\u00faa impulsando iniciativas formativas que promuevan el cumplimiento de las normas de circulaci\u00f3n y la disminuci\u00f3n de infracciones que puedan derivar en siniestros viales.<\/p>\n\n\n\n<p>En esta primera fase, se abordar\u00e1 de manera prioritaria el tema del respeto a los sem\u00e1foros, considerando el esfuerzo realizado por el gobierno municipal para poner en operatividad las 16 intersecciones que conforman la red semaforizadas de la ciudad.<\/p>\n\n\n\n<p>Asimismo, se prev\u00e9 una formaci\u00f3n integral de los brigadistas en diversas \u00e1reas vinculadas a la gesti\u00f3n municipal, entre ellas; educaci\u00f3n vial, turismo y ambiente, a fin que puedan convertirse en multiplicadores del mensaje preventivo en las unidades educativas y en las comunidades.<\/p>\n\n\n\n<p>Durante la actividad, tambi\u00e9n se reflexion\u00f3 sobre el contenido difundido en redes sociales en relaci\u00f3n con accidentes viales, resaltando con preocupaci\u00f3n que la mayor\u00eda de las personas involucradas son j\u00f3venes en edad productiva para la sociedad. En tal sentido, se hizo \u00e9nfasis en la responsabilidad legal y social que implica la conducci\u00f3n de veh\u00edculos, as\u00ed como en el cumplimiento estricto de las normas generales de circulaci\u00f3n.<\/p>\n\n\n\n<p>La gesti\u00f3n municipal, reitera su compromiso de continuar desarrollando talleres peri\u00f3dicos de formaci\u00f3n ciudadana, que promuevan una cultura de respeto a las normas de tr\u00e1nsito y, por ende, contribuir activamente en la reducci\u00f3n de accidentes viales en el municipio. <strong><em>Prensa OIPI \/ Tahiry Villalobos CNP: 23.225 \/ Foto OIPI Yerasabrith Manrique.<\/em><\/strong><\/p>\n\n\n\n<figure class=\"wp-block-gallery has-nested-images columns-default is-cropped wp-block-gallery-2 is-layout-flex wp-block-gallery-is-layout-flex\">\n\n<\/figure>\n","protected":false},"excerpt":{"rendered":"<p>Se busca la ense\u00f1anza y aprendizaje de normas, se\u00f1ales y comportamientos seguros en la v\u00eda p\u00fablica, cuyo objetivo es prevenir siniestros y promover la convivencia arm\u00f3nica entre conductores, peatones, ciclistas [&hellip;]<\/p>\n","protected":false},"author":2,"featured_media":15245,"comment_status":"open","ping_status":"closed","sticky":false,"template":"","format":"standard","meta":{"_et_pb_use_builder":"off","_et_pb_old_content":"","_et_gb_content_width":"","footnotes":""},"categories":[341,98,25,563],"tags":[31,11,12,15,761,30,29,28],"class_list":["post-15244","post","type-post","status-publish","format-standard","has-post-thumbnail","hentry","category-alcaldia-alberto-adriani","category-gerencia-de-vialidad","category-nuestro-municipio","category-talleres","tag-alcalde","tag-alcaldia","tag-alcaldiaalbertoadriani","tag-elvigia","tag-encrucijadadeprogreso","tag-lisandrosegura","tag-municipioquenosmerecemos","tag-porelrenacer"],"yoast_head":"<!-- This site is optimized with the Yoast SEO plugin v19.13 - https:\/\/yoast.com\/wordpress\/plugins\/seo\/ -->\n<title>Gerencia de Vialidad Municipal ofrece talleres de Educaci\u00f3n Vial<\/title>\n<meta name=\"description\" content=\"Gerencia de Vialidad Municipal ofrece talleres de Educaci\u00f3n Vial se busca la ense\u00f1anza y aprendizaje de normas, se\u00f1ales y comportamientos\" \/>\n<meta name=\"robots\" content=\"index, follow, max-snippet:-1, max-image-preview:large, max-video-preview:-1\" \/>\n<link rel=\"canonical\" href=\"https:\/\/alcaldiaalbertoadriani.com\/?p=15244\" \/>\n<meta property=\"og:locale\" content=\"es_ES\" \/>\n<meta property=\"og:type\" content=\"article\" \/>\n<meta property=\"og:title\" content=\"Gerencia de Vialidad Municipal ofrece talleres de Educaci\u00f3n Vial\" \/>\n<meta property=\"og:description\" content=\"Gerencia de Vialidad Municipal ofrece talleres de Educaci\u00f3n Vial se busca la ense\u00f1anza y aprendizaje de normas, se\u00f1ales y comportamientos\" \/>\n<meta property=\"og:url\" content=\"https:\/\/alcaldiaalbertoadriani.com\/?p=15244\" \/>\n<meta property=\"og:site_name\" content=\"Alcaldia Alberto Adriani\" \/>\n<meta property=\"article:published_time\" content=\"2026-02-27T17:44:41+00:00\" \/>\n<meta property=\"article:modified_time\" content=\"2026-02-27T17:44:44+00:00\" \/>\n<meta property=\"og:image\" content=\"https:\/\/alcaldiaalbertoadriani.com\/wp-content\/uploads\/2026\/02\/photo_4972220889567005732_y.jpg\" \/>\n\t<meta property=\"og:image:width\" content=\"1280\" \/>\n\t<meta property=\"og:image:height\" content=\"960\" \/>\n\t<meta property=\"og:image:type\" content=\"image\/jpeg\" \/>\n<meta name=\"author\" content=\"Prensa\" \/>\n<meta name=\"twitter:card\" content=\"summary_large_image\" \/>\n<meta name=\"twitter:label1\" content=\"Escrito por\" \/>\n\t<meta name=\"twitter:data1\" content=\"Prensa\" \/>\n\t<meta name=\"twitter:label2\" content=\"Tiempo de lectura\" \/>\n\t<meta name=\"twitter:data2\" content=\"3 minutos\" \/>\n<script type=\"application\/ld+json\" class=\"yoast-schema-graph\">{\"@context\":\"https:\/\/schema.org\",\"@graph\":[{\"@type\":\"WebPage\",\"@id\":\"https:\/\/alcaldiaalbertoadriani.com\/?p=15244\",\"url\":\"https:\/\/alcaldiaalbertoadriani.com\/?p=15244\",\"name\":\"Gerencia de Vialidad Municipal ofrece talleres de Educaci\u00f3n Vial\",\"isPartOf\":{\"@id\":\"https:\/\/alcaldiaalbertoadriani.com\/#website\"},\"datePublished\":\"2026-02-27T17:44:41+00:00\",\"dateModified\":\"2026-02-27T17:44:44+00:00\",\"author\":{\"@id\":\"https:\/\/alcaldiaalbertoadriani.com\/#\/schema\/person\/549b4483ff8999ac780deeea78795fc9\"},\"description\":\"Gerencia de Vialidad Municipal ofrece talleres de Educaci\u00f3n Vial se busca la ense\u00f1anza y aprendizaje de normas, se\u00f1ales y comportamientos\",\"breadcrumb\":{\"@id\":\"https:\/\/alcaldiaalbertoadriani.com\/?p=15244#breadcrumb\"},\"inLanguage\":\"es\",\"potentialAction\":[{\"@type\":\"ReadAction\",\"target\":[\"https:\/\/alcaldiaalbertoadriani.com\/?p=15244\"]}]},{\"@type\":\"BreadcrumbList\",\"@id\":\"https:\/\/alcaldiaalbertoadriani.com\/?p=15244#breadcrumb\",\"itemListElement\":[{\"@type\":\"ListItem\",\"position\":1,\"name\":\"Portada\",\"item\":\"https:\/\/alcaldiaalbertoadriani.com\/\"},{\"@type\":\"ListItem\",\"position\":2,\"name\":\"Gerencia de Vialidad Municipal ofrece talleres de Educaci\u00f3n Vial\"}]},{\"@type\":\"WebSite\",\"@id\":\"https:\/\/alcaldiaalbertoadriani.com\/#website\",\"url\":\"https:\/\/alcaldiaalbertoadriani.com\/\",\"name\":\"Alcaldia Alberto Adriani\",\"description\":\"\",\"potentialAction\":[{\"@type\":\"SearchAction\",\"target\":{\"@type\":\"EntryPoint\",\"urlTemplate\":\"https:\/\/alcaldiaalbertoadriani.com\/?s={search_term_string}\"},\"query-input\":\"required name=search_term_string\"}],\"inLanguage\":\"es\"},{\"@type\":\"Person\",\"@id\":\"https:\/\/alcaldiaalbertoadriani.com\/#\/schema\/person\/549b4483ff8999ac780deeea78795fc9\",\"name\":\"Prensa\",\"image\":{\"@type\":\"ImageObject\",\"inLanguage\":\"es\",\"@id\":\"https:\/\/alcaldiaalbertoadriani.com\/#\/schema\/person\/image\/\",\"url\":\"https:\/\/secure.gravatar.com\/avatar\/ea1cb567ea992a29627f4eee1c2eb185ec16decec6342d508fdf18dedb56c9de?s=96&d=mm&r=g\",\"contentUrl\":\"https:\/\/secure.gravatar.com\/avatar\/ea1cb567ea992a29627f4eee1c2eb185ec16decec6342d508fdf18dedb56c9de?s=96&d=mm&r=g\",\"caption\":\"Prensa\"},\"url\":\"https:\/\/alcaldiaalbertoadriani.com\/?author=2\"}]}<\/script>\n<!-- \/ Yoast SEO plugin. -->","yoast_head_json":{"title":"Gerencia de Vialidad Municipal ofrece talleres de Educaci\u00f3n Vial","description":"Gerencia de Vialidad Municipal ofrece talleres de Educaci\u00f3n Vial se busca la ense\u00f1anza y aprendizaje de normas, se\u00f1ales y comportamientos","robots":{"index":"index","follow":"follow","max-snippet":"max-snippet:-1","max-image-preview":"max-image-preview:large","max-video-preview":"max-video-preview:-1"},"canonical":"https:\/\/alcaldiaalbertoadriani.com\/?p=15244","og_locale":"es_ES","og_type":"article","og_title":"Gerencia de Vialidad Municipal ofrece talleres de Educaci\u00f3n Vial","og_description":"Gerencia de Vialidad Municipal ofrece talleres de Educaci\u00f3n Vial se busca la ense\u00f1anza y aprendizaje de normas, se\u00f1ales y comportamientos","og_url":"https:\/\/alcaldiaalbertoadriani.com\/?p=15244","og_site_name":"Alcaldia Alberto Adriani","article_published_time":"2026-02-27T17:44:41+00:00","article_modified_time":"2026-02-27T17:44:44+00:00","og_image":[{"width":1280,"height":960,"url":"https:\/\/alcaldiaalbertoadriani.com\/wp-content\/uploads\/2026\/02\/photo_4972220889567005732_y.jpg","type":"image\/jpeg"}],"author":"Prensa","twitter_card":"summary_large_image","twitter_misc":{"Escrito por":"Prensa","Tiempo de lectura":"3 minutos"},"schema":{"@context":"https:\/\/schema.org","@graph":[{"@type":"WebPage","@id":"https:\/\/alcaldiaalbertoadriani.com\/?p=15244","url":"https:\/\/alcaldiaalbertoadriani.com\/?p=15244","name":"Gerencia de Vialidad Municipal ofrece talleres de Educaci\u00f3n Vial","isPartOf":{"@id":"https:\/\/alcaldiaalbertoadriani.com\/#website"},"datePublished":"2026-02-27T17:44:41+00:00","dateModified":"2026-02-27T17:44:44+00:00","author":{"@id":"https:\/\/alcaldiaalbertoadriani.com\/#\/schema\/person\/549b4483ff8999ac780deeea78795fc9"},"description":"Gerencia de Vialidad Municipal ofrece talleres de Educaci\u00f3n Vial se busca la ense\u00f1anza y aprendizaje de normas, se\u00f1ales y comportamientos","breadcrumb":{"@id":"https:\/\/alcaldiaalbertoadriani.com\/?p=15244#breadcrumb"},"inLanguage":"es","potentialAction":[{"@type":"ReadAction","target":["https:\/\/alcaldiaalbertoadriani.com\/?p=15244"]}]},{"@type":"BreadcrumbList","@id":"https:\/\/alcaldiaalbertoadriani.com\/?p=15244#breadcrumb","itemListElement":[{"@type":"ListItem","position":1,"name":"Portada","item":"https:\/\/alcaldiaalbertoadriani.com\/"},{"@type":"ListItem","position":2,"name":"Gerencia de Vialidad Municipal ofrece talleres de Educaci\u00f3n Vial"}]},{"@type":"WebSite","@id":"https:\/\/alcaldiaalbertoadriani.com\/#website","url":"https:\/\/alcaldiaalbertoadriani.com\/","name":"Alcaldia Alberto Adriani","description":"","potentialAction":[{"@type":"SearchAction","target":{"@type":"EntryPoint","urlTemplate":"https:\/\/alcaldiaalbertoadriani.com\/?s={search_term_string}"},"query-input":"required name=search_term_string"}],"inLanguage":"es"},{"@type":"Person","@id":"https:\/\/alcaldiaalbertoadriani.com\/#\/schema\/person\/549b4483ff8999ac780deeea78795fc9","name":"Prensa","image":{"@type":"ImageObject","inLanguage":"es","@id":"https:\/\/alcaldiaalbertoadriani.com\/#\/schema\/person\/image\/","url":"https:\/\/secure.gravatar.com\/avatar\/ea1cb567ea992a29627f4eee1c2eb185ec16decec6342d508fdf18dedb56c9de?s=96&d=mm&r=g","contentUrl":"https:\/\/secure.gravatar.com\/avatar\/ea1cb567ea992a29627f4eee1c2eb185ec16decec6342d508fdf18dedb56c9de?s=96&d=mm&r=g","caption":"Prensa"},"url":"https:\/\/alcaldiaalbertoadriani.com\/?author=2"}]}},"_links":{"self":[{"href":"https:\/\/alcaldiaalbertoadriani.com\/index.php?rest_route=\/wp\/v2\/posts\/15244","targetHints":{"allow":["GET"]}}],"collection":[{"href":"https:\/\/alcaldiaalbertoadriani.com\/index.php?rest_route=\/wp\/v2\/posts"}],"about":[{"href":"https:\/\/alcaldiaalbertoadriani.com\/index.php?rest_route=\/wp\/v2\/types\/post"}],"author":[{"embeddable":true,"href":"https:\/\/alcaldiaalbertoadriani.com\/index.php?rest_route=\/wp\/v2\/users\/2"}],"replies":[{"embeddable":true,"href":"https:\/\/alcaldiaalbertoadriani.com\/index.php?rest_route=%2Fwp%2Fv2%2Fcomments&post=15244"}],"version-history":[{"count":1,"href":"https:\/\/alcaldiaalbertoadriani.com\/index.php?rest_route=\/wp\/v2\/posts\/15244\/revisions"}],"predecessor-version":[{"id":15249,"href":"https:\/\/alcaldiaalbertoadriani.com\/index.php?rest_route=\/wp\/v2\/posts\/15244\/revisions\/15249"}],"wp:featuredmedia":[{"embeddable":true,"href":"https:\/\/alcaldiaalbertoadriani.com\/index.php?rest_route=\/wp\/v2\/media\/15245"}],"wp:attachment":[{"href":"https:\/\/alcaldiaalbertoadriani.com\/index.php?rest_route=%2Fwp%2Fv2%2Fmedia&parent=15244"}],"wp:term":[{"taxonomy":"category","embeddable":true,"href":"https:\/\/alcaldiaalbertoadriani.com\/index.php?rest_route=%2Fwp%2Fv2%2Fcategories&post=15244"},{"taxonomy":"post_tag","embeddable":true,"href":"https:\/\/alcaldiaalbertoadriani.com\/index.php?rest_route=%2Fwp%2Fv2%2Ftags&post=15244"}],"curies":[{"name":"wp","href":"https:\/\/api.w.org\/{rel}","templated":true}]}}