{"id":15239,"date":"2026-02-27T16:09:05","date_gmt":"2026-02-27T16:09:05","guid":{"rendered":"https:\/\/alcaldiaalbertoadriani.com\/?p=15239"},"modified":"2026-02-27T16:09:09","modified_gmt":"2026-02-27T16:09:09","slug":"clubes-deportivos-solicitan-descentralizacion-administrativa","status":"publish","type":"post","link":"https:\/\/alcaldiaalbertoadriani.com\/?p=15239","title":{"rendered":"Clubes deportivos solicitan descentralizaci\u00f3n administrativa del Complejo Deportivo Carlos Maya"},"content":{"rendered":"\n<p>Diversos clubes deportivos y ligas que hacen vida en el municipio Alberto Adriani solicitan a la Gobernaci\u00f3n del estado y a las autoridades deportivas regionales la descentralizaci\u00f3n administrativa del Complejo Deportivo Carlos Maya.<\/p>\n\n\n\n<p>La solicitud la hicieron durante reuni\u00f3n sostenida este martes con el alcalde <a href=\"https:\/\/www.instagram.com\/lisandrosegura02\/\">Lisandro Segura<\/a> y miembros del Instituto Municipal del Deporte.<\/p>\n\n\n\n<figure class=\"wp-block-gallery has-nested-images columns-default is-cropped wp-block-gallery-1 is-layout-flex wp-block-gallery-is-layout-flex\">\n<figure class=\"wp-block-image size-large\"><img loading=\"lazy\" decoding=\"async\" width=\"1024\" height=\"770\" data-id=\"15242\" src=\"https:\/\/alcaldiaalbertoadriani.com\/wp-content\/uploads\/2026\/02\/photo_4972220889567005729_y-1024x770.jpg\" alt=\"\" class=\"wp-image-15242\" srcset=\"https:\/\/alcaldiaalbertoadriani.com\/wp-content\/uploads\/2026\/02\/photo_4972220889567005729_y-1024x770.jpg 1024w, https:\/\/alcaldiaalbertoadriani.com\/wp-content\/uploads\/2026\/02\/photo_4972220889567005729_y-980x737.jpg 980w, https:\/\/alcaldiaalbertoadriani.com\/wp-content\/uploads\/2026\/02\/photo_4972220889567005729_y-480x361.jpg 480w\" sizes=\"auto, (min-width: 0px) and (max-width: 480px) 480px, (min-width: 481px) and (max-width: 980px) 980px, (min-width: 981px) 1024px, 100vw\" \/><\/figure>\n<\/figure>\n\n\n\n<p>El llamado formal lo realiz\u00f3 C\u00e9sar \u00c1lvarez, presidente de la Liga de Baloncesto del municipio Alberto Adriani en nombre de los diferentes clubes de 14 disciplinas deportivas de la jurisdicci\u00f3n.<\/p>\n\n\n\n<p>Durante el encuentro, \u00c1lvarez destac\u00f3 la importancia que este recinto deportivo, ubicado en la urbanizaci\u00f3n Buenos Aires sea administrado directamente por la municipalidad, en atenci\u00f3n a las condiciones geogr\u00e1ficas y a la din\u00e1mica deportiva que all\u00ed se desarrolla de manera permanente por atletas y organizaciones locales.<\/p>\n\n\n\n<h2 class=\"wp-block-heading\"><strong><em>Vocero<\/em><\/strong><\/h2>\n\n\n\n<p>El vocero se\u00f1al\u00f3 que la mayor\u00eda de las personas que hacen vida activa dentro del complejo pertenecen al municipio, por lo que considera pertinente que la gesti\u00f3n y control operativo recaiga en la jurisdicci\u00f3n municipal, lo que permitir\u00eda mayor eficiencia y accesibilidad en el uso de las instalaciones.<\/p>\n\n\n\n<p>Asimismo, explic\u00f3 que actualmente los usuarios deben trasladarse hasta la ciudad de M\u00e9rida para realizar solicitudes de permisos y tr\u00e1mites administrativos vinculados al uso de los espacios deportivos, lo que representa dificultades log\u00edsticas y costos adicionales para clubes, ligas y atletas.<\/p>\n\n\n\n<p>En ese sentido, \u00c1lvarez subray\u00f3 que la descentralizaci\u00f3n permitir\u00eda optimizar los procesos administrativos, reducir gastos y facilitar el acceso oportuno a las instalaciones deportivas, fortaleciendo as\u00ed el desarrollo del deporte municipal en todas sus disciplinas.<\/p>\n\n\n\n<p>Finalmente, la representaci\u00f3n deportiva del municipio reiter\u00f3 su llamado a las autoridades competentes para que eval\u00faen esta propuesta en beneficio del deporte local, destacando que una administraci\u00f3n directa por parte del <a href=\"https:\/\/alcaldiaalbertoadriani.com\/?p=922\">municipio Alberto Adriani<\/a> contribuir\u00eda a garantizar el uso eficiente del complejo, reducir distancias en los tr\u00e1mites y favorecer el crecimiento integral de la actividad deportiva en la jurisdicci\u00f3n.<strong> <em>Prensa OIPI Tahiry Villalobos CNP: 23.225\/ Foto: OIPI<\/em><\/strong><\/p>\n\n\n\n<figure class=\"wp-block-gallery has-nested-images columns-default is-cropped wp-block-gallery-2 is-layout-flex wp-block-gallery-is-layout-flex\">\n<figure class=\"wp-block-image size-large\"><img loading=\"lazy\" decoding=\"async\" width=\"1024\" height=\"770\" data-id=\"15241\" src=\"https:\/\/alcaldiaalbertoadriani.com\/wp-content\/uploads\/2026\/02\/photo_4972220889567005731_y-1024x770.jpg\" alt=\"\" class=\"wp-image-15241\" srcset=\"https:\/\/alcaldiaalbertoadriani.com\/wp-content\/uploads\/2026\/02\/photo_4972220889567005731_y-1024x770.jpg 1024w, https:\/\/alcaldiaalbertoadriani.com\/wp-content\/uploads\/2026\/02\/photo_4972220889567005731_y-980x737.jpg 980w, https:\/\/alcaldiaalbertoadriani.com\/wp-content\/uploads\/2026\/02\/photo_4972220889567005731_y-480x361.jpg 480w\" sizes=\"auto, (min-width: 0px) and (max-width: 480px) 480px, (min-width: 481px) and (max-width: 980px) 980px, (min-width: 981px) 1024px, 100vw\" \/><\/figure>\n<\/figure>\n","protected":false},"excerpt":{"rendered":"<p>Diversos clubes deportivos y ligas que hacen vida en el municipio Alberto Adriani solicitan a la Gobernaci\u00f3n del estado y a las autoridades deportivas regionales la descentralizaci\u00f3n administrativa del Complejo [&hellip;]<\/p>\n","protected":false},"author":2,"featured_media":15240,"comment_status":"open","ping_status":"closed","sticky":false,"template":"","format":"standard","meta":{"_et_pb_use_builder":"off","_et_pb_old_content":"","_et_gb_content_width":"","footnotes":""},"categories":[341,61,50,25],"tags":[31,11,12,15,761,30,29,28],"class_list":["post-15239","post","type-post","status-publish","format-standard","has-post-thumbnail","hentry","category-alcaldia-alberto-adriani","category-deportes","category-imdraa","category-nuestro-municipio","tag-alcalde","tag-alcaldia","tag-alcaldiaalbertoadriani","tag-elvigia","tag-encrucijadadeprogreso","tag-lisandrosegura","tag-municipioquenosmerecemos","tag-porelrenacer"],"yoast_head":"<!-- This site is optimized with the Yoast SEO plugin v19.13 - https:\/\/yoast.com\/wordpress\/plugins\/seo\/ -->\n<title>Clubes deportivos solicitan descentralizaci\u00f3n administrativa<\/title>\n<meta name=\"description\" content=\"Clubes deportivos solicitan descentralizaci\u00f3n administrativa del Complejo Deportivo Carlos Maya la solicitud la hicieron durante reuni\u00f3n\" \/>\n<meta name=\"robots\" content=\"index, follow, max-snippet:-1, max-image-preview:large, max-video-preview:-1\" \/>\n<link rel=\"canonical\" href=\"https:\/\/alcaldiaalbertoadriani.com\/?p=15239\" \/>\n<meta property=\"og:locale\" content=\"es_ES\" \/>\n<meta property=\"og:type\" content=\"article\" \/>\n<meta property=\"og:title\" content=\"Clubes deportivos solicitan descentralizaci\u00f3n administrativa\" \/>\n<meta property=\"og:description\" content=\"Clubes deportivos solicitan descentralizaci\u00f3n administrativa del Complejo Deportivo Carlos Maya la solicitud la hicieron durante reuni\u00f3n\" \/>\n<meta property=\"og:url\" content=\"https:\/\/alcaldiaalbertoadriani.com\/?p=15239\" \/>\n<meta property=\"og:site_name\" content=\"Alcaldia Alberto Adriani\" \/>\n<meta property=\"article:published_time\" content=\"2026-02-27T16:09:05+00:00\" \/>\n<meta property=\"article:modified_time\" content=\"2026-02-27T16:09:09+00:00\" \/>\n<meta property=\"og:image\" content=\"https:\/\/alcaldiaalbertoadriani.com\/wp-content\/uploads\/2026\/02\/photo_4972220889567005730_y.jpg\" \/>\n\t<meta property=\"og:image:width\" content=\"1280\" \/>\n\t<meta property=\"og:image:height\" content=\"962\" \/>\n\t<meta property=\"og:image:type\" content=\"image\/jpeg\" \/>\n<meta name=\"author\" content=\"Prensa\" \/>\n<meta name=\"twitter:card\" content=\"summary_large_image\" \/>\n<meta name=\"twitter:label1\" content=\"Escrito por\" \/>\n\t<meta name=\"twitter:data1\" content=\"Prensa\" \/>\n\t<meta name=\"twitter:label2\" content=\"Tiempo de lectura\" \/>\n\t<meta name=\"twitter:data2\" content=\"2 minutos\" \/>\n<script type=\"application\/ld+json\" class=\"yoast-schema-graph\">{\"@context\":\"https:\/\/schema.org\",\"@graph\":[{\"@type\":\"WebPage\",\"@id\":\"https:\/\/alcaldiaalbertoadriani.com\/?p=15239\",\"url\":\"https:\/\/alcaldiaalbertoadriani.com\/?p=15239\",\"name\":\"Clubes deportivos solicitan descentralizaci\u00f3n administrativa\",\"isPartOf\":{\"@id\":\"https:\/\/alcaldiaalbertoadriani.com\/#website\"},\"datePublished\":\"2026-02-27T16:09:05+00:00\",\"dateModified\":\"2026-02-27T16:09:09+00:00\",\"author\":{\"@id\":\"https:\/\/alcaldiaalbertoadriani.com\/#\/schema\/person\/549b4483ff8999ac780deeea78795fc9\"},\"description\":\"Clubes deportivos solicitan descentralizaci\u00f3n administrativa del Complejo Deportivo Carlos Maya la solicitud la hicieron durante reuni\u00f3n\",\"breadcrumb\":{\"@id\":\"https:\/\/alcaldiaalbertoadriani.com\/?p=15239#breadcrumb\"},\"inLanguage\":\"es\",\"potentialAction\":[{\"@type\":\"ReadAction\",\"target\":[\"https:\/\/alcaldiaalbertoadriani.com\/?p=15239\"]}]},{\"@type\":\"BreadcrumbList\",\"@id\":\"https:\/\/alcaldiaalbertoadriani.com\/?p=15239#breadcrumb\",\"itemListElement\":[{\"@type\":\"ListItem\",\"position\":1,\"name\":\"Portada\",\"item\":\"https:\/\/alcaldiaalbertoadriani.com\/\"},{\"@type\":\"ListItem\",\"position\":2,\"name\":\"Clubes deportivos solicitan descentralizaci\u00f3n administrativa del Complejo Deportivo Carlos Maya\"}]},{\"@type\":\"WebSite\",\"@id\":\"https:\/\/alcaldiaalbertoadriani.com\/#website\",\"url\":\"https:\/\/alcaldiaalbertoadriani.com\/\",\"name\":\"Alcaldia Alberto Adriani\",\"description\":\"\",\"potentialAction\":[{\"@type\":\"SearchAction\",\"target\":{\"@type\":\"EntryPoint\",\"urlTemplate\":\"https:\/\/alcaldiaalbertoadriani.com\/?s={search_term_string}\"},\"query-input\":\"required name=search_term_string\"}],\"inLanguage\":\"es\"},{\"@type\":\"Person\",\"@id\":\"https:\/\/alcaldiaalbertoadriani.com\/#\/schema\/person\/549b4483ff8999ac780deeea78795fc9\",\"name\":\"Prensa\",\"image\":{\"@type\":\"ImageObject\",\"inLanguage\":\"es\",\"@id\":\"https:\/\/alcaldiaalbertoadriani.com\/#\/schema\/person\/image\/\",\"url\":\"https:\/\/secure.gravatar.com\/avatar\/ea1cb567ea992a29627f4eee1c2eb185ec16decec6342d508fdf18dedb56c9de?s=96&d=mm&r=g\",\"contentUrl\":\"https:\/\/secure.gravatar.com\/avatar\/ea1cb567ea992a29627f4eee1c2eb185ec16decec6342d508fdf18dedb56c9de?s=96&d=mm&r=g\",\"caption\":\"Prensa\"},\"url\":\"https:\/\/alcaldiaalbertoadriani.com\/?author=2\"}]}<\/script>\n<!-- \/ Yoast SEO plugin. -->","yoast_head_json":{"title":"Clubes deportivos solicitan descentralizaci\u00f3n administrativa","description":"Clubes deportivos solicitan descentralizaci\u00f3n administrativa del Complejo Deportivo Carlos Maya la solicitud la hicieron durante reuni\u00f3n","robots":{"index":"index","follow":"follow","max-snippet":"max-snippet:-1","max-image-preview":"max-image-preview:large","max-video-preview":"max-video-preview:-1"},"canonical":"https:\/\/alcaldiaalbertoadriani.com\/?p=15239","og_locale":"es_ES","og_type":"article","og_title":"Clubes deportivos solicitan descentralizaci\u00f3n administrativa","og_description":"Clubes deportivos solicitan descentralizaci\u00f3n administrativa del Complejo Deportivo Carlos Maya la solicitud la hicieron durante reuni\u00f3n","og_url":"https:\/\/alcaldiaalbertoadriani.com\/?p=15239","og_site_name":"Alcaldia Alberto Adriani","article_published_time":"2026-02-27T16:09:05+00:00","article_modified_time":"2026-02-27T16:09:09+00:00","og_image":[{"width":1280,"height":962,"url":"https:\/\/alcaldiaalbertoadriani.com\/wp-content\/uploads\/2026\/02\/photo_4972220889567005730_y.jpg","type":"image\/jpeg"}],"author":"Prensa","twitter_card":"summary_large_image","twitter_misc":{"Escrito por":"Prensa","Tiempo de lectura":"2 minutos"},"schema":{"@context":"https:\/\/schema.org","@graph":[{"@type":"WebPage","@id":"https:\/\/alcaldiaalbertoadriani.com\/?p=15239","url":"https:\/\/alcaldiaalbertoadriani.com\/?p=15239","name":"Clubes deportivos solicitan descentralizaci\u00f3n administrativa","isPartOf":{"@id":"https:\/\/alcaldiaalbertoadriani.com\/#website"},"datePublished":"2026-02-27T16:09:05+00:00","dateModified":"2026-02-27T16:09:09+00:00","author":{"@id":"https:\/\/alcaldiaalbertoadriani.com\/#\/schema\/person\/549b4483ff8999ac780deeea78795fc9"},"description":"Clubes deportivos solicitan descentralizaci\u00f3n administrativa del Complejo Deportivo Carlos Maya la solicitud la hicieron durante reuni\u00f3n","breadcrumb":{"@id":"https:\/\/alcaldiaalbertoadriani.com\/?p=15239#breadcrumb"},"inLanguage":"es","potentialAction":[{"@type":"ReadAction","target":["https:\/\/alcaldiaalbertoadriani.com\/?p=15239"]}]},{"@type":"BreadcrumbList","@id":"https:\/\/alcaldiaalbertoadriani.com\/?p=15239#breadcrumb","itemListElement":[{"@type":"ListItem","position":1,"name":"Portada","item":"https:\/\/alcaldiaalbertoadriani.com\/"},{"@type":"ListItem","position":2,"name":"Clubes deportivos solicitan descentralizaci\u00f3n administrativa del Complejo Deportivo Carlos Maya"}]},{"@type":"WebSite","@id":"https:\/\/alcaldiaalbertoadriani.com\/#website","url":"https:\/\/alcaldiaalbertoadriani.com\/","name":"Alcaldia Alberto Adriani","description":"","potentialAction":[{"@type":"SearchAction","target":{"@type":"EntryPoint","urlTemplate":"https:\/\/alcaldiaalbertoadriani.com\/?s={search_term_string}"},"query-input":"required name=search_term_string"}],"inLanguage":"es"},{"@type":"Person","@id":"https:\/\/alcaldiaalbertoadriani.com\/#\/schema\/person\/549b4483ff8999ac780deeea78795fc9","name":"Prensa","image":{"@type":"ImageObject","inLanguage":"es","@id":"https:\/\/alcaldiaalbertoadriani.com\/#\/schema\/person\/image\/","url":"https:\/\/secure.gravatar.com\/avatar\/ea1cb567ea992a29627f4eee1c2eb185ec16decec6342d508fdf18dedb56c9de?s=96&d=mm&r=g","contentUrl":"https:\/\/secure.gravatar.com\/avatar\/ea1cb567ea992a29627f4eee1c2eb185ec16decec6342d508fdf18dedb56c9de?s=96&d=mm&r=g","caption":"Prensa"},"url":"https:\/\/alcaldiaalbertoadriani.com\/?author=2"}]}},"_links":{"self":[{"href":"https:\/\/alcaldiaalbertoadriani.com\/index.php?rest_route=\/wp\/v2\/posts\/15239","targetHints":{"allow":["GET"]}}],"collection":[{"href":"https:\/\/alcaldiaalbertoadriani.com\/index.php?rest_route=\/wp\/v2\/posts"}],"about":[{"href":"https:\/\/alcaldiaalbertoadriani.com\/index.php?rest_route=\/wp\/v2\/types\/post"}],"author":[{"embeddable":true,"href":"https:\/\/alcaldiaalbertoadriani.com\/index.php?rest_route=\/wp\/v2\/users\/2"}],"replies":[{"embeddable":true,"href":"https:\/\/alcaldiaalbertoadriani.com\/index.php?rest_route=%2Fwp%2Fv2%2Fcomments&post=15239"}],"version-history":[{"count":1,"href":"https:\/\/alcaldiaalbertoadriani.com\/index.php?rest_route=\/wp\/v2\/posts\/15239\/revisions"}],"predecessor-version":[{"id":15243,"href":"https:\/\/alcaldiaalbertoadriani.com\/index.php?rest_route=\/wp\/v2\/posts\/15239\/revisions\/15243"}],"wp:featuredmedia":[{"embeddable":true,"href":"https:\/\/alcaldiaalbertoadriani.com\/index.php?rest_route=\/wp\/v2\/media\/15240"}],"wp:attachment":[{"href":"https:\/\/alcaldiaalbertoadriani.com\/index.php?rest_route=%2Fwp%2Fv2%2Fmedia&parent=15239"}],"wp:term":[{"taxonomy":"category","embeddable":true,"href":"https:\/\/alcaldiaalbertoadriani.com\/index.php?rest_route=%2Fwp%2Fv2%2Fcategories&post=15239"},{"taxonomy":"post_tag","embeddable":true,"href":"https:\/\/alcaldiaalbertoadriani.com\/index.php?rest_route=%2Fwp%2Fv2%2Ftags&post=15239"}],"curies":[{"name":"wp","href":"https:\/\/api.w.org\/{rel}","templated":true}]}}