{"id":15235,"date":"2026-02-27T16:02:56","date_gmt":"2026-02-27T16:02:56","guid":{"rendered":"https:\/\/alcaldiaalbertoadriani.com\/?p=15235"},"modified":"2026-02-27T16:02:58","modified_gmt":"2026-02-27T16:02:58","slug":"vigiense-franyer-plaza-clasifico-a-los-juegos-nacionales-juveniles","status":"publish","type":"post","link":"https:\/\/alcaldiaalbertoadriani.com\/?p=15235","title":{"rendered":"Vig\u00edense Franyer Plaza clasific\u00f3 a los Juegos Nacionales Juveniles 2026"},"content":{"rendered":"\n<p>El ciclista Franyer Plaza, del equipo de la Fundaci\u00f3n Team Family &#8211; Alcald\u00eda Alberto Adriani, se convirti\u00f3 en el primer vig\u00edense en ganar el Estadal de Ciclismo de Monta\u00f1a (MTB) y clasificar a los Juegos Nacionales Juveniles 2026. El evento se realiz\u00f3 durante el fin de semana en Lagunillas, municipio Sucre del estado M\u00e9rida.<\/p>\n\n\n\n<p>As\u00ed lo inform\u00f3 Jos\u00e9 Alirio Contreras, presidente de la Fundaci\u00f3n, al se\u00f1alar que como parte de las pol\u00edticas p\u00fablicas del alcalde Lisandro Segura en apoyar a los deportistas, se sienten regocijados con este triunfo del corredor en menci\u00f3n, en la categor\u00eda pre juvenil.<\/p>\n\n\n\n<p>\u201cTendremos representaci\u00f3n por M\u00e9rida y El Vig\u00eda en los Juegos Nacionales Juveniles 2026, esto producto del esfuerzo, constancia y disciplina\u201d, enfatiz\u00f3.<\/p>\n\n\n\n<p>Por otro lado, Jos\u00e9 Alirio Contreras, aprovech\u00f3 la ocasi\u00f3n para anunciar que el pr\u00f3ximo 8 de marzo, ser\u00e1 el Estadal de Ruta Cicl\u00edstica en el municipio Alberto Adriani.<\/p>\n\n\n\n<p>Dijo que el punto de concentraci\u00f3n y desarrollo de la misma ser\u00e1 frente a la Alcald\u00eda, a partir delas 8:00 de la ma\u00f1ana.<\/p>\n\n\n\n<p>Por \u00faltimo, Contreras acot\u00f3 que la jornada cuenta con la organizaci\u00f3n de la fundaci\u00f3n adscrita al ayuntamiento que est\u00e1 a su cargo, junto con el Instituto Municipal del Deporte y Recreaci\u00f3n \u2013<a href=\"https:\/\/alcaldiaalbertoadriani.com\/?tag=imdraa-inicio-plan\">Imdraa<\/a>-, bajo el patrocinio del alcalde Lisandro Segura. <strong><em>Prensa Alcald\u00eda Alberto Adriani\/Edgar Mendoza CNP 25.736\/Fotos cortes\u00eda.<\/em><\/strong><\/p>\n\n\n\n<figure class=\"wp-block-gallery has-nested-images columns-default is-cropped wp-block-gallery-1 is-layout-flex wp-block-gallery-is-layout-flex\">\n<figure class=\"wp-block-image size-large\"><img loading=\"lazy\" decoding=\"async\" width=\"720\" height=\"824\" data-id=\"15237\" src=\"https:\/\/alcaldiaalbertoadriani.com\/wp-content\/uploads\/2026\/02\/photo_4974730507677535153_y.jpg\" alt=\"\" class=\"wp-image-15237\" srcset=\"https:\/\/alcaldiaalbertoadriani.com\/wp-content\/uploads\/2026\/02\/photo_4974730507677535153_y.jpg 720w, https:\/\/alcaldiaalbertoadriani.com\/wp-content\/uploads\/2026\/02\/photo_4974730507677535153_y-480x549.jpg 480w\" sizes=\"auto, (min-width: 0px) and (max-width: 480px) 480px, (min-width: 481px) 720px, 100vw\" \/><\/figure>\n<\/figure>\n","protected":false},"excerpt":{"rendered":"<p>El ciclista Franyer Plaza, del equipo de la Fundaci\u00f3n Team Family &#8211; Alcald\u00eda Alberto Adriani, se convirti\u00f3 en el primer vig\u00edense en ganar el Estadal de Ciclismo de Monta\u00f1a (MTB) [&hellip;]<\/p>\n","protected":false},"author":2,"featured_media":15236,"comment_status":"open","ping_status":"closed","sticky":false,"template":"","format":"standard","meta":{"_et_pb_use_builder":"off","_et_pb_old_content":"","_et_gb_content_width":"","footnotes":""},"categories":[341,61,50,25],"tags":[31,11,12,15,761,30,29,28],"class_list":["post-15235","post","type-post","status-publish","format-standard","has-post-thumbnail","hentry","category-alcaldia-alberto-adriani","category-deportes","category-imdraa","category-nuestro-municipio","tag-alcalde","tag-alcaldia","tag-alcaldiaalbertoadriani","tag-elvigia","tag-encrucijadadeprogreso","tag-lisandrosegura","tag-municipioquenosmerecemos","tag-porelrenacer"],"yoast_head":"<!-- This site is optimized with the Yoast SEO plugin v19.13 - https:\/\/yoast.com\/wordpress\/plugins\/seo\/ -->\n<title>Vig\u00edense Franyer Plaza clasific\u00f3 a los Juegos Nacionales Juveniles<\/title>\n<meta name=\"description\" content=\"Vig\u00edense Franyer Plaza clasific\u00f3 a los Juegos Nacionales Juveniles 2026, el evento se realiz\u00f3 durante el fin de semana en Lagunillas\" \/>\n<meta name=\"robots\" content=\"index, follow, max-snippet:-1, max-image-preview:large, max-video-preview:-1\" \/>\n<link rel=\"canonical\" href=\"https:\/\/alcaldiaalbertoadriani.com\/?p=15235\" \/>\n<meta property=\"og:locale\" content=\"es_ES\" \/>\n<meta property=\"og:type\" content=\"article\" \/>\n<meta property=\"og:title\" content=\"Vig\u00edense Franyer Plaza clasific\u00f3 a los Juegos Nacionales Juveniles\" \/>\n<meta property=\"og:description\" content=\"Vig\u00edense Franyer Plaza clasific\u00f3 a los Juegos Nacionales Juveniles 2026, el evento se realiz\u00f3 durante el fin de semana en Lagunillas\" \/>\n<meta property=\"og:url\" content=\"https:\/\/alcaldiaalbertoadriani.com\/?p=15235\" \/>\n<meta property=\"og:site_name\" content=\"Alcaldia Alberto Adriani\" \/>\n<meta property=\"article:published_time\" content=\"2026-02-27T16:02:56+00:00\" \/>\n<meta property=\"article:modified_time\" content=\"2026-02-27T16:02:58+00:00\" \/>\n<meta property=\"og:image\" content=\"https:\/\/alcaldiaalbertoadriani.com\/wp-content\/uploads\/2026\/02\/photo_4974730507677535152_y.jpg\" \/>\n\t<meta property=\"og:image:width\" content=\"1153\" \/>\n\t<meta property=\"og:image:height\" content=\"1280\" \/>\n\t<meta property=\"og:image:type\" content=\"image\/jpeg\" \/>\n<meta name=\"author\" content=\"Prensa\" \/>\n<meta name=\"twitter:card\" content=\"summary_large_image\" \/>\n<meta name=\"twitter:label1\" content=\"Escrito por\" \/>\n\t<meta name=\"twitter:data1\" content=\"Prensa\" \/>\n\t<meta name=\"twitter:label2\" content=\"Tiempo de lectura\" \/>\n\t<meta name=\"twitter:data2\" content=\"2 minutos\" \/>\n<script type=\"application\/ld+json\" class=\"yoast-schema-graph\">{\"@context\":\"https:\/\/schema.org\",\"@graph\":[{\"@type\":\"WebPage\",\"@id\":\"https:\/\/alcaldiaalbertoadriani.com\/?p=15235\",\"url\":\"https:\/\/alcaldiaalbertoadriani.com\/?p=15235\",\"name\":\"Vig\u00edense Franyer Plaza clasific\u00f3 a los Juegos Nacionales Juveniles\",\"isPartOf\":{\"@id\":\"https:\/\/alcaldiaalbertoadriani.com\/#website\"},\"datePublished\":\"2026-02-27T16:02:56+00:00\",\"dateModified\":\"2026-02-27T16:02:58+00:00\",\"author\":{\"@id\":\"https:\/\/alcaldiaalbertoadriani.com\/#\/schema\/person\/549b4483ff8999ac780deeea78795fc9\"},\"description\":\"Vig\u00edense Franyer Plaza clasific\u00f3 a los Juegos Nacionales Juveniles 2026, el evento se realiz\u00f3 durante el fin de semana en Lagunillas\",\"breadcrumb\":{\"@id\":\"https:\/\/alcaldiaalbertoadriani.com\/?p=15235#breadcrumb\"},\"inLanguage\":\"es\",\"potentialAction\":[{\"@type\":\"ReadAction\",\"target\":[\"https:\/\/alcaldiaalbertoadriani.com\/?p=15235\"]}]},{\"@type\":\"BreadcrumbList\",\"@id\":\"https:\/\/alcaldiaalbertoadriani.com\/?p=15235#breadcrumb\",\"itemListElement\":[{\"@type\":\"ListItem\",\"position\":1,\"name\":\"Portada\",\"item\":\"https:\/\/alcaldiaalbertoadriani.com\/\"},{\"@type\":\"ListItem\",\"position\":2,\"name\":\"Vig\u00edense Franyer Plaza clasific\u00f3 a los Juegos Nacionales Juveniles 2026\"}]},{\"@type\":\"WebSite\",\"@id\":\"https:\/\/alcaldiaalbertoadriani.com\/#website\",\"url\":\"https:\/\/alcaldiaalbertoadriani.com\/\",\"name\":\"Alcaldia Alberto Adriani\",\"description\":\"\",\"potentialAction\":[{\"@type\":\"SearchAction\",\"target\":{\"@type\":\"EntryPoint\",\"urlTemplate\":\"https:\/\/alcaldiaalbertoadriani.com\/?s={search_term_string}\"},\"query-input\":\"required name=search_term_string\"}],\"inLanguage\":\"es\"},{\"@type\":\"Person\",\"@id\":\"https:\/\/alcaldiaalbertoadriani.com\/#\/schema\/person\/549b4483ff8999ac780deeea78795fc9\",\"name\":\"Prensa\",\"image\":{\"@type\":\"ImageObject\",\"inLanguage\":\"es\",\"@id\":\"https:\/\/alcaldiaalbertoadriani.com\/#\/schema\/person\/image\/\",\"url\":\"https:\/\/secure.gravatar.com\/avatar\/ea1cb567ea992a29627f4eee1c2eb185ec16decec6342d508fdf18dedb56c9de?s=96&d=mm&r=g\",\"contentUrl\":\"https:\/\/secure.gravatar.com\/avatar\/ea1cb567ea992a29627f4eee1c2eb185ec16decec6342d508fdf18dedb56c9de?s=96&d=mm&r=g\",\"caption\":\"Prensa\"},\"url\":\"https:\/\/alcaldiaalbertoadriani.com\/?author=2\"}]}<\/script>\n<!-- \/ Yoast SEO plugin. -->","yoast_head_json":{"title":"Vig\u00edense Franyer Plaza clasific\u00f3 a los Juegos Nacionales Juveniles","description":"Vig\u00edense Franyer Plaza clasific\u00f3 a los Juegos Nacionales Juveniles 2026, el evento se realiz\u00f3 durante el fin de semana en Lagunillas","robots":{"index":"index","follow":"follow","max-snippet":"max-snippet:-1","max-image-preview":"max-image-preview:large","max-video-preview":"max-video-preview:-1"},"canonical":"https:\/\/alcaldiaalbertoadriani.com\/?p=15235","og_locale":"es_ES","og_type":"article","og_title":"Vig\u00edense Franyer Plaza clasific\u00f3 a los Juegos Nacionales Juveniles","og_description":"Vig\u00edense Franyer Plaza clasific\u00f3 a los Juegos Nacionales Juveniles 2026, el evento se realiz\u00f3 durante el fin de semana en Lagunillas","og_url":"https:\/\/alcaldiaalbertoadriani.com\/?p=15235","og_site_name":"Alcaldia Alberto Adriani","article_published_time":"2026-02-27T16:02:56+00:00","article_modified_time":"2026-02-27T16:02:58+00:00","og_image":[{"width":1153,"height":1280,"url":"https:\/\/alcaldiaalbertoadriani.com\/wp-content\/uploads\/2026\/02\/photo_4974730507677535152_y.jpg","type":"image\/jpeg"}],"author":"Prensa","twitter_card":"summary_large_image","twitter_misc":{"Escrito por":"Prensa","Tiempo de lectura":"2 minutos"},"schema":{"@context":"https:\/\/schema.org","@graph":[{"@type":"WebPage","@id":"https:\/\/alcaldiaalbertoadriani.com\/?p=15235","url":"https:\/\/alcaldiaalbertoadriani.com\/?p=15235","name":"Vig\u00edense Franyer Plaza clasific\u00f3 a los Juegos Nacionales Juveniles","isPartOf":{"@id":"https:\/\/alcaldiaalbertoadriani.com\/#website"},"datePublished":"2026-02-27T16:02:56+00:00","dateModified":"2026-02-27T16:02:58+00:00","author":{"@id":"https:\/\/alcaldiaalbertoadriani.com\/#\/schema\/person\/549b4483ff8999ac780deeea78795fc9"},"description":"Vig\u00edense Franyer Plaza clasific\u00f3 a los Juegos Nacionales Juveniles 2026, el evento se realiz\u00f3 durante el fin de semana en Lagunillas","breadcrumb":{"@id":"https:\/\/alcaldiaalbertoadriani.com\/?p=15235#breadcrumb"},"inLanguage":"es","potentialAction":[{"@type":"ReadAction","target":["https:\/\/alcaldiaalbertoadriani.com\/?p=15235"]}]},{"@type":"BreadcrumbList","@id":"https:\/\/alcaldiaalbertoadriani.com\/?p=15235#breadcrumb","itemListElement":[{"@type":"ListItem","position":1,"name":"Portada","item":"https:\/\/alcaldiaalbertoadriani.com\/"},{"@type":"ListItem","position":2,"name":"Vig\u00edense Franyer Plaza clasific\u00f3 a los Juegos Nacionales Juveniles 2026"}]},{"@type":"WebSite","@id":"https:\/\/alcaldiaalbertoadriani.com\/#website","url":"https:\/\/alcaldiaalbertoadriani.com\/","name":"Alcaldia Alberto Adriani","description":"","potentialAction":[{"@type":"SearchAction","target":{"@type":"EntryPoint","urlTemplate":"https:\/\/alcaldiaalbertoadriani.com\/?s={search_term_string}"},"query-input":"required name=search_term_string"}],"inLanguage":"es"},{"@type":"Person","@id":"https:\/\/alcaldiaalbertoadriani.com\/#\/schema\/person\/549b4483ff8999ac780deeea78795fc9","name":"Prensa","image":{"@type":"ImageObject","inLanguage":"es","@id":"https:\/\/alcaldiaalbertoadriani.com\/#\/schema\/person\/image\/","url":"https:\/\/secure.gravatar.com\/avatar\/ea1cb567ea992a29627f4eee1c2eb185ec16decec6342d508fdf18dedb56c9de?s=96&d=mm&r=g","contentUrl":"https:\/\/secure.gravatar.com\/avatar\/ea1cb567ea992a29627f4eee1c2eb185ec16decec6342d508fdf18dedb56c9de?s=96&d=mm&r=g","caption":"Prensa"},"url":"https:\/\/alcaldiaalbertoadriani.com\/?author=2"}]}},"_links":{"self":[{"href":"https:\/\/alcaldiaalbertoadriani.com\/index.php?rest_route=\/wp\/v2\/posts\/15235","targetHints":{"allow":["GET"]}}],"collection":[{"href":"https:\/\/alcaldiaalbertoadriani.com\/index.php?rest_route=\/wp\/v2\/posts"}],"about":[{"href":"https:\/\/alcaldiaalbertoadriani.com\/index.php?rest_route=\/wp\/v2\/types\/post"}],"author":[{"embeddable":true,"href":"https:\/\/alcaldiaalbertoadriani.com\/index.php?rest_route=\/wp\/v2\/users\/2"}],"replies":[{"embeddable":true,"href":"https:\/\/alcaldiaalbertoadriani.com\/index.php?rest_route=%2Fwp%2Fv2%2Fcomments&post=15235"}],"version-history":[{"count":1,"href":"https:\/\/alcaldiaalbertoadriani.com\/index.php?rest_route=\/wp\/v2\/posts\/15235\/revisions"}],"predecessor-version":[{"id":15238,"href":"https:\/\/alcaldiaalbertoadriani.com\/index.php?rest_route=\/wp\/v2\/posts\/15235\/revisions\/15238"}],"wp:featuredmedia":[{"embeddable":true,"href":"https:\/\/alcaldiaalbertoadriani.com\/index.php?rest_route=\/wp\/v2\/media\/15236"}],"wp:attachment":[{"href":"https:\/\/alcaldiaalbertoadriani.com\/index.php?rest_route=%2Fwp%2Fv2%2Fmedia&parent=15235"}],"wp:term":[{"taxonomy":"category","embeddable":true,"href":"https:\/\/alcaldiaalbertoadriani.com\/index.php?rest_route=%2Fwp%2Fv2%2Fcategories&post=15235"},{"taxonomy":"post_tag","embeddable":true,"href":"https:\/\/alcaldiaalbertoadriani.com\/index.php?rest_route=%2Fwp%2Fv2%2Ftags&post=15235"}],"curies":[{"name":"wp","href":"https:\/\/api.w.org\/{rel}","templated":true}]}}