{"id":15217,"date":"2026-02-27T15:45:55","date_gmt":"2026-02-27T15:45:55","guid":{"rendered":"https:\/\/alcaldiaalbertoadriani.com\/?p=15217"},"modified":"2026-02-27T15:45:58","modified_gmt":"2026-02-27T15:45:58","slug":"immigaa-realiza-pancartazo-de-sensibilizacion-contra-la-violencia","status":"publish","type":"post","link":"https:\/\/alcaldiaalbertoadriani.com\/?p=15217","title":{"rendered":"Immigaa realiza pancartazo de sensibilizaci\u00f3n contra la violencia hacia la mujer"},"content":{"rendered":"\n<h2 class=\"wp-block-heading\"><strong><em>La violencia de g\u00e9nero, es cualquier acto que perjudique a una persona, basado en las diferencias de g\u00e9nero entre hombres y mujeres.<\/em><\/strong><\/h2>\n\n\n\n<p>El Instituto Municipal para la Mujer y la Igualdad de G\u00e9nero (<a href=\"https:\/\/alcaldiaalbertoadriani.com\/?tag=immigaa\">Immigaa<\/a>), ente adscrito a la Alcald\u00eda del Municipio Alberto Adriani, la cual dirige el alcalde <a href=\"https:\/\/www.instagram.com\/lisandrosegura02\/\">Lisandro Segura<\/a> llev\u00f3 a cabo la ma\u00f1ana de este mi\u00e9rcoles un pancartazo en las inmediaciones del sector Iberia, como parte de las acciones de sensibilizaci\u00f3n dirigidas a la poblaci\u00f3n en materia de prevenci\u00f3n de la violencia contra la mujer.<\/p>\n\n\n\n<!--more-->\n\n\n\n<p>La actividad estuvo encabezada por la presidente del <a href=\"https:\/\/alcaldiaalbertoadriani.com\/?cat=60\">Immigaa<\/a>, Anmi Jaime, quien inform\u00f3 que la jornada tuvo como finalidad concienciar a la ciudadan\u00eda sobre la importancia de decir \u201cNo a la violencia contra la mujer\u201d, as\u00ed como promover la prevenci\u00f3n oportuna de cualquier situaci\u00f3n de riesgo y motivar a las v\u00edctimas o testigos a denunciar a tiempo.<\/p>\n\n\n\n<figure class=\"wp-block-gallery has-nested-images columns-default is-cropped wp-block-gallery-1 is-layout-flex wp-block-gallery-is-layout-flex\">\n<figure class=\"wp-block-image size-large\"><img loading=\"lazy\" decoding=\"async\" width=\"1024\" height=\"768\" data-id=\"15219\" src=\"https:\/\/alcaldiaalbertoadriani.com\/wp-content\/uploads\/2026\/02\/photo_4972260055373777909_y-1024x768.jpg\" alt=\"\" class=\"wp-image-15219\" srcset=\"https:\/\/alcaldiaalbertoadriani.com\/wp-content\/uploads\/2026\/02\/photo_4972260055373777909_y-1024x768.jpg 1024w, https:\/\/alcaldiaalbertoadriani.com\/wp-content\/uploads\/2026\/02\/photo_4972260055373777909_y-980x735.jpg 980w, https:\/\/alcaldiaalbertoadriani.com\/wp-content\/uploads\/2026\/02\/photo_4972260055373777909_y-480x360.jpg 480w\" sizes=\"auto, (min-width: 0px) and (max-width: 480px) 480px, (min-width: 481px) and (max-width: 980px) 980px, (min-width: 981px) 1024px, 100vw\" \/><\/figure>\n<\/figure>\n\n\n\n<p>\u201cLa actividad de hoy busca sensibilizar a la poblaci\u00f3n, llevar ese mensaje firme de rechazo a la violencia contra la mujer, prevenir a tiempo cualquier situaci\u00f3n y recordar la importancia de denunciar oportunamente\u201d, expres\u00f3 la presidenta del instituto.<\/p>\n\n\n\n<p>Durante la jornada se realiz\u00f3 adem\u00e1s, la entrega de volantes informativos alusivos al D\u00eda Naranja que son todos los 25 de cada mes, oportunidad para promover la lucha en contra de la violencia contra las mujeres y ni\u00f1as, siendo un tipo de violaci\u00f3n a los derechos humanos que representa un grave problema y a la importancia de la prevenci\u00f3n de la violencia de g\u00e9nero, reforzando el llamado a construir una sociedad m\u00e1s justa, equitativa y libre de violencia.<\/p>\n\n\n\n<figure class=\"wp-block-gallery has-nested-images columns-default is-cropped wp-block-gallery-2 is-layout-flex wp-block-gallery-is-layout-flex\">\n<figure class=\"wp-block-image size-large\"><img loading=\"lazy\" decoding=\"async\" width=\"1024\" height=\"768\" data-id=\"15220\" src=\"https:\/\/alcaldiaalbertoadriani.com\/wp-content\/uploads\/2026\/02\/photo_4972260055373777910_y-1024x768.jpg\" alt=\"\" class=\"wp-image-15220\" srcset=\"https:\/\/alcaldiaalbertoadriani.com\/wp-content\/uploads\/2026\/02\/photo_4972260055373777910_y-1024x768.jpg 1024w, https:\/\/alcaldiaalbertoadriani.com\/wp-content\/uploads\/2026\/02\/photo_4972260055373777910_y-980x735.jpg 980w, https:\/\/alcaldiaalbertoadriani.com\/wp-content\/uploads\/2026\/02\/photo_4972260055373777910_y-480x360.jpg 480w\" sizes=\"auto, (min-width: 0px) and (max-width: 480px) 480px, (min-width: 481px) and (max-width: 980px) 980px, (min-width: 981px) 1024px, 100vw\" \/><\/figure>\n<\/figure>\n\n\n\n<p>Con estas acciones, el Instituto Municipal para la Mujer y la Igualdad de G\u00e9nero ratifica su compromiso con la promoci\u00f3n de pol\u00edticas p\u00fablicas orientadas a la protecci\u00f3n de los derechos de las mujeres y la consolidaci\u00f3n de una cultura de paz en el Municipio Alberto Adriani. <strong><em>Prensa OIPI \/ Tahiry Villalobos CNP: 23.225 \/ Foto: OIPI<\/em><\/strong><\/p>\n\n\n\n<figure class=\"wp-block-gallery has-nested-images columns-default is-cropped wp-block-gallery-3 is-layout-flex wp-block-gallery-is-layout-flex\">\n<figure class=\"wp-block-image size-large\"><img loading=\"lazy\" decoding=\"async\" width=\"1024\" height=\"768\" data-id=\"15221\" src=\"https:\/\/alcaldiaalbertoadriani.com\/wp-content\/uploads\/2026\/02\/photo_4972260055373777908_y-1024x768.jpg\" alt=\"\" class=\"wp-image-15221\" srcset=\"https:\/\/alcaldiaalbertoadriani.com\/wp-content\/uploads\/2026\/02\/photo_4972260055373777908_y-1024x768.jpg 1024w, https:\/\/alcaldiaalbertoadriani.com\/wp-content\/uploads\/2026\/02\/photo_4972260055373777908_y-980x735.jpg 980w, https:\/\/alcaldiaalbertoadriani.com\/wp-content\/uploads\/2026\/02\/photo_4972260055373777908_y-480x360.jpg 480w\" sizes=\"auto, (min-width: 0px) and (max-width: 480px) 480px, (min-width: 481px) and (max-width: 980px) 980px, (min-width: 981px) 1024px, 100vw\" \/><\/figure>\n\n\n\n<figure class=\"wp-block-image size-large\"><img loading=\"lazy\" decoding=\"async\" width=\"1024\" height=\"768\" data-id=\"15222\" src=\"https:\/\/alcaldiaalbertoadriani.com\/wp-content\/uploads\/2026\/02\/photo_4972260055373777911_y-1024x768.jpg\" alt=\"\" class=\"wp-image-15222\" srcset=\"https:\/\/alcaldiaalbertoadriani.com\/wp-content\/uploads\/2026\/02\/photo_4972260055373777911_y-1024x768.jpg 1024w, https:\/\/alcaldiaalbertoadriani.com\/wp-content\/uploads\/2026\/02\/photo_4972260055373777911_y-980x735.jpg 980w, https:\/\/alcaldiaalbertoadriani.com\/wp-content\/uploads\/2026\/02\/photo_4972260055373777911_y-480x360.jpg 480w\" sizes=\"auto, (min-width: 0px) and (max-width: 480px) 480px, (min-width: 481px) and (max-width: 980px) 980px, (min-width: 981px) 1024px, 100vw\" \/><\/figure>\n<\/figure>\n","protected":false},"excerpt":{"rendered":"<p>La violencia de g\u00e9nero, es cualquier acto que perjudique a una persona, basado en las diferencias de g\u00e9nero entre hombres y mujeres. El Instituto Municipal para la Mujer y la [&hellip;]<\/p>\n","protected":false},"author":2,"featured_media":15218,"comment_status":"open","ping_status":"closed","sticky":false,"template":"","format":"standard","meta":{"_et_pb_use_builder":"off","_et_pb_old_content":"","_et_gb_content_width":"","footnotes":""},"categories":[341,1084,60,25],"tags":[31,11,12,15,761,30,29,28],"class_list":["post-15217","post","type-post","status-publish","format-standard","has-post-thumbnail","hentry","category-alcaldia-alberto-adriani","category-campana","category-immigaa","category-nuestro-municipio","tag-alcalde","tag-alcaldia","tag-alcaldiaalbertoadriani","tag-elvigia","tag-encrucijadadeprogreso","tag-lisandrosegura","tag-municipioquenosmerecemos","tag-porelrenacer"],"yoast_head":"<!-- This site is optimized with the Yoast SEO plugin v19.13 - https:\/\/yoast.com\/wordpress\/plugins\/seo\/ -->\n<title>Immigaa realiza pancartazo de sensibilizaci\u00f3n contra la violencia<\/title>\n<meta name=\"description\" content=\"Immigaa realiza pancartazo de sensibilizaci\u00f3n contra la violencia hacia la mujer en las inmediaciones del sector Iberia\" \/>\n<meta name=\"robots\" content=\"index, follow, max-snippet:-1, max-image-preview:large, max-video-preview:-1\" \/>\n<link rel=\"canonical\" href=\"https:\/\/alcaldiaalbertoadriani.com\/?p=15217\" \/>\n<meta property=\"og:locale\" content=\"es_ES\" \/>\n<meta property=\"og:type\" content=\"article\" \/>\n<meta property=\"og:title\" content=\"Immigaa realiza pancartazo de sensibilizaci\u00f3n contra la violencia\" \/>\n<meta property=\"og:description\" content=\"Immigaa realiza pancartazo de sensibilizaci\u00f3n contra la violencia hacia la mujer en las inmediaciones del sector Iberia\" \/>\n<meta property=\"og:url\" content=\"https:\/\/alcaldiaalbertoadriani.com\/?p=15217\" \/>\n<meta property=\"og:site_name\" content=\"Alcaldia Alberto Adriani\" \/>\n<meta property=\"article:published_time\" content=\"2026-02-27T15:45:55+00:00\" \/>\n<meta property=\"article:modified_time\" content=\"2026-02-27T15:45:58+00:00\" \/>\n<meta property=\"og:image\" content=\"https:\/\/alcaldiaalbertoadriani.com\/wp-content\/uploads\/2026\/02\/photo_4972260055373777907_y.jpg\" \/>\n\t<meta property=\"og:image:width\" content=\"1280\" \/>\n\t<meta property=\"og:image:height\" content=\"960\" \/>\n\t<meta property=\"og:image:type\" content=\"image\/jpeg\" \/>\n<meta name=\"author\" content=\"Prensa\" \/>\n<meta name=\"twitter:card\" content=\"summary_large_image\" \/>\n<meta name=\"twitter:label1\" content=\"Escrito por\" \/>\n\t<meta name=\"twitter:data1\" content=\"Prensa\" \/>\n\t<meta name=\"twitter:label2\" content=\"Tiempo de lectura\" \/>\n\t<meta name=\"twitter:data2\" content=\"3 minutos\" \/>\n<script type=\"application\/ld+json\" class=\"yoast-schema-graph\">{\"@context\":\"https:\/\/schema.org\",\"@graph\":[{\"@type\":\"WebPage\",\"@id\":\"https:\/\/alcaldiaalbertoadriani.com\/?p=15217\",\"url\":\"https:\/\/alcaldiaalbertoadriani.com\/?p=15217\",\"name\":\"Immigaa realiza pancartazo de sensibilizaci\u00f3n contra la violencia\",\"isPartOf\":{\"@id\":\"https:\/\/alcaldiaalbertoadriani.com\/#website\"},\"datePublished\":\"2026-02-27T15:45:55+00:00\",\"dateModified\":\"2026-02-27T15:45:58+00:00\",\"author\":{\"@id\":\"https:\/\/alcaldiaalbertoadriani.com\/#\/schema\/person\/549b4483ff8999ac780deeea78795fc9\"},\"description\":\"Immigaa realiza pancartazo de sensibilizaci\u00f3n contra la violencia hacia la mujer en las inmediaciones del sector Iberia\",\"breadcrumb\":{\"@id\":\"https:\/\/alcaldiaalbertoadriani.com\/?p=15217#breadcrumb\"},\"inLanguage\":\"es\",\"potentialAction\":[{\"@type\":\"ReadAction\",\"target\":[\"https:\/\/alcaldiaalbertoadriani.com\/?p=15217\"]}]},{\"@type\":\"BreadcrumbList\",\"@id\":\"https:\/\/alcaldiaalbertoadriani.com\/?p=15217#breadcrumb\",\"itemListElement\":[{\"@type\":\"ListItem\",\"position\":1,\"name\":\"Portada\",\"item\":\"https:\/\/alcaldiaalbertoadriani.com\/\"},{\"@type\":\"ListItem\",\"position\":2,\"name\":\"Immigaa realiza pancartazo de sensibilizaci\u00f3n contra la violencia hacia la mujer\"}]},{\"@type\":\"WebSite\",\"@id\":\"https:\/\/alcaldiaalbertoadriani.com\/#website\",\"url\":\"https:\/\/alcaldiaalbertoadriani.com\/\",\"name\":\"Alcaldia Alberto Adriani\",\"description\":\"\",\"potentialAction\":[{\"@type\":\"SearchAction\",\"target\":{\"@type\":\"EntryPoint\",\"urlTemplate\":\"https:\/\/alcaldiaalbertoadriani.com\/?s={search_term_string}\"},\"query-input\":\"required name=search_term_string\"}],\"inLanguage\":\"es\"},{\"@type\":\"Person\",\"@id\":\"https:\/\/alcaldiaalbertoadriani.com\/#\/schema\/person\/549b4483ff8999ac780deeea78795fc9\",\"name\":\"Prensa\",\"image\":{\"@type\":\"ImageObject\",\"inLanguage\":\"es\",\"@id\":\"https:\/\/alcaldiaalbertoadriani.com\/#\/schema\/person\/image\/\",\"url\":\"https:\/\/secure.gravatar.com\/avatar\/ea1cb567ea992a29627f4eee1c2eb185ec16decec6342d508fdf18dedb56c9de?s=96&d=mm&r=g\",\"contentUrl\":\"https:\/\/secure.gravatar.com\/avatar\/ea1cb567ea992a29627f4eee1c2eb185ec16decec6342d508fdf18dedb56c9de?s=96&d=mm&r=g\",\"caption\":\"Prensa\"},\"url\":\"https:\/\/alcaldiaalbertoadriani.com\/?author=2\"}]}<\/script>\n<!-- \/ Yoast SEO plugin. -->","yoast_head_json":{"title":"Immigaa realiza pancartazo de sensibilizaci\u00f3n contra la violencia","description":"Immigaa realiza pancartazo de sensibilizaci\u00f3n contra la violencia hacia la mujer en las inmediaciones del sector Iberia","robots":{"index":"index","follow":"follow","max-snippet":"max-snippet:-1","max-image-preview":"max-image-preview:large","max-video-preview":"max-video-preview:-1"},"canonical":"https:\/\/alcaldiaalbertoadriani.com\/?p=15217","og_locale":"es_ES","og_type":"article","og_title":"Immigaa realiza pancartazo de sensibilizaci\u00f3n contra la violencia","og_description":"Immigaa realiza pancartazo de sensibilizaci\u00f3n contra la violencia hacia la mujer en las inmediaciones del sector Iberia","og_url":"https:\/\/alcaldiaalbertoadriani.com\/?p=15217","og_site_name":"Alcaldia Alberto Adriani","article_published_time":"2026-02-27T15:45:55+00:00","article_modified_time":"2026-02-27T15:45:58+00:00","og_image":[{"width":1280,"height":960,"url":"https:\/\/alcaldiaalbertoadriani.com\/wp-content\/uploads\/2026\/02\/photo_4972260055373777907_y.jpg","type":"image\/jpeg"}],"author":"Prensa","twitter_card":"summary_large_image","twitter_misc":{"Escrito por":"Prensa","Tiempo de lectura":"3 minutos"},"schema":{"@context":"https:\/\/schema.org","@graph":[{"@type":"WebPage","@id":"https:\/\/alcaldiaalbertoadriani.com\/?p=15217","url":"https:\/\/alcaldiaalbertoadriani.com\/?p=15217","name":"Immigaa realiza pancartazo de sensibilizaci\u00f3n contra la violencia","isPartOf":{"@id":"https:\/\/alcaldiaalbertoadriani.com\/#website"},"datePublished":"2026-02-27T15:45:55+00:00","dateModified":"2026-02-27T15:45:58+00:00","author":{"@id":"https:\/\/alcaldiaalbertoadriani.com\/#\/schema\/person\/549b4483ff8999ac780deeea78795fc9"},"description":"Immigaa realiza pancartazo de sensibilizaci\u00f3n contra la violencia hacia la mujer en las inmediaciones del sector Iberia","breadcrumb":{"@id":"https:\/\/alcaldiaalbertoadriani.com\/?p=15217#breadcrumb"},"inLanguage":"es","potentialAction":[{"@type":"ReadAction","target":["https:\/\/alcaldiaalbertoadriani.com\/?p=15217"]}]},{"@type":"BreadcrumbList","@id":"https:\/\/alcaldiaalbertoadriani.com\/?p=15217#breadcrumb","itemListElement":[{"@type":"ListItem","position":1,"name":"Portada","item":"https:\/\/alcaldiaalbertoadriani.com\/"},{"@type":"ListItem","position":2,"name":"Immigaa realiza pancartazo de sensibilizaci\u00f3n contra la violencia hacia la mujer"}]},{"@type":"WebSite","@id":"https:\/\/alcaldiaalbertoadriani.com\/#website","url":"https:\/\/alcaldiaalbertoadriani.com\/","name":"Alcaldia Alberto Adriani","description":"","potentialAction":[{"@type":"SearchAction","target":{"@type":"EntryPoint","urlTemplate":"https:\/\/alcaldiaalbertoadriani.com\/?s={search_term_string}"},"query-input":"required name=search_term_string"}],"inLanguage":"es"},{"@type":"Person","@id":"https:\/\/alcaldiaalbertoadriani.com\/#\/schema\/person\/549b4483ff8999ac780deeea78795fc9","name":"Prensa","image":{"@type":"ImageObject","inLanguage":"es","@id":"https:\/\/alcaldiaalbertoadriani.com\/#\/schema\/person\/image\/","url":"https:\/\/secure.gravatar.com\/avatar\/ea1cb567ea992a29627f4eee1c2eb185ec16decec6342d508fdf18dedb56c9de?s=96&d=mm&r=g","contentUrl":"https:\/\/secure.gravatar.com\/avatar\/ea1cb567ea992a29627f4eee1c2eb185ec16decec6342d508fdf18dedb56c9de?s=96&d=mm&r=g","caption":"Prensa"},"url":"https:\/\/alcaldiaalbertoadriani.com\/?author=2"}]}},"_links":{"self":[{"href":"https:\/\/alcaldiaalbertoadriani.com\/index.php?rest_route=\/wp\/v2\/posts\/15217","targetHints":{"allow":["GET"]}}],"collection":[{"href":"https:\/\/alcaldiaalbertoadriani.com\/index.php?rest_route=\/wp\/v2\/posts"}],"about":[{"href":"https:\/\/alcaldiaalbertoadriani.com\/index.php?rest_route=\/wp\/v2\/types\/post"}],"author":[{"embeddable":true,"href":"https:\/\/alcaldiaalbertoadriani.com\/index.php?rest_route=\/wp\/v2\/users\/2"}],"replies":[{"embeddable":true,"href":"https:\/\/alcaldiaalbertoadriani.com\/index.php?rest_route=%2Fwp%2Fv2%2Fcomments&post=15217"}],"version-history":[{"count":1,"href":"https:\/\/alcaldiaalbertoadriani.com\/index.php?rest_route=\/wp\/v2\/posts\/15217\/revisions"}],"predecessor-version":[{"id":15223,"href":"https:\/\/alcaldiaalbertoadriani.com\/index.php?rest_route=\/wp\/v2\/posts\/15217\/revisions\/15223"}],"wp:featuredmedia":[{"embeddable":true,"href":"https:\/\/alcaldiaalbertoadriani.com\/index.php?rest_route=\/wp\/v2\/media\/15218"}],"wp:attachment":[{"href":"https:\/\/alcaldiaalbertoadriani.com\/index.php?rest_route=%2Fwp%2Fv2%2Fmedia&parent=15217"}],"wp:term":[{"taxonomy":"category","embeddable":true,"href":"https:\/\/alcaldiaalbertoadriani.com\/index.php?rest_route=%2Fwp%2Fv2%2Fcategories&post=15217"},{"taxonomy":"post_tag","embeddable":true,"href":"https:\/\/alcaldiaalbertoadriani.com\/index.php?rest_route=%2Fwp%2Fv2%2Ftags&post=15217"}],"curies":[{"name":"wp","href":"https:\/\/api.w.org\/{rel}","templated":true}]}}