{"id":15142,"date":"2026-02-23T16:09:15","date_gmt":"2026-02-23T16:09:15","guid":{"rendered":"https:\/\/alcaldiaalbertoadriani.com\/?p=15142"},"modified":"2026-02-23T16:11:00","modified_gmt":"2026-02-23T16:11:00","slug":"alcaldia-de-alberto-adriani-celebro-con-exito-el-gran-desfile","status":"publish","type":"post","link":"https:\/\/alcaldiaalbertoadriani.com\/?p=15142","title":{"rendered":"Alcald\u00eda de Alberto Adriani celebr\u00f3 con \u00e9xito el Gran Desfile de Carnaval 2026"},"content":{"rendered":"\n<p>La Alcald\u00eda del Municipio Alberto Adriani dirigido por el alcalde <a href=\"https:\/\/www.instagram.com\/lisandrosegura02\/\">Lisandro Segura<\/a> junto al Instituto Aut\u00f3nomo Municipal de la Cultura (<a href=\"https:\/\/alcaldiaalbertoadriani.com\/?tag=iamcaa\">Iamcaa<\/a>), celebr\u00f3 con gran entusiasmo y participaci\u00f3n ciudadana el colorido Desfile de Carnaval 2026, una jornada que llen\u00f3 de m\u00fasica, tradici\u00f3n y alegr\u00eda las principales calles de la ciudad, reafirmando el valor de nuestras manifestaciones culturales y el compromiso de preservar las tradiciones populares.<\/p>\n\n\n\n<!--more-->\n\n\n\n<p>La actividad inici\u00f3 en el Enlace Vial Omaira Candela de Quintero y recorri\u00f3 importantes avenidas de la ciudad hasta culminar frente al Circuito Judicial, donde se dispuso la tarima principal para el cierre del espect\u00e1culo. Durante todo el recorrido se evidenci\u00f3 una multitudinaria participaci\u00f3n del pueblo vig\u00edense, que acompa\u00f1\u00f3 con civismo cada presentaci\u00f3n, demostrando el apego a las tradiciones culturales y el orgullo de pertenecer a este municipio.<\/p>\n\n\n\n<figure class=\"wp-block-gallery has-nested-images columns-default is-cropped wp-block-gallery-1 is-layout-flex wp-block-gallery-is-layout-flex\">\n<figure class=\"wp-block-image size-large\"><img loading=\"lazy\" decoding=\"async\" width=\"1024\" height=\"768\" data-id=\"15144\" src=\"https:\/\/alcaldiaalbertoadriani.com\/wp-content\/uploads\/2026\/02\/photo_4954433265330752503_y-1024x768.jpg\" alt=\"\" class=\"wp-image-15144\" srcset=\"https:\/\/alcaldiaalbertoadriani.com\/wp-content\/uploads\/2026\/02\/photo_4954433265330752503_y-1024x768.jpg 1024w, https:\/\/alcaldiaalbertoadriani.com\/wp-content\/uploads\/2026\/02\/photo_4954433265330752503_y-980x735.jpg 980w, https:\/\/alcaldiaalbertoadriani.com\/wp-content\/uploads\/2026\/02\/photo_4954433265330752503_y-480x360.jpg 480w\" sizes=\"auto, (min-width: 0px) and (max-width: 480px) 480px, (min-width: 481px) and (max-width: 980px) 980px, (min-width: 981px) 1024px, 100vw\" \/><\/figure>\n<\/figure>\n\n\n\n<p>Comparsas, carrozas y disfraces deslumbraron al p\u00fablico en un despliegue de creatividad, identidad y talento local, el alcalde expres\u00f3 su reconocimiento y agradecimiento a toda la ciudadan\u00eda por su masiva&nbsp; participaci\u00f3n, destacando que el Carnaval representa una expresi\u00f3n viva de la identidad, la alegr\u00eda y la energ\u00eda festiva.<\/p>\n\n\n\n<h2 class=\"wp-block-heading\"><strong><em>Ganadores:<\/em><\/strong><\/h2>\n\n\n\n<p>Como parte del desfile, se realiz\u00f3 la premiaci\u00f3n en las distintas categor\u00edas evaluadas por el jurado calificador, siendo los ganadores para el Mejor Disfraz Infantil el primer lugar: \u201cH\u00e1bitat de las Guacamayas\u201d; segundo lugar para \u201cCalor Vig\u00edense\u201d y el tercer lugar \u201cLa Diosa del Sol\u201d.<\/p>\n\n\n\n<p>En cuanto al Mejor Disfraz Adulto, el primer lugar fue para&nbsp; \u201cLa Diosa del Agua\u201d; el segundo lugar \u201cGuardiana de los Felinos\u201d y en el tercer lugar hubo un empate entre \u201cFantas\u00eda Diablos de Yare\u201d e \u201cIndia Caribay\u201d.<\/p>\n\n\n\n<p>En tanto, las Mejores Comparsas, el primer lugar fue para \u201cClub de Gimnasia Florecita\u201d; segundo lugar, \u201cVenezuela Latido Anscentral\u201d de Novacademia y el tercer lugar ,\u201cFantas\u00eda Llanera&#8221; de Chidance.<\/p>\n\n\n\n<p>Respecto a las Mejores Carrozas, el primer lugar fue \u201cHakuna Matata\u201d, del C.C. Plaza Real; segundo lugar, \u201cLe\u00f3n Guardi\u00e1n de la Selva\u201d, de Nicolle Studios y el tercer lugar fue para \u201cLa Gallina con Tumbao\u201d, de La Gallina Dorada.<\/p>\n\n\n\n<figure class=\"wp-block-gallery has-nested-images columns-default is-cropped wp-block-gallery-2 is-layout-flex wp-block-gallery-is-layout-flex\">\n<figure class=\"wp-block-image size-large\"><img loading=\"lazy\" decoding=\"async\" width=\"1024\" height=\"768\" data-id=\"15148\" src=\"https:\/\/alcaldiaalbertoadriani.com\/wp-content\/uploads\/2026\/02\/photo_4954433265330752502_y-1024x768.jpg\" alt=\"\" class=\"wp-image-15148\" srcset=\"https:\/\/alcaldiaalbertoadriani.com\/wp-content\/uploads\/2026\/02\/photo_4954433265330752502_y-1024x768.jpg 1024w, https:\/\/alcaldiaalbertoadriani.com\/wp-content\/uploads\/2026\/02\/photo_4954433265330752502_y-980x735.jpg 980w, https:\/\/alcaldiaalbertoadriani.com\/wp-content\/uploads\/2026\/02\/photo_4954433265330752502_y-480x360.jpg 480w\" sizes=\"auto, (min-width: 0px) and (max-width: 480px) 480px, (min-width: 481px) and (max-width: 980px) 980px, (min-width: 981px) 1024px, 100vw\" \/><\/figure>\n<\/figure>\n\n\n\n<p>La Alcald\u00eda del Municipio Alberto Adriani y el Iamcaa felicitan a todos los participantes, instituciones, comunidades organizadas y talento local que hicieron posible este majestuoso desfile, el cual consolid\u00f3 el esp\u00edritu festivo y la uni\u00f3n familiar en cada rinc\u00f3n de la ciudad.<\/p>\n\n\n\n<p>El Gobierno municipal contin\u00faa fortaleciendo la cultura, el sentido de pertenencia y el encuentro ciudadano, promoviendo tradiciones que forman parte del patrimonio vivo de nuestro pueblo. <strong><em>Prensa OIPI \/Tahiry Villalobos C.N.P.23.225\/ Foto: Prensa OIPI<\/em><\/strong><\/p>\n\n\n\n<figure class=\"wp-block-gallery has-nested-images columns-default is-cropped wp-block-gallery-3 is-layout-flex wp-block-gallery-is-layout-flex\">\n<figure class=\"wp-block-image size-large\"><img loading=\"lazy\" decoding=\"async\" width=\"1024\" height=\"576\" data-id=\"15145\" src=\"https:\/\/alcaldiaalbertoadriani.com\/wp-content\/uploads\/2026\/02\/photo_4954433265330752504_y-1024x576.jpg\" alt=\"\" class=\"wp-image-15145\" srcset=\"https:\/\/alcaldiaalbertoadriani.com\/wp-content\/uploads\/2026\/02\/photo_4954433265330752504_y-1024x576.jpg 1024w, https:\/\/alcaldiaalbertoadriani.com\/wp-content\/uploads\/2026\/02\/photo_4954433265330752504_y-980x551.jpg 980w, https:\/\/alcaldiaalbertoadriani.com\/wp-content\/uploads\/2026\/02\/photo_4954433265330752504_y-480x270.jpg 480w\" sizes=\"auto, (min-width: 0px) and (max-width: 480px) 480px, (min-width: 481px) and (max-width: 980px) 980px, (min-width: 981px) 1024px, 100vw\" \/><\/figure>\n\n\n\n<figure class=\"wp-block-image size-large\"><img loading=\"lazy\" decoding=\"async\" width=\"1024\" height=\"576\" data-id=\"15146\" src=\"https:\/\/alcaldiaalbertoadriani.com\/wp-content\/uploads\/2026\/02\/photo_4954433265330752500_y-1024x576.jpg\" alt=\"\" class=\"wp-image-15146\" srcset=\"https:\/\/alcaldiaalbertoadriani.com\/wp-content\/uploads\/2026\/02\/photo_4954433265330752500_y-1024x576.jpg 1024w, https:\/\/alcaldiaalbertoadriani.com\/wp-content\/uploads\/2026\/02\/photo_4954433265330752500_y-980x551.jpg 980w, https:\/\/alcaldiaalbertoadriani.com\/wp-content\/uploads\/2026\/02\/photo_4954433265330752500_y-480x270.jpg 480w\" sizes=\"auto, (min-width: 0px) and (max-width: 480px) 480px, (min-width: 481px) and (max-width: 980px) 980px, (min-width: 981px) 1024px, 100vw\" \/><\/figure>\n\n\n\n<figure class=\"wp-block-image size-large\"><img loading=\"lazy\" decoding=\"async\" width=\"1024\" height=\"768\" data-id=\"15147\" src=\"https:\/\/alcaldiaalbertoadriani.com\/wp-content\/uploads\/2026\/02\/photo_4954433265330752501_y-1024x768.jpg\" alt=\"\" class=\"wp-image-15147\" srcset=\"https:\/\/alcaldiaalbertoadriani.com\/wp-content\/uploads\/2026\/02\/photo_4954433265330752501_y-1024x768.jpg 1024w, https:\/\/alcaldiaalbertoadriani.com\/wp-content\/uploads\/2026\/02\/photo_4954433265330752501_y-980x735.jpg 980w, https:\/\/alcaldiaalbertoadriani.com\/wp-content\/uploads\/2026\/02\/photo_4954433265330752501_y-480x360.jpg 480w\" sizes=\"auto, (min-width: 0px) and (max-width: 480px) 480px, (min-width: 481px) and (max-width: 980px) 980px, (min-width: 981px) 1024px, 100vw\" \/><\/figure>\n<\/figure>\n","protected":false},"excerpt":{"rendered":"<p>La Alcald\u00eda del Municipio Alberto Adriani dirigido por el alcalde Lisandro Segura junto al Instituto Aut\u00f3nomo Municipal de la Cultura (Iamcaa), celebr\u00f3 con gran entusiasmo y participaci\u00f3n ciudadana el colorido [&hellip;]<\/p>\n","protected":false},"author":2,"featured_media":15143,"comment_status":"open","ping_status":"closed","sticky":false,"template":"","format":"standard","meta":{"_et_pb_use_builder":"off","_et_pb_old_content":"","_et_gb_content_width":"","footnotes":""},"categories":[341,78,77,25],"tags":[31,11,12,15,761,30,29,28],"class_list":["post-15142","post","type-post","status-publish","format-standard","has-post-thumbnail","hentry","category-alcaldia-alberto-adriani","category-cultura","category-iamcaa","category-nuestro-municipio","tag-alcalde","tag-alcaldia","tag-alcaldiaalbertoadriani","tag-elvigia","tag-encrucijadadeprogreso","tag-lisandrosegura","tag-municipioquenosmerecemos","tag-porelrenacer"],"yoast_head":"<!-- This site is optimized with the Yoast SEO plugin v19.13 - https:\/\/yoast.com\/wordpress\/plugins\/seo\/ -->\n<title>Alcald\u00eda de Alberto Adriani celebr\u00f3 con \u00e9xito el Gran Desfile<\/title>\n<meta name=\"description\" content=\"Alcald\u00eda de Alberto Adriani celebr\u00f3 con \u00e9xito el Gran Desfile de Carnaval 2026 una jornada que llen\u00f3 de m\u00fasica, tradici\u00f3n y alegr\u00eda\" \/>\n<meta name=\"robots\" content=\"index, follow, max-snippet:-1, max-image-preview:large, max-video-preview:-1\" \/>\n<link rel=\"canonical\" href=\"https:\/\/alcaldiaalbertoadriani.com\/?p=15142\" \/>\n<meta property=\"og:locale\" content=\"es_ES\" \/>\n<meta property=\"og:type\" content=\"article\" \/>\n<meta property=\"og:title\" content=\"Alcald\u00eda de Alberto Adriani celebr\u00f3 con \u00e9xito el Gran Desfile\" \/>\n<meta property=\"og:description\" content=\"Alcald\u00eda de Alberto Adriani celebr\u00f3 con \u00e9xito el Gran Desfile de Carnaval 2026 una jornada que llen\u00f3 de m\u00fasica, tradici\u00f3n y alegr\u00eda\" \/>\n<meta property=\"og:url\" content=\"https:\/\/alcaldiaalbertoadriani.com\/?p=15142\" \/>\n<meta property=\"og:site_name\" content=\"Alcaldia Alberto Adriani\" \/>\n<meta property=\"article:published_time\" content=\"2026-02-23T16:09:15+00:00\" \/>\n<meta property=\"article:modified_time\" content=\"2026-02-23T16:11:00+00:00\" \/>\n<meta property=\"og:image\" content=\"https:\/\/alcaldiaalbertoadriani.com\/wp-content\/uploads\/2026\/02\/photo_4954433265330752498_y.jpg\" \/>\n\t<meta property=\"og:image:width\" content=\"1280\" \/>\n\t<meta property=\"og:image:height\" content=\"720\" \/>\n\t<meta property=\"og:image:type\" content=\"image\/jpeg\" \/>\n<meta name=\"author\" content=\"Prensa\" \/>\n<meta name=\"twitter:card\" content=\"summary_large_image\" \/>\n<meta name=\"twitter:label1\" content=\"Escrito por\" \/>\n\t<meta name=\"twitter:data1\" content=\"Prensa\" \/>\n\t<meta name=\"twitter:label2\" content=\"Tiempo de lectura\" \/>\n\t<meta name=\"twitter:data2\" content=\"3 minutos\" \/>\n<script type=\"application\/ld+json\" class=\"yoast-schema-graph\">{\"@context\":\"https:\/\/schema.org\",\"@graph\":[{\"@type\":\"WebPage\",\"@id\":\"https:\/\/alcaldiaalbertoadriani.com\/?p=15142\",\"url\":\"https:\/\/alcaldiaalbertoadriani.com\/?p=15142\",\"name\":\"Alcald\u00eda de Alberto Adriani celebr\u00f3 con \u00e9xito el Gran Desfile\",\"isPartOf\":{\"@id\":\"https:\/\/alcaldiaalbertoadriani.com\/#website\"},\"datePublished\":\"2026-02-23T16:09:15+00:00\",\"dateModified\":\"2026-02-23T16:11:00+00:00\",\"author\":{\"@id\":\"https:\/\/alcaldiaalbertoadriani.com\/#\/schema\/person\/549b4483ff8999ac780deeea78795fc9\"},\"description\":\"Alcald\u00eda de Alberto Adriani celebr\u00f3 con \u00e9xito el Gran Desfile de Carnaval 2026 una jornada que llen\u00f3 de m\u00fasica, tradici\u00f3n y alegr\u00eda\",\"breadcrumb\":{\"@id\":\"https:\/\/alcaldiaalbertoadriani.com\/?p=15142#breadcrumb\"},\"inLanguage\":\"es\",\"potentialAction\":[{\"@type\":\"ReadAction\",\"target\":[\"https:\/\/alcaldiaalbertoadriani.com\/?p=15142\"]}]},{\"@type\":\"BreadcrumbList\",\"@id\":\"https:\/\/alcaldiaalbertoadriani.com\/?p=15142#breadcrumb\",\"itemListElement\":[{\"@type\":\"ListItem\",\"position\":1,\"name\":\"Portada\",\"item\":\"https:\/\/alcaldiaalbertoadriani.com\/\"},{\"@type\":\"ListItem\",\"position\":2,\"name\":\"Alcald\u00eda de Alberto Adriani celebr\u00f3 con \u00e9xito el Gran Desfile de Carnaval 2026\"}]},{\"@type\":\"WebSite\",\"@id\":\"https:\/\/alcaldiaalbertoadriani.com\/#website\",\"url\":\"https:\/\/alcaldiaalbertoadriani.com\/\",\"name\":\"Alcaldia Alberto Adriani\",\"description\":\"\",\"potentialAction\":[{\"@type\":\"SearchAction\",\"target\":{\"@type\":\"EntryPoint\",\"urlTemplate\":\"https:\/\/alcaldiaalbertoadriani.com\/?s={search_term_string}\"},\"query-input\":\"required name=search_term_string\"}],\"inLanguage\":\"es\"},{\"@type\":\"Person\",\"@id\":\"https:\/\/alcaldiaalbertoadriani.com\/#\/schema\/person\/549b4483ff8999ac780deeea78795fc9\",\"name\":\"Prensa\",\"image\":{\"@type\":\"ImageObject\",\"inLanguage\":\"es\",\"@id\":\"https:\/\/alcaldiaalbertoadriani.com\/#\/schema\/person\/image\/\",\"url\":\"https:\/\/secure.gravatar.com\/avatar\/ea1cb567ea992a29627f4eee1c2eb185ec16decec6342d508fdf18dedb56c9de?s=96&d=mm&r=g\",\"contentUrl\":\"https:\/\/secure.gravatar.com\/avatar\/ea1cb567ea992a29627f4eee1c2eb185ec16decec6342d508fdf18dedb56c9de?s=96&d=mm&r=g\",\"caption\":\"Prensa\"},\"url\":\"https:\/\/alcaldiaalbertoadriani.com\/?author=2\"}]}<\/script>\n<!-- \/ Yoast SEO plugin. -->","yoast_head_json":{"title":"Alcald\u00eda de Alberto Adriani celebr\u00f3 con \u00e9xito el Gran Desfile","description":"Alcald\u00eda de Alberto Adriani celebr\u00f3 con \u00e9xito el Gran Desfile de Carnaval 2026 una jornada que llen\u00f3 de m\u00fasica, tradici\u00f3n y alegr\u00eda","robots":{"index":"index","follow":"follow","max-snippet":"max-snippet:-1","max-image-preview":"max-image-preview:large","max-video-preview":"max-video-preview:-1"},"canonical":"https:\/\/alcaldiaalbertoadriani.com\/?p=15142","og_locale":"es_ES","og_type":"article","og_title":"Alcald\u00eda de Alberto Adriani celebr\u00f3 con \u00e9xito el Gran Desfile","og_description":"Alcald\u00eda de Alberto Adriani celebr\u00f3 con \u00e9xito el Gran Desfile de Carnaval 2026 una jornada que llen\u00f3 de m\u00fasica, tradici\u00f3n y alegr\u00eda","og_url":"https:\/\/alcaldiaalbertoadriani.com\/?p=15142","og_site_name":"Alcaldia Alberto Adriani","article_published_time":"2026-02-23T16:09:15+00:00","article_modified_time":"2026-02-23T16:11:00+00:00","og_image":[{"width":1280,"height":720,"url":"https:\/\/alcaldiaalbertoadriani.com\/wp-content\/uploads\/2026\/02\/photo_4954433265330752498_y.jpg","type":"image\/jpeg"}],"author":"Prensa","twitter_card":"summary_large_image","twitter_misc":{"Escrito por":"Prensa","Tiempo de lectura":"3 minutos"},"schema":{"@context":"https:\/\/schema.org","@graph":[{"@type":"WebPage","@id":"https:\/\/alcaldiaalbertoadriani.com\/?p=15142","url":"https:\/\/alcaldiaalbertoadriani.com\/?p=15142","name":"Alcald\u00eda de Alberto Adriani celebr\u00f3 con \u00e9xito el Gran Desfile","isPartOf":{"@id":"https:\/\/alcaldiaalbertoadriani.com\/#website"},"datePublished":"2026-02-23T16:09:15+00:00","dateModified":"2026-02-23T16:11:00+00:00","author":{"@id":"https:\/\/alcaldiaalbertoadriani.com\/#\/schema\/person\/549b4483ff8999ac780deeea78795fc9"},"description":"Alcald\u00eda de Alberto Adriani celebr\u00f3 con \u00e9xito el Gran Desfile de Carnaval 2026 una jornada que llen\u00f3 de m\u00fasica, tradici\u00f3n y alegr\u00eda","breadcrumb":{"@id":"https:\/\/alcaldiaalbertoadriani.com\/?p=15142#breadcrumb"},"inLanguage":"es","potentialAction":[{"@type":"ReadAction","target":["https:\/\/alcaldiaalbertoadriani.com\/?p=15142"]}]},{"@type":"BreadcrumbList","@id":"https:\/\/alcaldiaalbertoadriani.com\/?p=15142#breadcrumb","itemListElement":[{"@type":"ListItem","position":1,"name":"Portada","item":"https:\/\/alcaldiaalbertoadriani.com\/"},{"@type":"ListItem","position":2,"name":"Alcald\u00eda de Alberto Adriani celebr\u00f3 con \u00e9xito el Gran Desfile de Carnaval 2026"}]},{"@type":"WebSite","@id":"https:\/\/alcaldiaalbertoadriani.com\/#website","url":"https:\/\/alcaldiaalbertoadriani.com\/","name":"Alcaldia Alberto Adriani","description":"","potentialAction":[{"@type":"SearchAction","target":{"@type":"EntryPoint","urlTemplate":"https:\/\/alcaldiaalbertoadriani.com\/?s={search_term_string}"},"query-input":"required name=search_term_string"}],"inLanguage":"es"},{"@type":"Person","@id":"https:\/\/alcaldiaalbertoadriani.com\/#\/schema\/person\/549b4483ff8999ac780deeea78795fc9","name":"Prensa","image":{"@type":"ImageObject","inLanguage":"es","@id":"https:\/\/alcaldiaalbertoadriani.com\/#\/schema\/person\/image\/","url":"https:\/\/secure.gravatar.com\/avatar\/ea1cb567ea992a29627f4eee1c2eb185ec16decec6342d508fdf18dedb56c9de?s=96&d=mm&r=g","contentUrl":"https:\/\/secure.gravatar.com\/avatar\/ea1cb567ea992a29627f4eee1c2eb185ec16decec6342d508fdf18dedb56c9de?s=96&d=mm&r=g","caption":"Prensa"},"url":"https:\/\/alcaldiaalbertoadriani.com\/?author=2"}]}},"_links":{"self":[{"href":"https:\/\/alcaldiaalbertoadriani.com\/index.php?rest_route=\/wp\/v2\/posts\/15142","targetHints":{"allow":["GET"]}}],"collection":[{"href":"https:\/\/alcaldiaalbertoadriani.com\/index.php?rest_route=\/wp\/v2\/posts"}],"about":[{"href":"https:\/\/alcaldiaalbertoadriani.com\/index.php?rest_route=\/wp\/v2\/types\/post"}],"author":[{"embeddable":true,"href":"https:\/\/alcaldiaalbertoadriani.com\/index.php?rest_route=\/wp\/v2\/users\/2"}],"replies":[{"embeddable":true,"href":"https:\/\/alcaldiaalbertoadriani.com\/index.php?rest_route=%2Fwp%2Fv2%2Fcomments&post=15142"}],"version-history":[{"count":1,"href":"https:\/\/alcaldiaalbertoadriani.com\/index.php?rest_route=\/wp\/v2\/posts\/15142\/revisions"}],"predecessor-version":[{"id":15149,"href":"https:\/\/alcaldiaalbertoadriani.com\/index.php?rest_route=\/wp\/v2\/posts\/15142\/revisions\/15149"}],"wp:featuredmedia":[{"embeddable":true,"href":"https:\/\/alcaldiaalbertoadriani.com\/index.php?rest_route=\/wp\/v2\/media\/15143"}],"wp:attachment":[{"href":"https:\/\/alcaldiaalbertoadriani.com\/index.php?rest_route=%2Fwp%2Fv2%2Fmedia&parent=15142"}],"wp:term":[{"taxonomy":"category","embeddable":true,"href":"https:\/\/alcaldiaalbertoadriani.com\/index.php?rest_route=%2Fwp%2Fv2%2Fcategories&post=15142"},{"taxonomy":"post_tag","embeddable":true,"href":"https:\/\/alcaldiaalbertoadriani.com\/index.php?rest_route=%2Fwp%2Fv2%2Ftags&post=15142"}],"curies":[{"name":"wp","href":"https:\/\/api.w.org\/{rel}","templated":true}]}}