{"id":15104,"date":"2026-02-20T18:56:38","date_gmt":"2026-02-20T18:56:38","guid":{"rendered":"https:\/\/alcaldiaalbertoadriani.com\/?p=15104"},"modified":"2026-02-20T18:56:43","modified_gmt":"2026-02-20T18:56:43","slug":"fundacion-ninos-color-de-mi-tierra-garantiza-atencion-integral","status":"publish","type":"post","link":"https:\/\/alcaldiaalbertoadriani.com\/?p=15104","title":{"rendered":"Fundaci\u00f3n Ni\u00f1os Color de mi Tierra garantiza atenci\u00f3n integral a ni\u00f1os y embarazadas con la entrega de ayudas"},"content":{"rendered":"\n<p>La <a href=\"https:\/\/alcaldiaalbertoadriani.com\/?cat=22\">Fundaci\u00f3n Ni\u00f1os Color de mi Tierra<\/a>, presidido por la primera Dama Yudith Parra, mantiene de manera permanente el otorgamiento de ayudas sociales destinadas a mujeres embarazadas, ni\u00f1os, ni\u00f1as y adolescentes de escasos recursos en el municipio Alberto Adriani. Esta iniciativa se consolida como parte esencial de las pol\u00edticas p\u00fablicas en materia de asistencia social impulsadas por la gesti\u00f3n del alcalde <a href=\"https:\/\/www.instagram.com\/lisandrosegura02\/\">Lisandro Segura<\/a>.<\/p>\n\n\n\n<!--more-->\n\n\n\n<p>Karin Rodr\u00edguez, coordinadora de programas de la instituci\u00f3n, detall\u00f3 que los aportes socioecon\u00f3micos est\u00e1n orientados a cubrir gastos m\u00e9dicos esenciales, ex\u00e1menes de laboratorio, la entrega de medicamentos e implementos b\u00e1sicos para el cuidado infantil.<\/p>\n\n\n\n<p>Asimismo, la Fundaci\u00f3n Ni\u00f1os Color de mi Tierra desarrolla otros programas sociales que brindan respuesta oportuna a las familias m\u00e1s vulnerables entre ellos el programa nutricional <a href=\"https:\/\/alcaldiaalbertoadriani.com\/?p=5619\">\u201cUna Mano Amiga\u201d<\/a>, mediante la entrega de kits nutricionales para dichos con malnutrici\u00f3n y el programa \u201cBeb\u00e9 en Espera\u201d que consiste en la dotaci\u00f3n de canastillas con art\u00edculos necesarios para los reci\u00e9n nacidos.<\/p>\n\n\n\n<figure class=\"wp-block-gallery has-nested-images columns-default is-cropped wp-block-gallery-1 is-layout-flex wp-block-gallery-is-layout-flex\">\n<figure class=\"wp-block-image size-large\"><img loading=\"lazy\" decoding=\"async\" width=\"768\" height=\"1024\" data-id=\"15106\" src=\"https:\/\/alcaldiaalbertoadriani.com\/wp-content\/uploads\/2026\/02\/photo_4951754846415555471_y-768x1024.jpg\" alt=\"\" class=\"wp-image-15106\" srcset=\"https:\/\/alcaldiaalbertoadriani.com\/wp-content\/uploads\/2026\/02\/photo_4951754846415555471_y-768x1024.jpg 768w, https:\/\/alcaldiaalbertoadriani.com\/wp-content\/uploads\/2026\/02\/photo_4951754846415555471_y-480x640.jpg 480w\" sizes=\"auto, (min-width: 0px) and (max-width: 480px) 480px, (min-width: 481px) 768px, 100vw\" \/><\/figure>\n<\/figure>\n\n\n\n<p>Adem\u00e1s, el desarrollo de actividades formativas y recreativas que promueven el desarrollo integral de los ni\u00f1os y j\u00f3venes.<\/p>\n\n\n\n<p>Con estas acciones, el gobierno municipal a trav\u00e9s de la fundaci\u00f3n del ni\u00f1o, reafirma su compromiso con la protecci\u00f3n de la infancia, procurando bienestar para quienes m\u00e1s lo necesitan. <strong>Prensa OIPI\/ Claribel Zambrano CNP: 11.843\/Fotos: Fundaci\u00f3n NCT.<\/strong><\/p>\n\n\n\n<figure class=\"wp-block-gallery has-nested-images columns-default is-cropped wp-block-gallery-2 is-layout-flex wp-block-gallery-is-layout-flex\">\n<figure class=\"wp-block-image size-large\"><img loading=\"lazy\" decoding=\"async\" width=\"768\" height=\"1024\" data-id=\"15107\" src=\"https:\/\/alcaldiaalbertoadriani.com\/wp-content\/uploads\/2026\/02\/photo_4951754846415555474_y-768x1024.jpg\" alt=\"\" class=\"wp-image-15107\" srcset=\"https:\/\/alcaldiaalbertoadriani.com\/wp-content\/uploads\/2026\/02\/photo_4951754846415555474_y-768x1024.jpg 768w, https:\/\/alcaldiaalbertoadriani.com\/wp-content\/uploads\/2026\/02\/photo_4951754846415555474_y-480x640.jpg 480w\" sizes=\"auto, (min-width: 0px) and (max-width: 480px) 480px, (min-width: 481px) 768px, 100vw\" \/><\/figure>\n\n\n\n<figure class=\"wp-block-image size-large\"><img loading=\"lazy\" decoding=\"async\" width=\"768\" height=\"1024\" data-id=\"15108\" src=\"https:\/\/alcaldiaalbertoadriani.com\/wp-content\/uploads\/2026\/02\/photo_4951754846415555473_y-768x1024.jpg\" alt=\"\" class=\"wp-image-15108\" srcset=\"https:\/\/alcaldiaalbertoadriani.com\/wp-content\/uploads\/2026\/02\/photo_4951754846415555473_y-768x1024.jpg 768w, https:\/\/alcaldiaalbertoadriani.com\/wp-content\/uploads\/2026\/02\/photo_4951754846415555473_y-480x640.jpg 480w\" sizes=\"auto, (min-width: 0px) and (max-width: 480px) 480px, (min-width: 481px) 768px, 100vw\" \/><\/figure>\n<\/figure>\n","protected":false},"excerpt":{"rendered":"<p>La Fundaci\u00f3n Ni\u00f1os Color de mi Tierra, presidido por la primera Dama Yudith Parra, mantiene de manera permanente el otorgamiento de ayudas sociales destinadas a mujeres embarazadas, ni\u00f1os, ni\u00f1as y [&hellip;]<\/p>\n","protected":false},"author":2,"featured_media":15105,"comment_status":"open","ping_status":"closed","sticky":false,"template":"","format":"standard","meta":{"_et_pb_use_builder":"off","_et_pb_old_content":"","_et_gb_content_width":"","footnotes":""},"categories":[341,22,25],"tags":[31,11,12,15,761,30,29,28],"class_list":["post-15104","post","type-post","status-publish","format-standard","has-post-thumbnail","hentry","category-alcaldia-alberto-adriani","category-fundacion-ninos-color-de-mi-tierra","category-nuestro-municipio","tag-alcalde","tag-alcaldia","tag-alcaldiaalbertoadriani","tag-elvigia","tag-encrucijadadeprogreso","tag-lisandrosegura","tag-municipioquenosmerecemos","tag-porelrenacer"],"yoast_head":"<!-- This site is optimized with the Yoast SEO plugin v19.13 - https:\/\/yoast.com\/wordpress\/plugins\/seo\/ -->\n<title>Fundaci\u00f3n Ni\u00f1os Color de mi Tierra garantiza atenci\u00f3n integral<\/title>\n<meta name=\"description\" content=\"Fundaci\u00f3n Ni\u00f1os Color de mi Tierra garantiza atenci\u00f3n integral a ni\u00f1os y embarazadas con la entrega de ayudas\" \/>\n<meta name=\"robots\" content=\"index, follow, max-snippet:-1, max-image-preview:large, max-video-preview:-1\" \/>\n<link rel=\"canonical\" href=\"https:\/\/alcaldiaalbertoadriani.com\/?p=15104\" \/>\n<meta property=\"og:locale\" content=\"es_ES\" \/>\n<meta property=\"og:type\" content=\"article\" \/>\n<meta property=\"og:title\" content=\"Fundaci\u00f3n Ni\u00f1os Color de mi Tierra garantiza atenci\u00f3n integral\" \/>\n<meta property=\"og:description\" content=\"Fundaci\u00f3n Ni\u00f1os Color de mi Tierra garantiza atenci\u00f3n integral a ni\u00f1os y embarazadas con la entrega de ayudas\" \/>\n<meta property=\"og:url\" content=\"https:\/\/alcaldiaalbertoadriani.com\/?p=15104\" \/>\n<meta property=\"og:site_name\" content=\"Alcaldia Alberto Adriani\" \/>\n<meta property=\"article:published_time\" content=\"2026-02-20T18:56:38+00:00\" \/>\n<meta property=\"article:modified_time\" content=\"2026-02-20T18:56:43+00:00\" \/>\n<meta property=\"og:image\" content=\"https:\/\/alcaldiaalbertoadriani.com\/wp-content\/uploads\/2026\/02\/photo_4951754846415555472_y.jpg\" \/>\n\t<meta property=\"og:image:width\" content=\"960\" \/>\n\t<meta property=\"og:image:height\" content=\"1280\" \/>\n\t<meta property=\"og:image:type\" content=\"image\/jpeg\" \/>\n<meta name=\"author\" content=\"Prensa\" \/>\n<meta name=\"twitter:card\" content=\"summary_large_image\" \/>\n<meta name=\"twitter:label1\" content=\"Escrito por\" \/>\n\t<meta name=\"twitter:data1\" content=\"Prensa\" \/>\n\t<meta name=\"twitter:label2\" content=\"Tiempo de lectura\" \/>\n\t<meta name=\"twitter:data2\" content=\"2 minutos\" \/>\n<script type=\"application\/ld+json\" class=\"yoast-schema-graph\">{\"@context\":\"https:\/\/schema.org\",\"@graph\":[{\"@type\":\"WebPage\",\"@id\":\"https:\/\/alcaldiaalbertoadriani.com\/?p=15104\",\"url\":\"https:\/\/alcaldiaalbertoadriani.com\/?p=15104\",\"name\":\"Fundaci\u00f3n Ni\u00f1os Color de mi Tierra garantiza atenci\u00f3n integral\",\"isPartOf\":{\"@id\":\"https:\/\/alcaldiaalbertoadriani.com\/#website\"},\"datePublished\":\"2026-02-20T18:56:38+00:00\",\"dateModified\":\"2026-02-20T18:56:43+00:00\",\"author\":{\"@id\":\"https:\/\/alcaldiaalbertoadriani.com\/#\/schema\/person\/549b4483ff8999ac780deeea78795fc9\"},\"description\":\"Fundaci\u00f3n Ni\u00f1os Color de mi Tierra garantiza atenci\u00f3n integral a ni\u00f1os y embarazadas con la entrega de ayudas\",\"breadcrumb\":{\"@id\":\"https:\/\/alcaldiaalbertoadriani.com\/?p=15104#breadcrumb\"},\"inLanguage\":\"es\",\"potentialAction\":[{\"@type\":\"ReadAction\",\"target\":[\"https:\/\/alcaldiaalbertoadriani.com\/?p=15104\"]}]},{\"@type\":\"BreadcrumbList\",\"@id\":\"https:\/\/alcaldiaalbertoadriani.com\/?p=15104#breadcrumb\",\"itemListElement\":[{\"@type\":\"ListItem\",\"position\":1,\"name\":\"Portada\",\"item\":\"https:\/\/alcaldiaalbertoadriani.com\/\"},{\"@type\":\"ListItem\",\"position\":2,\"name\":\"Fundaci\u00f3n Ni\u00f1os Color de mi Tierra garantiza atenci\u00f3n integral a ni\u00f1os y embarazadas con la entrega de ayudas\"}]},{\"@type\":\"WebSite\",\"@id\":\"https:\/\/alcaldiaalbertoadriani.com\/#website\",\"url\":\"https:\/\/alcaldiaalbertoadriani.com\/\",\"name\":\"Alcaldia Alberto Adriani\",\"description\":\"\",\"potentialAction\":[{\"@type\":\"SearchAction\",\"target\":{\"@type\":\"EntryPoint\",\"urlTemplate\":\"https:\/\/alcaldiaalbertoadriani.com\/?s={search_term_string}\"},\"query-input\":\"required name=search_term_string\"}],\"inLanguage\":\"es\"},{\"@type\":\"Person\",\"@id\":\"https:\/\/alcaldiaalbertoadriani.com\/#\/schema\/person\/549b4483ff8999ac780deeea78795fc9\",\"name\":\"Prensa\",\"image\":{\"@type\":\"ImageObject\",\"inLanguage\":\"es\",\"@id\":\"https:\/\/alcaldiaalbertoadriani.com\/#\/schema\/person\/image\/\",\"url\":\"https:\/\/secure.gravatar.com\/avatar\/ea1cb567ea992a29627f4eee1c2eb185ec16decec6342d508fdf18dedb56c9de?s=96&d=mm&r=g\",\"contentUrl\":\"https:\/\/secure.gravatar.com\/avatar\/ea1cb567ea992a29627f4eee1c2eb185ec16decec6342d508fdf18dedb56c9de?s=96&d=mm&r=g\",\"caption\":\"Prensa\"},\"url\":\"https:\/\/alcaldiaalbertoadriani.com\/?author=2\"}]}<\/script>\n<!-- \/ Yoast SEO plugin. -->","yoast_head_json":{"title":"Fundaci\u00f3n Ni\u00f1os Color de mi Tierra garantiza atenci\u00f3n integral","description":"Fundaci\u00f3n Ni\u00f1os Color de mi Tierra garantiza atenci\u00f3n integral a ni\u00f1os y embarazadas con la entrega de ayudas","robots":{"index":"index","follow":"follow","max-snippet":"max-snippet:-1","max-image-preview":"max-image-preview:large","max-video-preview":"max-video-preview:-1"},"canonical":"https:\/\/alcaldiaalbertoadriani.com\/?p=15104","og_locale":"es_ES","og_type":"article","og_title":"Fundaci\u00f3n Ni\u00f1os Color de mi Tierra garantiza atenci\u00f3n integral","og_description":"Fundaci\u00f3n Ni\u00f1os Color de mi Tierra garantiza atenci\u00f3n integral a ni\u00f1os y embarazadas con la entrega de ayudas","og_url":"https:\/\/alcaldiaalbertoadriani.com\/?p=15104","og_site_name":"Alcaldia Alberto Adriani","article_published_time":"2026-02-20T18:56:38+00:00","article_modified_time":"2026-02-20T18:56:43+00:00","og_image":[{"width":960,"height":1280,"url":"https:\/\/alcaldiaalbertoadriani.com\/wp-content\/uploads\/2026\/02\/photo_4951754846415555472_y.jpg","type":"image\/jpeg"}],"author":"Prensa","twitter_card":"summary_large_image","twitter_misc":{"Escrito por":"Prensa","Tiempo de lectura":"2 minutos"},"schema":{"@context":"https:\/\/schema.org","@graph":[{"@type":"WebPage","@id":"https:\/\/alcaldiaalbertoadriani.com\/?p=15104","url":"https:\/\/alcaldiaalbertoadriani.com\/?p=15104","name":"Fundaci\u00f3n Ni\u00f1os Color de mi Tierra garantiza atenci\u00f3n integral","isPartOf":{"@id":"https:\/\/alcaldiaalbertoadriani.com\/#website"},"datePublished":"2026-02-20T18:56:38+00:00","dateModified":"2026-02-20T18:56:43+00:00","author":{"@id":"https:\/\/alcaldiaalbertoadriani.com\/#\/schema\/person\/549b4483ff8999ac780deeea78795fc9"},"description":"Fundaci\u00f3n Ni\u00f1os Color de mi Tierra garantiza atenci\u00f3n integral a ni\u00f1os y embarazadas con la entrega de ayudas","breadcrumb":{"@id":"https:\/\/alcaldiaalbertoadriani.com\/?p=15104#breadcrumb"},"inLanguage":"es","potentialAction":[{"@type":"ReadAction","target":["https:\/\/alcaldiaalbertoadriani.com\/?p=15104"]}]},{"@type":"BreadcrumbList","@id":"https:\/\/alcaldiaalbertoadriani.com\/?p=15104#breadcrumb","itemListElement":[{"@type":"ListItem","position":1,"name":"Portada","item":"https:\/\/alcaldiaalbertoadriani.com\/"},{"@type":"ListItem","position":2,"name":"Fundaci\u00f3n Ni\u00f1os Color de mi Tierra garantiza atenci\u00f3n integral a ni\u00f1os y embarazadas con la entrega de ayudas"}]},{"@type":"WebSite","@id":"https:\/\/alcaldiaalbertoadriani.com\/#website","url":"https:\/\/alcaldiaalbertoadriani.com\/","name":"Alcaldia Alberto Adriani","description":"","potentialAction":[{"@type":"SearchAction","target":{"@type":"EntryPoint","urlTemplate":"https:\/\/alcaldiaalbertoadriani.com\/?s={search_term_string}"},"query-input":"required name=search_term_string"}],"inLanguage":"es"},{"@type":"Person","@id":"https:\/\/alcaldiaalbertoadriani.com\/#\/schema\/person\/549b4483ff8999ac780deeea78795fc9","name":"Prensa","image":{"@type":"ImageObject","inLanguage":"es","@id":"https:\/\/alcaldiaalbertoadriani.com\/#\/schema\/person\/image\/","url":"https:\/\/secure.gravatar.com\/avatar\/ea1cb567ea992a29627f4eee1c2eb185ec16decec6342d508fdf18dedb56c9de?s=96&d=mm&r=g","contentUrl":"https:\/\/secure.gravatar.com\/avatar\/ea1cb567ea992a29627f4eee1c2eb185ec16decec6342d508fdf18dedb56c9de?s=96&d=mm&r=g","caption":"Prensa"},"url":"https:\/\/alcaldiaalbertoadriani.com\/?author=2"}]}},"_links":{"self":[{"href":"https:\/\/alcaldiaalbertoadriani.com\/index.php?rest_route=\/wp\/v2\/posts\/15104","targetHints":{"allow":["GET"]}}],"collection":[{"href":"https:\/\/alcaldiaalbertoadriani.com\/index.php?rest_route=\/wp\/v2\/posts"}],"about":[{"href":"https:\/\/alcaldiaalbertoadriani.com\/index.php?rest_route=\/wp\/v2\/types\/post"}],"author":[{"embeddable":true,"href":"https:\/\/alcaldiaalbertoadriani.com\/index.php?rest_route=\/wp\/v2\/users\/2"}],"replies":[{"embeddable":true,"href":"https:\/\/alcaldiaalbertoadriani.com\/index.php?rest_route=%2Fwp%2Fv2%2Fcomments&post=15104"}],"version-history":[{"count":1,"href":"https:\/\/alcaldiaalbertoadriani.com\/index.php?rest_route=\/wp\/v2\/posts\/15104\/revisions"}],"predecessor-version":[{"id":15109,"href":"https:\/\/alcaldiaalbertoadriani.com\/index.php?rest_route=\/wp\/v2\/posts\/15104\/revisions\/15109"}],"wp:featuredmedia":[{"embeddable":true,"href":"https:\/\/alcaldiaalbertoadriani.com\/index.php?rest_route=\/wp\/v2\/media\/15105"}],"wp:attachment":[{"href":"https:\/\/alcaldiaalbertoadriani.com\/index.php?rest_route=%2Fwp%2Fv2%2Fmedia&parent=15104"}],"wp:term":[{"taxonomy":"category","embeddable":true,"href":"https:\/\/alcaldiaalbertoadriani.com\/index.php?rest_route=%2Fwp%2Fv2%2Fcategories&post=15104"},{"taxonomy":"post_tag","embeddable":true,"href":"https:\/\/alcaldiaalbertoadriani.com\/index.php?rest_route=%2Fwp%2Fv2%2Ftags&post=15104"}],"curies":[{"name":"wp","href":"https:\/\/api.w.org\/{rel}","templated":true}]}}