{"id":15098,"date":"2026-02-20T18:40:04","date_gmt":"2026-02-20T18:40:04","guid":{"rendered":"https:\/\/alcaldiaalbertoadriani.com\/?p=15098"},"modified":"2026-02-20T18:40:18","modified_gmt":"2026-02-20T18:40:18","slug":"sustituyen-valvula-del-alimentador-la-pedregosa","status":"publish","type":"post","link":"https:\/\/alcaldiaalbertoadriani.com\/?p=15098","title":{"rendered":"Sustituyen v\u00e1lvula del alimentador &#8220;La Pedregosa&#8221; en Avenida P\u00e1ez"},"content":{"rendered":"\n<h2 class=\"wp-block-heading\"><strong><em>El alcalde anunci\u00f3 la rehabilitaci\u00f3n integral de la avenida Jos\u00e9 Antonio P\u00e1ez<\/em><\/strong><\/h2>\n\n\n\n<p>El Gobierno municipal dirigido por su alcalde <a href=\"https:\/\/www.instagram.com\/lisandrosegura02\/\">Lisandro Segura<\/a>, en articulaci\u00f3n con la hidrol\u00f3gica Aguas de M\u00e9rida, ejecutaron los trabajos de sustituci\u00f3n de la v\u00e1lvula del alimentador &#8220;La Pedregosa&#8221;, ubicada en la plaza Jos\u00e9 Antonio P\u00e1ez, frente al Junior Mall, en la intersecci\u00f3n entre las avenidas Don Pepe Rojas y Jos\u00e9 Antonio P\u00e1ez, mejor conocida como avenida Aeropuerto.<\/p>\n\n\n\n<p>La intervenci\u00f3n correspondi\u00f3 a una v\u00e1lvula de la red principal de la tuber\u00eda madre de 10 pulgadas de di\u00e1metro, la cual se encontraba da\u00f1ada y generaba un significativo bote de aguas blancas que descend\u00eda desde la plaza hacia la avenida Jos\u00e9 Antonio P\u00e1ez a la altura del sem\u00e1foro, ocasionando deterioro progresivo en la calzada.<\/p>\n\n\n\n<figure class=\"wp-block-gallery has-nested-images columns-default is-cropped wp-block-gallery-1 is-layout-flex wp-block-gallery-is-layout-flex\">\n<figure class=\"wp-block-image size-large\"><img loading=\"lazy\" decoding=\"async\" width=\"1020\" height=\"765\" data-id=\"15102\" src=\"https:\/\/alcaldiaalbertoadriani.com\/wp-content\/uploads\/2026\/02\/photo_4951990232098212708_y.jpg\" alt=\"\" class=\"wp-image-15102\" srcset=\"https:\/\/alcaldiaalbertoadriani.com\/wp-content\/uploads\/2026\/02\/photo_4951990232098212708_y.jpg 1020w, https:\/\/alcaldiaalbertoadriani.com\/wp-content\/uploads\/2026\/02\/photo_4951990232098212708_y-980x735.jpg 980w, https:\/\/alcaldiaalbertoadriani.com\/wp-content\/uploads\/2026\/02\/photo_4951990232098212708_y-480x360.jpg 480w\" sizes=\"auto, (min-width: 0px) and (max-width: 480px) 480px, (min-width: 481px) and (max-width: 980px) 980px, (min-width: 981px) 1020px, 100vw\" \/><\/figure>\n<\/figure>\n\n\n\n<p>Es importante se\u00f1alar que, Aguas de M\u00e9rida asumi\u00f3 la direccionalidad t\u00e9cnica y la sustituci\u00f3n de la v\u00e1lvula, mientras que el Gobierno municipal dispuso equipos de herrer\u00eda y oxicorte, as\u00ed como personal t\u00e9cnico, obrero y profesional de la <a href=\"https:\/\/alcaldiaalbertoadriani.com\/?cat=197\">Gipul<\/a> para la ejecuci\u00f3n de las labores.<\/p>\n\n\n\n<p>Los trabajos se desarrollaron durante el martes de Carnaval, logrando concretar con \u00e9xito la sustituci\u00f3n de la pieza, corregir y subsanar de manera definitiva la fuga de agua existente.<\/p>\n\n\n\n<p>Esta acci\u00f3n permitir\u00e1 avanzar en el asfaltado de esta importante arteria vial, espec\u00edficamente en el tramo comprendido entre la avenida Don Pepe Rojas y la intersecci\u00f3n del sem\u00e1foro de La P\u00e1ez. Asimismo, se prev\u00e9 la rehabilitaci\u00f3n al frente del mercado Campesino Olinto Vera.<\/p>\n\n\n\n<p>Con estas labores, se mejorar\u00e1 sustancialmente la v\u00eda principal que sirve de acceso hacia el aeropuerto Juan Pablo P\u00e9rez Alfonso, garantizando mejores condiciones de movilidad para los ciudadanos. <strong><em>Prensa OIPI Tahiry Villalobos CNP:23.225\/ Foto: Prensa OIPI.<\/em><\/strong><\/p>\n\n\n\n<figure class=\"wp-block-gallery has-nested-images columns-default is-cropped wp-block-gallery-2 is-layout-flex wp-block-gallery-is-layout-flex\">\n<figure class=\"wp-block-image size-large\"><img loading=\"lazy\" decoding=\"async\" width=\"1020\" height=\"765\" data-id=\"15101\" src=\"https:\/\/alcaldiaalbertoadriani.com\/wp-content\/uploads\/2026\/02\/photo_4951990232098212710_y.jpg\" alt=\"\" class=\"wp-image-15101\" srcset=\"https:\/\/alcaldiaalbertoadriani.com\/wp-content\/uploads\/2026\/02\/photo_4951990232098212710_y.jpg 1020w, https:\/\/alcaldiaalbertoadriani.com\/wp-content\/uploads\/2026\/02\/photo_4951990232098212710_y-980x735.jpg 980w, https:\/\/alcaldiaalbertoadriani.com\/wp-content\/uploads\/2026\/02\/photo_4951990232098212710_y-480x360.jpg 480w\" sizes=\"auto, (min-width: 0px) and (max-width: 480px) 480px, (min-width: 481px) and (max-width: 980px) 980px, (min-width: 981px) 1020px, 100vw\" \/><\/figure>\n\n\n\n<figure class=\"wp-block-image size-large\"><img loading=\"lazy\" decoding=\"async\" width=\"765\" height=\"1020\" data-id=\"15100\" src=\"https:\/\/alcaldiaalbertoadriani.com\/wp-content\/uploads\/2026\/02\/photo_4951990232098212712_y.jpg\" alt=\"\" class=\"wp-image-15100\" srcset=\"https:\/\/alcaldiaalbertoadriani.com\/wp-content\/uploads\/2026\/02\/photo_4951990232098212712_y.jpg 765w, https:\/\/alcaldiaalbertoadriani.com\/wp-content\/uploads\/2026\/02\/photo_4951990232098212712_y-480x640.jpg 480w\" sizes=\"auto, (min-width: 0px) and (max-width: 480px) 480px, (min-width: 481px) 765px, 100vw\" \/><\/figure>\n<\/figure>\n","protected":false},"excerpt":{"rendered":"<p>El alcalde anunci\u00f3 la rehabilitaci\u00f3n integral de la avenida Jos\u00e9 Antonio P\u00e1ez El Gobierno municipal dirigido por su alcalde Lisandro Segura, en articulaci\u00f3n con la hidrol\u00f3gica Aguas de M\u00e9rida, ejecutaron [&hellip;]<\/p>\n","protected":false},"author":2,"featured_media":15099,"comment_status":"open","ping_status":"closed","sticky":false,"template":"","format":"standard","meta":{"_et_pb_use_builder":"off","_et_pb_old_content":"","_et_gb_content_width":"","footnotes":""},"categories":[341,25],"tags":[31,11,12,15,761,30,29,28],"class_list":["post-15098","post","type-post","status-publish","format-standard","has-post-thumbnail","hentry","category-alcaldia-alberto-adriani","category-nuestro-municipio","tag-alcalde","tag-alcaldia","tag-alcaldiaalbertoadriani","tag-elvigia","tag-encrucijadadeprogreso","tag-lisandrosegura","tag-municipioquenosmerecemos","tag-porelrenacer"],"yoast_head":"<!-- This site is optimized with the Yoast SEO plugin v19.13 - https:\/\/yoast.com\/wordpress\/plugins\/seo\/ -->\n<title>Sustituyen v\u00e1lvula del alimentador &quot;La Pedregosa&quot;<\/title>\n<meta name=\"description\" content=\"Sustituyen v\u00e1lvula del alimentador &quot;La Pedregosa&quot; en Avenida P\u00e1ez, el alcalde anunci\u00f3 la rehabilitaci\u00f3n integral\" \/>\n<meta name=\"robots\" content=\"index, follow, max-snippet:-1, max-image-preview:large, max-video-preview:-1\" \/>\n<link rel=\"canonical\" href=\"https:\/\/alcaldiaalbertoadriani.com\/?p=15098\" \/>\n<meta property=\"og:locale\" content=\"es_ES\" \/>\n<meta property=\"og:type\" content=\"article\" \/>\n<meta property=\"og:title\" content=\"Sustituyen v\u00e1lvula del alimentador &quot;La Pedregosa&quot;\" \/>\n<meta property=\"og:description\" content=\"Sustituyen v\u00e1lvula del alimentador &quot;La Pedregosa&quot; en Avenida P\u00e1ez, el alcalde anunci\u00f3 la rehabilitaci\u00f3n integral\" \/>\n<meta property=\"og:url\" content=\"https:\/\/alcaldiaalbertoadriani.com\/?p=15098\" \/>\n<meta property=\"og:site_name\" content=\"Alcaldia Alberto Adriani\" \/>\n<meta property=\"article:published_time\" content=\"2026-02-20T18:40:04+00:00\" \/>\n<meta property=\"article:modified_time\" content=\"2026-02-20T18:40:18+00:00\" \/>\n<meta property=\"og:image\" content=\"https:\/\/alcaldiaalbertoadriani.com\/wp-content\/uploads\/2026\/02\/photo_4951990232098212707_y.jpg\" \/>\n\t<meta property=\"og:image:width\" content=\"1020\" \/>\n\t<meta property=\"og:image:height\" content=\"765\" \/>\n\t<meta property=\"og:image:type\" content=\"image\/jpeg\" \/>\n<meta name=\"author\" content=\"Prensa\" \/>\n<meta name=\"twitter:card\" content=\"summary_large_image\" \/>\n<meta name=\"twitter:label1\" content=\"Escrito por\" \/>\n\t<meta name=\"twitter:data1\" content=\"Prensa\" \/>\n\t<meta name=\"twitter:label2\" content=\"Tiempo de lectura\" \/>\n\t<meta name=\"twitter:data2\" content=\"2 minutos\" \/>\n<script type=\"application\/ld+json\" class=\"yoast-schema-graph\">{\"@context\":\"https:\/\/schema.org\",\"@graph\":[{\"@type\":\"WebPage\",\"@id\":\"https:\/\/alcaldiaalbertoadriani.com\/?p=15098\",\"url\":\"https:\/\/alcaldiaalbertoadriani.com\/?p=15098\",\"name\":\"Sustituyen v\u00e1lvula del alimentador \\\"La Pedregosa\\\"\",\"isPartOf\":{\"@id\":\"https:\/\/alcaldiaalbertoadriani.com\/#website\"},\"datePublished\":\"2026-02-20T18:40:04+00:00\",\"dateModified\":\"2026-02-20T18:40:18+00:00\",\"author\":{\"@id\":\"https:\/\/alcaldiaalbertoadriani.com\/#\/schema\/person\/549b4483ff8999ac780deeea78795fc9\"},\"description\":\"Sustituyen v\u00e1lvula del alimentador \\\"La Pedregosa\\\" en Avenida P\u00e1ez, el alcalde anunci\u00f3 la rehabilitaci\u00f3n integral\",\"breadcrumb\":{\"@id\":\"https:\/\/alcaldiaalbertoadriani.com\/?p=15098#breadcrumb\"},\"inLanguage\":\"es\",\"potentialAction\":[{\"@type\":\"ReadAction\",\"target\":[\"https:\/\/alcaldiaalbertoadriani.com\/?p=15098\"]}]},{\"@type\":\"BreadcrumbList\",\"@id\":\"https:\/\/alcaldiaalbertoadriani.com\/?p=15098#breadcrumb\",\"itemListElement\":[{\"@type\":\"ListItem\",\"position\":1,\"name\":\"Portada\",\"item\":\"https:\/\/alcaldiaalbertoadriani.com\/\"},{\"@type\":\"ListItem\",\"position\":2,\"name\":\"Sustituyen v\u00e1lvula del alimentador &#8220;La Pedregosa&#8221; en Avenida P\u00e1ez\"}]},{\"@type\":\"WebSite\",\"@id\":\"https:\/\/alcaldiaalbertoadriani.com\/#website\",\"url\":\"https:\/\/alcaldiaalbertoadriani.com\/\",\"name\":\"Alcaldia Alberto Adriani\",\"description\":\"\",\"potentialAction\":[{\"@type\":\"SearchAction\",\"target\":{\"@type\":\"EntryPoint\",\"urlTemplate\":\"https:\/\/alcaldiaalbertoadriani.com\/?s={search_term_string}\"},\"query-input\":\"required name=search_term_string\"}],\"inLanguage\":\"es\"},{\"@type\":\"Person\",\"@id\":\"https:\/\/alcaldiaalbertoadriani.com\/#\/schema\/person\/549b4483ff8999ac780deeea78795fc9\",\"name\":\"Prensa\",\"image\":{\"@type\":\"ImageObject\",\"inLanguage\":\"es\",\"@id\":\"https:\/\/alcaldiaalbertoadriani.com\/#\/schema\/person\/image\/\",\"url\":\"https:\/\/secure.gravatar.com\/avatar\/ea1cb567ea992a29627f4eee1c2eb185ec16decec6342d508fdf18dedb56c9de?s=96&d=mm&r=g\",\"contentUrl\":\"https:\/\/secure.gravatar.com\/avatar\/ea1cb567ea992a29627f4eee1c2eb185ec16decec6342d508fdf18dedb56c9de?s=96&d=mm&r=g\",\"caption\":\"Prensa\"},\"url\":\"https:\/\/alcaldiaalbertoadriani.com\/?author=2\"}]}<\/script>\n<!-- \/ Yoast SEO plugin. -->","yoast_head_json":{"title":"Sustituyen v\u00e1lvula del alimentador \"La Pedregosa\"","description":"Sustituyen v\u00e1lvula del alimentador \"La Pedregosa\" en Avenida P\u00e1ez, el alcalde anunci\u00f3 la rehabilitaci\u00f3n integral","robots":{"index":"index","follow":"follow","max-snippet":"max-snippet:-1","max-image-preview":"max-image-preview:large","max-video-preview":"max-video-preview:-1"},"canonical":"https:\/\/alcaldiaalbertoadriani.com\/?p=15098","og_locale":"es_ES","og_type":"article","og_title":"Sustituyen v\u00e1lvula del alimentador \"La Pedregosa\"","og_description":"Sustituyen v\u00e1lvula del alimentador \"La Pedregosa\" en Avenida P\u00e1ez, el alcalde anunci\u00f3 la rehabilitaci\u00f3n integral","og_url":"https:\/\/alcaldiaalbertoadriani.com\/?p=15098","og_site_name":"Alcaldia Alberto Adriani","article_published_time":"2026-02-20T18:40:04+00:00","article_modified_time":"2026-02-20T18:40:18+00:00","og_image":[{"width":1020,"height":765,"url":"https:\/\/alcaldiaalbertoadriani.com\/wp-content\/uploads\/2026\/02\/photo_4951990232098212707_y.jpg","type":"image\/jpeg"}],"author":"Prensa","twitter_card":"summary_large_image","twitter_misc":{"Escrito por":"Prensa","Tiempo de lectura":"2 minutos"},"schema":{"@context":"https:\/\/schema.org","@graph":[{"@type":"WebPage","@id":"https:\/\/alcaldiaalbertoadriani.com\/?p=15098","url":"https:\/\/alcaldiaalbertoadriani.com\/?p=15098","name":"Sustituyen v\u00e1lvula del alimentador \"La Pedregosa\"","isPartOf":{"@id":"https:\/\/alcaldiaalbertoadriani.com\/#website"},"datePublished":"2026-02-20T18:40:04+00:00","dateModified":"2026-02-20T18:40:18+00:00","author":{"@id":"https:\/\/alcaldiaalbertoadriani.com\/#\/schema\/person\/549b4483ff8999ac780deeea78795fc9"},"description":"Sustituyen v\u00e1lvula del alimentador \"La Pedregosa\" en Avenida P\u00e1ez, el alcalde anunci\u00f3 la rehabilitaci\u00f3n integral","breadcrumb":{"@id":"https:\/\/alcaldiaalbertoadriani.com\/?p=15098#breadcrumb"},"inLanguage":"es","potentialAction":[{"@type":"ReadAction","target":["https:\/\/alcaldiaalbertoadriani.com\/?p=15098"]}]},{"@type":"BreadcrumbList","@id":"https:\/\/alcaldiaalbertoadriani.com\/?p=15098#breadcrumb","itemListElement":[{"@type":"ListItem","position":1,"name":"Portada","item":"https:\/\/alcaldiaalbertoadriani.com\/"},{"@type":"ListItem","position":2,"name":"Sustituyen v\u00e1lvula del alimentador &#8220;La Pedregosa&#8221; en Avenida P\u00e1ez"}]},{"@type":"WebSite","@id":"https:\/\/alcaldiaalbertoadriani.com\/#website","url":"https:\/\/alcaldiaalbertoadriani.com\/","name":"Alcaldia Alberto Adriani","description":"","potentialAction":[{"@type":"SearchAction","target":{"@type":"EntryPoint","urlTemplate":"https:\/\/alcaldiaalbertoadriani.com\/?s={search_term_string}"},"query-input":"required name=search_term_string"}],"inLanguage":"es"},{"@type":"Person","@id":"https:\/\/alcaldiaalbertoadriani.com\/#\/schema\/person\/549b4483ff8999ac780deeea78795fc9","name":"Prensa","image":{"@type":"ImageObject","inLanguage":"es","@id":"https:\/\/alcaldiaalbertoadriani.com\/#\/schema\/person\/image\/","url":"https:\/\/secure.gravatar.com\/avatar\/ea1cb567ea992a29627f4eee1c2eb185ec16decec6342d508fdf18dedb56c9de?s=96&d=mm&r=g","contentUrl":"https:\/\/secure.gravatar.com\/avatar\/ea1cb567ea992a29627f4eee1c2eb185ec16decec6342d508fdf18dedb56c9de?s=96&d=mm&r=g","caption":"Prensa"},"url":"https:\/\/alcaldiaalbertoadriani.com\/?author=2"}]}},"_links":{"self":[{"href":"https:\/\/alcaldiaalbertoadriani.com\/index.php?rest_route=\/wp\/v2\/posts\/15098","targetHints":{"allow":["GET"]}}],"collection":[{"href":"https:\/\/alcaldiaalbertoadriani.com\/index.php?rest_route=\/wp\/v2\/posts"}],"about":[{"href":"https:\/\/alcaldiaalbertoadriani.com\/index.php?rest_route=\/wp\/v2\/types\/post"}],"author":[{"embeddable":true,"href":"https:\/\/alcaldiaalbertoadriani.com\/index.php?rest_route=\/wp\/v2\/users\/2"}],"replies":[{"embeddable":true,"href":"https:\/\/alcaldiaalbertoadriani.com\/index.php?rest_route=%2Fwp%2Fv2%2Fcomments&post=15098"}],"version-history":[{"count":1,"href":"https:\/\/alcaldiaalbertoadriani.com\/index.php?rest_route=\/wp\/v2\/posts\/15098\/revisions"}],"predecessor-version":[{"id":15103,"href":"https:\/\/alcaldiaalbertoadriani.com\/index.php?rest_route=\/wp\/v2\/posts\/15098\/revisions\/15103"}],"wp:featuredmedia":[{"embeddable":true,"href":"https:\/\/alcaldiaalbertoadriani.com\/index.php?rest_route=\/wp\/v2\/media\/15099"}],"wp:attachment":[{"href":"https:\/\/alcaldiaalbertoadriani.com\/index.php?rest_route=%2Fwp%2Fv2%2Fmedia&parent=15098"}],"wp:term":[{"taxonomy":"category","embeddable":true,"href":"https:\/\/alcaldiaalbertoadriani.com\/index.php?rest_route=%2Fwp%2Fv2%2Fcategories&post=15098"},{"taxonomy":"post_tag","embeddable":true,"href":"https:\/\/alcaldiaalbertoadriani.com\/index.php?rest_route=%2Fwp%2Fv2%2Ftags&post=15098"}],"curies":[{"name":"wp","href":"https:\/\/api.w.org\/{rel}","templated":true}]}}