{"id":15095,"date":"2026-02-20T18:30:58","date_gmt":"2026-02-20T18:30:58","guid":{"rendered":"https:\/\/alcaldiaalbertoadriani.com\/?p=15095"},"modified":"2026-02-20T18:31:14","modified_gmt":"2026-02-20T18:31:14","slug":"lisandro-segura-ofrecio-balance-sobre-reparaciones-de-tuberias","status":"publish","type":"post","link":"https:\/\/alcaldiaalbertoadriani.com\/?p=15095","title":{"rendered":"Lisandro Segura ofreci\u00f3 balance sobre reparaciones de tuber\u00edas y atenci\u00f3n por lluvias en el municipio"},"content":{"rendered":"\n<p>Durante la transmisi\u00f3n de su <a href=\"https:\/\/alcaldiaalbertoadriani.com\/?tag=programa-radial\">programa radial<\/a>, el alcalde de Alberto Adriani,<a href=\"https:\/\/www.instagram.com\/lisandrosegura02\/\"> Lisandro Segura<\/a>, present\u00f3 un balance detallado de los trabajos de recuperaci\u00f3n de la red de aguas blancas ejecutados durante el asueto de Carnaval. Las labores, realizadas en coordinaci\u00f3n con la hidrol\u00f3gica Aguas de M\u00e9rida, permitieron corregir botes de agua en arterias viales importantes como las avenidas Don Pepe Rojas, Jos\u00e9 Antonio P\u00e1ez, Bol\u00edvar y la v\u00eda principal de Ca\u00f1o Seco.<\/p>\n\n\n\n<p>A pesar que el mantenimiento de la red de aguas blancas no es competencia directa de la municipalidad, Segura destac\u00f3 la importancia de la cooperaci\u00f3n institucional con la hidrol\u00f3gica. En la avenida Don Pepe Rojas, la alcald\u00eda suministr\u00f3 dos retroexcavadoras y agregados para el relleno, mientras que en la avenida Jos\u00e9 Antonio P\u00e1ez se sustituy\u00f3 una v\u00e1lvula mediante el equipo oxicorte, soldadura, maquinaria y el personal herreros aportados por el gobierno local y la asesor\u00eda t\u00e9cnica de Aguas de M\u00e9rida.<\/p>\n\n\n\n<p>Asimismo, se emple\u00f3 maquinaria retro con martillo hidr\u00e1ulico para excavaciones en la avenida Bol\u00edvar frente al Tecnol\u00f3gico Crist\u00f3bal Mendoza y en la avenida principal de Ca\u00f1o Seco para la reparaci\u00f3n de las tuber\u00edas.<\/p>\n\n\n\n<p>El burgomaestre anunci\u00f3 el despliegue de maquinaria en las urbanizaciones Buenos Aires y Domingo Roa para reparar botes de agua. La autoridad civil, resalt\u00f3 la importancia de sumar voluntades para solventar las problem\u00e1ticas en d\u00edas festivos.<\/p>\n\n\n\n<h2 class=\"wp-block-heading\"><strong><em>Afectaciones por lluvias<\/em><\/strong><\/h2>\n\n\n\n<p>Finalmente, el alcalde anunci\u00f3 nuevamente el<a href=\"https:\/\/alcaldiaalbertoadriani.com\/?p=14906\"> plan de asfaltado<\/a> para la v\u00eda que comunica la Redoma de La Blanca hacia Los Naranjos. Para concretar esta obra, convoc\u00f3 a una asamblea de ciudadanos, productores y transportistas el pr\u00f3ximo mi\u00e9rcoles, con el fin de coordinar la limpieza previa de la v\u00eda. <strong><em>Prensa Alcald\u00eda Alberto Adriani\/Claribel Zambrano CNP: 11.843\/ Fotos: Karla M\u00e1rquez.<\/em><\/strong><\/p>\n","protected":false},"excerpt":{"rendered":"<p>Durante la transmisi\u00f3n de su programa radial, el alcalde de Alberto Adriani, Lisandro Segura, present\u00f3 un balance detallado de los trabajos de recuperaci\u00f3n de la red de aguas blancas ejecutados [&hellip;]<\/p>\n","protected":false},"author":2,"featured_media":15096,"comment_status":"open","ping_status":"closed","sticky":false,"template":"","format":"standard","meta":{"_et_pb_use_builder":"off","_et_pb_old_content":"","_et_gb_content_width":"","footnotes":""},"categories":[341,1064,222,25],"tags":[],"class_list":["post-15095","post","type-post","status-publish","format-standard","has-post-thumbnail","hentry","category-alcaldia-alberto-adriani","category-asfaltado","category-conversando-con-lisandro","category-nuestro-municipio"],"yoast_head":"<!-- This site is optimized with the Yoast SEO plugin v19.13 - https:\/\/yoast.com\/wordpress\/plugins\/seo\/ -->\n<title>Lisandro Segura ofreci\u00f3 balance sobre reparaciones de tuber\u00edas<\/title>\n<meta name=\"description\" content=\"Lisandro Segura ofreci\u00f3 balance sobre reparaciones de tuber\u00edas y atenci\u00f3n por lluvias en el municipio Alberto Adriani\" \/>\n<meta name=\"robots\" content=\"index, follow, max-snippet:-1, max-image-preview:large, max-video-preview:-1\" \/>\n<link rel=\"canonical\" href=\"https:\/\/alcaldiaalbertoadriani.com\/?p=15095\" \/>\n<meta property=\"og:locale\" content=\"es_ES\" \/>\n<meta property=\"og:type\" content=\"article\" \/>\n<meta property=\"og:title\" content=\"Lisandro Segura ofreci\u00f3 balance sobre reparaciones de tuber\u00edas\" \/>\n<meta property=\"og:description\" content=\"Lisandro Segura ofreci\u00f3 balance sobre reparaciones de tuber\u00edas y atenci\u00f3n por lluvias en el municipio Alberto Adriani\" \/>\n<meta property=\"og:url\" content=\"https:\/\/alcaldiaalbertoadriani.com\/?p=15095\" \/>\n<meta property=\"og:site_name\" content=\"Alcaldia Alberto Adriani\" \/>\n<meta property=\"article:published_time\" content=\"2026-02-20T18:30:58+00:00\" \/>\n<meta property=\"article:modified_time\" content=\"2026-02-20T18:31:14+00:00\" \/>\n<meta property=\"og:image\" content=\"https:\/\/alcaldiaalbertoadriani.com\/wp-content\/uploads\/2026\/02\/photo_4951993294409894910_y.jpg\" \/>\n\t<meta property=\"og:image:width\" content=\"1280\" \/>\n\t<meta property=\"og:image:height\" content=\"960\" \/>\n\t<meta property=\"og:image:type\" content=\"image\/jpeg\" \/>\n<meta name=\"author\" content=\"Prensa\" \/>\n<meta name=\"twitter:card\" content=\"summary_large_image\" \/>\n<meta name=\"twitter:label1\" content=\"Escrito por\" \/>\n\t<meta name=\"twitter:data1\" content=\"Prensa\" \/>\n\t<meta name=\"twitter:label2\" content=\"Tiempo de lectura\" \/>\n\t<meta name=\"twitter:data2\" content=\"2 minutos\" \/>\n<script type=\"application\/ld+json\" class=\"yoast-schema-graph\">{\"@context\":\"https:\/\/schema.org\",\"@graph\":[{\"@type\":\"WebPage\",\"@id\":\"https:\/\/alcaldiaalbertoadriani.com\/?p=15095\",\"url\":\"https:\/\/alcaldiaalbertoadriani.com\/?p=15095\",\"name\":\"Lisandro Segura ofreci\u00f3 balance sobre reparaciones de tuber\u00edas\",\"isPartOf\":{\"@id\":\"https:\/\/alcaldiaalbertoadriani.com\/#website\"},\"datePublished\":\"2026-02-20T18:30:58+00:00\",\"dateModified\":\"2026-02-20T18:31:14+00:00\",\"author\":{\"@id\":\"https:\/\/alcaldiaalbertoadriani.com\/#\/schema\/person\/549b4483ff8999ac780deeea78795fc9\"},\"description\":\"Lisandro Segura ofreci\u00f3 balance sobre reparaciones de tuber\u00edas y atenci\u00f3n por lluvias en el municipio Alberto Adriani\",\"breadcrumb\":{\"@id\":\"https:\/\/alcaldiaalbertoadriani.com\/?p=15095#breadcrumb\"},\"inLanguage\":\"es\",\"potentialAction\":[{\"@type\":\"ReadAction\",\"target\":[\"https:\/\/alcaldiaalbertoadriani.com\/?p=15095\"]}]},{\"@type\":\"BreadcrumbList\",\"@id\":\"https:\/\/alcaldiaalbertoadriani.com\/?p=15095#breadcrumb\",\"itemListElement\":[{\"@type\":\"ListItem\",\"position\":1,\"name\":\"Portada\",\"item\":\"https:\/\/alcaldiaalbertoadriani.com\/\"},{\"@type\":\"ListItem\",\"position\":2,\"name\":\"Lisandro Segura ofreci\u00f3 balance sobre reparaciones de tuber\u00edas y atenci\u00f3n por lluvias en el municipio\"}]},{\"@type\":\"WebSite\",\"@id\":\"https:\/\/alcaldiaalbertoadriani.com\/#website\",\"url\":\"https:\/\/alcaldiaalbertoadriani.com\/\",\"name\":\"Alcaldia Alberto Adriani\",\"description\":\"\",\"potentialAction\":[{\"@type\":\"SearchAction\",\"target\":{\"@type\":\"EntryPoint\",\"urlTemplate\":\"https:\/\/alcaldiaalbertoadriani.com\/?s={search_term_string}\"},\"query-input\":\"required name=search_term_string\"}],\"inLanguage\":\"es\"},{\"@type\":\"Person\",\"@id\":\"https:\/\/alcaldiaalbertoadriani.com\/#\/schema\/person\/549b4483ff8999ac780deeea78795fc9\",\"name\":\"Prensa\",\"image\":{\"@type\":\"ImageObject\",\"inLanguage\":\"es\",\"@id\":\"https:\/\/alcaldiaalbertoadriani.com\/#\/schema\/person\/image\/\",\"url\":\"https:\/\/secure.gravatar.com\/avatar\/ea1cb567ea992a29627f4eee1c2eb185ec16decec6342d508fdf18dedb56c9de?s=96&d=mm&r=g\",\"contentUrl\":\"https:\/\/secure.gravatar.com\/avatar\/ea1cb567ea992a29627f4eee1c2eb185ec16decec6342d508fdf18dedb56c9de?s=96&d=mm&r=g\",\"caption\":\"Prensa\"},\"url\":\"https:\/\/alcaldiaalbertoadriani.com\/?author=2\"}]}<\/script>\n<!-- \/ Yoast SEO plugin. -->","yoast_head_json":{"title":"Lisandro Segura ofreci\u00f3 balance sobre reparaciones de tuber\u00edas","description":"Lisandro Segura ofreci\u00f3 balance sobre reparaciones de tuber\u00edas y atenci\u00f3n por lluvias en el municipio Alberto Adriani","robots":{"index":"index","follow":"follow","max-snippet":"max-snippet:-1","max-image-preview":"max-image-preview:large","max-video-preview":"max-video-preview:-1"},"canonical":"https:\/\/alcaldiaalbertoadriani.com\/?p=15095","og_locale":"es_ES","og_type":"article","og_title":"Lisandro Segura ofreci\u00f3 balance sobre reparaciones de tuber\u00edas","og_description":"Lisandro Segura ofreci\u00f3 balance sobre reparaciones de tuber\u00edas y atenci\u00f3n por lluvias en el municipio Alberto Adriani","og_url":"https:\/\/alcaldiaalbertoadriani.com\/?p=15095","og_site_name":"Alcaldia Alberto Adriani","article_published_time":"2026-02-20T18:30:58+00:00","article_modified_time":"2026-02-20T18:31:14+00:00","og_image":[{"width":1280,"height":960,"url":"https:\/\/alcaldiaalbertoadriani.com\/wp-content\/uploads\/2026\/02\/photo_4951993294409894910_y.jpg","type":"image\/jpeg"}],"author":"Prensa","twitter_card":"summary_large_image","twitter_misc":{"Escrito por":"Prensa","Tiempo de lectura":"2 minutos"},"schema":{"@context":"https:\/\/schema.org","@graph":[{"@type":"WebPage","@id":"https:\/\/alcaldiaalbertoadriani.com\/?p=15095","url":"https:\/\/alcaldiaalbertoadriani.com\/?p=15095","name":"Lisandro Segura ofreci\u00f3 balance sobre reparaciones de tuber\u00edas","isPartOf":{"@id":"https:\/\/alcaldiaalbertoadriani.com\/#website"},"datePublished":"2026-02-20T18:30:58+00:00","dateModified":"2026-02-20T18:31:14+00:00","author":{"@id":"https:\/\/alcaldiaalbertoadriani.com\/#\/schema\/person\/549b4483ff8999ac780deeea78795fc9"},"description":"Lisandro Segura ofreci\u00f3 balance sobre reparaciones de tuber\u00edas y atenci\u00f3n por lluvias en el municipio Alberto Adriani","breadcrumb":{"@id":"https:\/\/alcaldiaalbertoadriani.com\/?p=15095#breadcrumb"},"inLanguage":"es","potentialAction":[{"@type":"ReadAction","target":["https:\/\/alcaldiaalbertoadriani.com\/?p=15095"]}]},{"@type":"BreadcrumbList","@id":"https:\/\/alcaldiaalbertoadriani.com\/?p=15095#breadcrumb","itemListElement":[{"@type":"ListItem","position":1,"name":"Portada","item":"https:\/\/alcaldiaalbertoadriani.com\/"},{"@type":"ListItem","position":2,"name":"Lisandro Segura ofreci\u00f3 balance sobre reparaciones de tuber\u00edas y atenci\u00f3n por lluvias en el municipio"}]},{"@type":"WebSite","@id":"https:\/\/alcaldiaalbertoadriani.com\/#website","url":"https:\/\/alcaldiaalbertoadriani.com\/","name":"Alcaldia Alberto Adriani","description":"","potentialAction":[{"@type":"SearchAction","target":{"@type":"EntryPoint","urlTemplate":"https:\/\/alcaldiaalbertoadriani.com\/?s={search_term_string}"},"query-input":"required name=search_term_string"}],"inLanguage":"es"},{"@type":"Person","@id":"https:\/\/alcaldiaalbertoadriani.com\/#\/schema\/person\/549b4483ff8999ac780deeea78795fc9","name":"Prensa","image":{"@type":"ImageObject","inLanguage":"es","@id":"https:\/\/alcaldiaalbertoadriani.com\/#\/schema\/person\/image\/","url":"https:\/\/secure.gravatar.com\/avatar\/ea1cb567ea992a29627f4eee1c2eb185ec16decec6342d508fdf18dedb56c9de?s=96&d=mm&r=g","contentUrl":"https:\/\/secure.gravatar.com\/avatar\/ea1cb567ea992a29627f4eee1c2eb185ec16decec6342d508fdf18dedb56c9de?s=96&d=mm&r=g","caption":"Prensa"},"url":"https:\/\/alcaldiaalbertoadriani.com\/?author=2"}]}},"_links":{"self":[{"href":"https:\/\/alcaldiaalbertoadriani.com\/index.php?rest_route=\/wp\/v2\/posts\/15095","targetHints":{"allow":["GET"]}}],"collection":[{"href":"https:\/\/alcaldiaalbertoadriani.com\/index.php?rest_route=\/wp\/v2\/posts"}],"about":[{"href":"https:\/\/alcaldiaalbertoadriani.com\/index.php?rest_route=\/wp\/v2\/types\/post"}],"author":[{"embeddable":true,"href":"https:\/\/alcaldiaalbertoadriani.com\/index.php?rest_route=\/wp\/v2\/users\/2"}],"replies":[{"embeddable":true,"href":"https:\/\/alcaldiaalbertoadriani.com\/index.php?rest_route=%2Fwp%2Fv2%2Fcomments&post=15095"}],"version-history":[{"count":1,"href":"https:\/\/alcaldiaalbertoadriani.com\/index.php?rest_route=\/wp\/v2\/posts\/15095\/revisions"}],"predecessor-version":[{"id":15097,"href":"https:\/\/alcaldiaalbertoadriani.com\/index.php?rest_route=\/wp\/v2\/posts\/15095\/revisions\/15097"}],"wp:featuredmedia":[{"embeddable":true,"href":"https:\/\/alcaldiaalbertoadriani.com\/index.php?rest_route=\/wp\/v2\/media\/15096"}],"wp:attachment":[{"href":"https:\/\/alcaldiaalbertoadriani.com\/index.php?rest_route=%2Fwp%2Fv2%2Fmedia&parent=15095"}],"wp:term":[{"taxonomy":"category","embeddable":true,"href":"https:\/\/alcaldiaalbertoadriani.com\/index.php?rest_route=%2Fwp%2Fv2%2Fcategories&post=15095"},{"taxonomy":"post_tag","embeddable":true,"href":"https:\/\/alcaldiaalbertoadriani.com\/index.php?rest_route=%2Fwp%2Fv2%2Ftags&post=15095"}],"curies":[{"name":"wp","href":"https:\/\/api.w.org\/{rel}","templated":true}]}}