{"id":15087,"date":"2026-02-20T18:21:49","date_gmt":"2026-02-20T18:21:49","guid":{"rendered":"https:\/\/alcaldiaalbertoadriani.com\/?p=15087"},"modified":"2026-02-20T18:21:55","modified_gmt":"2026-02-20T18:21:55","slug":"alcalde-lisandro-segura-inspecciono-zonas-afectadas","status":"publish","type":"post","link":"https:\/\/alcaldiaalbertoadriani.com\/?p=15087","title":{"rendered":"Alcalde Lisandro Segura inspeccion\u00f3 zonas afectadas en Los Naranjos"},"content":{"rendered":"\n<p>El alcalde de Alberto Adriani, <a href=\"https:\/\/www.instagram.com\/lisandrosegura02\/\">Lisandro Segura<\/a>, atendiendo a las comunidades, realiz\u00f3 este martes una inspecci\u00f3n t\u00e9cnica en la poblaci\u00f3n de Los Naranjos, <a href=\"https:\/\/alcaldiaalbertoadriani.com\/?p=5223\">parroquia Jos\u00e9 Nucete Sardi<\/a>, para evaluar las afectaciones causadas por las recientes precipitaciones. Acompa\u00f1ado por la ingeniero municipal y los concejales, Junior Contreras, Evaristo Contreras, Geovanny Araque y Paulina Ferreb\u00fas, el burgomaestre recorri\u00f3 los sectores Provivienda 97, Para\u00edso 2 y 3, Barrio Bol\u00edvar y Los Apamates, donde se registraron anegaciones en diversas viviendas.<\/p>\n\n\n\n<figure class=\"wp-block-gallery has-nested-images columns-default is-cropped wp-block-gallery-1 is-layout-flex wp-block-gallery-is-layout-flex\">\n<figure class=\"wp-block-image size-large\"><img loading=\"lazy\" decoding=\"async\" width=\"992\" height=\"744\" data-id=\"15090\" src=\"https:\/\/alcaldiaalbertoadriani.com\/wp-content\/uploads\/2026\/02\/photo_4951993294409894907_y.jpg\" alt=\"\" class=\"wp-image-15090\" srcset=\"https:\/\/alcaldiaalbertoadriani.com\/wp-content\/uploads\/2026\/02\/photo_4951993294409894907_y.jpg 992w, https:\/\/alcaldiaalbertoadriani.com\/wp-content\/uploads\/2026\/02\/photo_4951993294409894907_y-980x735.jpg 980w, https:\/\/alcaldiaalbertoadriani.com\/wp-content\/uploads\/2026\/02\/photo_4951993294409894907_y-480x360.jpg 480w\" sizes=\"auto, (min-width: 0px) and (max-width: 480px) 480px, (min-width: 481px) and (max-width: 980px) 980px, (min-width: 981px) 992px, 100vw\" \/><\/figure>\n<\/figure>\n\n\n\n<p>Tras la evaluaci\u00f3n, el alcalde explic\u00f3 que la anegaci\u00f3n es producto de las aguas pluviales y no del desbordamiento de las afluentes que circundan la parroquia. \u201cAfortunadamente, las aguas no son producto del desbordamiento ni del r\u00edo chama ni del r\u00edo Mucujepe, las casas de los vecinos de estas comunidades se han anegado por aguas de lluvia que, por la intensidad, no hubo capacidad en los drenajes para darle salida r\u00e1pida a las mismas\u201d.<\/p>\n\n\n\n<p>Asimismo, refiri\u00f3 Segura se evidenci\u00f3 movimientos de tierra en predios privado cercano a la entrada a Los Naranjos, que provocaron las aguas se direccionaran hacia el entorno de la comunidad.<\/p>\n\n\n\n<p>Ante esta situaci\u00f3n, la autoridad civil se reuni\u00f3 con el due\u00f1o de la hacienda, y acordaron trabajar mancomunadamente con maquinaria pesada tipo jumbo para re direccionar y canalizar el paso natural de las aguas hacia el canal principal que conduce a Ca\u00f1o El Pital y que descarga en el r\u00edo Mucujepe.<\/p>\n\n\n\n<figure class=\"wp-block-gallery has-nested-images columns-default is-cropped wp-block-gallery-2 is-layout-flex wp-block-gallery-is-layout-flex\">\n<figure class=\"wp-block-image size-large\"><img loading=\"lazy\" decoding=\"async\" width=\"1024\" height=\"768\" data-id=\"15091\" src=\"https:\/\/alcaldiaalbertoadriani.com\/wp-content\/uploads\/2026\/02\/photo_4951993294409894909_y-1024x768.jpg\" alt=\"\" class=\"wp-image-15091\" srcset=\"https:\/\/alcaldiaalbertoadriani.com\/wp-content\/uploads\/2026\/02\/photo_4951993294409894909_y-1024x768.jpg 1024w, https:\/\/alcaldiaalbertoadriani.com\/wp-content\/uploads\/2026\/02\/photo_4951993294409894909_y-980x735.jpg 980w, https:\/\/alcaldiaalbertoadriani.com\/wp-content\/uploads\/2026\/02\/photo_4951993294409894909_y-480x360.jpg 480w\" sizes=\"auto, (min-width: 0px) and (max-width: 480px) 480px, (min-width: 481px) and (max-width: 980px) 980px, (min-width: 981px) 1024px, 100vw\" \/><\/figure>\n<\/figure>\n\n\n\n<p>En tanto, la municipalidad, aportar\u00e1 el personal t\u00e9cnico de la gerencia de Ingenier\u00eda y Planeamiento Urbano Local (<a href=\"https:\/\/alcaldiaalbertoadriani.com\/?cat=197\">Gipul<\/a>) para direccionar los trabajos, as\u00ed como otra maquinaria para limpiar las zanjas de los sectores Provivienda 97 y Para\u00edso 3. Dichos trabajos iniciar\u00e1n a partir del pr\u00f3ximo lunes, inform\u00f3 el alcalde. <strong><em>Prensa Alcald\u00eda Alberto Adriani\/ Claribel Zambrano CNP: 11.843\/ Fotos: Gipul.<\/em><\/strong><\/p>\n\n\n\n<figure class=\"wp-block-gallery has-nested-images columns-default is-cropped wp-block-gallery-3 is-layout-flex wp-block-gallery-is-layout-flex\">\n<figure class=\"wp-block-image size-large\"><img loading=\"lazy\" decoding=\"async\" width=\"1024\" height=\"574\" data-id=\"15093\" src=\"https:\/\/alcaldiaalbertoadriani.com\/wp-content\/uploads\/2026\/02\/photo_4951993294409894906_y-1024x574.jpg\" alt=\"\" class=\"wp-image-15093\" srcset=\"https:\/\/alcaldiaalbertoadriani.com\/wp-content\/uploads\/2026\/02\/photo_4951993294409894906_y-1024x574.jpg 1024w, https:\/\/alcaldiaalbertoadriani.com\/wp-content\/uploads\/2026\/02\/photo_4951993294409894906_y-980x549.jpg 980w, https:\/\/alcaldiaalbertoadriani.com\/wp-content\/uploads\/2026\/02\/photo_4951993294409894906_y-480x269.jpg 480w\" sizes=\"auto, (min-width: 0px) and (max-width: 480px) 480px, (min-width: 481px) and (max-width: 980px) 980px, (min-width: 981px) 1024px, 100vw\" \/><\/figure>\n\n\n\n<figure class=\"wp-block-image size-large\"><img loading=\"lazy\" decoding=\"async\" width=\"841\" height=\"717\" data-id=\"15092\" src=\"https:\/\/alcaldiaalbertoadriani.com\/wp-content\/uploads\/2026\/02\/photo_4951993294409894908_y.jpg\" alt=\"\" class=\"wp-image-15092\" srcset=\"https:\/\/alcaldiaalbertoadriani.com\/wp-content\/uploads\/2026\/02\/photo_4951993294409894908_y.jpg 841w, https:\/\/alcaldiaalbertoadriani.com\/wp-content\/uploads\/2026\/02\/photo_4951993294409894908_y-480x409.jpg 480w\" sizes=\"auto, (min-width: 0px) and (max-width: 480px) 480px, (min-width: 481px) 841px, 100vw\" \/><\/figure>\n<\/figure>\n","protected":false},"excerpt":{"rendered":"<p>El alcalde de Alberto Adriani, Lisandro Segura, atendiendo a las comunidades, realiz\u00f3 este martes una inspecci\u00f3n t\u00e9cnica en la poblaci\u00f3n de Los Naranjos, parroquia Jos\u00e9 Nucete Sardi, para evaluar las [&hellip;]<\/p>\n","protected":false},"author":2,"featured_media":15089,"comment_status":"open","ping_status":"closed","sticky":false,"template":"","format":"standard","meta":{"_et_pb_use_builder":"off","_et_pb_old_content":"","_et_gb_content_width":"","footnotes":""},"categories":[341,25],"tags":[31,11,12,15,761,30,29,28],"class_list":["post-15087","post","type-post","status-publish","format-standard","has-post-thumbnail","hentry","category-alcaldia-alberto-adriani","category-nuestro-municipio","tag-alcalde","tag-alcaldia","tag-alcaldiaalbertoadriani","tag-elvigia","tag-encrucijadadeprogreso","tag-lisandrosegura","tag-municipioquenosmerecemos","tag-porelrenacer"],"yoast_head":"<!-- This site is optimized with the Yoast SEO plugin v19.13 - https:\/\/yoast.com\/wordpress\/plugins\/seo\/ -->\n<title>Alcalde Lisandro Segura inspeccion\u00f3 zonas afectadas<\/title>\n<meta name=\"description\" content=\"Alcalde Lisandro Segura inspeccion\u00f3 zonas afectadas en Los Naranjos perteneciente a la parroquia Jose Nucete Sardi\" \/>\n<meta name=\"robots\" content=\"index, follow, max-snippet:-1, max-image-preview:large, max-video-preview:-1\" \/>\n<link rel=\"canonical\" href=\"https:\/\/alcaldiaalbertoadriani.com\/?p=15087\" \/>\n<meta property=\"og:locale\" content=\"es_ES\" \/>\n<meta property=\"og:type\" content=\"article\" \/>\n<meta property=\"og:title\" content=\"Alcalde Lisandro Segura inspeccion\u00f3 zonas afectadas\" \/>\n<meta property=\"og:description\" content=\"Alcalde Lisandro Segura inspeccion\u00f3 zonas afectadas en Los Naranjos perteneciente a la parroquia Jose Nucete Sardi\" \/>\n<meta property=\"og:url\" content=\"https:\/\/alcaldiaalbertoadriani.com\/?p=15087\" \/>\n<meta property=\"og:site_name\" content=\"Alcaldia Alberto Adriani\" \/>\n<meta property=\"article:published_time\" content=\"2026-02-20T18:21:49+00:00\" \/>\n<meta property=\"article:modified_time\" content=\"2026-02-20T18:21:55+00:00\" \/>\n<meta property=\"og:image\" content=\"https:\/\/alcaldiaalbertoadriani.com\/wp-content\/uploads\/2026\/02\/photo_4951993294409894905_y.jpg\" \/>\n\t<meta property=\"og:image:width\" content=\"1020\" \/>\n\t<meta property=\"og:image:height\" content=\"765\" \/>\n\t<meta property=\"og:image:type\" content=\"image\/jpeg\" \/>\n<meta name=\"author\" content=\"Prensa\" \/>\n<meta name=\"twitter:card\" content=\"summary_large_image\" \/>\n<meta name=\"twitter:label1\" content=\"Escrito por\" \/>\n\t<meta name=\"twitter:data1\" content=\"Prensa\" \/>\n\t<meta name=\"twitter:label2\" content=\"Tiempo de lectura\" \/>\n\t<meta name=\"twitter:data2\" content=\"3 minutos\" \/>\n<script type=\"application\/ld+json\" class=\"yoast-schema-graph\">{\"@context\":\"https:\/\/schema.org\",\"@graph\":[{\"@type\":\"WebPage\",\"@id\":\"https:\/\/alcaldiaalbertoadriani.com\/?p=15087\",\"url\":\"https:\/\/alcaldiaalbertoadriani.com\/?p=15087\",\"name\":\"Alcalde Lisandro Segura inspeccion\u00f3 zonas afectadas\",\"isPartOf\":{\"@id\":\"https:\/\/alcaldiaalbertoadriani.com\/#website\"},\"datePublished\":\"2026-02-20T18:21:49+00:00\",\"dateModified\":\"2026-02-20T18:21:55+00:00\",\"author\":{\"@id\":\"https:\/\/alcaldiaalbertoadriani.com\/#\/schema\/person\/549b4483ff8999ac780deeea78795fc9\"},\"description\":\"Alcalde Lisandro Segura inspeccion\u00f3 zonas afectadas en Los Naranjos perteneciente a la parroquia Jose Nucete Sardi\",\"breadcrumb\":{\"@id\":\"https:\/\/alcaldiaalbertoadriani.com\/?p=15087#breadcrumb\"},\"inLanguage\":\"es\",\"potentialAction\":[{\"@type\":\"ReadAction\",\"target\":[\"https:\/\/alcaldiaalbertoadriani.com\/?p=15087\"]}]},{\"@type\":\"BreadcrumbList\",\"@id\":\"https:\/\/alcaldiaalbertoadriani.com\/?p=15087#breadcrumb\",\"itemListElement\":[{\"@type\":\"ListItem\",\"position\":1,\"name\":\"Portada\",\"item\":\"https:\/\/alcaldiaalbertoadriani.com\/\"},{\"@type\":\"ListItem\",\"position\":2,\"name\":\"Alcalde Lisandro Segura inspeccion\u00f3 zonas afectadas en Los Naranjos\"}]},{\"@type\":\"WebSite\",\"@id\":\"https:\/\/alcaldiaalbertoadriani.com\/#website\",\"url\":\"https:\/\/alcaldiaalbertoadriani.com\/\",\"name\":\"Alcaldia Alberto Adriani\",\"description\":\"\",\"potentialAction\":[{\"@type\":\"SearchAction\",\"target\":{\"@type\":\"EntryPoint\",\"urlTemplate\":\"https:\/\/alcaldiaalbertoadriani.com\/?s={search_term_string}\"},\"query-input\":\"required name=search_term_string\"}],\"inLanguage\":\"es\"},{\"@type\":\"Person\",\"@id\":\"https:\/\/alcaldiaalbertoadriani.com\/#\/schema\/person\/549b4483ff8999ac780deeea78795fc9\",\"name\":\"Prensa\",\"image\":{\"@type\":\"ImageObject\",\"inLanguage\":\"es\",\"@id\":\"https:\/\/alcaldiaalbertoadriani.com\/#\/schema\/person\/image\/\",\"url\":\"https:\/\/secure.gravatar.com\/avatar\/ea1cb567ea992a29627f4eee1c2eb185ec16decec6342d508fdf18dedb56c9de?s=96&d=mm&r=g\",\"contentUrl\":\"https:\/\/secure.gravatar.com\/avatar\/ea1cb567ea992a29627f4eee1c2eb185ec16decec6342d508fdf18dedb56c9de?s=96&d=mm&r=g\",\"caption\":\"Prensa\"},\"url\":\"https:\/\/alcaldiaalbertoadriani.com\/?author=2\"}]}<\/script>\n<!-- \/ Yoast SEO plugin. -->","yoast_head_json":{"title":"Alcalde Lisandro Segura inspeccion\u00f3 zonas afectadas","description":"Alcalde Lisandro Segura inspeccion\u00f3 zonas afectadas en Los Naranjos perteneciente a la parroquia Jose Nucete Sardi","robots":{"index":"index","follow":"follow","max-snippet":"max-snippet:-1","max-image-preview":"max-image-preview:large","max-video-preview":"max-video-preview:-1"},"canonical":"https:\/\/alcaldiaalbertoadriani.com\/?p=15087","og_locale":"es_ES","og_type":"article","og_title":"Alcalde Lisandro Segura inspeccion\u00f3 zonas afectadas","og_description":"Alcalde Lisandro Segura inspeccion\u00f3 zonas afectadas en Los Naranjos perteneciente a la parroquia Jose Nucete Sardi","og_url":"https:\/\/alcaldiaalbertoadriani.com\/?p=15087","og_site_name":"Alcaldia Alberto Adriani","article_published_time":"2026-02-20T18:21:49+00:00","article_modified_time":"2026-02-20T18:21:55+00:00","og_image":[{"width":1020,"height":765,"url":"https:\/\/alcaldiaalbertoadriani.com\/wp-content\/uploads\/2026\/02\/photo_4951993294409894905_y.jpg","type":"image\/jpeg"}],"author":"Prensa","twitter_card":"summary_large_image","twitter_misc":{"Escrito por":"Prensa","Tiempo de lectura":"3 minutos"},"schema":{"@context":"https:\/\/schema.org","@graph":[{"@type":"WebPage","@id":"https:\/\/alcaldiaalbertoadriani.com\/?p=15087","url":"https:\/\/alcaldiaalbertoadriani.com\/?p=15087","name":"Alcalde Lisandro Segura inspeccion\u00f3 zonas afectadas","isPartOf":{"@id":"https:\/\/alcaldiaalbertoadriani.com\/#website"},"datePublished":"2026-02-20T18:21:49+00:00","dateModified":"2026-02-20T18:21:55+00:00","author":{"@id":"https:\/\/alcaldiaalbertoadriani.com\/#\/schema\/person\/549b4483ff8999ac780deeea78795fc9"},"description":"Alcalde Lisandro Segura inspeccion\u00f3 zonas afectadas en Los Naranjos perteneciente a la parroquia Jose Nucete Sardi","breadcrumb":{"@id":"https:\/\/alcaldiaalbertoadriani.com\/?p=15087#breadcrumb"},"inLanguage":"es","potentialAction":[{"@type":"ReadAction","target":["https:\/\/alcaldiaalbertoadriani.com\/?p=15087"]}]},{"@type":"BreadcrumbList","@id":"https:\/\/alcaldiaalbertoadriani.com\/?p=15087#breadcrumb","itemListElement":[{"@type":"ListItem","position":1,"name":"Portada","item":"https:\/\/alcaldiaalbertoadriani.com\/"},{"@type":"ListItem","position":2,"name":"Alcalde Lisandro Segura inspeccion\u00f3 zonas afectadas en Los Naranjos"}]},{"@type":"WebSite","@id":"https:\/\/alcaldiaalbertoadriani.com\/#website","url":"https:\/\/alcaldiaalbertoadriani.com\/","name":"Alcaldia Alberto Adriani","description":"","potentialAction":[{"@type":"SearchAction","target":{"@type":"EntryPoint","urlTemplate":"https:\/\/alcaldiaalbertoadriani.com\/?s={search_term_string}"},"query-input":"required name=search_term_string"}],"inLanguage":"es"},{"@type":"Person","@id":"https:\/\/alcaldiaalbertoadriani.com\/#\/schema\/person\/549b4483ff8999ac780deeea78795fc9","name":"Prensa","image":{"@type":"ImageObject","inLanguage":"es","@id":"https:\/\/alcaldiaalbertoadriani.com\/#\/schema\/person\/image\/","url":"https:\/\/secure.gravatar.com\/avatar\/ea1cb567ea992a29627f4eee1c2eb185ec16decec6342d508fdf18dedb56c9de?s=96&d=mm&r=g","contentUrl":"https:\/\/secure.gravatar.com\/avatar\/ea1cb567ea992a29627f4eee1c2eb185ec16decec6342d508fdf18dedb56c9de?s=96&d=mm&r=g","caption":"Prensa"},"url":"https:\/\/alcaldiaalbertoadriani.com\/?author=2"}]}},"_links":{"self":[{"href":"https:\/\/alcaldiaalbertoadriani.com\/index.php?rest_route=\/wp\/v2\/posts\/15087","targetHints":{"allow":["GET"]}}],"collection":[{"href":"https:\/\/alcaldiaalbertoadriani.com\/index.php?rest_route=\/wp\/v2\/posts"}],"about":[{"href":"https:\/\/alcaldiaalbertoadriani.com\/index.php?rest_route=\/wp\/v2\/types\/post"}],"author":[{"embeddable":true,"href":"https:\/\/alcaldiaalbertoadriani.com\/index.php?rest_route=\/wp\/v2\/users\/2"}],"replies":[{"embeddable":true,"href":"https:\/\/alcaldiaalbertoadriani.com\/index.php?rest_route=%2Fwp%2Fv2%2Fcomments&post=15087"}],"version-history":[{"count":1,"href":"https:\/\/alcaldiaalbertoadriani.com\/index.php?rest_route=\/wp\/v2\/posts\/15087\/revisions"}],"predecessor-version":[{"id":15094,"href":"https:\/\/alcaldiaalbertoadriani.com\/index.php?rest_route=\/wp\/v2\/posts\/15087\/revisions\/15094"}],"wp:featuredmedia":[{"embeddable":true,"href":"https:\/\/alcaldiaalbertoadriani.com\/index.php?rest_route=\/wp\/v2\/media\/15089"}],"wp:attachment":[{"href":"https:\/\/alcaldiaalbertoadriani.com\/index.php?rest_route=%2Fwp%2Fv2%2Fmedia&parent=15087"}],"wp:term":[{"taxonomy":"category","embeddable":true,"href":"https:\/\/alcaldiaalbertoadriani.com\/index.php?rest_route=%2Fwp%2Fv2%2Fcategories&post=15087"},{"taxonomy":"post_tag","embeddable":true,"href":"https:\/\/alcaldiaalbertoadriani.com\/index.php?rest_route=%2Fwp%2Fv2%2Ftags&post=15087"}],"curies":[{"name":"wp","href":"https:\/\/api.w.org\/{rel}","templated":true}]}}