{"id":15032,"date":"2026-02-18T20:46:26","date_gmt":"2026-02-18T20:46:26","guid":{"rendered":"https:\/\/alcaldiaalbertoadriani.com\/?p=15032"},"modified":"2026-02-18T20:46:30","modified_gmt":"2026-02-18T20:46:30","slug":"gobierno-de-alberto-adriani-culmino-trabajos-de-reparacion","status":"publish","type":"post","link":"https:\/\/alcaldiaalbertoadriani.com\/?p=15032","title":{"rendered":"Gobierno de Alberto Adriani culmin\u00f3 trabajos de reparaci\u00f3n de tuber\u00eda de aguas blancas en la Don Pepe"},"content":{"rendered":"\n<p>El alcalde del municipio Alberto Adriani <a href=\"https:\/\/www.instagram.com\/lisandrosegura02\/\">Lisandro Segura<\/a>, inform\u00f3 a la colectividad que han sido culminados satisfactoriamente los trabajos de reparaci\u00f3n de la tuber\u00eda de agua potable que se encontraba averiada en la avenida Don Pepe Rojas frente al terminal de pasajeros de la localidad. Dicha acci\u00f3n, ejecutada en coordinaci\u00f3n con Aguas de M\u00e9rida, permiti\u00f3 restituir el servicio y mejorar la transatibilidad del lugar.<\/p>\n\n\n\n<h2 class=\"wp-block-heading\"><strong><em>Sustituci\u00f3n de Tuber\u00eda<\/em><\/strong><\/h2>\n\n\n\n<p>Los trabajos incluyeron la sustituci\u00f3n de un tramo de tuber\u00eda principal de 10 pulgadas de di\u00e1metro, la cual hab\u00eda cumplido su vida \u00fatil al estar fabricada en material de asbesto. Es importante se\u00f1alar que, la intervenci\u00f3n fue en un sector que recientemente hab\u00eda sido asfaltado, pero que fue indispensable hacerlo debido a la ruptura de la tuber\u00eda que estaba afectando el tr\u00e1nsito vehicular y el suministro de agua potable.<\/p>\n\n\n\n<p>Refiri\u00f3 el alcalde que, durante la jornada, se emple\u00f3 dos maquinarias pesada tipo retroexcavadora; una unidad con martillo hidr\u00e1ulico acoplado para la perforaci\u00f3n de la calzada en el punto de la ruptura.<\/p>\n\n\n\n<p>Igualmente, se utiliz\u00f3 otra maquinaria con la pluma para la excavaci\u00f3n y posterior colocaci\u00f3n del nuevo material. &#8220;En total, se emplearon 10 viajes de granz\u00f3n para el relleno y 7 viajes de bote del material extra\u00eddo, el cual no pudo ser reutilizado por encontrarse completamente h\u00famedo&#8221;, detall\u00f3.<\/p>\n\n\n\n<p>Una vez culminada la reparaci\u00f3n, se procedi\u00f3 a la colocaci\u00f3n del material granular (granz\u00f3n). En los pr\u00f3ximos d\u00edas, se espera efectuar el reasfaltado del \u00e1rea intervenida, una vez que el material colocado se compacte de manera adecuada y se verifique la ausencia de fallas, garantizando as\u00ed la durabilidad de la obra.<\/p>\n\n\n\n<p>Este importante trabajo fue posible gracias a la mancomunidad de esfuerzos entre la Alcald\u00eda del Municipio Alberto Adriani, a trav\u00e9s de la Gerencia de Ingenier\u00eda y Planeamiento Urbano Local <a href=\"https:\/\/alcaldiaalbertoadriani.com\/?cat=197\">(GIPUL<\/a>), y la empresa hidrol\u00f3gica Aguas de M\u00e9rida, reafirmando el compromiso institucional de seguir atendiendo de manera oportuna las necesidades de infraestructura y servicios p\u00fablicos en beneficio de la poblaci\u00f3n. <strong><em>Prensa OIPI \/ Tahiry Villalobos C.N.P.23.225\/ Fotos: OIPI<\/em><\/strong><\/p>\n\n\n\n<figure class=\"wp-block-gallery has-nested-images columns-default is-cropped wp-block-gallery-1 is-layout-flex wp-block-gallery-is-layout-flex\">\n<figure class=\"wp-block-image size-large\"><img loading=\"lazy\" decoding=\"async\" width=\"1024\" height=\"574\" data-id=\"15034\" src=\"https:\/\/alcaldiaalbertoadriani.com\/wp-content\/uploads\/2026\/02\/photo_4947206896955886428_y-1024x574.jpg\" alt=\"\" class=\"wp-image-15034\" srcset=\"https:\/\/alcaldiaalbertoadriani.com\/wp-content\/uploads\/2026\/02\/photo_4947206896955886428_y-1024x574.jpg 1024w, https:\/\/alcaldiaalbertoadriani.com\/wp-content\/uploads\/2026\/02\/photo_4947206896955886428_y-980x549.jpg 980w, https:\/\/alcaldiaalbertoadriani.com\/wp-content\/uploads\/2026\/02\/photo_4947206896955886428_y-480x269.jpg 480w\" sizes=\"auto, (min-width: 0px) and (max-width: 480px) 480px, (min-width: 481px) and (max-width: 980px) 980px, (min-width: 981px) 1024px, 100vw\" \/><\/figure>\n<\/figure>\n","protected":false},"excerpt":{"rendered":"<p>El alcalde del municipio Alberto Adriani Lisandro Segura, inform\u00f3 a la colectividad que han sido culminados satisfactoriamente los trabajos de reparaci\u00f3n de la tuber\u00eda de agua potable que se encontraba [&hellip;]<\/p>\n","protected":false},"author":2,"featured_media":15033,"comment_status":"open","ping_status":"closed","sticky":false,"template":"","format":"standard","meta":{"_et_pb_use_builder":"off","_et_pb_old_content":"","_et_gb_content_width":"","footnotes":""},"categories":[341,197],"tags":[31,11,12,15,761,30,29,28],"class_list":["post-15032","post","type-post","status-publish","format-standard","has-post-thumbnail","hentry","category-alcaldia-alberto-adriani","category-gipul","tag-alcalde","tag-alcaldia","tag-alcaldiaalbertoadriani","tag-elvigia","tag-encrucijadadeprogreso","tag-lisandrosegura","tag-municipioquenosmerecemos","tag-porelrenacer"],"yoast_head":"<!-- This site is optimized with the Yoast SEO plugin v19.13 - https:\/\/yoast.com\/wordpress\/plugins\/seo\/ -->\n<title>Gobierno de Alberto Adriani culmin\u00f3 trabajos de reparaci\u00f3n<\/title>\n<meta name=\"description\" content=\"Gobierno de Alberto Adriani culmin\u00f3 trabajos de reparaci\u00f3n de tuber\u00eda de aguas blancas en la Don Pepe frente al terminal de pasajeros\" \/>\n<meta name=\"robots\" content=\"index, follow, max-snippet:-1, max-image-preview:large, max-video-preview:-1\" \/>\n<link rel=\"canonical\" href=\"https:\/\/alcaldiaalbertoadriani.com\/?p=15032\" \/>\n<meta property=\"og:locale\" content=\"es_ES\" \/>\n<meta property=\"og:type\" content=\"article\" \/>\n<meta property=\"og:title\" content=\"Gobierno de Alberto Adriani culmin\u00f3 trabajos de reparaci\u00f3n\" \/>\n<meta property=\"og:description\" content=\"Gobierno de Alberto Adriani culmin\u00f3 trabajos de reparaci\u00f3n de tuber\u00eda de aguas blancas en la Don Pepe frente al terminal de pasajeros\" \/>\n<meta property=\"og:url\" content=\"https:\/\/alcaldiaalbertoadriani.com\/?p=15032\" \/>\n<meta property=\"og:site_name\" content=\"Alcaldia Alberto Adriani\" \/>\n<meta property=\"article:published_time\" content=\"2026-02-18T20:46:26+00:00\" \/>\n<meta property=\"article:modified_time\" content=\"2026-02-18T20:46:30+00:00\" \/>\n<meta property=\"og:image\" content=\"https:\/\/alcaldiaalbertoadriani.com\/wp-content\/uploads\/2026\/02\/photo_4947206896955886427_y.jpg\" \/>\n\t<meta property=\"og:image:width\" content=\"1280\" \/>\n\t<meta property=\"og:image:height\" content=\"960\" \/>\n\t<meta property=\"og:image:type\" content=\"image\/jpeg\" \/>\n<meta name=\"author\" content=\"Prensa\" \/>\n<meta name=\"twitter:card\" content=\"summary_large_image\" \/>\n<meta name=\"twitter:label1\" content=\"Escrito por\" \/>\n\t<meta name=\"twitter:data1\" content=\"Prensa\" \/>\n\t<meta name=\"twitter:label2\" content=\"Tiempo de lectura\" \/>\n\t<meta name=\"twitter:data2\" content=\"2 minutos\" \/>\n<script type=\"application\/ld+json\" class=\"yoast-schema-graph\">{\"@context\":\"https:\/\/schema.org\",\"@graph\":[{\"@type\":\"WebPage\",\"@id\":\"https:\/\/alcaldiaalbertoadriani.com\/?p=15032\",\"url\":\"https:\/\/alcaldiaalbertoadriani.com\/?p=15032\",\"name\":\"Gobierno de Alberto Adriani culmin\u00f3 trabajos de reparaci\u00f3n\",\"isPartOf\":{\"@id\":\"https:\/\/alcaldiaalbertoadriani.com\/#website\"},\"datePublished\":\"2026-02-18T20:46:26+00:00\",\"dateModified\":\"2026-02-18T20:46:30+00:00\",\"author\":{\"@id\":\"https:\/\/alcaldiaalbertoadriani.com\/#\/schema\/person\/549b4483ff8999ac780deeea78795fc9\"},\"description\":\"Gobierno de Alberto Adriani culmin\u00f3 trabajos de reparaci\u00f3n de tuber\u00eda de aguas blancas en la Don Pepe frente al terminal de pasajeros\",\"breadcrumb\":{\"@id\":\"https:\/\/alcaldiaalbertoadriani.com\/?p=15032#breadcrumb\"},\"inLanguage\":\"es\",\"potentialAction\":[{\"@type\":\"ReadAction\",\"target\":[\"https:\/\/alcaldiaalbertoadriani.com\/?p=15032\"]}]},{\"@type\":\"BreadcrumbList\",\"@id\":\"https:\/\/alcaldiaalbertoadriani.com\/?p=15032#breadcrumb\",\"itemListElement\":[{\"@type\":\"ListItem\",\"position\":1,\"name\":\"Portada\",\"item\":\"https:\/\/alcaldiaalbertoadriani.com\/\"},{\"@type\":\"ListItem\",\"position\":2,\"name\":\"Gobierno de Alberto Adriani culmin\u00f3 trabajos de reparaci\u00f3n de tuber\u00eda de aguas blancas en la Don Pepe\"}]},{\"@type\":\"WebSite\",\"@id\":\"https:\/\/alcaldiaalbertoadriani.com\/#website\",\"url\":\"https:\/\/alcaldiaalbertoadriani.com\/\",\"name\":\"Alcaldia Alberto Adriani\",\"description\":\"\",\"potentialAction\":[{\"@type\":\"SearchAction\",\"target\":{\"@type\":\"EntryPoint\",\"urlTemplate\":\"https:\/\/alcaldiaalbertoadriani.com\/?s={search_term_string}\"},\"query-input\":\"required name=search_term_string\"}],\"inLanguage\":\"es\"},{\"@type\":\"Person\",\"@id\":\"https:\/\/alcaldiaalbertoadriani.com\/#\/schema\/person\/549b4483ff8999ac780deeea78795fc9\",\"name\":\"Prensa\",\"image\":{\"@type\":\"ImageObject\",\"inLanguage\":\"es\",\"@id\":\"https:\/\/alcaldiaalbertoadriani.com\/#\/schema\/person\/image\/\",\"url\":\"https:\/\/secure.gravatar.com\/avatar\/ea1cb567ea992a29627f4eee1c2eb185ec16decec6342d508fdf18dedb56c9de?s=96&d=mm&r=g\",\"contentUrl\":\"https:\/\/secure.gravatar.com\/avatar\/ea1cb567ea992a29627f4eee1c2eb185ec16decec6342d508fdf18dedb56c9de?s=96&d=mm&r=g\",\"caption\":\"Prensa\"},\"url\":\"https:\/\/alcaldiaalbertoadriani.com\/?author=2\"}]}<\/script>\n<!-- \/ Yoast SEO plugin. -->","yoast_head_json":{"title":"Gobierno de Alberto Adriani culmin\u00f3 trabajos de reparaci\u00f3n","description":"Gobierno de Alberto Adriani culmin\u00f3 trabajos de reparaci\u00f3n de tuber\u00eda de aguas blancas en la Don Pepe frente al terminal de pasajeros","robots":{"index":"index","follow":"follow","max-snippet":"max-snippet:-1","max-image-preview":"max-image-preview:large","max-video-preview":"max-video-preview:-1"},"canonical":"https:\/\/alcaldiaalbertoadriani.com\/?p=15032","og_locale":"es_ES","og_type":"article","og_title":"Gobierno de Alberto Adriani culmin\u00f3 trabajos de reparaci\u00f3n","og_description":"Gobierno de Alberto Adriani culmin\u00f3 trabajos de reparaci\u00f3n de tuber\u00eda de aguas blancas en la Don Pepe frente al terminal de pasajeros","og_url":"https:\/\/alcaldiaalbertoadriani.com\/?p=15032","og_site_name":"Alcaldia Alberto Adriani","article_published_time":"2026-02-18T20:46:26+00:00","article_modified_time":"2026-02-18T20:46:30+00:00","og_image":[{"width":1280,"height":960,"url":"https:\/\/alcaldiaalbertoadriani.com\/wp-content\/uploads\/2026\/02\/photo_4947206896955886427_y.jpg","type":"image\/jpeg"}],"author":"Prensa","twitter_card":"summary_large_image","twitter_misc":{"Escrito por":"Prensa","Tiempo de lectura":"2 minutos"},"schema":{"@context":"https:\/\/schema.org","@graph":[{"@type":"WebPage","@id":"https:\/\/alcaldiaalbertoadriani.com\/?p=15032","url":"https:\/\/alcaldiaalbertoadriani.com\/?p=15032","name":"Gobierno de Alberto Adriani culmin\u00f3 trabajos de reparaci\u00f3n","isPartOf":{"@id":"https:\/\/alcaldiaalbertoadriani.com\/#website"},"datePublished":"2026-02-18T20:46:26+00:00","dateModified":"2026-02-18T20:46:30+00:00","author":{"@id":"https:\/\/alcaldiaalbertoadriani.com\/#\/schema\/person\/549b4483ff8999ac780deeea78795fc9"},"description":"Gobierno de Alberto Adriani culmin\u00f3 trabajos de reparaci\u00f3n de tuber\u00eda de aguas blancas en la Don Pepe frente al terminal de pasajeros","breadcrumb":{"@id":"https:\/\/alcaldiaalbertoadriani.com\/?p=15032#breadcrumb"},"inLanguage":"es","potentialAction":[{"@type":"ReadAction","target":["https:\/\/alcaldiaalbertoadriani.com\/?p=15032"]}]},{"@type":"BreadcrumbList","@id":"https:\/\/alcaldiaalbertoadriani.com\/?p=15032#breadcrumb","itemListElement":[{"@type":"ListItem","position":1,"name":"Portada","item":"https:\/\/alcaldiaalbertoadriani.com\/"},{"@type":"ListItem","position":2,"name":"Gobierno de Alberto Adriani culmin\u00f3 trabajos de reparaci\u00f3n de tuber\u00eda de aguas blancas en la Don Pepe"}]},{"@type":"WebSite","@id":"https:\/\/alcaldiaalbertoadriani.com\/#website","url":"https:\/\/alcaldiaalbertoadriani.com\/","name":"Alcaldia Alberto Adriani","description":"","potentialAction":[{"@type":"SearchAction","target":{"@type":"EntryPoint","urlTemplate":"https:\/\/alcaldiaalbertoadriani.com\/?s={search_term_string}"},"query-input":"required name=search_term_string"}],"inLanguage":"es"},{"@type":"Person","@id":"https:\/\/alcaldiaalbertoadriani.com\/#\/schema\/person\/549b4483ff8999ac780deeea78795fc9","name":"Prensa","image":{"@type":"ImageObject","inLanguage":"es","@id":"https:\/\/alcaldiaalbertoadriani.com\/#\/schema\/person\/image\/","url":"https:\/\/secure.gravatar.com\/avatar\/ea1cb567ea992a29627f4eee1c2eb185ec16decec6342d508fdf18dedb56c9de?s=96&d=mm&r=g","contentUrl":"https:\/\/secure.gravatar.com\/avatar\/ea1cb567ea992a29627f4eee1c2eb185ec16decec6342d508fdf18dedb56c9de?s=96&d=mm&r=g","caption":"Prensa"},"url":"https:\/\/alcaldiaalbertoadriani.com\/?author=2"}]}},"_links":{"self":[{"href":"https:\/\/alcaldiaalbertoadriani.com\/index.php?rest_route=\/wp\/v2\/posts\/15032","targetHints":{"allow":["GET"]}}],"collection":[{"href":"https:\/\/alcaldiaalbertoadriani.com\/index.php?rest_route=\/wp\/v2\/posts"}],"about":[{"href":"https:\/\/alcaldiaalbertoadriani.com\/index.php?rest_route=\/wp\/v2\/types\/post"}],"author":[{"embeddable":true,"href":"https:\/\/alcaldiaalbertoadriani.com\/index.php?rest_route=\/wp\/v2\/users\/2"}],"replies":[{"embeddable":true,"href":"https:\/\/alcaldiaalbertoadriani.com\/index.php?rest_route=%2Fwp%2Fv2%2Fcomments&post=15032"}],"version-history":[{"count":1,"href":"https:\/\/alcaldiaalbertoadriani.com\/index.php?rest_route=\/wp\/v2\/posts\/15032\/revisions"}],"predecessor-version":[{"id":15035,"href":"https:\/\/alcaldiaalbertoadriani.com\/index.php?rest_route=\/wp\/v2\/posts\/15032\/revisions\/15035"}],"wp:featuredmedia":[{"embeddable":true,"href":"https:\/\/alcaldiaalbertoadriani.com\/index.php?rest_route=\/wp\/v2\/media\/15033"}],"wp:attachment":[{"href":"https:\/\/alcaldiaalbertoadriani.com\/index.php?rest_route=%2Fwp%2Fv2%2Fmedia&parent=15032"}],"wp:term":[{"taxonomy":"category","embeddable":true,"href":"https:\/\/alcaldiaalbertoadriani.com\/index.php?rest_route=%2Fwp%2Fv2%2Fcategories&post=15032"},{"taxonomy":"post_tag","embeddable":true,"href":"https:\/\/alcaldiaalbertoadriani.com\/index.php?rest_route=%2Fwp%2Fv2%2Ftags&post=15032"}],"curies":[{"name":"wp","href":"https:\/\/api.w.org\/{rel}","templated":true}]}}