{"id":15024,"date":"2026-02-18T20:41:32","date_gmt":"2026-02-18T20:41:32","guid":{"rendered":"https:\/\/alcaldiaalbertoadriani.com\/?p=15024"},"modified":"2026-02-18T20:41:35","modified_gmt":"2026-02-18T20:41:35","slug":"gestion-de-lisandro-segura-apoya-reparacion-de-tuberia","status":"publish","type":"post","link":"https:\/\/alcaldiaalbertoadriani.com\/?p=15024","title":{"rendered":"Gesti\u00f3n de Lisandro Segura apoya reparaci\u00f3n de tuber\u00eda en avenida Don Pepe Rojas"},"content":{"rendered":"\n<p>La gesti\u00f3n municipal del alcalde <a href=\"https:\/\/www.instagram.com\/lisandrosegura02\/\">Lisandro Segura<\/a>, de manera inmediata, despleg\u00f3 maquinaria pesada en la avenida Don Pepe Rojas, a la altura del <a href=\"https:\/\/alcaldiaalbertoadriani.com\/?p=13647\">Terminal de Pasajeros Abelardo Pern\u00eda<\/a>, para apoyar nuevamente en la reparaci\u00f3n de una tuber\u00eda de aguas blancas que afect\u00f3 la vialidad recientemente asfaltada. Aunque la competencia directa es de la hidrol\u00f3gica Aguas de M\u00e9rida, la municipalidad asumi\u00f3 el mayor esfuerzo de inversi\u00f3n y operatividad para solventar la situaci\u00f3n.<\/p>\n\n\n\n<!--more-->\n\n\n\n<p>Para las labores de reparaci\u00f3n, el alcalde dispuso de dos m\u00e1quinas retroexcavadoras para la perforaci\u00f3n de la calzada y la extracci\u00f3n de material; mientras que, la hidrol\u00f3gica Aguas de M\u00e9rida suministr\u00f3 un tubo Pead de 12 metros de longitud por 10 pulgadas de di\u00e1metro, as\u00ed como los profesionales para direccionar los trabajos.<\/p>\n\n\n\n<figure class=\"wp-block-gallery has-nested-images columns-default is-cropped wp-block-gallery-1 is-layout-flex wp-block-gallery-is-layout-flex\">\n<figure class=\"wp-block-image size-large\"><img loading=\"lazy\" decoding=\"async\" width=\"1024\" height=\"768\" data-id=\"15027\" src=\"https:\/\/alcaldiaalbertoadriani.com\/wp-content\/uploads\/2026\/02\/photo_4945318726253350054_y-1024x768.jpg\" alt=\"\" class=\"wp-image-15027\" srcset=\"https:\/\/alcaldiaalbertoadriani.com\/wp-content\/uploads\/2026\/02\/photo_4945318726253350054_y-1024x768.jpg 1024w, https:\/\/alcaldiaalbertoadriani.com\/wp-content\/uploads\/2026\/02\/photo_4945318726253350054_y-980x735.jpg 980w, https:\/\/alcaldiaalbertoadriani.com\/wp-content\/uploads\/2026\/02\/photo_4945318726253350054_y-480x360.jpg 480w\" sizes=\"auto, (min-width: 0px) and (max-width: 480px) 480px, (min-width: 481px) and (max-width: 980px) 980px, (min-width: 981px) 1024px, 100vw\" \/><\/figure>\n<\/figure>\n\n\n\n<p>El alcalde Segura enfatiz\u00f3 que el colapso nuevamente de la tuber\u00eda se debe a la antig\u00fcedad de la red de distribuci\u00f3n.<\/p>\n\n\n\n<p>&nbsp;&#8220;Lamentablemente, esta es una tuber\u00eda de vieja data, de m\u00e1s de 50 a\u00f1os en material asbesto que ya cumpli\u00f3 su vida \u00fatil y, se ha hecho fr\u00e1gil ante la presi\u00f3n del agua, por ello revienta&#8221;, subray\u00f3.<\/p>\n\n\n\n<p>Asimismo, el burgomaestre rechaz\u00f3 las cr\u00edticas que se\u00f1alan deficiencias en los trabajos hechos recientemente, aclarando que la soluci\u00f3n definitiva para los botes de agua en las principales v\u00edas, requiere de la sustituci\u00f3n total de las matrices, y eso representa una gran inversi\u00f3n.<\/p>\n\n\n\n<h2 class=\"wp-block-heading\"><strong><em>Atenci\u00f3n en tiempo r\u00e9cord<\/em><\/strong><\/h2>\n\n\n\n<p>Sin embargo, destac\u00f3 el alcalde la respuesta inmediata por parte del gobierno municipal ante la situaci\u00f3n.<\/p>\n\n\n\n<p>&#8220;Se est\u00e1 atendiendo en tiempo r\u00e9cord y lo importante es que no estamos corriendo la arruga, ni diciendo que no es nuestra competencia; estamos asumiendo esta tarea m\u00e1s all\u00e1 de nuestra responsabilidad directa, colaborando para dar respuesta a la comunidad&#8221;.<\/p>\n\n\n\n<p>Finalmente, Segura anunci\u00f3 que tambi\u00e9n intervendr\u00e1n en la avenida Jos\u00e9 Antonio P\u00e1ez, frente al Junior Mall, para reparar una v\u00e1lvula de 10 pulgadas de agua potable con apoyo de equipos de soldadura, personal, maquinaria y materiales, garantizando la recuperaci\u00f3n de la calzada en la v\u00eda hacia el aeropuerto. <strong><em>Prensa Alcald\u00eda Alberto Adriani\/Claribel Zambrano CNP 11.843\/Fotos: Emmanuel M\u00e9ndez.<\/em><\/strong><\/p>\n\n\n\n<figure class=\"wp-block-gallery has-nested-images columns-default is-cropped wp-block-gallery-2 is-layout-flex wp-block-gallery-is-layout-flex\">\n<figure class=\"wp-block-image size-large\"><img loading=\"lazy\" decoding=\"async\" width=\"1024\" height=\"768\" data-id=\"15028\" src=\"https:\/\/alcaldiaalbertoadriani.com\/wp-content\/uploads\/2026\/02\/photo_4945318726253350041_y-1024x768.jpg\" alt=\"\" class=\"wp-image-15028\" srcset=\"https:\/\/alcaldiaalbertoadriani.com\/wp-content\/uploads\/2026\/02\/photo_4945318726253350041_y-1024x768.jpg 1024w, https:\/\/alcaldiaalbertoadriani.com\/wp-content\/uploads\/2026\/02\/photo_4945318726253350041_y-980x735.jpg 980w, https:\/\/alcaldiaalbertoadriani.com\/wp-content\/uploads\/2026\/02\/photo_4945318726253350041_y-480x360.jpg 480w\" sizes=\"auto, (min-width: 0px) and (max-width: 480px) 480px, (min-width: 481px) and (max-width: 980px) 980px, (min-width: 981px) 1024px, 100vw\" \/><\/figure>\n\n\n\n<figure class=\"wp-block-image size-large\"><img loading=\"lazy\" decoding=\"async\" width=\"1024\" height=\"768\" data-id=\"15029\" src=\"https:\/\/alcaldiaalbertoadriani.com\/wp-content\/uploads\/2026\/02\/photo_4945318726253350047_y-1024x768.jpg\" alt=\"\" class=\"wp-image-15029\" srcset=\"https:\/\/alcaldiaalbertoadriani.com\/wp-content\/uploads\/2026\/02\/photo_4945318726253350047_y-1024x768.jpg 1024w, https:\/\/alcaldiaalbertoadriani.com\/wp-content\/uploads\/2026\/02\/photo_4945318726253350047_y-980x735.jpg 980w, https:\/\/alcaldiaalbertoadriani.com\/wp-content\/uploads\/2026\/02\/photo_4945318726253350047_y-480x360.jpg 480w\" sizes=\"auto, (min-width: 0px) and (max-width: 480px) 480px, (min-width: 481px) and (max-width: 980px) 980px, (min-width: 981px) 1024px, 100vw\" \/><\/figure>\n\n\n\n<figure class=\"wp-block-image size-large\"><img loading=\"lazy\" decoding=\"async\" width=\"1024\" height=\"768\" data-id=\"15030\" src=\"https:\/\/alcaldiaalbertoadriani.com\/wp-content\/uploads\/2026\/02\/photo_4945318726253350037_y-1024x768.jpg\" alt=\"\" class=\"wp-image-15030\" srcset=\"https:\/\/alcaldiaalbertoadriani.com\/wp-content\/uploads\/2026\/02\/photo_4945318726253350037_y-1024x768.jpg 1024w, https:\/\/alcaldiaalbertoadriani.com\/wp-content\/uploads\/2026\/02\/photo_4945318726253350037_y-980x735.jpg 980w, https:\/\/alcaldiaalbertoadriani.com\/wp-content\/uploads\/2026\/02\/photo_4945318726253350037_y-480x360.jpg 480w\" sizes=\"auto, (min-width: 0px) and (max-width: 480px) 480px, (min-width: 481px) and (max-width: 980px) 980px, (min-width: 981px) 1024px, 100vw\" \/><\/figure>\n<\/figure>\n","protected":false},"excerpt":{"rendered":"<p>La gesti\u00f3n municipal del alcalde Lisandro Segura, de manera inmediata, despleg\u00f3 maquinaria pesada en la avenida Don Pepe Rojas, a la altura del Terminal de Pasajeros Abelardo Pern\u00eda, para apoyar [&hellip;]<\/p>\n","protected":false},"author":2,"featured_media":15026,"comment_status":"open","ping_status":"closed","sticky":false,"template":"","format":"standard","meta":{"_et_pb_use_builder":"off","_et_pb_old_content":"","_et_gb_content_width":"","footnotes":""},"categories":[341],"tags":[31,11,12,15,761,30,29,28],"class_list":["post-15024","post","type-post","status-publish","format-standard","has-post-thumbnail","hentry","category-alcaldia-alberto-adriani","tag-alcalde","tag-alcaldia","tag-alcaldiaalbertoadriani","tag-elvigia","tag-encrucijadadeprogreso","tag-lisandrosegura","tag-municipioquenosmerecemos","tag-porelrenacer"],"yoast_head":"<!-- This site is optimized with the Yoast SEO plugin v19.13 - https:\/\/yoast.com\/wordpress\/plugins\/seo\/ -->\n<title>Gesti\u00f3n de Lisandro Segura apoya reparaci\u00f3n de tuber\u00eda<\/title>\n<meta name=\"description\" content=\"Gesti\u00f3n de Lisandro Segura apoya reparaci\u00f3n de tuber\u00eda en avenida Don Pepe Rojas a la altura del Terminal de Pasajeros Abelardo Pernia\" \/>\n<meta name=\"robots\" content=\"index, follow, max-snippet:-1, max-image-preview:large, max-video-preview:-1\" \/>\n<link rel=\"canonical\" href=\"https:\/\/alcaldiaalbertoadriani.com\/?p=15024\" \/>\n<meta property=\"og:locale\" content=\"es_ES\" \/>\n<meta property=\"og:type\" content=\"article\" \/>\n<meta property=\"og:title\" content=\"Gesti\u00f3n de Lisandro Segura apoya reparaci\u00f3n de tuber\u00eda\" \/>\n<meta property=\"og:description\" content=\"Gesti\u00f3n de Lisandro Segura apoya reparaci\u00f3n de tuber\u00eda en avenida Don Pepe Rojas a la altura del Terminal de Pasajeros Abelardo Pernia\" \/>\n<meta property=\"og:url\" content=\"https:\/\/alcaldiaalbertoadriani.com\/?p=15024\" \/>\n<meta property=\"og:site_name\" content=\"Alcaldia Alberto Adriani\" \/>\n<meta property=\"article:published_time\" content=\"2026-02-18T20:41:32+00:00\" \/>\n<meta property=\"article:modified_time\" content=\"2026-02-18T20:41:35+00:00\" \/>\n<meta property=\"og:image\" content=\"https:\/\/alcaldiaalbertoadriani.com\/wp-content\/uploads\/2026\/02\/photo_4945318726253350033_y.jpg\" \/>\n\t<meta property=\"og:image:width\" content=\"1280\" \/>\n\t<meta property=\"og:image:height\" content=\"960\" \/>\n\t<meta property=\"og:image:type\" content=\"image\/jpeg\" \/>\n<meta name=\"author\" content=\"Prensa\" \/>\n<meta name=\"twitter:card\" content=\"summary_large_image\" \/>\n<meta name=\"twitter:label1\" content=\"Escrito por\" \/>\n\t<meta name=\"twitter:data1\" content=\"Prensa\" \/>\n\t<meta name=\"twitter:label2\" content=\"Tiempo de lectura\" \/>\n\t<meta name=\"twitter:data2\" content=\"3 minutos\" \/>\n<script type=\"application\/ld+json\" class=\"yoast-schema-graph\">{\"@context\":\"https:\/\/schema.org\",\"@graph\":[{\"@type\":\"WebPage\",\"@id\":\"https:\/\/alcaldiaalbertoadriani.com\/?p=15024\",\"url\":\"https:\/\/alcaldiaalbertoadriani.com\/?p=15024\",\"name\":\"Gesti\u00f3n de Lisandro Segura apoya reparaci\u00f3n de tuber\u00eda\",\"isPartOf\":{\"@id\":\"https:\/\/alcaldiaalbertoadriani.com\/#website\"},\"datePublished\":\"2026-02-18T20:41:32+00:00\",\"dateModified\":\"2026-02-18T20:41:35+00:00\",\"author\":{\"@id\":\"https:\/\/alcaldiaalbertoadriani.com\/#\/schema\/person\/549b4483ff8999ac780deeea78795fc9\"},\"description\":\"Gesti\u00f3n de Lisandro Segura apoya reparaci\u00f3n de tuber\u00eda en avenida Don Pepe Rojas a la altura del Terminal de Pasajeros Abelardo Pernia\",\"breadcrumb\":{\"@id\":\"https:\/\/alcaldiaalbertoadriani.com\/?p=15024#breadcrumb\"},\"inLanguage\":\"es\",\"potentialAction\":[{\"@type\":\"ReadAction\",\"target\":[\"https:\/\/alcaldiaalbertoadriani.com\/?p=15024\"]}]},{\"@type\":\"BreadcrumbList\",\"@id\":\"https:\/\/alcaldiaalbertoadriani.com\/?p=15024#breadcrumb\",\"itemListElement\":[{\"@type\":\"ListItem\",\"position\":1,\"name\":\"Portada\",\"item\":\"https:\/\/alcaldiaalbertoadriani.com\/\"},{\"@type\":\"ListItem\",\"position\":2,\"name\":\"Gesti\u00f3n de Lisandro Segura apoya reparaci\u00f3n de tuber\u00eda en avenida Don Pepe Rojas\"}]},{\"@type\":\"WebSite\",\"@id\":\"https:\/\/alcaldiaalbertoadriani.com\/#website\",\"url\":\"https:\/\/alcaldiaalbertoadriani.com\/\",\"name\":\"Alcaldia Alberto Adriani\",\"description\":\"\",\"potentialAction\":[{\"@type\":\"SearchAction\",\"target\":{\"@type\":\"EntryPoint\",\"urlTemplate\":\"https:\/\/alcaldiaalbertoadriani.com\/?s={search_term_string}\"},\"query-input\":\"required name=search_term_string\"}],\"inLanguage\":\"es\"},{\"@type\":\"Person\",\"@id\":\"https:\/\/alcaldiaalbertoadriani.com\/#\/schema\/person\/549b4483ff8999ac780deeea78795fc9\",\"name\":\"Prensa\",\"image\":{\"@type\":\"ImageObject\",\"inLanguage\":\"es\",\"@id\":\"https:\/\/alcaldiaalbertoadriani.com\/#\/schema\/person\/image\/\",\"url\":\"https:\/\/secure.gravatar.com\/avatar\/ea1cb567ea992a29627f4eee1c2eb185ec16decec6342d508fdf18dedb56c9de?s=96&d=mm&r=g\",\"contentUrl\":\"https:\/\/secure.gravatar.com\/avatar\/ea1cb567ea992a29627f4eee1c2eb185ec16decec6342d508fdf18dedb56c9de?s=96&d=mm&r=g\",\"caption\":\"Prensa\"},\"url\":\"https:\/\/alcaldiaalbertoadriani.com\/?author=2\"}]}<\/script>\n<!-- \/ Yoast SEO plugin. -->","yoast_head_json":{"title":"Gesti\u00f3n de Lisandro Segura apoya reparaci\u00f3n de tuber\u00eda","description":"Gesti\u00f3n de Lisandro Segura apoya reparaci\u00f3n de tuber\u00eda en avenida Don Pepe Rojas a la altura del Terminal de Pasajeros Abelardo Pernia","robots":{"index":"index","follow":"follow","max-snippet":"max-snippet:-1","max-image-preview":"max-image-preview:large","max-video-preview":"max-video-preview:-1"},"canonical":"https:\/\/alcaldiaalbertoadriani.com\/?p=15024","og_locale":"es_ES","og_type":"article","og_title":"Gesti\u00f3n de Lisandro Segura apoya reparaci\u00f3n de tuber\u00eda","og_description":"Gesti\u00f3n de Lisandro Segura apoya reparaci\u00f3n de tuber\u00eda en avenida Don Pepe Rojas a la altura del Terminal de Pasajeros Abelardo Pernia","og_url":"https:\/\/alcaldiaalbertoadriani.com\/?p=15024","og_site_name":"Alcaldia Alberto Adriani","article_published_time":"2026-02-18T20:41:32+00:00","article_modified_time":"2026-02-18T20:41:35+00:00","og_image":[{"width":1280,"height":960,"url":"https:\/\/alcaldiaalbertoadriani.com\/wp-content\/uploads\/2026\/02\/photo_4945318726253350033_y.jpg","type":"image\/jpeg"}],"author":"Prensa","twitter_card":"summary_large_image","twitter_misc":{"Escrito por":"Prensa","Tiempo de lectura":"3 minutos"},"schema":{"@context":"https:\/\/schema.org","@graph":[{"@type":"WebPage","@id":"https:\/\/alcaldiaalbertoadriani.com\/?p=15024","url":"https:\/\/alcaldiaalbertoadriani.com\/?p=15024","name":"Gesti\u00f3n de Lisandro Segura apoya reparaci\u00f3n de tuber\u00eda","isPartOf":{"@id":"https:\/\/alcaldiaalbertoadriani.com\/#website"},"datePublished":"2026-02-18T20:41:32+00:00","dateModified":"2026-02-18T20:41:35+00:00","author":{"@id":"https:\/\/alcaldiaalbertoadriani.com\/#\/schema\/person\/549b4483ff8999ac780deeea78795fc9"},"description":"Gesti\u00f3n de Lisandro Segura apoya reparaci\u00f3n de tuber\u00eda en avenida Don Pepe Rojas a la altura del Terminal de Pasajeros Abelardo Pernia","breadcrumb":{"@id":"https:\/\/alcaldiaalbertoadriani.com\/?p=15024#breadcrumb"},"inLanguage":"es","potentialAction":[{"@type":"ReadAction","target":["https:\/\/alcaldiaalbertoadriani.com\/?p=15024"]}]},{"@type":"BreadcrumbList","@id":"https:\/\/alcaldiaalbertoadriani.com\/?p=15024#breadcrumb","itemListElement":[{"@type":"ListItem","position":1,"name":"Portada","item":"https:\/\/alcaldiaalbertoadriani.com\/"},{"@type":"ListItem","position":2,"name":"Gesti\u00f3n de Lisandro Segura apoya reparaci\u00f3n de tuber\u00eda en avenida Don Pepe Rojas"}]},{"@type":"WebSite","@id":"https:\/\/alcaldiaalbertoadriani.com\/#website","url":"https:\/\/alcaldiaalbertoadriani.com\/","name":"Alcaldia Alberto Adriani","description":"","potentialAction":[{"@type":"SearchAction","target":{"@type":"EntryPoint","urlTemplate":"https:\/\/alcaldiaalbertoadriani.com\/?s={search_term_string}"},"query-input":"required name=search_term_string"}],"inLanguage":"es"},{"@type":"Person","@id":"https:\/\/alcaldiaalbertoadriani.com\/#\/schema\/person\/549b4483ff8999ac780deeea78795fc9","name":"Prensa","image":{"@type":"ImageObject","inLanguage":"es","@id":"https:\/\/alcaldiaalbertoadriani.com\/#\/schema\/person\/image\/","url":"https:\/\/secure.gravatar.com\/avatar\/ea1cb567ea992a29627f4eee1c2eb185ec16decec6342d508fdf18dedb56c9de?s=96&d=mm&r=g","contentUrl":"https:\/\/secure.gravatar.com\/avatar\/ea1cb567ea992a29627f4eee1c2eb185ec16decec6342d508fdf18dedb56c9de?s=96&d=mm&r=g","caption":"Prensa"},"url":"https:\/\/alcaldiaalbertoadriani.com\/?author=2"}]}},"_links":{"self":[{"href":"https:\/\/alcaldiaalbertoadriani.com\/index.php?rest_route=\/wp\/v2\/posts\/15024","targetHints":{"allow":["GET"]}}],"collection":[{"href":"https:\/\/alcaldiaalbertoadriani.com\/index.php?rest_route=\/wp\/v2\/posts"}],"about":[{"href":"https:\/\/alcaldiaalbertoadriani.com\/index.php?rest_route=\/wp\/v2\/types\/post"}],"author":[{"embeddable":true,"href":"https:\/\/alcaldiaalbertoadriani.com\/index.php?rest_route=\/wp\/v2\/users\/2"}],"replies":[{"embeddable":true,"href":"https:\/\/alcaldiaalbertoadriani.com\/index.php?rest_route=%2Fwp%2Fv2%2Fcomments&post=15024"}],"version-history":[{"count":1,"href":"https:\/\/alcaldiaalbertoadriani.com\/index.php?rest_route=\/wp\/v2\/posts\/15024\/revisions"}],"predecessor-version":[{"id":15031,"href":"https:\/\/alcaldiaalbertoadriani.com\/index.php?rest_route=\/wp\/v2\/posts\/15024\/revisions\/15031"}],"wp:featuredmedia":[{"embeddable":true,"href":"https:\/\/alcaldiaalbertoadriani.com\/index.php?rest_route=\/wp\/v2\/media\/15026"}],"wp:attachment":[{"href":"https:\/\/alcaldiaalbertoadriani.com\/index.php?rest_route=%2Fwp%2Fv2%2Fmedia&parent=15024"}],"wp:term":[{"taxonomy":"category","embeddable":true,"href":"https:\/\/alcaldiaalbertoadriani.com\/index.php?rest_route=%2Fwp%2Fv2%2Fcategories&post=15024"},{"taxonomy":"post_tag","embeddable":true,"href":"https:\/\/alcaldiaalbertoadriani.com\/index.php?rest_route=%2Fwp%2Fv2%2Ftags&post=15024"}],"curies":[{"name":"wp","href":"https:\/\/api.w.org\/{rel}","templated":true}]}}