{"id":15019,"date":"2026-02-18T20:35:09","date_gmt":"2026-02-18T20:35:09","guid":{"rendered":"https:\/\/alcaldiaalbertoadriani.com\/?p=15019"},"modified":"2026-02-18T20:35:15","modified_gmt":"2026-02-18T20:35:15","slug":"alcalde-lisandro-segura-anuncia-plan-de-asfaltado-y-bacheo","status":"publish","type":"post","link":"https:\/\/alcaldiaalbertoadriani.com\/?p=15019","title":{"rendered":"Alcalde Lisandro Segura anuncia plan de asfaltado y bacheo para v\u00eda Los Naranjos"},"content":{"rendered":"\n<p>Enmarcado en el plan de asfaltado y bacheo, el alcalde del municipio Alberto Adriani, <a href=\"https:\/\/www.instagram.com\/lisandrosegura02\/\">Lisandro Segura<\/a>, sostuvo una reuni\u00f3n con la directiva del transporte p\u00fablico que cubre la ruta El Vig\u00eda \u2013 El Chivo. El encuentro se efectu\u00f3 este lunes 16 de febrero en su Despacho.<\/p>\n\n\n\n<p>Dijo el burgomaestre que tal cual lo dicho consecutivamente en programas de radio, estar\u00e1n asfaltando y bacheando el tramo que comprende desde el sector Aroa hasta Los Naranjos de la <a href=\"https:\/\/alcaldiaalbertoadriani.com\/?p=5223\">parroquia Jos\u00e9 Nucete Sardi<\/a>.<\/p>\n\n\n\n<p>Segura, mencion\u00f3 las distintas organizaciones que asistieron, tales como la Asociaci\u00f3n Civil Ca\u00f1o Rico 3; Asociaci\u00f3n Colectivo El Vig\u00eda; Expresos El Chama; L\u00ednea Platanera AC y la Asociaci\u00f3n Civil L\u00ednea Santa Rosa 51.<\/p>\n\n\n\n<figure class=\"wp-block-gallery has-nested-images columns-default is-cropped wp-block-gallery-1 is-layout-flex wp-block-gallery-is-layout-flex\">\n<figure class=\"wp-block-image size-large\"><img loading=\"lazy\" decoding=\"async\" width=\"1024\" height=\"768\" data-id=\"15021\" src=\"https:\/\/alcaldiaalbertoadriani.com\/wp-content\/uploads\/2026\/02\/photo_4943066926439665134_y-1024x768.jpg\" alt=\"\" class=\"wp-image-15021\" srcset=\"https:\/\/alcaldiaalbertoadriani.com\/wp-content\/uploads\/2026\/02\/photo_4943066926439665134_y-1024x768.jpg 1024w, https:\/\/alcaldiaalbertoadriani.com\/wp-content\/uploads\/2026\/02\/photo_4943066926439665134_y-980x735.jpg 980w, https:\/\/alcaldiaalbertoadriani.com\/wp-content\/uploads\/2026\/02\/photo_4943066926439665134_y-480x360.jpg 480w\" sizes=\"auto, (min-width: 0px) and (max-width: 480px) 480px, (min-width: 481px) and (max-width: 980px) 980px, (min-width: 981px) 1024px, 100vw\" \/><\/figure>\n<\/figure>\n\n\n\n<h2 class=\"wp-block-heading\"><strong><em>Nombran comisi\u00f3n<\/em><\/strong><\/h2>\n\n\n\n<p>Por su parte, Justo Rojas, secretario General del Sindicato de Transporte, inform\u00f3 que fue nombrada una comisi\u00f3n de trabajo conformada por la Alcald\u00eda, comunidad, productores y transportistas de la zona.<\/p>\n\n\n\n<p>Rojas detall\u00f3 que la conformaci\u00f3n de la comisi\u00f3n tiene como prop\u00f3sito limpiar los m\u00e1rgenes de la v\u00eda y las cercas que, durante a\u00f1os, fueron levantadas con estantillos por los finqueros.<\/p>\n\n\n\n<p>\u201cEstas cercas de limoncillo crecen demasiado y no han sido podadas, han avanzado tanto hacia la carretera que la han da\u00f1ado, pues la sombra que proyectan retrasa el secado del agua de lluvia y as\u00ed no se puede asfaltar\u201d, indic\u00f3.<\/p>\n\n\n\n<p>Acot\u00f3 Rojas que ante la situaci\u00f3n, se debe hacer un trabajo de saneamiento previo al plan de asfaltado y bacheo \u201cpor lo cual nos estaremos reuniendo nuevamente para finiquitar \u00faltimos detalles\u201d, enfatiz\u00f3.<\/p>\n\n\n\n<p>Finalmente, Carlos Ortega, presidente de la Asociaci\u00f3n Civil Ca\u00f1o Rico 3 que cubre la ruta El Vig\u00eda \u2013 El Chivo, celebr\u00f3 la iniciativa del alcalde Lisandro Segura en la recuperaci\u00f3n de la v\u00eda que ha causado severos problemas en el transporte p\u00fablico.<\/p>\n\n\n\n<p>\u201cNos sentimos contentos con el compromiso que ha asumido el alcalde, pese a que se trata de una v\u00eda que compete al Gobierno nacional y no es de su entera responsabilidad\u201d, manifest\u00f3. <strong><em>Prensa Alcald\u00eda Alberto Adriani\/Edgar Mendoza CNP 25.736\/Fotos: E\/M.<\/em><\/strong><\/p>\n\n\n\n<figure class=\"wp-block-gallery has-nested-images columns-default is-cropped wp-block-gallery-2 is-layout-flex wp-block-gallery-is-layout-flex\">\n<figure class=\"wp-block-image size-large\"><img loading=\"lazy\" decoding=\"async\" width=\"1024\" height=\"768\" data-id=\"15022\" src=\"https:\/\/alcaldiaalbertoadriani.com\/wp-content\/uploads\/2026\/02\/photo_4943066926439665135_y-1024x768.jpg\" alt=\"\" class=\"wp-image-15022\" srcset=\"https:\/\/alcaldiaalbertoadriani.com\/wp-content\/uploads\/2026\/02\/photo_4943066926439665135_y-1024x768.jpg 1024w, https:\/\/alcaldiaalbertoadriani.com\/wp-content\/uploads\/2026\/02\/photo_4943066926439665135_y-980x735.jpg 980w, https:\/\/alcaldiaalbertoadriani.com\/wp-content\/uploads\/2026\/02\/photo_4943066926439665135_y-480x360.jpg 480w\" sizes=\"auto, (min-width: 0px) and (max-width: 480px) 480px, (min-width: 481px) and (max-width: 980px) 980px, (min-width: 981px) 1024px, 100vw\" \/><\/figure>\n<\/figure>\n","protected":false},"excerpt":{"rendered":"<p>Enmarcado en el plan de asfaltado y bacheo, el alcalde del municipio Alberto Adriani, Lisandro Segura, sostuvo una reuni\u00f3n con la directiva del transporte p\u00fablico que cubre la ruta El [&hellip;]<\/p>\n","protected":false},"author":2,"featured_media":15020,"comment_status":"open","ping_status":"closed","sticky":false,"template":"","format":"standard","meta":{"_et_pb_use_builder":"off","_et_pb_old_content":"","_et_gb_content_width":"","footnotes":""},"categories":[341,1064,25],"tags":[31,11,12,15,761,30,29,28],"class_list":["post-15019","post","type-post","status-publish","format-standard","has-post-thumbnail","hentry","category-alcaldia-alberto-adriani","category-asfaltado","category-nuestro-municipio","tag-alcalde","tag-alcaldia","tag-alcaldiaalbertoadriani","tag-elvigia","tag-encrucijadadeprogreso","tag-lisandrosegura","tag-municipioquenosmerecemos","tag-porelrenacer"],"yoast_head":"<!-- This site is optimized with the Yoast SEO plugin v19.13 - https:\/\/yoast.com\/wordpress\/plugins\/seo\/ -->\n<title>Alcalde Lisandro Segura anuncia plan de asfaltado y bacheo<\/title>\n<meta name=\"description\" content=\"Alcalde Lisandro Segura anuncia plan de asfaltado y bacheo para v\u00eda Los Naranjos de la parroquia Jos\u00e9 Nucete Sardi\" \/>\n<meta name=\"robots\" content=\"index, follow, max-snippet:-1, max-image-preview:large, max-video-preview:-1\" \/>\n<link rel=\"canonical\" href=\"https:\/\/alcaldiaalbertoadriani.com\/?p=15019\" \/>\n<meta property=\"og:locale\" content=\"es_ES\" \/>\n<meta property=\"og:type\" content=\"article\" \/>\n<meta property=\"og:title\" content=\"Alcalde Lisandro Segura anuncia plan de asfaltado y bacheo\" \/>\n<meta property=\"og:description\" content=\"Alcalde Lisandro Segura anuncia plan de asfaltado y bacheo para v\u00eda Los Naranjos de la parroquia Jos\u00e9 Nucete Sardi\" \/>\n<meta property=\"og:url\" content=\"https:\/\/alcaldiaalbertoadriani.com\/?p=15019\" \/>\n<meta property=\"og:site_name\" content=\"Alcaldia Alberto Adriani\" \/>\n<meta property=\"article:published_time\" content=\"2026-02-18T20:35:09+00:00\" \/>\n<meta property=\"article:modified_time\" content=\"2026-02-18T20:35:15+00:00\" \/>\n<meta property=\"og:image\" content=\"https:\/\/alcaldiaalbertoadriani.com\/wp-content\/uploads\/2026\/02\/photo_4943066926439665133_y.jpg\" \/>\n\t<meta property=\"og:image:width\" content=\"1280\" \/>\n\t<meta property=\"og:image:height\" content=\"960\" \/>\n\t<meta property=\"og:image:type\" content=\"image\/jpeg\" \/>\n<meta name=\"author\" content=\"Prensa\" \/>\n<meta name=\"twitter:card\" content=\"summary_large_image\" \/>\n<meta name=\"twitter:label1\" content=\"Escrito por\" \/>\n\t<meta name=\"twitter:data1\" content=\"Prensa\" \/>\n\t<meta name=\"twitter:label2\" content=\"Tiempo de lectura\" \/>\n\t<meta name=\"twitter:data2\" content=\"2 minutos\" \/>\n<script type=\"application\/ld+json\" class=\"yoast-schema-graph\">{\"@context\":\"https:\/\/schema.org\",\"@graph\":[{\"@type\":\"WebPage\",\"@id\":\"https:\/\/alcaldiaalbertoadriani.com\/?p=15019\",\"url\":\"https:\/\/alcaldiaalbertoadriani.com\/?p=15019\",\"name\":\"Alcalde Lisandro Segura anuncia plan de asfaltado y bacheo\",\"isPartOf\":{\"@id\":\"https:\/\/alcaldiaalbertoadriani.com\/#website\"},\"datePublished\":\"2026-02-18T20:35:09+00:00\",\"dateModified\":\"2026-02-18T20:35:15+00:00\",\"author\":{\"@id\":\"https:\/\/alcaldiaalbertoadriani.com\/#\/schema\/person\/549b4483ff8999ac780deeea78795fc9\"},\"description\":\"Alcalde Lisandro Segura anuncia plan de asfaltado y bacheo para v\u00eda Los Naranjos de la parroquia Jos\u00e9 Nucete Sardi\",\"breadcrumb\":{\"@id\":\"https:\/\/alcaldiaalbertoadriani.com\/?p=15019#breadcrumb\"},\"inLanguage\":\"es\",\"potentialAction\":[{\"@type\":\"ReadAction\",\"target\":[\"https:\/\/alcaldiaalbertoadriani.com\/?p=15019\"]}]},{\"@type\":\"BreadcrumbList\",\"@id\":\"https:\/\/alcaldiaalbertoadriani.com\/?p=15019#breadcrumb\",\"itemListElement\":[{\"@type\":\"ListItem\",\"position\":1,\"name\":\"Portada\",\"item\":\"https:\/\/alcaldiaalbertoadriani.com\/\"},{\"@type\":\"ListItem\",\"position\":2,\"name\":\"Alcalde Lisandro Segura anuncia plan de asfaltado y bacheo para v\u00eda Los Naranjos\"}]},{\"@type\":\"WebSite\",\"@id\":\"https:\/\/alcaldiaalbertoadriani.com\/#website\",\"url\":\"https:\/\/alcaldiaalbertoadriani.com\/\",\"name\":\"Alcaldia Alberto Adriani\",\"description\":\"\",\"potentialAction\":[{\"@type\":\"SearchAction\",\"target\":{\"@type\":\"EntryPoint\",\"urlTemplate\":\"https:\/\/alcaldiaalbertoadriani.com\/?s={search_term_string}\"},\"query-input\":\"required name=search_term_string\"}],\"inLanguage\":\"es\"},{\"@type\":\"Person\",\"@id\":\"https:\/\/alcaldiaalbertoadriani.com\/#\/schema\/person\/549b4483ff8999ac780deeea78795fc9\",\"name\":\"Prensa\",\"image\":{\"@type\":\"ImageObject\",\"inLanguage\":\"es\",\"@id\":\"https:\/\/alcaldiaalbertoadriani.com\/#\/schema\/person\/image\/\",\"url\":\"https:\/\/secure.gravatar.com\/avatar\/ea1cb567ea992a29627f4eee1c2eb185ec16decec6342d508fdf18dedb56c9de?s=96&d=mm&r=g\",\"contentUrl\":\"https:\/\/secure.gravatar.com\/avatar\/ea1cb567ea992a29627f4eee1c2eb185ec16decec6342d508fdf18dedb56c9de?s=96&d=mm&r=g\",\"caption\":\"Prensa\"},\"url\":\"https:\/\/alcaldiaalbertoadriani.com\/?author=2\"}]}<\/script>\n<!-- \/ Yoast SEO plugin. -->","yoast_head_json":{"title":"Alcalde Lisandro Segura anuncia plan de asfaltado y bacheo","description":"Alcalde Lisandro Segura anuncia plan de asfaltado y bacheo para v\u00eda Los Naranjos de la parroquia Jos\u00e9 Nucete Sardi","robots":{"index":"index","follow":"follow","max-snippet":"max-snippet:-1","max-image-preview":"max-image-preview:large","max-video-preview":"max-video-preview:-1"},"canonical":"https:\/\/alcaldiaalbertoadriani.com\/?p=15019","og_locale":"es_ES","og_type":"article","og_title":"Alcalde Lisandro Segura anuncia plan de asfaltado y bacheo","og_description":"Alcalde Lisandro Segura anuncia plan de asfaltado y bacheo para v\u00eda Los Naranjos de la parroquia Jos\u00e9 Nucete Sardi","og_url":"https:\/\/alcaldiaalbertoadriani.com\/?p=15019","og_site_name":"Alcaldia Alberto Adriani","article_published_time":"2026-02-18T20:35:09+00:00","article_modified_time":"2026-02-18T20:35:15+00:00","og_image":[{"width":1280,"height":960,"url":"https:\/\/alcaldiaalbertoadriani.com\/wp-content\/uploads\/2026\/02\/photo_4943066926439665133_y.jpg","type":"image\/jpeg"}],"author":"Prensa","twitter_card":"summary_large_image","twitter_misc":{"Escrito por":"Prensa","Tiempo de lectura":"2 minutos"},"schema":{"@context":"https:\/\/schema.org","@graph":[{"@type":"WebPage","@id":"https:\/\/alcaldiaalbertoadriani.com\/?p=15019","url":"https:\/\/alcaldiaalbertoadriani.com\/?p=15019","name":"Alcalde Lisandro Segura anuncia plan de asfaltado y bacheo","isPartOf":{"@id":"https:\/\/alcaldiaalbertoadriani.com\/#website"},"datePublished":"2026-02-18T20:35:09+00:00","dateModified":"2026-02-18T20:35:15+00:00","author":{"@id":"https:\/\/alcaldiaalbertoadriani.com\/#\/schema\/person\/549b4483ff8999ac780deeea78795fc9"},"description":"Alcalde Lisandro Segura anuncia plan de asfaltado y bacheo para v\u00eda Los Naranjos de la parroquia Jos\u00e9 Nucete Sardi","breadcrumb":{"@id":"https:\/\/alcaldiaalbertoadriani.com\/?p=15019#breadcrumb"},"inLanguage":"es","potentialAction":[{"@type":"ReadAction","target":["https:\/\/alcaldiaalbertoadriani.com\/?p=15019"]}]},{"@type":"BreadcrumbList","@id":"https:\/\/alcaldiaalbertoadriani.com\/?p=15019#breadcrumb","itemListElement":[{"@type":"ListItem","position":1,"name":"Portada","item":"https:\/\/alcaldiaalbertoadriani.com\/"},{"@type":"ListItem","position":2,"name":"Alcalde Lisandro Segura anuncia plan de asfaltado y bacheo para v\u00eda Los Naranjos"}]},{"@type":"WebSite","@id":"https:\/\/alcaldiaalbertoadriani.com\/#website","url":"https:\/\/alcaldiaalbertoadriani.com\/","name":"Alcaldia Alberto Adriani","description":"","potentialAction":[{"@type":"SearchAction","target":{"@type":"EntryPoint","urlTemplate":"https:\/\/alcaldiaalbertoadriani.com\/?s={search_term_string}"},"query-input":"required name=search_term_string"}],"inLanguage":"es"},{"@type":"Person","@id":"https:\/\/alcaldiaalbertoadriani.com\/#\/schema\/person\/549b4483ff8999ac780deeea78795fc9","name":"Prensa","image":{"@type":"ImageObject","inLanguage":"es","@id":"https:\/\/alcaldiaalbertoadriani.com\/#\/schema\/person\/image\/","url":"https:\/\/secure.gravatar.com\/avatar\/ea1cb567ea992a29627f4eee1c2eb185ec16decec6342d508fdf18dedb56c9de?s=96&d=mm&r=g","contentUrl":"https:\/\/secure.gravatar.com\/avatar\/ea1cb567ea992a29627f4eee1c2eb185ec16decec6342d508fdf18dedb56c9de?s=96&d=mm&r=g","caption":"Prensa"},"url":"https:\/\/alcaldiaalbertoadriani.com\/?author=2"}]}},"_links":{"self":[{"href":"https:\/\/alcaldiaalbertoadriani.com\/index.php?rest_route=\/wp\/v2\/posts\/15019","targetHints":{"allow":["GET"]}}],"collection":[{"href":"https:\/\/alcaldiaalbertoadriani.com\/index.php?rest_route=\/wp\/v2\/posts"}],"about":[{"href":"https:\/\/alcaldiaalbertoadriani.com\/index.php?rest_route=\/wp\/v2\/types\/post"}],"author":[{"embeddable":true,"href":"https:\/\/alcaldiaalbertoadriani.com\/index.php?rest_route=\/wp\/v2\/users\/2"}],"replies":[{"embeddable":true,"href":"https:\/\/alcaldiaalbertoadriani.com\/index.php?rest_route=%2Fwp%2Fv2%2Fcomments&post=15019"}],"version-history":[{"count":1,"href":"https:\/\/alcaldiaalbertoadriani.com\/index.php?rest_route=\/wp\/v2\/posts\/15019\/revisions"}],"predecessor-version":[{"id":15023,"href":"https:\/\/alcaldiaalbertoadriani.com\/index.php?rest_route=\/wp\/v2\/posts\/15019\/revisions\/15023"}],"wp:featuredmedia":[{"embeddable":true,"href":"https:\/\/alcaldiaalbertoadriani.com\/index.php?rest_route=\/wp\/v2\/media\/15020"}],"wp:attachment":[{"href":"https:\/\/alcaldiaalbertoadriani.com\/index.php?rest_route=%2Fwp%2Fv2%2Fmedia&parent=15019"}],"wp:term":[{"taxonomy":"category","embeddable":true,"href":"https:\/\/alcaldiaalbertoadriani.com\/index.php?rest_route=%2Fwp%2Fv2%2Fcategories&post=15019"},{"taxonomy":"post_tag","embeddable":true,"href":"https:\/\/alcaldiaalbertoadriani.com\/index.php?rest_route=%2Fwp%2Fv2%2Ftags&post=15019"}],"curies":[{"name":"wp","href":"https:\/\/api.w.org\/{rel}","templated":true}]}}