{"id":15000,"date":"2026-02-18T19:26:30","date_gmt":"2026-02-18T19:26:30","guid":{"rendered":"https:\/\/alcaldiaalbertoadriani.com\/?p=15000"},"modified":"2026-02-18T19:26:33","modified_gmt":"2026-02-18T19:26:33","slug":"lisandro-segura-presento-informe-de-rendicion-de-cuenta-2025","status":"publish","type":"post","link":"https:\/\/alcaldiaalbertoadriani.com\/?p=15000","title":{"rendered":"Lisandro Segura present\u00f3 informe de Rendici\u00f3n de Cuenta 2025 ante Contralor\u00eda Municipal"},"content":{"rendered":"\n<p>En cumplimiento con los lapsos establecidos en la Ley Org\u00e1nica del Poder P\u00fablico Municipal, el alcalde del municipio Alberto Adriani, <a href=\"https:\/\/www.instagram.com\/lisandrosegura02\/\">Lisandro Segura<\/a>, present\u00f3 este viernes 13 de febrero ante la Contralor\u00eda Municipal, el Informe de Rendici\u00f3n de Cuenta correspondiente al Ejercicio Fiscal del a\u00f1o 2025.<\/p>\n\n\n\n<!--more-->\n\n\n\n<p>El burgomaestre estuvo acompa\u00f1ado por los gerentes, presidentes de institutos y dem\u00e1s funcionarios del <a href=\"https:\/\/alcaldiaalbertoadriani.com\/?p=12273\">Tren Ejecutivo<\/a>.<\/p>\n\n\n\n<figure class=\"wp-block-gallery has-nested-images columns-default is-cropped wp-block-gallery-1 is-layout-flex wp-block-gallery-is-layout-flex\">\n<figure class=\"wp-block-image size-large\"><img loading=\"lazy\" decoding=\"async\" width=\"1024\" height=\"768\" data-id=\"15002\" src=\"https:\/\/alcaldiaalbertoadriani.com\/wp-content\/uploads\/2026\/02\/photo_4936386792005503897_y-1024x768.jpg\" alt=\"\" class=\"wp-image-15002\" srcset=\"https:\/\/alcaldiaalbertoadriani.com\/wp-content\/uploads\/2026\/02\/photo_4936386792005503897_y-1024x768.jpg 1024w, https:\/\/alcaldiaalbertoadriani.com\/wp-content\/uploads\/2026\/02\/photo_4936386792005503897_y-980x735.jpg 980w, https:\/\/alcaldiaalbertoadriani.com\/wp-content\/uploads\/2026\/02\/photo_4936386792005503897_y-480x360.jpg 480w\" sizes=\"auto, (min-width: 0px) and (max-width: 480px) 480px, (min-width: 481px) and (max-width: 980px) 980px, (min-width: 981px) 1024px, 100vw\" \/><\/figure>\n<\/figure>\n\n\n\n<p>\u201cEstamos entregando hoy el informe de la cuenta del ejercicio fiscal del a\u00f1o anterior, de acuerdo con los lapsos establecidos en la ley, cumpliendo as\u00ed con el deber, que m\u00e1s que legal es moral, pues a trav\u00e9s de este documento informamos en c\u00f3mo hemos administrado los recursos p\u00fablicos en nuestro municipio en beneficio de nuestros ciudadanos\u201d, subray\u00f3 Segura.<\/p>\n\n\n\n<p>Lisandro Segura, resalt\u00f3 que dicho informe, es un documento p\u00fablico al acceso de cualquier ciudadano interesado en conocer c\u00f3mo se han invertido los recursos en la jurisdicci\u00f3n.<\/p>\n\n\n\n<p>Es importante se\u00f1alar que, el informe ser\u00e1 entregado tambi\u00e9n al <a href=\"https:\/\/alcaldiaalbertoadriani.com\/?tag=nueva-directiva-concejo-municipal\">Concejo Municipal<\/a>, al igual que, se realizar\u00e1 la presentaci\u00f3n p\u00fablica ante el pueblo de El Vig\u00eda pr\u00f3ximamente.<\/p>\n\n\n\n<p>El informe de Rendici\u00f3n de Cuentas fue recibido por parte del licenciado Juan Carlos Carrero Molina, contralor municipal de Alberto Adriani. <strong><em>Prensa Alcald\u00eda Alberto Adriani\/ Claribel Zambrano CNP: 11.843\/ Fotos: Karla M\u00e1rquez.<\/em><\/strong><\/p>\n\n\n\n<figure class=\"wp-block-gallery has-nested-images columns-default is-cropped wp-block-gallery-2 is-layout-flex wp-block-gallery-is-layout-flex\">\n<figure class=\"wp-block-image size-large\"><img loading=\"lazy\" decoding=\"async\" width=\"1024\" height=\"768\" data-id=\"15003\" src=\"https:\/\/alcaldiaalbertoadriani.com\/wp-content\/uploads\/2026\/02\/photo_4936386792005503900_y-1024x768.jpg\" alt=\"\" class=\"wp-image-15003\" srcset=\"https:\/\/alcaldiaalbertoadriani.com\/wp-content\/uploads\/2026\/02\/photo_4936386792005503900_y-1024x768.jpg 1024w, https:\/\/alcaldiaalbertoadriani.com\/wp-content\/uploads\/2026\/02\/photo_4936386792005503900_y-980x735.jpg 980w, https:\/\/alcaldiaalbertoadriani.com\/wp-content\/uploads\/2026\/02\/photo_4936386792005503900_y-480x360.jpg 480w\" sizes=\"auto, (min-width: 0px) and (max-width: 480px) 480px, (min-width: 481px) and (max-width: 980px) 980px, (min-width: 981px) 1024px, 100vw\" \/><\/figure>\n<\/figure>\n","protected":false},"excerpt":{"rendered":"<p>En cumplimiento con los lapsos establecidos en la Ley Org\u00e1nica del Poder P\u00fablico Municipal, el alcalde del municipio Alberto Adriani, Lisandro Segura, present\u00f3 este viernes 13 de febrero ante la [&hellip;]<\/p>\n","protected":false},"author":2,"featured_media":15001,"comment_status":"open","ping_status":"closed","sticky":false,"template":"","format":"standard","meta":{"_et_pb_use_builder":"off","_et_pb_old_content":"","_et_gb_content_width":"","footnotes":""},"categories":[341,136,25],"tags":[31,11,12,15,761,30,29,28],"class_list":["post-15000","post","type-post","status-publish","format-standard","has-post-thumbnail","hentry","category-alcaldia-alberto-adriani","category-concejo-municipal","category-nuestro-municipio","tag-alcalde","tag-alcaldia","tag-alcaldiaalbertoadriani","tag-elvigia","tag-encrucijadadeprogreso","tag-lisandrosegura","tag-municipioquenosmerecemos","tag-porelrenacer"],"yoast_head":"<!-- This site is optimized with the Yoast SEO plugin v19.13 - https:\/\/yoast.com\/wordpress\/plugins\/seo\/ -->\n<title>Lisandro Segura present\u00f3 informe de Rendici\u00f3n de Cuenta 2025<\/title>\n<meta name=\"description\" content=\"Lisandro Segura present\u00f3 informe de Rendici\u00f3n de Cuenta 2025 ante Contralor\u00eda Municipal en cumplimiento con los lapsos establecidos\" \/>\n<meta name=\"robots\" content=\"index, follow, max-snippet:-1, max-image-preview:large, max-video-preview:-1\" \/>\n<link rel=\"canonical\" href=\"https:\/\/alcaldiaalbertoadriani.com\/?p=15000\" \/>\n<meta property=\"og:locale\" content=\"es_ES\" \/>\n<meta property=\"og:type\" content=\"article\" \/>\n<meta property=\"og:title\" content=\"Lisandro Segura present\u00f3 informe de Rendici\u00f3n de Cuenta 2025\" \/>\n<meta property=\"og:description\" content=\"Lisandro Segura present\u00f3 informe de Rendici\u00f3n de Cuenta 2025 ante Contralor\u00eda Municipal en cumplimiento con los lapsos establecidos\" \/>\n<meta property=\"og:url\" content=\"https:\/\/alcaldiaalbertoadriani.com\/?p=15000\" \/>\n<meta property=\"og:site_name\" content=\"Alcaldia Alberto Adriani\" \/>\n<meta property=\"article:published_time\" content=\"2026-02-18T19:26:30+00:00\" \/>\n<meta property=\"article:modified_time\" content=\"2026-02-18T19:26:33+00:00\" \/>\n<meta property=\"og:image\" content=\"https:\/\/alcaldiaalbertoadriani.com\/wp-content\/uploads\/2026\/02\/photo_4936386792005503899_y.jpg\" \/>\n\t<meta property=\"og:image:width\" content=\"1280\" \/>\n\t<meta property=\"og:image:height\" content=\"962\" \/>\n\t<meta property=\"og:image:type\" content=\"image\/jpeg\" \/>\n<meta name=\"author\" content=\"Prensa\" \/>\n<meta name=\"twitter:card\" content=\"summary_large_image\" \/>\n<meta name=\"twitter:label1\" content=\"Escrito por\" \/>\n\t<meta name=\"twitter:data1\" content=\"Prensa\" \/>\n\t<meta name=\"twitter:label2\" content=\"Tiempo de lectura\" \/>\n\t<meta name=\"twitter:data2\" content=\"2 minutos\" \/>\n<script type=\"application\/ld+json\" class=\"yoast-schema-graph\">{\"@context\":\"https:\/\/schema.org\",\"@graph\":[{\"@type\":\"WebPage\",\"@id\":\"https:\/\/alcaldiaalbertoadriani.com\/?p=15000\",\"url\":\"https:\/\/alcaldiaalbertoadriani.com\/?p=15000\",\"name\":\"Lisandro Segura present\u00f3 informe de Rendici\u00f3n de Cuenta 2025\",\"isPartOf\":{\"@id\":\"https:\/\/alcaldiaalbertoadriani.com\/#website\"},\"datePublished\":\"2026-02-18T19:26:30+00:00\",\"dateModified\":\"2026-02-18T19:26:33+00:00\",\"author\":{\"@id\":\"https:\/\/alcaldiaalbertoadriani.com\/#\/schema\/person\/549b4483ff8999ac780deeea78795fc9\"},\"description\":\"Lisandro Segura present\u00f3 informe de Rendici\u00f3n de Cuenta 2025 ante Contralor\u00eda Municipal en cumplimiento con los lapsos establecidos\",\"breadcrumb\":{\"@id\":\"https:\/\/alcaldiaalbertoadriani.com\/?p=15000#breadcrumb\"},\"inLanguage\":\"es\",\"potentialAction\":[{\"@type\":\"ReadAction\",\"target\":[\"https:\/\/alcaldiaalbertoadriani.com\/?p=15000\"]}]},{\"@type\":\"BreadcrumbList\",\"@id\":\"https:\/\/alcaldiaalbertoadriani.com\/?p=15000#breadcrumb\",\"itemListElement\":[{\"@type\":\"ListItem\",\"position\":1,\"name\":\"Portada\",\"item\":\"https:\/\/alcaldiaalbertoadriani.com\/\"},{\"@type\":\"ListItem\",\"position\":2,\"name\":\"Lisandro Segura present\u00f3 informe de Rendici\u00f3n de Cuenta 2025 ante Contralor\u00eda Municipal\"}]},{\"@type\":\"WebSite\",\"@id\":\"https:\/\/alcaldiaalbertoadriani.com\/#website\",\"url\":\"https:\/\/alcaldiaalbertoadriani.com\/\",\"name\":\"Alcaldia Alberto Adriani\",\"description\":\"\",\"potentialAction\":[{\"@type\":\"SearchAction\",\"target\":{\"@type\":\"EntryPoint\",\"urlTemplate\":\"https:\/\/alcaldiaalbertoadriani.com\/?s={search_term_string}\"},\"query-input\":\"required name=search_term_string\"}],\"inLanguage\":\"es\"},{\"@type\":\"Person\",\"@id\":\"https:\/\/alcaldiaalbertoadriani.com\/#\/schema\/person\/549b4483ff8999ac780deeea78795fc9\",\"name\":\"Prensa\",\"image\":{\"@type\":\"ImageObject\",\"inLanguage\":\"es\",\"@id\":\"https:\/\/alcaldiaalbertoadriani.com\/#\/schema\/person\/image\/\",\"url\":\"https:\/\/secure.gravatar.com\/avatar\/ea1cb567ea992a29627f4eee1c2eb185ec16decec6342d508fdf18dedb56c9de?s=96&d=mm&r=g\",\"contentUrl\":\"https:\/\/secure.gravatar.com\/avatar\/ea1cb567ea992a29627f4eee1c2eb185ec16decec6342d508fdf18dedb56c9de?s=96&d=mm&r=g\",\"caption\":\"Prensa\"},\"url\":\"https:\/\/alcaldiaalbertoadriani.com\/?author=2\"}]}<\/script>\n<!-- \/ Yoast SEO plugin. -->","yoast_head_json":{"title":"Lisandro Segura present\u00f3 informe de Rendici\u00f3n de Cuenta 2025","description":"Lisandro Segura present\u00f3 informe de Rendici\u00f3n de Cuenta 2025 ante Contralor\u00eda Municipal en cumplimiento con los lapsos establecidos","robots":{"index":"index","follow":"follow","max-snippet":"max-snippet:-1","max-image-preview":"max-image-preview:large","max-video-preview":"max-video-preview:-1"},"canonical":"https:\/\/alcaldiaalbertoadriani.com\/?p=15000","og_locale":"es_ES","og_type":"article","og_title":"Lisandro Segura present\u00f3 informe de Rendici\u00f3n de Cuenta 2025","og_description":"Lisandro Segura present\u00f3 informe de Rendici\u00f3n de Cuenta 2025 ante Contralor\u00eda Municipal en cumplimiento con los lapsos establecidos","og_url":"https:\/\/alcaldiaalbertoadriani.com\/?p=15000","og_site_name":"Alcaldia Alberto Adriani","article_published_time":"2026-02-18T19:26:30+00:00","article_modified_time":"2026-02-18T19:26:33+00:00","og_image":[{"width":1280,"height":962,"url":"https:\/\/alcaldiaalbertoadriani.com\/wp-content\/uploads\/2026\/02\/photo_4936386792005503899_y.jpg","type":"image\/jpeg"}],"author":"Prensa","twitter_card":"summary_large_image","twitter_misc":{"Escrito por":"Prensa","Tiempo de lectura":"2 minutos"},"schema":{"@context":"https:\/\/schema.org","@graph":[{"@type":"WebPage","@id":"https:\/\/alcaldiaalbertoadriani.com\/?p=15000","url":"https:\/\/alcaldiaalbertoadriani.com\/?p=15000","name":"Lisandro Segura present\u00f3 informe de Rendici\u00f3n de Cuenta 2025","isPartOf":{"@id":"https:\/\/alcaldiaalbertoadriani.com\/#website"},"datePublished":"2026-02-18T19:26:30+00:00","dateModified":"2026-02-18T19:26:33+00:00","author":{"@id":"https:\/\/alcaldiaalbertoadriani.com\/#\/schema\/person\/549b4483ff8999ac780deeea78795fc9"},"description":"Lisandro Segura present\u00f3 informe de Rendici\u00f3n de Cuenta 2025 ante Contralor\u00eda Municipal en cumplimiento con los lapsos establecidos","breadcrumb":{"@id":"https:\/\/alcaldiaalbertoadriani.com\/?p=15000#breadcrumb"},"inLanguage":"es","potentialAction":[{"@type":"ReadAction","target":["https:\/\/alcaldiaalbertoadriani.com\/?p=15000"]}]},{"@type":"BreadcrumbList","@id":"https:\/\/alcaldiaalbertoadriani.com\/?p=15000#breadcrumb","itemListElement":[{"@type":"ListItem","position":1,"name":"Portada","item":"https:\/\/alcaldiaalbertoadriani.com\/"},{"@type":"ListItem","position":2,"name":"Lisandro Segura present\u00f3 informe de Rendici\u00f3n de Cuenta 2025 ante Contralor\u00eda Municipal"}]},{"@type":"WebSite","@id":"https:\/\/alcaldiaalbertoadriani.com\/#website","url":"https:\/\/alcaldiaalbertoadriani.com\/","name":"Alcaldia Alberto Adriani","description":"","potentialAction":[{"@type":"SearchAction","target":{"@type":"EntryPoint","urlTemplate":"https:\/\/alcaldiaalbertoadriani.com\/?s={search_term_string}"},"query-input":"required name=search_term_string"}],"inLanguage":"es"},{"@type":"Person","@id":"https:\/\/alcaldiaalbertoadriani.com\/#\/schema\/person\/549b4483ff8999ac780deeea78795fc9","name":"Prensa","image":{"@type":"ImageObject","inLanguage":"es","@id":"https:\/\/alcaldiaalbertoadriani.com\/#\/schema\/person\/image\/","url":"https:\/\/secure.gravatar.com\/avatar\/ea1cb567ea992a29627f4eee1c2eb185ec16decec6342d508fdf18dedb56c9de?s=96&d=mm&r=g","contentUrl":"https:\/\/secure.gravatar.com\/avatar\/ea1cb567ea992a29627f4eee1c2eb185ec16decec6342d508fdf18dedb56c9de?s=96&d=mm&r=g","caption":"Prensa"},"url":"https:\/\/alcaldiaalbertoadriani.com\/?author=2"}]}},"_links":{"self":[{"href":"https:\/\/alcaldiaalbertoadriani.com\/index.php?rest_route=\/wp\/v2\/posts\/15000","targetHints":{"allow":["GET"]}}],"collection":[{"href":"https:\/\/alcaldiaalbertoadriani.com\/index.php?rest_route=\/wp\/v2\/posts"}],"about":[{"href":"https:\/\/alcaldiaalbertoadriani.com\/index.php?rest_route=\/wp\/v2\/types\/post"}],"author":[{"embeddable":true,"href":"https:\/\/alcaldiaalbertoadriani.com\/index.php?rest_route=\/wp\/v2\/users\/2"}],"replies":[{"embeddable":true,"href":"https:\/\/alcaldiaalbertoadriani.com\/index.php?rest_route=%2Fwp%2Fv2%2Fcomments&post=15000"}],"version-history":[{"count":1,"href":"https:\/\/alcaldiaalbertoadriani.com\/index.php?rest_route=\/wp\/v2\/posts\/15000\/revisions"}],"predecessor-version":[{"id":15004,"href":"https:\/\/alcaldiaalbertoadriani.com\/index.php?rest_route=\/wp\/v2\/posts\/15000\/revisions\/15004"}],"wp:featuredmedia":[{"embeddable":true,"href":"https:\/\/alcaldiaalbertoadriani.com\/index.php?rest_route=\/wp\/v2\/media\/15001"}],"wp:attachment":[{"href":"https:\/\/alcaldiaalbertoadriani.com\/index.php?rest_route=%2Fwp%2Fv2%2Fmedia&parent=15000"}],"wp:term":[{"taxonomy":"category","embeddable":true,"href":"https:\/\/alcaldiaalbertoadriani.com\/index.php?rest_route=%2Fwp%2Fv2%2Fcategories&post=15000"},{"taxonomy":"post_tag","embeddable":true,"href":"https:\/\/alcaldiaalbertoadriani.com\/index.php?rest_route=%2Fwp%2Fv2%2Ftags&post=15000"}],"curies":[{"name":"wp","href":"https:\/\/api.w.org\/{rel}","templated":true}]}}