{"id":14991,"date":"2026-02-13T20:39:10","date_gmt":"2026-02-13T20:39:10","guid":{"rendered":"https:\/\/alcaldiaalbertoadriani.com\/?p=14991"},"modified":"2026-02-13T20:39:17","modified_gmt":"2026-02-13T20:39:17","slug":"fundacion-ninos-color-de-mi-tierra-entrego-canastillas-3","status":"publish","type":"post","link":"https:\/\/alcaldiaalbertoadriani.com\/?p=14991","title":{"rendered":"Fundaci\u00f3n Ni\u00f1os Color de mi Tierra entreg\u00f3 canastillas del programa Beb\u00e9 en Espera"},"content":{"rendered":"\n<p>El gobierno de Alberto Adriani a cargo del alcalde <a href=\"https:\/\/www.instagram.com\/lisandrosegura02\/\">Lisandro Segura<\/a> a trav\u00e9s de la <a href=\"https:\/\/alcaldiaalbertoadriani.com\/?p=12907\">Fundaci\u00f3n Ni\u00f1os Color de Mi Tierra<\/a>, presidida por la primera Dama Yudith Parra, realiz\u00f3 nueva entrega de <a href=\"https:\/\/alcaldiaalbertoadriani.com\/?tag=canastillas-bebe-en-espera\">canastillas<\/a> a madres del municipio Alberto Adriani mediante el programa &#8220;Beb\u00e9 en Espera&#8221;. El acto se desarroll\u00f3 este viernes en el auditorio de la Casa del Ni\u00f1o Trabajador &#8220;Dr. H\u00e9ctor Rodr\u00edguez Dugarte&#8221;.<\/p>\n\n\n\n<p>Karin Rodr\u00edguez, coordinadora de programas, en representaci\u00f3n de la primera Dama y presidente de la Fundaci\u00f3n expres\u00f3 el alcance del programa social.<\/p>\n\n\n\n<figure class=\"wp-block-gallery has-nested-images columns-default is-cropped wp-block-gallery-1 is-layout-flex wp-block-gallery-is-layout-flex\">\n<figure class=\"wp-block-image size-large\"><img loading=\"lazy\" decoding=\"async\" width=\"1024\" height=\"768\" data-id=\"14993\" src=\"https:\/\/alcaldiaalbertoadriani.com\/wp-content\/uploads\/2026\/02\/photo_4934118890359425989_y-1024x768.jpg\" alt=\"\" class=\"wp-image-14993\" srcset=\"https:\/\/alcaldiaalbertoadriani.com\/wp-content\/uploads\/2026\/02\/photo_4934118890359425989_y-1024x768.jpg 1024w, https:\/\/alcaldiaalbertoadriani.com\/wp-content\/uploads\/2026\/02\/photo_4934118890359425989_y-980x735.jpg 980w, https:\/\/alcaldiaalbertoadriani.com\/wp-content\/uploads\/2026\/02\/photo_4934118890359425989_y-480x360.jpg 480w\" sizes=\"auto, (min-width: 0px) and (max-width: 480px) 480px, (min-width: 481px) and (max-width: 980px) 980px, (min-width: 981px) 1024px, 100vw\" \/><\/figure>\n<\/figure>\n\n\n\n<p>&#8220;Estamos agradecidos con Dios, primeramente, en cumplimiento de las pol\u00edticas de nuestro alcalde <a href=\"https:\/\/www.instagram.com\/lisandrosegura02\/\">Lisandro Segura<\/a> y la presidente de nuestra Fundaci\u00f3n Ni\u00f1os Color de Mi Tierra, Yudith Parra, hicimos la entrega hoy de las canastillas correspondiente al programa &#8216;Un Beb\u00e9 en Espera&#8217;, donde las madres beneficiadas se fueron felices, porque sus beb\u00e9s van a tener los implementos necesarios&#8221;.<\/p>\n\n\n\n<p>Las canastillas contienen 10 implementos esenciales como pa\u00f1ales desechables, ropa (monitos), teteros, corta u\u00f1as, productos de higiene personal, ba\u00f1era, entre otros.<\/p>\n\n\n\n<figure class=\"wp-block-gallery has-nested-images columns-default is-cropped wp-block-gallery-2 is-layout-flex wp-block-gallery-is-layout-flex\">\n<figure class=\"wp-block-image size-large\"><img loading=\"lazy\" decoding=\"async\" width=\"1024\" height=\"768\" data-id=\"14994\" src=\"https:\/\/alcaldiaalbertoadriani.com\/wp-content\/uploads\/2026\/02\/photo_4934118890359425985_y-1024x768.jpg\" alt=\"\" class=\"wp-image-14994\" srcset=\"https:\/\/alcaldiaalbertoadriani.com\/wp-content\/uploads\/2026\/02\/photo_4934118890359425985_y-1024x768.jpg 1024w, https:\/\/alcaldiaalbertoadriani.com\/wp-content\/uploads\/2026\/02\/photo_4934118890359425985_y-980x735.jpg 980w, https:\/\/alcaldiaalbertoadriani.com\/wp-content\/uploads\/2026\/02\/photo_4934118890359425985_y-480x360.jpg 480w\" sizes=\"auto, (min-width: 0px) and (max-width: 480px) 480px, (min-width: 481px) and (max-width: 980px) 980px, (min-width: 981px) 1024px, 100vw\" \/><\/figure>\n<\/figure>\n\n\n\n<p>Es importante resaltar que Fatil El\u00edas, presidente del Consejo Municipal de Derechos del Ni\u00f1o, Ni\u00f1a y Adolescente (<a href=\"https:\/\/alcaldiaalbertoadriani.com\/?tag=cmdnna-desarrollo-programa\">Cmdnna<\/a>) ofreci\u00f3 una charla sobre la responsabilidad de crianza basado en el art\u00edculo 358 de la LOPNNA. Asimismo, Yesika Segovia, nutricionista de la Fundaci\u00f3n, ofreci\u00f3 una charla informativa a las madres gestantes y sus representantes, para orientar en una adecuada alimentaci\u00f3n para los futuros beb\u00e9s.<\/p>\n\n\n\n<p>La gesti\u00f3n municipal brinda apoyo para fortalecer a las familias vulnerables del municipio mediante diversos programas sociales. <strong><em>Prensa Alcald\u00eda Alberto Adriani\/ Claribel Zambrano CNP: 11.843\/ Fotos: Luis Dufflart.<\/em><\/strong><\/p>\n\n\n\n<figure class=\"wp-block-gallery has-nested-images columns-default is-cropped wp-block-gallery-3 is-layout-flex wp-block-gallery-is-layout-flex\">\n<figure class=\"wp-block-image size-large\"><img loading=\"lazy\" decoding=\"async\" width=\"1024\" height=\"576\" data-id=\"14995\" src=\"https:\/\/alcaldiaalbertoadriani.com\/wp-content\/uploads\/2026\/02\/photo_4934118890359425984_y-1024x576.jpg\" alt=\"\" class=\"wp-image-14995\" srcset=\"https:\/\/alcaldiaalbertoadriani.com\/wp-content\/uploads\/2026\/02\/photo_4934118890359425984_y-1024x576.jpg 1024w, https:\/\/alcaldiaalbertoadriani.com\/wp-content\/uploads\/2026\/02\/photo_4934118890359425984_y-980x551.jpg 980w, https:\/\/alcaldiaalbertoadriani.com\/wp-content\/uploads\/2026\/02\/photo_4934118890359425984_y-480x270.jpg 480w\" sizes=\"auto, (min-width: 0px) and (max-width: 480px) 480px, (min-width: 481px) and (max-width: 980px) 980px, (min-width: 981px) 1024px, 100vw\" \/><\/figure>\n\n\n\n<figure class=\"wp-block-image size-large\"><img loading=\"lazy\" decoding=\"async\" width=\"1024\" height=\"768\" data-id=\"14997\" src=\"https:\/\/alcaldiaalbertoadriani.com\/wp-content\/uploads\/2026\/02\/photo_4934118890359425989_y-1-1024x768.jpg\" alt=\"\" class=\"wp-image-14997\" srcset=\"https:\/\/alcaldiaalbertoadriani.com\/wp-content\/uploads\/2026\/02\/photo_4934118890359425989_y-1-1024x768.jpg 1024w, https:\/\/alcaldiaalbertoadriani.com\/wp-content\/uploads\/2026\/02\/photo_4934118890359425989_y-1-980x735.jpg 980w, https:\/\/alcaldiaalbertoadriani.com\/wp-content\/uploads\/2026\/02\/photo_4934118890359425989_y-1-480x360.jpg 480w\" sizes=\"auto, (min-width: 0px) and (max-width: 480px) 480px, (min-width: 481px) and (max-width: 980px) 980px, (min-width: 981px) 1024px, 100vw\" \/><\/figure>\n\n\n\n<figure class=\"wp-block-image size-large\"><img loading=\"lazy\" decoding=\"async\" width=\"1024\" height=\"768\" data-id=\"14996\" src=\"https:\/\/alcaldiaalbertoadriani.com\/wp-content\/uploads\/2026\/02\/photo_4934118890359425992_y-1024x768.jpg\" alt=\"\" class=\"wp-image-14996\" srcset=\"https:\/\/alcaldiaalbertoadriani.com\/wp-content\/uploads\/2026\/02\/photo_4934118890359425992_y-1024x768.jpg 1024w, https:\/\/alcaldiaalbertoadriani.com\/wp-content\/uploads\/2026\/02\/photo_4934118890359425992_y-980x735.jpg 980w, https:\/\/alcaldiaalbertoadriani.com\/wp-content\/uploads\/2026\/02\/photo_4934118890359425992_y-480x360.jpg 480w\" sizes=\"auto, (min-width: 0px) and (max-width: 480px) 480px, (min-width: 481px) and (max-width: 980px) 980px, (min-width: 981px) 1024px, 100vw\" \/><\/figure>\n<\/figure>\n","protected":false},"excerpt":{"rendered":"<p>El gobierno de Alberto Adriani a cargo del alcalde Lisandro Segura a trav\u00e9s de la Fundaci\u00f3n Ni\u00f1os Color de Mi Tierra, presidida por la primera Dama Yudith Parra, realiz\u00f3 nueva [&hellip;]<\/p>\n","protected":false},"author":2,"featured_media":14992,"comment_status":"open","ping_status":"closed","sticky":false,"template":"","format":"standard","meta":{"_et_pb_use_builder":"off","_et_pb_old_content":"","_et_gb_content_width":"","footnotes":""},"categories":[341,51,22,25],"tags":[31,11,12,15,761,30,29,28],"class_list":["post-14991","post","type-post","status-publish","format-standard","has-post-thumbnail","hentry","category-alcaldia-alberto-adriani","category-ayuda-social","category-fundacion-ninos-color-de-mi-tierra","category-nuestro-municipio","tag-alcalde","tag-alcaldia","tag-alcaldiaalbertoadriani","tag-elvigia","tag-encrucijadadeprogreso","tag-lisandrosegura","tag-municipioquenosmerecemos","tag-porelrenacer"],"yoast_head":"<!-- This site is optimized with the Yoast SEO plugin v19.13 - https:\/\/yoast.com\/wordpress\/plugins\/seo\/ -->\n<title>Fundaci\u00f3n Ni\u00f1os Color de mi Tierra entreg\u00f3 canastillas<\/title>\n<meta name=\"description\" content=\"Fundaci\u00f3n Ni\u00f1os Color de mi Tierra entreg\u00f3 canastillas del programa Beb\u00e9 en Espera a madres del municipio Alberto Adriani\" \/>\n<meta name=\"robots\" content=\"index, follow, max-snippet:-1, max-image-preview:large, max-video-preview:-1\" \/>\n<link rel=\"canonical\" href=\"https:\/\/alcaldiaalbertoadriani.com\/?p=14991\" \/>\n<meta property=\"og:locale\" content=\"es_ES\" \/>\n<meta property=\"og:type\" content=\"article\" \/>\n<meta property=\"og:title\" content=\"Fundaci\u00f3n Ni\u00f1os Color de mi Tierra entreg\u00f3 canastillas\" \/>\n<meta property=\"og:description\" content=\"Fundaci\u00f3n Ni\u00f1os Color de mi Tierra entreg\u00f3 canastillas del programa Beb\u00e9 en Espera a madres del municipio Alberto Adriani\" \/>\n<meta property=\"og:url\" content=\"https:\/\/alcaldiaalbertoadriani.com\/?p=14991\" \/>\n<meta property=\"og:site_name\" content=\"Alcaldia Alberto Adriani\" \/>\n<meta property=\"article:published_time\" content=\"2026-02-13T20:39:10+00:00\" \/>\n<meta property=\"article:modified_time\" content=\"2026-02-13T20:39:17+00:00\" \/>\n<meta property=\"og:image\" content=\"https:\/\/alcaldiaalbertoadriani.com\/wp-content\/uploads\/2026\/02\/photo_4934118890359425987_y.jpg\" \/>\n\t<meta property=\"og:image:width\" content=\"1280\" \/>\n\t<meta property=\"og:image:height\" content=\"960\" \/>\n\t<meta property=\"og:image:type\" content=\"image\/jpeg\" \/>\n<meta name=\"author\" content=\"Prensa\" \/>\n<meta name=\"twitter:card\" content=\"summary_large_image\" \/>\n<meta name=\"twitter:label1\" content=\"Escrito por\" \/>\n\t<meta name=\"twitter:data1\" content=\"Prensa\" \/>\n\t<meta name=\"twitter:label2\" content=\"Tiempo de lectura\" \/>\n\t<meta name=\"twitter:data2\" content=\"3 minutos\" \/>\n<script type=\"application\/ld+json\" class=\"yoast-schema-graph\">{\"@context\":\"https:\/\/schema.org\",\"@graph\":[{\"@type\":\"WebPage\",\"@id\":\"https:\/\/alcaldiaalbertoadriani.com\/?p=14991\",\"url\":\"https:\/\/alcaldiaalbertoadriani.com\/?p=14991\",\"name\":\"Fundaci\u00f3n Ni\u00f1os Color de mi Tierra entreg\u00f3 canastillas\",\"isPartOf\":{\"@id\":\"https:\/\/alcaldiaalbertoadriani.com\/#website\"},\"datePublished\":\"2026-02-13T20:39:10+00:00\",\"dateModified\":\"2026-02-13T20:39:17+00:00\",\"author\":{\"@id\":\"https:\/\/alcaldiaalbertoadriani.com\/#\/schema\/person\/549b4483ff8999ac780deeea78795fc9\"},\"description\":\"Fundaci\u00f3n Ni\u00f1os Color de mi Tierra entreg\u00f3 canastillas del programa Beb\u00e9 en Espera a madres del municipio Alberto Adriani\",\"breadcrumb\":{\"@id\":\"https:\/\/alcaldiaalbertoadriani.com\/?p=14991#breadcrumb\"},\"inLanguage\":\"es\",\"potentialAction\":[{\"@type\":\"ReadAction\",\"target\":[\"https:\/\/alcaldiaalbertoadriani.com\/?p=14991\"]}]},{\"@type\":\"BreadcrumbList\",\"@id\":\"https:\/\/alcaldiaalbertoadriani.com\/?p=14991#breadcrumb\",\"itemListElement\":[{\"@type\":\"ListItem\",\"position\":1,\"name\":\"Portada\",\"item\":\"https:\/\/alcaldiaalbertoadriani.com\/\"},{\"@type\":\"ListItem\",\"position\":2,\"name\":\"Fundaci\u00f3n Ni\u00f1os Color de mi Tierra entreg\u00f3 canastillas del programa Beb\u00e9 en Espera\"}]},{\"@type\":\"WebSite\",\"@id\":\"https:\/\/alcaldiaalbertoadriani.com\/#website\",\"url\":\"https:\/\/alcaldiaalbertoadriani.com\/\",\"name\":\"Alcaldia Alberto Adriani\",\"description\":\"\",\"potentialAction\":[{\"@type\":\"SearchAction\",\"target\":{\"@type\":\"EntryPoint\",\"urlTemplate\":\"https:\/\/alcaldiaalbertoadriani.com\/?s={search_term_string}\"},\"query-input\":\"required name=search_term_string\"}],\"inLanguage\":\"es\"},{\"@type\":\"Person\",\"@id\":\"https:\/\/alcaldiaalbertoadriani.com\/#\/schema\/person\/549b4483ff8999ac780deeea78795fc9\",\"name\":\"Prensa\",\"image\":{\"@type\":\"ImageObject\",\"inLanguage\":\"es\",\"@id\":\"https:\/\/alcaldiaalbertoadriani.com\/#\/schema\/person\/image\/\",\"url\":\"https:\/\/secure.gravatar.com\/avatar\/ea1cb567ea992a29627f4eee1c2eb185ec16decec6342d508fdf18dedb56c9de?s=96&d=mm&r=g\",\"contentUrl\":\"https:\/\/secure.gravatar.com\/avatar\/ea1cb567ea992a29627f4eee1c2eb185ec16decec6342d508fdf18dedb56c9de?s=96&d=mm&r=g\",\"caption\":\"Prensa\"},\"url\":\"https:\/\/alcaldiaalbertoadriani.com\/?author=2\"}]}<\/script>\n<!-- \/ Yoast SEO plugin. -->","yoast_head_json":{"title":"Fundaci\u00f3n Ni\u00f1os Color de mi Tierra entreg\u00f3 canastillas","description":"Fundaci\u00f3n Ni\u00f1os Color de mi Tierra entreg\u00f3 canastillas del programa Beb\u00e9 en Espera a madres del municipio Alberto Adriani","robots":{"index":"index","follow":"follow","max-snippet":"max-snippet:-1","max-image-preview":"max-image-preview:large","max-video-preview":"max-video-preview:-1"},"canonical":"https:\/\/alcaldiaalbertoadriani.com\/?p=14991","og_locale":"es_ES","og_type":"article","og_title":"Fundaci\u00f3n Ni\u00f1os Color de mi Tierra entreg\u00f3 canastillas","og_description":"Fundaci\u00f3n Ni\u00f1os Color de mi Tierra entreg\u00f3 canastillas del programa Beb\u00e9 en Espera a madres del municipio Alberto Adriani","og_url":"https:\/\/alcaldiaalbertoadriani.com\/?p=14991","og_site_name":"Alcaldia Alberto Adriani","article_published_time":"2026-02-13T20:39:10+00:00","article_modified_time":"2026-02-13T20:39:17+00:00","og_image":[{"width":1280,"height":960,"url":"https:\/\/alcaldiaalbertoadriani.com\/wp-content\/uploads\/2026\/02\/photo_4934118890359425987_y.jpg","type":"image\/jpeg"}],"author":"Prensa","twitter_card":"summary_large_image","twitter_misc":{"Escrito por":"Prensa","Tiempo de lectura":"3 minutos"},"schema":{"@context":"https:\/\/schema.org","@graph":[{"@type":"WebPage","@id":"https:\/\/alcaldiaalbertoadriani.com\/?p=14991","url":"https:\/\/alcaldiaalbertoadriani.com\/?p=14991","name":"Fundaci\u00f3n Ni\u00f1os Color de mi Tierra entreg\u00f3 canastillas","isPartOf":{"@id":"https:\/\/alcaldiaalbertoadriani.com\/#website"},"datePublished":"2026-02-13T20:39:10+00:00","dateModified":"2026-02-13T20:39:17+00:00","author":{"@id":"https:\/\/alcaldiaalbertoadriani.com\/#\/schema\/person\/549b4483ff8999ac780deeea78795fc9"},"description":"Fundaci\u00f3n Ni\u00f1os Color de mi Tierra entreg\u00f3 canastillas del programa Beb\u00e9 en Espera a madres del municipio Alberto Adriani","breadcrumb":{"@id":"https:\/\/alcaldiaalbertoadriani.com\/?p=14991#breadcrumb"},"inLanguage":"es","potentialAction":[{"@type":"ReadAction","target":["https:\/\/alcaldiaalbertoadriani.com\/?p=14991"]}]},{"@type":"BreadcrumbList","@id":"https:\/\/alcaldiaalbertoadriani.com\/?p=14991#breadcrumb","itemListElement":[{"@type":"ListItem","position":1,"name":"Portada","item":"https:\/\/alcaldiaalbertoadriani.com\/"},{"@type":"ListItem","position":2,"name":"Fundaci\u00f3n Ni\u00f1os Color de mi Tierra entreg\u00f3 canastillas del programa Beb\u00e9 en Espera"}]},{"@type":"WebSite","@id":"https:\/\/alcaldiaalbertoadriani.com\/#website","url":"https:\/\/alcaldiaalbertoadriani.com\/","name":"Alcaldia Alberto Adriani","description":"","potentialAction":[{"@type":"SearchAction","target":{"@type":"EntryPoint","urlTemplate":"https:\/\/alcaldiaalbertoadriani.com\/?s={search_term_string}"},"query-input":"required name=search_term_string"}],"inLanguage":"es"},{"@type":"Person","@id":"https:\/\/alcaldiaalbertoadriani.com\/#\/schema\/person\/549b4483ff8999ac780deeea78795fc9","name":"Prensa","image":{"@type":"ImageObject","inLanguage":"es","@id":"https:\/\/alcaldiaalbertoadriani.com\/#\/schema\/person\/image\/","url":"https:\/\/secure.gravatar.com\/avatar\/ea1cb567ea992a29627f4eee1c2eb185ec16decec6342d508fdf18dedb56c9de?s=96&d=mm&r=g","contentUrl":"https:\/\/secure.gravatar.com\/avatar\/ea1cb567ea992a29627f4eee1c2eb185ec16decec6342d508fdf18dedb56c9de?s=96&d=mm&r=g","caption":"Prensa"},"url":"https:\/\/alcaldiaalbertoadriani.com\/?author=2"}]}},"_links":{"self":[{"href":"https:\/\/alcaldiaalbertoadriani.com\/index.php?rest_route=\/wp\/v2\/posts\/14991","targetHints":{"allow":["GET"]}}],"collection":[{"href":"https:\/\/alcaldiaalbertoadriani.com\/index.php?rest_route=\/wp\/v2\/posts"}],"about":[{"href":"https:\/\/alcaldiaalbertoadriani.com\/index.php?rest_route=\/wp\/v2\/types\/post"}],"author":[{"embeddable":true,"href":"https:\/\/alcaldiaalbertoadriani.com\/index.php?rest_route=\/wp\/v2\/users\/2"}],"replies":[{"embeddable":true,"href":"https:\/\/alcaldiaalbertoadriani.com\/index.php?rest_route=%2Fwp%2Fv2%2Fcomments&post=14991"}],"version-history":[{"count":1,"href":"https:\/\/alcaldiaalbertoadriani.com\/index.php?rest_route=\/wp\/v2\/posts\/14991\/revisions"}],"predecessor-version":[{"id":14998,"href":"https:\/\/alcaldiaalbertoadriani.com\/index.php?rest_route=\/wp\/v2\/posts\/14991\/revisions\/14998"}],"wp:featuredmedia":[{"embeddable":true,"href":"https:\/\/alcaldiaalbertoadriani.com\/index.php?rest_route=\/wp\/v2\/media\/14992"}],"wp:attachment":[{"href":"https:\/\/alcaldiaalbertoadriani.com\/index.php?rest_route=%2Fwp%2Fv2%2Fmedia&parent=14991"}],"wp:term":[{"taxonomy":"category","embeddable":true,"href":"https:\/\/alcaldiaalbertoadriani.com\/index.php?rest_route=%2Fwp%2Fv2%2Fcategories&post=14991"},{"taxonomy":"post_tag","embeddable":true,"href":"https:\/\/alcaldiaalbertoadriani.com\/index.php?rest_route=%2Fwp%2Fv2%2Ftags&post=14991"}],"curies":[{"name":"wp","href":"https:\/\/api.w.org\/{rel}","templated":true}]}}