{"id":14973,"date":"2026-02-13T20:00:53","date_gmt":"2026-02-13T20:00:53","guid":{"rendered":"https:\/\/alcaldiaalbertoadriani.com\/?p=14973"},"modified":"2026-02-13T20:00:57","modified_gmt":"2026-02-13T20:00:57","slug":"autoridades-de-alberto-adriani-realizaron-sesion-solemne","status":"publish","type":"post","link":"https:\/\/alcaldiaalbertoadriani.com\/?p=14973","title":{"rendered":"Autoridades de Alberto Adriani realizaron Sesi\u00f3n Solemne por el D\u00eda de la Juventud"},"content":{"rendered":"\n<p>Autoridades municipales de Alberto Adriani, encabezada por el alcalde <a href=\"https:\/\/www.instagram.com\/lisandrosegura02\/\">Lisandro Segura<\/a>, realizaron una Sesi\u00f3n Solemne con motivo de la conmemoraci\u00f3n del 12 de Febrero, D\u00eda de la Juventud.<\/p>\n\n\n\n<p>La actividad protocolar, organizada por el <a href=\"https:\/\/alcaldiaalbertoadriani.com\/?tag=concejo-municipal\">Concejo Municipal<\/a>, reuni\u00f3 a autoridades civiles, militares, educativas, as\u00ed como representantes de distintos sectores del municipio, quienes se dieron cita para rendir homenaje a la juventud venezolana y reafirmar el compromiso institucional con las nuevas generaciones.<\/p>\n\n\n\n<figure class=\"wp-block-gallery has-nested-images columns-default is-cropped wp-block-gallery-1 is-layout-flex wp-block-gallery-is-layout-flex\">\n<figure class=\"wp-block-image size-large\"><img loading=\"lazy\" decoding=\"async\" width=\"1024\" height=\"768\" data-id=\"14984\" src=\"https:\/\/alcaldiaalbertoadriani.com\/wp-content\/uploads\/2026\/02\/photo_4931553171386076134_y-1024x768.jpg\" alt=\"\" class=\"wp-image-14984\" srcset=\"https:\/\/alcaldiaalbertoadriani.com\/wp-content\/uploads\/2026\/02\/photo_4931553171386076134_y-1024x768.jpg 1024w, https:\/\/alcaldiaalbertoadriani.com\/wp-content\/uploads\/2026\/02\/photo_4931553171386076134_y-980x735.jpg 980w, https:\/\/alcaldiaalbertoadriani.com\/wp-content\/uploads\/2026\/02\/photo_4931553171386076134_y-480x360.jpg 480w\" sizes=\"auto, (min-width: 0px) and (max-width: 480px) 480px, (min-width: 481px) and (max-width: 980px) 980px, (min-width: 981px) 1024px, 100vw\" \/><\/figure>\n<\/figure>\n\n\n\n<h2 class=\"wp-block-heading\"><strong><em>Juventud como motor de cambio y desarrollo<\/em><\/strong><\/h2>\n\n\n\n<p>El Orador de Orden fue el tambi\u00e9n concejal, Junior Contreras, quien durante su discurso destac\u00f3 que \u201cen este d\u00eda no solo se honra a los h\u00e9roes del pasado, sino que tambi\u00e9n se busca resaltar el papel fundamental de los j\u00f3venes en la construcci\u00f3n del presente y del futuro del pa\u00eds\u201d.<\/p>\n\n\n\n<figure class=\"wp-block-gallery has-nested-images columns-default is-cropped wp-block-gallery-2 is-layout-flex wp-block-gallery-is-layout-flex\">\n<figure class=\"wp-block-image size-large\"><img loading=\"lazy\" decoding=\"async\" width=\"1024\" height=\"768\" data-id=\"14975\" src=\"https:\/\/alcaldiaalbertoadriani.com\/wp-content\/uploads\/2026\/02\/photo_4931553171386076140_y-1024x768.jpg\" alt=\"\" class=\"wp-image-14975\" srcset=\"https:\/\/alcaldiaalbertoadriani.com\/wp-content\/uploads\/2026\/02\/photo_4931553171386076140_y-1024x768.jpg 1024w, https:\/\/alcaldiaalbertoadriani.com\/wp-content\/uploads\/2026\/02\/photo_4931553171386076140_y-980x735.jpg 980w, https:\/\/alcaldiaalbertoadriani.com\/wp-content\/uploads\/2026\/02\/photo_4931553171386076140_y-480x360.jpg 480w\" sizes=\"auto, (min-width: 0px) and (max-width: 480px) 480px, (min-width: 481px) and (max-width: 980px) 980px, (min-width: 981px) 1024px, 100vw\" \/><\/figure>\n<\/figure>\n\n\n\n<p>Asimismo, enfatiz\u00f3 la importancia de brindar oportunidades, formaci\u00f3n y espacios de participaci\u00f3n a la juventud como pilares esenciales para el desarrollo integral de la naci\u00f3n, por lo que record\u00f3 que un d\u00eda como hoy, pero del 2022, inici\u00f3 el programa de Becas Carlos Andr\u00e9s P\u00e9rez, como parte de las pol\u00edticas en materia educativa del alcalde Lisandro Segura.<\/p>\n\n\n\n<p>A su vez, ratific\u00f3 que la juventud al ser la generaci\u00f3n de relevo, &#8220;est\u00e1n llamados a ser la generaci\u00f3n que acabe con las despedidas y levante un pa\u00eds de desarrollo y oportunidades, con el coraz\u00f3n lleno de retos y de oportunidades pol\u00edticas. La lucha debe ser unidos, donde nadie sobra; al contrario, todos suman para lograr el cambio que tanto anhelamos\u201d, enfatiz\u00f3 Contreras.<\/p>\n\n\n\n<p>Durante la conmemoraci\u00f3n se record\u00f3 tambi\u00e9n la Batalla de La Victoria, ocurrida en el a\u00f1o 1814, gesta hist\u00f3rica en la que j\u00f3venes estudiantes, bajo el liderazgo del General Jos\u00e9 F\u00e9lix Ribas, defendieron con valent\u00eda la causa independentista. En esta fecha se rinde homenaje al coraje, la determinaci\u00f3n y el esp\u00edritu de lucha de aquellos j\u00f3venes que entregaron su esfuerzo por la libertad de nuestra patria.<\/p>\n\n\n\n<h2 class=\"wp-block-heading\"><strong><em>Compromiso con la juventud<\/em><\/strong><\/h2>\n\n\n\n<p>Por su parte, el alcalde Lisandro Segura, puntualiz\u00f3 que los j\u00f3venes son quienes organizan, moldean y proyectan las nuevas sociedades, &#8220;ustedes representan la promesa de nuevos y mejores amaneceres, sue\u00f1en y crean en sus sue\u00f1os, no permitan que se estanquen, el mundo ser\u00e1 lo que la juventud quiere que sea&#8221; cit\u00f3 el burgomaestre.<\/p>\n\n\n\n<p>Indic\u00f3 la autoridad civil,&nbsp;el compromiso del gobierno municipal de continuar impulsando pol\u00edticas p\u00fablicas, orientadas al fortalecimiento, formaci\u00f3n de la juventud, reconociendo su papel protag\u00f3nico en la transformaci\u00f3n y el desarrollo del municipio y del pa\u00eds.<\/p>\n\n\n\n<p><strong>Entrega de certificados<\/strong><\/p>\n\n\n\n<p>Alfredo Mendoza, presidente del Concejo se\u00f1al\u00f3 que fueron entregas un total de 48 certificados de reconocimiento a j\u00f3venes destacados en \u00e1reas deportiva, estudiantil y artistas de la ciudad. <strong><em>Prensa Alberto Adriani \/ Tahiry Villalobos C.N.P.23.225\/ Foto: Karla M\u00e1rquez y Edgar Mendoza<\/em><\/strong><\/p>\n\n\n\n<figure class=\"wp-block-gallery has-nested-images columns-default is-cropped wp-block-gallery-3 is-layout-flex wp-block-gallery-is-layout-flex\">\n<figure class=\"wp-block-image size-large\"><img loading=\"lazy\" decoding=\"async\" width=\"1024\" height=\"768\" data-id=\"14978\" src=\"https:\/\/alcaldiaalbertoadriani.com\/wp-content\/uploads\/2026\/02\/photo_4931553171386076078_y-1024x768.jpg\" alt=\"\" class=\"wp-image-14978\" srcset=\"https:\/\/alcaldiaalbertoadriani.com\/wp-content\/uploads\/2026\/02\/photo_4931553171386076078_y-1024x768.jpg 1024w, https:\/\/alcaldiaalbertoadriani.com\/wp-content\/uploads\/2026\/02\/photo_4931553171386076078_y-980x735.jpg 980w, https:\/\/alcaldiaalbertoadriani.com\/wp-content\/uploads\/2026\/02\/photo_4931553171386076078_y-480x360.jpg 480w\" sizes=\"auto, (min-width: 0px) and (max-width: 480px) 480px, (min-width: 481px) and (max-width: 980px) 980px, (min-width: 981px) 1024px, 100vw\" \/><\/figure>\n\n\n\n<figure class=\"wp-block-image size-large\"><img loading=\"lazy\" decoding=\"async\" width=\"1024\" height=\"768\" data-id=\"14977\" src=\"https:\/\/alcaldiaalbertoadriani.com\/wp-content\/uploads\/2026\/02\/photo_4931553171386076091_y-1024x768.jpg\" alt=\"\" class=\"wp-image-14977\" srcset=\"https:\/\/alcaldiaalbertoadriani.com\/wp-content\/uploads\/2026\/02\/photo_4931553171386076091_y-1024x768.jpg 1024w, https:\/\/alcaldiaalbertoadriani.com\/wp-content\/uploads\/2026\/02\/photo_4931553171386076091_y-980x735.jpg 980w, https:\/\/alcaldiaalbertoadriani.com\/wp-content\/uploads\/2026\/02\/photo_4931553171386076091_y-480x360.jpg 480w\" sizes=\"auto, (min-width: 0px) and (max-width: 480px) 480px, (min-width: 481px) and (max-width: 980px) 980px, (min-width: 981px) 1024px, 100vw\" \/><\/figure>\n\n\n\n<figure class=\"wp-block-image size-large\"><img loading=\"lazy\" decoding=\"async\" width=\"1024\" height=\"768\" data-id=\"14976\" src=\"https:\/\/alcaldiaalbertoadriani.com\/wp-content\/uploads\/2026\/02\/photo_4931553171386076096_y-1024x768.jpg\" alt=\"\" class=\"wp-image-14976\" srcset=\"https:\/\/alcaldiaalbertoadriani.com\/wp-content\/uploads\/2026\/02\/photo_4931553171386076096_y-1024x768.jpg 1024w, https:\/\/alcaldiaalbertoadriani.com\/wp-content\/uploads\/2026\/02\/photo_4931553171386076096_y-980x735.jpg 980w, https:\/\/alcaldiaalbertoadriani.com\/wp-content\/uploads\/2026\/02\/photo_4931553171386076096_y-480x360.jpg 480w\" sizes=\"auto, (min-width: 0px) and (max-width: 480px) 480px, (min-width: 481px) and (max-width: 980px) 980px, (min-width: 981px) 1024px, 100vw\" \/><\/figure>\n\n\n\n<figure class=\"wp-block-image size-large\"><img loading=\"lazy\" decoding=\"async\" width=\"1024\" height=\"768\" data-id=\"14979\" src=\"https:\/\/alcaldiaalbertoadriani.com\/wp-content\/uploads\/2026\/02\/photo_4931553171386076109_y-1-1024x768.jpg\" alt=\"\" class=\"wp-image-14979\" srcset=\"https:\/\/alcaldiaalbertoadriani.com\/wp-content\/uploads\/2026\/02\/photo_4931553171386076109_y-1-1024x768.jpg 1024w, https:\/\/alcaldiaalbertoadriani.com\/wp-content\/uploads\/2026\/02\/photo_4931553171386076109_y-1-980x735.jpg 980w, https:\/\/alcaldiaalbertoadriani.com\/wp-content\/uploads\/2026\/02\/photo_4931553171386076109_y-1-480x360.jpg 480w\" sizes=\"auto, (min-width: 0px) and (max-width: 480px) 480px, (min-width: 481px) and (max-width: 980px) 980px, (min-width: 981px) 1024px, 100vw\" \/><\/figure>\n\n\n\n<figure class=\"wp-block-image size-large\"><img loading=\"lazy\" decoding=\"async\" width=\"1024\" height=\"768\" data-id=\"14981\" src=\"https:\/\/alcaldiaalbertoadriani.com\/wp-content\/uploads\/2026\/02\/photo_4931553171386076109_y-2-1024x768.jpg\" alt=\"\" class=\"wp-image-14981\" srcset=\"https:\/\/alcaldiaalbertoadriani.com\/wp-content\/uploads\/2026\/02\/photo_4931553171386076109_y-2-1024x768.jpg 1024w, https:\/\/alcaldiaalbertoadriani.com\/wp-content\/uploads\/2026\/02\/photo_4931553171386076109_y-2-980x735.jpg 980w, https:\/\/alcaldiaalbertoadriani.com\/wp-content\/uploads\/2026\/02\/photo_4931553171386076109_y-2-480x360.jpg 480w\" sizes=\"auto, (min-width: 0px) and (max-width: 480px) 480px, (min-width: 481px) and (max-width: 980px) 980px, (min-width: 981px) 1024px, 100vw\" \/><\/figure>\n\n\n\n<figure class=\"wp-block-image size-large\"><img loading=\"lazy\" decoding=\"async\" width=\"1024\" height=\"768\" data-id=\"14982\" src=\"https:\/\/alcaldiaalbertoadriani.com\/wp-content\/uploads\/2026\/02\/photo_4931553171386076109_y-1024x768.jpg\" alt=\"\" class=\"wp-image-14982\" srcset=\"https:\/\/alcaldiaalbertoadriani.com\/wp-content\/uploads\/2026\/02\/photo_4931553171386076109_y-1024x768.jpg 1024w, https:\/\/alcaldiaalbertoadriani.com\/wp-content\/uploads\/2026\/02\/photo_4931553171386076109_y-980x735.jpg 980w, https:\/\/alcaldiaalbertoadriani.com\/wp-content\/uploads\/2026\/02\/photo_4931553171386076109_y-480x360.jpg 480w\" sizes=\"auto, (min-width: 0px) and (max-width: 480px) 480px, (min-width: 481px) and (max-width: 980px) 980px, (min-width: 981px) 1024px, 100vw\" \/><\/figure>\n\n\n\n<figure class=\"wp-block-image size-large\"><img loading=\"lazy\" decoding=\"async\" width=\"1024\" height=\"768\" data-id=\"14983\" src=\"https:\/\/alcaldiaalbertoadriani.com\/wp-content\/uploads\/2026\/02\/photo_4931553171386076117_y-1024x768.jpg\" alt=\"\" class=\"wp-image-14983\" srcset=\"https:\/\/alcaldiaalbertoadriani.com\/wp-content\/uploads\/2026\/02\/photo_4931553171386076117_y-1024x768.jpg 1024w, https:\/\/alcaldiaalbertoadriani.com\/wp-content\/uploads\/2026\/02\/photo_4931553171386076117_y-980x735.jpg 980w, https:\/\/alcaldiaalbertoadriani.com\/wp-content\/uploads\/2026\/02\/photo_4931553171386076117_y-480x360.jpg 480w\" sizes=\"auto, (min-width: 0px) and (max-width: 480px) 480px, (min-width: 481px) and (max-width: 980px) 980px, (min-width: 981px) 1024px, 100vw\" \/><\/figure>\n\n\n\n<figure class=\"wp-block-image size-large\"><img loading=\"lazy\" decoding=\"async\" width=\"1024\" height=\"768\" data-id=\"14980\" src=\"https:\/\/alcaldiaalbertoadriani.com\/wp-content\/uploads\/2026\/02\/photo_4931553171386076128_y-1024x768.jpg\" alt=\"\" class=\"wp-image-14980\" srcset=\"https:\/\/alcaldiaalbertoadriani.com\/wp-content\/uploads\/2026\/02\/photo_4931553171386076128_y-1024x768.jpg 1024w, https:\/\/alcaldiaalbertoadriani.com\/wp-content\/uploads\/2026\/02\/photo_4931553171386076128_y-980x735.jpg 980w, https:\/\/alcaldiaalbertoadriani.com\/wp-content\/uploads\/2026\/02\/photo_4931553171386076128_y-480x360.jpg 480w\" sizes=\"auto, (min-width: 0px) and (max-width: 480px) 480px, (min-width: 481px) and (max-width: 980px) 980px, (min-width: 981px) 1024px, 100vw\" \/><\/figure>\n<\/figure>\n","protected":false},"excerpt":{"rendered":"<p>Autoridades municipales de Alberto Adriani, encabezada por el alcalde Lisandro Segura, realizaron una Sesi\u00f3n Solemne con motivo de la conmemoraci\u00f3n del 12 de Febrero, D\u00eda de la Juventud. La actividad [&hellip;]<\/p>\n","protected":false},"author":2,"featured_media":14974,"comment_status":"open","ping_status":"closed","sticky":false,"template":"","format":"standard","meta":{"_et_pb_use_builder":"off","_et_pb_old_content":"","_et_gb_content_width":"","footnotes":""},"categories":[341,25,342],"tags":[31,11,12,15,761,30,29,28],"class_list":["post-14973","post","type-post","status-publish","format-standard","has-post-thumbnail","hentry","category-alcaldia-alberto-adriani","category-nuestro-municipio","category-sesion-solemne","tag-alcalde","tag-alcaldia","tag-alcaldiaalbertoadriani","tag-elvigia","tag-encrucijadadeprogreso","tag-lisandrosegura","tag-municipioquenosmerecemos","tag-porelrenacer"],"yoast_head":"<!-- This site is optimized with the Yoast SEO plugin v19.13 - https:\/\/yoast.com\/wordpress\/plugins\/seo\/ -->\n<title>Autoridades de Alberto Adriani realizaron Sesi\u00f3n Solemne<\/title>\n<meta name=\"description\" content=\"Autoridades de Alberto Adriani realizaron Sesi\u00f3n Solemne por el D\u00eda de la Juventud la actividad protocolar, organizada por el Concejo\" \/>\n<meta name=\"robots\" content=\"index, follow, max-snippet:-1, max-image-preview:large, max-video-preview:-1\" \/>\n<link rel=\"canonical\" href=\"https:\/\/alcaldiaalbertoadriani.com\/?p=14973\" \/>\n<meta property=\"og:locale\" content=\"es_ES\" \/>\n<meta property=\"og:type\" content=\"article\" \/>\n<meta property=\"og:title\" content=\"Autoridades de Alberto Adriani realizaron Sesi\u00f3n Solemne\" \/>\n<meta property=\"og:description\" content=\"Autoridades de Alberto Adriani realizaron Sesi\u00f3n Solemne por el D\u00eda de la Juventud la actividad protocolar, organizada por el Concejo\" \/>\n<meta property=\"og:url\" content=\"https:\/\/alcaldiaalbertoadriani.com\/?p=14973\" \/>\n<meta property=\"og:site_name\" content=\"Alcaldia Alberto Adriani\" \/>\n<meta property=\"article:published_time\" content=\"2026-02-13T20:00:53+00:00\" \/>\n<meta property=\"article:modified_time\" content=\"2026-02-13T20:00:57+00:00\" \/>\n<meta property=\"og:image\" content=\"https:\/\/alcaldiaalbertoadriani.com\/wp-content\/uploads\/2026\/02\/photo_4931553171386076075_y.jpg\" \/>\n\t<meta property=\"og:image:width\" content=\"1280\" \/>\n\t<meta property=\"og:image:height\" content=\"962\" \/>\n\t<meta property=\"og:image:type\" content=\"image\/jpeg\" \/>\n<meta name=\"author\" content=\"Prensa\" \/>\n<meta name=\"twitter:card\" content=\"summary_large_image\" \/>\n<meta name=\"twitter:label1\" content=\"Escrito por\" \/>\n\t<meta name=\"twitter:data1\" content=\"Prensa\" \/>\n\t<meta name=\"twitter:label2\" content=\"Tiempo de lectura\" \/>\n\t<meta name=\"twitter:data2\" content=\"5 minutos\" \/>\n<script type=\"application\/ld+json\" class=\"yoast-schema-graph\">{\"@context\":\"https:\/\/schema.org\",\"@graph\":[{\"@type\":\"WebPage\",\"@id\":\"https:\/\/alcaldiaalbertoadriani.com\/?p=14973\",\"url\":\"https:\/\/alcaldiaalbertoadriani.com\/?p=14973\",\"name\":\"Autoridades de Alberto Adriani realizaron Sesi\u00f3n Solemne\",\"isPartOf\":{\"@id\":\"https:\/\/alcaldiaalbertoadriani.com\/#website\"},\"datePublished\":\"2026-02-13T20:00:53+00:00\",\"dateModified\":\"2026-02-13T20:00:57+00:00\",\"author\":{\"@id\":\"https:\/\/alcaldiaalbertoadriani.com\/#\/schema\/person\/549b4483ff8999ac780deeea78795fc9\"},\"description\":\"Autoridades de Alberto Adriani realizaron Sesi\u00f3n Solemne por el D\u00eda de la Juventud la actividad protocolar, organizada por el Concejo\",\"breadcrumb\":{\"@id\":\"https:\/\/alcaldiaalbertoadriani.com\/?p=14973#breadcrumb\"},\"inLanguage\":\"es\",\"potentialAction\":[{\"@type\":\"ReadAction\",\"target\":[\"https:\/\/alcaldiaalbertoadriani.com\/?p=14973\"]}]},{\"@type\":\"BreadcrumbList\",\"@id\":\"https:\/\/alcaldiaalbertoadriani.com\/?p=14973#breadcrumb\",\"itemListElement\":[{\"@type\":\"ListItem\",\"position\":1,\"name\":\"Portada\",\"item\":\"https:\/\/alcaldiaalbertoadriani.com\/\"},{\"@type\":\"ListItem\",\"position\":2,\"name\":\"Autoridades de Alberto Adriani realizaron Sesi\u00f3n Solemne por el D\u00eda de la Juventud\"}]},{\"@type\":\"WebSite\",\"@id\":\"https:\/\/alcaldiaalbertoadriani.com\/#website\",\"url\":\"https:\/\/alcaldiaalbertoadriani.com\/\",\"name\":\"Alcaldia Alberto Adriani\",\"description\":\"\",\"potentialAction\":[{\"@type\":\"SearchAction\",\"target\":{\"@type\":\"EntryPoint\",\"urlTemplate\":\"https:\/\/alcaldiaalbertoadriani.com\/?s={search_term_string}\"},\"query-input\":\"required name=search_term_string\"}],\"inLanguage\":\"es\"},{\"@type\":\"Person\",\"@id\":\"https:\/\/alcaldiaalbertoadriani.com\/#\/schema\/person\/549b4483ff8999ac780deeea78795fc9\",\"name\":\"Prensa\",\"image\":{\"@type\":\"ImageObject\",\"inLanguage\":\"es\",\"@id\":\"https:\/\/alcaldiaalbertoadriani.com\/#\/schema\/person\/image\/\",\"url\":\"https:\/\/secure.gravatar.com\/avatar\/ea1cb567ea992a29627f4eee1c2eb185ec16decec6342d508fdf18dedb56c9de?s=96&d=mm&r=g\",\"contentUrl\":\"https:\/\/secure.gravatar.com\/avatar\/ea1cb567ea992a29627f4eee1c2eb185ec16decec6342d508fdf18dedb56c9de?s=96&d=mm&r=g\",\"caption\":\"Prensa\"},\"url\":\"https:\/\/alcaldiaalbertoadriani.com\/?author=2\"}]}<\/script>\n<!-- \/ Yoast SEO plugin. -->","yoast_head_json":{"title":"Autoridades de Alberto Adriani realizaron Sesi\u00f3n Solemne","description":"Autoridades de Alberto Adriani realizaron Sesi\u00f3n Solemne por el D\u00eda de la Juventud la actividad protocolar, organizada por el Concejo","robots":{"index":"index","follow":"follow","max-snippet":"max-snippet:-1","max-image-preview":"max-image-preview:large","max-video-preview":"max-video-preview:-1"},"canonical":"https:\/\/alcaldiaalbertoadriani.com\/?p=14973","og_locale":"es_ES","og_type":"article","og_title":"Autoridades de Alberto Adriani realizaron Sesi\u00f3n Solemne","og_description":"Autoridades de Alberto Adriani realizaron Sesi\u00f3n Solemne por el D\u00eda de la Juventud la actividad protocolar, organizada por el Concejo","og_url":"https:\/\/alcaldiaalbertoadriani.com\/?p=14973","og_site_name":"Alcaldia Alberto Adriani","article_published_time":"2026-02-13T20:00:53+00:00","article_modified_time":"2026-02-13T20:00:57+00:00","og_image":[{"width":1280,"height":962,"url":"https:\/\/alcaldiaalbertoadriani.com\/wp-content\/uploads\/2026\/02\/photo_4931553171386076075_y.jpg","type":"image\/jpeg"}],"author":"Prensa","twitter_card":"summary_large_image","twitter_misc":{"Escrito por":"Prensa","Tiempo de lectura":"5 minutos"},"schema":{"@context":"https:\/\/schema.org","@graph":[{"@type":"WebPage","@id":"https:\/\/alcaldiaalbertoadriani.com\/?p=14973","url":"https:\/\/alcaldiaalbertoadriani.com\/?p=14973","name":"Autoridades de Alberto Adriani realizaron Sesi\u00f3n Solemne","isPartOf":{"@id":"https:\/\/alcaldiaalbertoadriani.com\/#website"},"datePublished":"2026-02-13T20:00:53+00:00","dateModified":"2026-02-13T20:00:57+00:00","author":{"@id":"https:\/\/alcaldiaalbertoadriani.com\/#\/schema\/person\/549b4483ff8999ac780deeea78795fc9"},"description":"Autoridades de Alberto Adriani realizaron Sesi\u00f3n Solemne por el D\u00eda de la Juventud la actividad protocolar, organizada por el Concejo","breadcrumb":{"@id":"https:\/\/alcaldiaalbertoadriani.com\/?p=14973#breadcrumb"},"inLanguage":"es","potentialAction":[{"@type":"ReadAction","target":["https:\/\/alcaldiaalbertoadriani.com\/?p=14973"]}]},{"@type":"BreadcrumbList","@id":"https:\/\/alcaldiaalbertoadriani.com\/?p=14973#breadcrumb","itemListElement":[{"@type":"ListItem","position":1,"name":"Portada","item":"https:\/\/alcaldiaalbertoadriani.com\/"},{"@type":"ListItem","position":2,"name":"Autoridades de Alberto Adriani realizaron Sesi\u00f3n Solemne por el D\u00eda de la Juventud"}]},{"@type":"WebSite","@id":"https:\/\/alcaldiaalbertoadriani.com\/#website","url":"https:\/\/alcaldiaalbertoadriani.com\/","name":"Alcaldia Alberto Adriani","description":"","potentialAction":[{"@type":"SearchAction","target":{"@type":"EntryPoint","urlTemplate":"https:\/\/alcaldiaalbertoadriani.com\/?s={search_term_string}"},"query-input":"required name=search_term_string"}],"inLanguage":"es"},{"@type":"Person","@id":"https:\/\/alcaldiaalbertoadriani.com\/#\/schema\/person\/549b4483ff8999ac780deeea78795fc9","name":"Prensa","image":{"@type":"ImageObject","inLanguage":"es","@id":"https:\/\/alcaldiaalbertoadriani.com\/#\/schema\/person\/image\/","url":"https:\/\/secure.gravatar.com\/avatar\/ea1cb567ea992a29627f4eee1c2eb185ec16decec6342d508fdf18dedb56c9de?s=96&d=mm&r=g","contentUrl":"https:\/\/secure.gravatar.com\/avatar\/ea1cb567ea992a29627f4eee1c2eb185ec16decec6342d508fdf18dedb56c9de?s=96&d=mm&r=g","caption":"Prensa"},"url":"https:\/\/alcaldiaalbertoadriani.com\/?author=2"}]}},"_links":{"self":[{"href":"https:\/\/alcaldiaalbertoadriani.com\/index.php?rest_route=\/wp\/v2\/posts\/14973","targetHints":{"allow":["GET"]}}],"collection":[{"href":"https:\/\/alcaldiaalbertoadriani.com\/index.php?rest_route=\/wp\/v2\/posts"}],"about":[{"href":"https:\/\/alcaldiaalbertoadriani.com\/index.php?rest_route=\/wp\/v2\/types\/post"}],"author":[{"embeddable":true,"href":"https:\/\/alcaldiaalbertoadriani.com\/index.php?rest_route=\/wp\/v2\/users\/2"}],"replies":[{"embeddable":true,"href":"https:\/\/alcaldiaalbertoadriani.com\/index.php?rest_route=%2Fwp%2Fv2%2Fcomments&post=14973"}],"version-history":[{"count":1,"href":"https:\/\/alcaldiaalbertoadriani.com\/index.php?rest_route=\/wp\/v2\/posts\/14973\/revisions"}],"predecessor-version":[{"id":14985,"href":"https:\/\/alcaldiaalbertoadriani.com\/index.php?rest_route=\/wp\/v2\/posts\/14973\/revisions\/14985"}],"wp:featuredmedia":[{"embeddable":true,"href":"https:\/\/alcaldiaalbertoadriani.com\/index.php?rest_route=\/wp\/v2\/media\/14974"}],"wp:attachment":[{"href":"https:\/\/alcaldiaalbertoadriani.com\/index.php?rest_route=%2Fwp%2Fv2%2Fmedia&parent=14973"}],"wp:term":[{"taxonomy":"category","embeddable":true,"href":"https:\/\/alcaldiaalbertoadriani.com\/index.php?rest_route=%2Fwp%2Fv2%2Fcategories&post=14973"},{"taxonomy":"post_tag","embeddable":true,"href":"https:\/\/alcaldiaalbertoadriani.com\/index.php?rest_route=%2Fwp%2Fv2%2Ftags&post=14973"}],"curies":[{"name":"wp","href":"https:\/\/api.w.org\/{rel}","templated":true}]}}