{"id":1496,"date":"2022-12-16T22:38:29","date_gmt":"2022-12-16T22:38:29","guid":{"rendered":"https:\/\/alcaldiaalbertoadriani.com\/?p=1496"},"modified":"2022-12-16T22:43:10","modified_gmt":"2022-12-16T22:43:10","slug":"parrandon-navideno-km-15","status":"publish","type":"post","link":"https:\/\/alcaldiaalbertoadriani.com\/?p=1496","title":{"rendered":"\u00daltimo Parrand\u00f3n Navide\u00f1o se realiz\u00f3 en el Km 15 del municipio Alberto Adriani"},"content":{"rendered":"<div class=\"wp-block-post-excerpt\"><p class=\"wp-block-post-excerpt__excerpt\">218 personas de la comunidad fueron beneficiadas mediante la jornada social previa al Parrand\u00f3n Navide\u00f1o <\/p><\/div>\n\n\n<p>En un ambiente de alegr\u00eda la alcald\u00eda del municipio <a href=\"https:\/\/www.instagram.com\/alcaldia_aa\/\" target=\"_blank\" rel=\"noreferrer noopener\">Alberto Adriani<\/a>, realiz\u00f3 este jueves 15 de diciembre el \u00faltimo <a href=\"https:\/\/alcaldiaalbertoadriani.com\/?p=1483\" target=\"_blank\" rel=\"noreferrer noopener\">Parrand\u00f3n Navide\u00f1o<\/a> en la comunidad del Km 15, de la parroquia Presidente Jos\u00e9 Antonio P\u00e1ez.<\/p>\n\n\n\n<p>La actividad cont\u00f3 con la presencia del jurado calificador, integrado por funcionarios del ente local. Entre las presentaciones se destacaron los grupos culturales, c\u00e1nticos a la navidad, bailes, poemas e igualmente un derroche de talento urbano, llanero, campesino y colombiano.<\/p>\n\n\n\n<!--more-->\n\n\n\n<h2 class=\"wp-block-heading\">Entrega de Reconocimientos en el Parrand\u00f3n Navide\u00f1o del Km 15<\/h2>\n\n\n\n<p>Como en los parrandones anteriores, el jurado calificador, hizo entrega de los reconocimientos a cada uno de los talentos en tarima, as\u00ed como a los organismos de seguridad que resguardaron el lugar y al comit\u00e9 organizador de la actividad.<\/p>\n\n\n\n<figure class=\"wp-block-image size-large\"><img loading=\"lazy\" decoding=\"async\" width=\"1024\" height=\"768\" src=\"https:\/\/alcaldiaalbertoadriani.com\/wp-content\/uploads\/2022\/12\/20221215_234840-1024x768.jpg\" alt=\"\" class=\"wp-image-1498\" srcset=\"https:\/\/alcaldiaalbertoadriani.com\/wp-content\/uploads\/2022\/12\/20221215_234840-980x735.jpg 980w, https:\/\/alcaldiaalbertoadriani.com\/wp-content\/uploads\/2022\/12\/20221215_234840-480x360.jpg 480w\" sizes=\"auto, (min-width: 0px) and (max-width: 480px) 480px, (min-width: 481px) and (max-width: 980px) 980px, (min-width: 981px) 1024px, 100vw\" \/><figcaption><strong>Entrega de certificados en el parrand\u00f3n navide\u00f1o del Km. 15<\/strong><\/figcaption><\/figure>\n\n\n\n<h2 class=\"wp-block-heading\">Jornada Social<\/h2>\n\n\n\n<p>Por otra parte, previo al parrand\u00f3n, se desarroll\u00f3 una jornada de atenci\u00f3n social en el Ambulatorio rural del Kil\u00f3metro 15, en donde se atendieron 11 personas con el Registro Civil, 21 con toma de tensi\u00f3n, 37 en pediatr\u00eda, 28 correspondieron al \u00e1rea de consulta general y 121 en desparasitaci\u00f3n, para un total de 218 personas beneficiadas con los servicios brindados.<\/p>\n\n\n\n<p>Finalmente, cabe destacar que estas acciones se logran gracias a las pol\u00edticas p\u00fablicas del alcalde Lisandro Segura, quien promueve el municipio que los vigienses se merecen. <strong>Prensa Alcald\u00eda Alberto Adriani\/Edgar Mendoza CNP: 25.736\/Fotos: Yorman Parra.<\/strong><\/p>\n\n\n\n<figure class=\"wp-block-gallery has-nested-images columns-default is-cropped wp-block-gallery-1 is-layout-flex wp-block-gallery-is-layout-flex\">\n<figure class=\"wp-block-image size-large\"><img loading=\"lazy\" decoding=\"async\" width=\"1024\" height=\"768\" data-id=\"1504\" src=\"https:\/\/alcaldiaalbertoadriani.com\/wp-content\/uploads\/2022\/12\/20221215_204715-1024x768.jpg\" alt=\"\" class=\"wp-image-1504\" srcset=\"https:\/\/alcaldiaalbertoadriani.com\/wp-content\/uploads\/2022\/12\/20221215_204715-980x735.jpg 980w, https:\/\/alcaldiaalbertoadriani.com\/wp-content\/uploads\/2022\/12\/20221215_204715-480x360.jpg 480w\" sizes=\"auto, (min-width: 0px) and (max-width: 480px) 480px, (min-width: 481px) and (max-width: 980px) 980px, (min-width: 981px) 1024px, 100vw\" \/><\/figure>\n\n\n\n<figure class=\"wp-block-image size-large\"><img loading=\"lazy\" decoding=\"async\" width=\"1024\" height=\"768\" data-id=\"1503\" src=\"https:\/\/alcaldiaalbertoadriani.com\/wp-content\/uploads\/2022\/12\/20221215_222536-1024x768.jpg\" alt=\"\" class=\"wp-image-1503\" srcset=\"https:\/\/alcaldiaalbertoadriani.com\/wp-content\/uploads\/2022\/12\/20221215_222536-980x735.jpg 980w, https:\/\/alcaldiaalbertoadriani.com\/wp-content\/uploads\/2022\/12\/20221215_222536-480x360.jpg 480w\" sizes=\"auto, (min-width: 0px) and (max-width: 480px) 480px, (min-width: 481px) and (max-width: 980px) 980px, (min-width: 981px) 1024px, 100vw\" \/><\/figure>\n\n\n\n<figure class=\"wp-block-image size-large\"><img loading=\"lazy\" decoding=\"async\" width=\"1024\" height=\"768\" data-id=\"1502\" src=\"https:\/\/alcaldiaalbertoadriani.com\/wp-content\/uploads\/2022\/12\/20221215_225329-1024x768.jpg\" alt=\"\" class=\"wp-image-1502\" srcset=\"https:\/\/alcaldiaalbertoadriani.com\/wp-content\/uploads\/2022\/12\/20221215_225329-980x735.jpg 980w, https:\/\/alcaldiaalbertoadriani.com\/wp-content\/uploads\/2022\/12\/20221215_225329-480x360.jpg 480w\" sizes=\"auto, (min-width: 0px) and (max-width: 480px) 480px, (min-width: 481px) and (max-width: 980px) 980px, (min-width: 981px) 1024px, 100vw\" \/><\/figure>\n\n\n\n<figure class=\"wp-block-image size-large\"><img loading=\"lazy\" decoding=\"async\" width=\"1024\" height=\"768\" data-id=\"1499\" src=\"https:\/\/alcaldiaalbertoadriani.com\/wp-content\/uploads\/2022\/12\/20221215_224806-1024x768.jpg\" alt=\"\" class=\"wp-image-1499\" srcset=\"https:\/\/alcaldiaalbertoadriani.com\/wp-content\/uploads\/2022\/12\/20221215_224806-980x735.jpg 980w, https:\/\/alcaldiaalbertoadriani.com\/wp-content\/uploads\/2022\/12\/20221215_224806-480x360.jpg 480w\" sizes=\"auto, (min-width: 0px) and (max-width: 480px) 480px, (min-width: 481px) and (max-width: 980px) 980px, (min-width: 981px) 1024px, 100vw\" \/><\/figure>\n\n\n\n<figure class=\"wp-block-image size-large\"><img loading=\"lazy\" decoding=\"async\" width=\"1024\" height=\"768\" data-id=\"1500\" src=\"https:\/\/alcaldiaalbertoadriani.com\/wp-content\/uploads\/2022\/12\/20221215_234804-1024x768.jpg\" alt=\"\" class=\"wp-image-1500\" srcset=\"https:\/\/alcaldiaalbertoadriani.com\/wp-content\/uploads\/2022\/12\/20221215_234804-980x735.jpg 980w, https:\/\/alcaldiaalbertoadriani.com\/wp-content\/uploads\/2022\/12\/20221215_234804-480x360.jpg 480w\" sizes=\"auto, (min-width: 0px) and (max-width: 480px) 480px, (min-width: 481px) and (max-width: 980px) 980px, (min-width: 981px) 1024px, 100vw\" \/><\/figure>\n\n\n\n<figure class=\"wp-block-image size-large\"><img loading=\"lazy\" decoding=\"async\" width=\"1024\" height=\"768\" data-id=\"1505\" src=\"https:\/\/alcaldiaalbertoadriani.com\/wp-content\/uploads\/2022\/12\/20221215_100955-1024x768.jpg\" alt=\"\" class=\"wp-image-1505\" srcset=\"https:\/\/alcaldiaalbertoadriani.com\/wp-content\/uploads\/2022\/12\/20221215_100955-980x735.jpg 980w, https:\/\/alcaldiaalbertoadriani.com\/wp-content\/uploads\/2022\/12\/20221215_100955-480x360.jpg 480w\" sizes=\"auto, (min-width: 0px) and (max-width: 480px) 480px, (min-width: 481px) and (max-width: 980px) 980px, (min-width: 981px) 1024px, 100vw\" \/><\/figure>\n\n\n\n<figure class=\"wp-block-image size-large\"><img loading=\"lazy\" decoding=\"async\" width=\"1024\" height=\"768\" data-id=\"1506\" src=\"https:\/\/alcaldiaalbertoadriani.com\/wp-content\/uploads\/2022\/12\/20221215_102419-1024x768.jpg\" alt=\"\" class=\"wp-image-1506\" srcset=\"https:\/\/alcaldiaalbertoadriani.com\/wp-content\/uploads\/2022\/12\/20221215_102419-980x735.jpg 980w, https:\/\/alcaldiaalbertoadriani.com\/wp-content\/uploads\/2022\/12\/20221215_102419-480x360.jpg 480w\" sizes=\"auto, (min-width: 0px) and (max-width: 480px) 480px, (min-width: 481px) and (max-width: 980px) 980px, (min-width: 981px) 1024px, 100vw\" \/><\/figure>\n\n\n\n<figure class=\"wp-block-image size-large\"><img loading=\"lazy\" decoding=\"async\" width=\"1024\" height=\"768\" data-id=\"1507\" src=\"https:\/\/alcaldiaalbertoadriani.com\/wp-content\/uploads\/2022\/12\/20221215_103124-1024x768.jpg\" alt=\"\" class=\"wp-image-1507\" srcset=\"https:\/\/alcaldiaalbertoadriani.com\/wp-content\/uploads\/2022\/12\/20221215_103124-980x735.jpg 980w, https:\/\/alcaldiaalbertoadriani.com\/wp-content\/uploads\/2022\/12\/20221215_103124-480x360.jpg 480w\" sizes=\"auto, (min-width: 0px) and (max-width: 480px) 480px, (min-width: 481px) and (max-width: 980px) 980px, (min-width: 981px) 1024px, 100vw\" \/><\/figure>\n<\/figure>\n","protected":false},"excerpt":{"rendered":"<p><em><strong>218 personas de la comunidad fueron beneficiadas mediante la jornada social previa al Parrand\u00f3n Navide\u00f1o<\/strong><\/em><\/p>\n","protected":false},"author":2,"featured_media":1501,"comment_status":"closed","ping_status":"closed","sticky":false,"template":"","format":"standard","meta":{"_et_pb_use_builder":"off","_et_pb_old_content":"","_et_gb_content_width":"","footnotes":""},"categories":[51,130,25],"tags":[31,11,12,15,30,29,28,298],"class_list":["post-1496","post","type-post","status-publish","format-standard","has-post-thumbnail","hentry","category-ayuda-social","category-gmds","category-nuestro-municipio","tag-alcalde","tag-alcaldia","tag-alcaldiaalbertoadriani","tag-elvigia","tag-lisandrosegura","tag-municipioquenosmerecemos","tag-porelrenacer","tag-parrandon-navideno-km-15"],"yoast_head":"<!-- This site is optimized with the Yoast SEO plugin v19.13 - https:\/\/yoast.com\/wordpress\/plugins\/seo\/ -->\n<title>\u00daltimo Parrand\u00f3n Navide\u00f1o se realiz\u00f3 en el Km 15 del municipio Alberto Adriani - Alcaldia Alberto Adriani<\/title>\n<meta name=\"description\" content=\"\u00daltimo parrand\u00f3n navide\u00f1o se realiz\u00f3 con \u00e9xito en el Km 15 de la parroquia Presidente Jos\u00e9 Antonio P\u00e1ez del municipio Alberto Adriani.\" \/>\n<meta name=\"robots\" content=\"index, follow, max-snippet:-1, max-image-preview:large, max-video-preview:-1\" \/>\n<link rel=\"canonical\" href=\"https:\/\/alcaldiaalbertoadriani.com\/?p=1496\" \/>\n<meta property=\"og:locale\" content=\"es_ES\" \/>\n<meta property=\"og:type\" content=\"article\" \/>\n<meta property=\"og:title\" content=\"\u00daltimo Parrand\u00f3n Navide\u00f1o se realiz\u00f3 en el Km 15 del municipio Alberto Adriani - Alcaldia Alberto Adriani\" \/>\n<meta property=\"og:description\" content=\"\u00daltimo parrand\u00f3n navide\u00f1o se realiz\u00f3 con \u00e9xito en el Km 15 de la parroquia Presidente Jos\u00e9 Antonio P\u00e1ez del municipio Alberto Adriani.\" \/>\n<meta property=\"og:url\" content=\"https:\/\/alcaldiaalbertoadriani.com\/?p=1496\" \/>\n<meta property=\"og:site_name\" content=\"Alcaldia Alberto Adriani\" \/>\n<meta property=\"article:published_time\" content=\"2022-12-16T22:38:29+00:00\" \/>\n<meta property=\"article:modified_time\" content=\"2022-12-16T22:43:10+00:00\" \/>\n<meta property=\"og:image\" content=\"https:\/\/alcaldiaalbertoadriani.com\/wp-content\/uploads\/2022\/12\/20221215_215806-scaled.jpg\" \/>\n\t<meta property=\"og:image:width\" content=\"2560\" \/>\n\t<meta property=\"og:image:height\" content=\"1920\" \/>\n\t<meta property=\"og:image:type\" content=\"image\/jpeg\" \/>\n<meta name=\"author\" content=\"Prensa\" \/>\n<meta name=\"twitter:card\" content=\"summary_large_image\" \/>\n<meta name=\"twitter:label1\" content=\"Escrito por\" \/>\n\t<meta name=\"twitter:data1\" content=\"Prensa\" \/>\n\t<meta name=\"twitter:label2\" content=\"Tiempo de lectura\" \/>\n\t<meta name=\"twitter:data2\" content=\"3 minutos\" \/>\n<script type=\"application\/ld+json\" class=\"yoast-schema-graph\">{\"@context\":\"https:\/\/schema.org\",\"@graph\":[{\"@type\":\"WebPage\",\"@id\":\"https:\/\/alcaldiaalbertoadriani.com\/?p=1496\",\"url\":\"https:\/\/alcaldiaalbertoadriani.com\/?p=1496\",\"name\":\"\u00daltimo Parrand\u00f3n Navide\u00f1o se realiz\u00f3 en el Km 15 del municipio Alberto Adriani - Alcaldia Alberto Adriani\",\"isPartOf\":{\"@id\":\"https:\/\/alcaldiaalbertoadriani.com\/#website\"},\"datePublished\":\"2022-12-16T22:38:29+00:00\",\"dateModified\":\"2022-12-16T22:43:10+00:00\",\"author\":{\"@id\":\"https:\/\/alcaldiaalbertoadriani.com\/#\/schema\/person\/549b4483ff8999ac780deeea78795fc9\"},\"description\":\"\u00daltimo parrand\u00f3n navide\u00f1o se realiz\u00f3 con \u00e9xito en el Km 15 de la parroquia Presidente Jos\u00e9 Antonio P\u00e1ez del municipio Alberto Adriani.\",\"breadcrumb\":{\"@id\":\"https:\/\/alcaldiaalbertoadriani.com\/?p=1496#breadcrumb\"},\"inLanguage\":\"es\",\"potentialAction\":[{\"@type\":\"ReadAction\",\"target\":[\"https:\/\/alcaldiaalbertoadriani.com\/?p=1496\"]}]},{\"@type\":\"BreadcrumbList\",\"@id\":\"https:\/\/alcaldiaalbertoadriani.com\/?p=1496#breadcrumb\",\"itemListElement\":[{\"@type\":\"ListItem\",\"position\":1,\"name\":\"Portada\",\"item\":\"https:\/\/alcaldiaalbertoadriani.com\/\"},{\"@type\":\"ListItem\",\"position\":2,\"name\":\"\u00daltimo Parrand\u00f3n Navide\u00f1o se realiz\u00f3 en el Km 15 del municipio Alberto Adriani\"}]},{\"@type\":\"WebSite\",\"@id\":\"https:\/\/alcaldiaalbertoadriani.com\/#website\",\"url\":\"https:\/\/alcaldiaalbertoadriani.com\/\",\"name\":\"Alcaldia Alberto Adriani\",\"description\":\"\",\"potentialAction\":[{\"@type\":\"SearchAction\",\"target\":{\"@type\":\"EntryPoint\",\"urlTemplate\":\"https:\/\/alcaldiaalbertoadriani.com\/?s={search_term_string}\"},\"query-input\":\"required name=search_term_string\"}],\"inLanguage\":\"es\"},{\"@type\":\"Person\",\"@id\":\"https:\/\/alcaldiaalbertoadriani.com\/#\/schema\/person\/549b4483ff8999ac780deeea78795fc9\",\"name\":\"Prensa\",\"image\":{\"@type\":\"ImageObject\",\"inLanguage\":\"es\",\"@id\":\"https:\/\/alcaldiaalbertoadriani.com\/#\/schema\/person\/image\/\",\"url\":\"https:\/\/secure.gravatar.com\/avatar\/ea1cb567ea992a29627f4eee1c2eb185ec16decec6342d508fdf18dedb56c9de?s=96&d=mm&r=g\",\"contentUrl\":\"https:\/\/secure.gravatar.com\/avatar\/ea1cb567ea992a29627f4eee1c2eb185ec16decec6342d508fdf18dedb56c9de?s=96&d=mm&r=g\",\"caption\":\"Prensa\"},\"url\":\"https:\/\/alcaldiaalbertoadriani.com\/?author=2\"}]}<\/script>\n<!-- \/ Yoast SEO plugin. -->","yoast_head_json":{"title":"\u00daltimo Parrand\u00f3n Navide\u00f1o se realiz\u00f3 en el Km 15 del municipio Alberto Adriani - Alcaldia Alberto Adriani","description":"\u00daltimo parrand\u00f3n navide\u00f1o se realiz\u00f3 con \u00e9xito en el Km 15 de la parroquia Presidente Jos\u00e9 Antonio P\u00e1ez del municipio Alberto Adriani.","robots":{"index":"index","follow":"follow","max-snippet":"max-snippet:-1","max-image-preview":"max-image-preview:large","max-video-preview":"max-video-preview:-1"},"canonical":"https:\/\/alcaldiaalbertoadriani.com\/?p=1496","og_locale":"es_ES","og_type":"article","og_title":"\u00daltimo Parrand\u00f3n Navide\u00f1o se realiz\u00f3 en el Km 15 del municipio Alberto Adriani - Alcaldia Alberto Adriani","og_description":"\u00daltimo parrand\u00f3n navide\u00f1o se realiz\u00f3 con \u00e9xito en el Km 15 de la parroquia Presidente Jos\u00e9 Antonio P\u00e1ez del municipio Alberto Adriani.","og_url":"https:\/\/alcaldiaalbertoadriani.com\/?p=1496","og_site_name":"Alcaldia Alberto Adriani","article_published_time":"2022-12-16T22:38:29+00:00","article_modified_time":"2022-12-16T22:43:10+00:00","og_image":[{"width":2560,"height":1920,"url":"https:\/\/alcaldiaalbertoadriani.com\/wp-content\/uploads\/2022\/12\/20221215_215806-scaled.jpg","type":"image\/jpeg"}],"author":"Prensa","twitter_card":"summary_large_image","twitter_misc":{"Escrito por":"Prensa","Tiempo de lectura":"3 minutos"},"schema":{"@context":"https:\/\/schema.org","@graph":[{"@type":"WebPage","@id":"https:\/\/alcaldiaalbertoadriani.com\/?p=1496","url":"https:\/\/alcaldiaalbertoadriani.com\/?p=1496","name":"\u00daltimo Parrand\u00f3n Navide\u00f1o se realiz\u00f3 en el Km 15 del municipio Alberto Adriani - Alcaldia Alberto Adriani","isPartOf":{"@id":"https:\/\/alcaldiaalbertoadriani.com\/#website"},"datePublished":"2022-12-16T22:38:29+00:00","dateModified":"2022-12-16T22:43:10+00:00","author":{"@id":"https:\/\/alcaldiaalbertoadriani.com\/#\/schema\/person\/549b4483ff8999ac780deeea78795fc9"},"description":"\u00daltimo parrand\u00f3n navide\u00f1o se realiz\u00f3 con \u00e9xito en el Km 15 de la parroquia Presidente Jos\u00e9 Antonio P\u00e1ez del municipio Alberto Adriani.","breadcrumb":{"@id":"https:\/\/alcaldiaalbertoadriani.com\/?p=1496#breadcrumb"},"inLanguage":"es","potentialAction":[{"@type":"ReadAction","target":["https:\/\/alcaldiaalbertoadriani.com\/?p=1496"]}]},{"@type":"BreadcrumbList","@id":"https:\/\/alcaldiaalbertoadriani.com\/?p=1496#breadcrumb","itemListElement":[{"@type":"ListItem","position":1,"name":"Portada","item":"https:\/\/alcaldiaalbertoadriani.com\/"},{"@type":"ListItem","position":2,"name":"\u00daltimo Parrand\u00f3n Navide\u00f1o se realiz\u00f3 en el Km 15 del municipio Alberto Adriani"}]},{"@type":"WebSite","@id":"https:\/\/alcaldiaalbertoadriani.com\/#website","url":"https:\/\/alcaldiaalbertoadriani.com\/","name":"Alcaldia Alberto Adriani","description":"","potentialAction":[{"@type":"SearchAction","target":{"@type":"EntryPoint","urlTemplate":"https:\/\/alcaldiaalbertoadriani.com\/?s={search_term_string}"},"query-input":"required name=search_term_string"}],"inLanguage":"es"},{"@type":"Person","@id":"https:\/\/alcaldiaalbertoadriani.com\/#\/schema\/person\/549b4483ff8999ac780deeea78795fc9","name":"Prensa","image":{"@type":"ImageObject","inLanguage":"es","@id":"https:\/\/alcaldiaalbertoadriani.com\/#\/schema\/person\/image\/","url":"https:\/\/secure.gravatar.com\/avatar\/ea1cb567ea992a29627f4eee1c2eb185ec16decec6342d508fdf18dedb56c9de?s=96&d=mm&r=g","contentUrl":"https:\/\/secure.gravatar.com\/avatar\/ea1cb567ea992a29627f4eee1c2eb185ec16decec6342d508fdf18dedb56c9de?s=96&d=mm&r=g","caption":"Prensa"},"url":"https:\/\/alcaldiaalbertoadriani.com\/?author=2"}]}},"_links":{"self":[{"href":"https:\/\/alcaldiaalbertoadriani.com\/index.php?rest_route=\/wp\/v2\/posts\/1496","targetHints":{"allow":["GET"]}}],"collection":[{"href":"https:\/\/alcaldiaalbertoadriani.com\/index.php?rest_route=\/wp\/v2\/posts"}],"about":[{"href":"https:\/\/alcaldiaalbertoadriani.com\/index.php?rest_route=\/wp\/v2\/types\/post"}],"author":[{"embeddable":true,"href":"https:\/\/alcaldiaalbertoadriani.com\/index.php?rest_route=\/wp\/v2\/users\/2"}],"replies":[{"embeddable":true,"href":"https:\/\/alcaldiaalbertoadriani.com\/index.php?rest_route=%2Fwp%2Fv2%2Fcomments&post=1496"}],"version-history":[{"count":3,"href":"https:\/\/alcaldiaalbertoadriani.com\/index.php?rest_route=\/wp\/v2\/posts\/1496\/revisions"}],"predecessor-version":[{"id":1509,"href":"https:\/\/alcaldiaalbertoadriani.com\/index.php?rest_route=\/wp\/v2\/posts\/1496\/revisions\/1509"}],"wp:featuredmedia":[{"embeddable":true,"href":"https:\/\/alcaldiaalbertoadriani.com\/index.php?rest_route=\/wp\/v2\/media\/1501"}],"wp:attachment":[{"href":"https:\/\/alcaldiaalbertoadriani.com\/index.php?rest_route=%2Fwp%2Fv2%2Fmedia&parent=1496"}],"wp:term":[{"taxonomy":"category","embeddable":true,"href":"https:\/\/alcaldiaalbertoadriani.com\/index.php?rest_route=%2Fwp%2Fv2%2Fcategories&post=1496"},{"taxonomy":"post_tag","embeddable":true,"href":"https:\/\/alcaldiaalbertoadriani.com\/index.php?rest_route=%2Fwp%2Fv2%2Ftags&post=1496"}],"curies":[{"name":"wp","href":"https:\/\/api.w.org\/{rel}","templated":true}]}}