{"id":14951,"date":"2026-02-13T19:04:59","date_gmt":"2026-02-13T19:04:59","guid":{"rendered":"https:\/\/alcaldiaalbertoadriani.com\/?p=14951"},"modified":"2026-02-13T19:05:03","modified_gmt":"2026-02-13T19:05:03","slug":"alcalde-lisandro-segura-cuestiona-limitaciones-de-ley-de-amnistia","status":"publish","type":"post","link":"https:\/\/alcaldiaalbertoadriani.com\/?p=14951","title":{"rendered":"Alcalde Lisandro Segura cuestiona limitaciones de la Ley de Amnist\u00eda y propone una reconciliaci\u00f3n estructural"},"content":{"rendered":"\n<p>El alcalde del municipio Alberto Adriani, <a href=\"https:\/\/www.instagram.com\/lisandrosegura02\/\">Lisandro Segura<\/a>, particip\u00f3 en la Consulta P\u00fablica Nacional de la Ley de Amnist\u00eda para la Convivencia Democr\u00e1tica. El encuentro que se desarroll\u00f3 este lunes en el Sal\u00f3n del Pueblo de la Gobernaci\u00f3n del estado M\u00e9rida, cont\u00f3 con la presencia de distintos sectores que hacen vida en la entidad, incluyendo a diputados, legisladores, alcaldes de los diversos municipios, as\u00ed como representantes de gremios profesionales, miembros de la sociedad civil y los cuerpos policiales.<\/p>\n\n\n\n<p>Durante la jornada, se debatieron los alcances y las propuestas de los diferentes sectores con relaci\u00f3n a este instrumento legal.<\/p>\n\n\n\n<h2 class=\"wp-block-heading\"><strong><em>Di\u00e1logo: v\u00eda para el resacate de la dignidad de Venezuela<\/em><\/strong><\/h2>\n\n\n\n<p>El alcalde<a href=\"https:\/\/www.instagram.com\/lisandrosegura02\/\"> Lisandro Segura<\/a>, tom\u00f3 el derecho de palabra en representaci\u00f3n de los alcaldes de oposici\u00f3n de los municipios Zea, Caracciolo Parra y Olmedo, Justo Brice\u00f1o (Torondoy), Julio C\u00e9sar Salas y Guaraque.<\/p>\n\n\n\n<figure class=\"wp-block-gallery has-nested-images columns-default is-cropped wp-block-gallery-1 is-layout-flex wp-block-gallery-is-layout-flex\">\n<figure class=\"wp-block-image size-large\"><img loading=\"lazy\" decoding=\"async\" width=\"576\" height=\"1024\" data-id=\"14953\" src=\"https:\/\/alcaldiaalbertoadriani.com\/wp-content\/uploads\/2026\/02\/photo_4925124421387750359_y-576x1024.jpg\" alt=\"\" class=\"wp-image-14953\" srcset=\"https:\/\/alcaldiaalbertoadriani.com\/wp-content\/uploads\/2026\/02\/photo_4925124421387750359_y-576x1024.jpg 576w, https:\/\/alcaldiaalbertoadriani.com\/wp-content\/uploads\/2026\/02\/photo_4925124421387750359_y-480x853.jpg 480w\" sizes=\"auto, (min-width: 0px) and (max-width: 480px) 480px, (min-width: 481px) 576px, 100vw\" \/><\/figure>\n<\/figure>\n\n\n\n<p>Durante su intervenci\u00f3n, Segura enfatiz\u00f3 que el di\u00e1logo es la \u00fanica v\u00eda para rescatar la dignidad de Venezuela y los venezolanos, resaltando que la pol\u00edtica debe dejar de ser un campo de batalla para convertirse en un espacio de sanaci\u00f3n. Sin embargo, cuestion\u00f3 el alcance del actual proyecto de ley.<\/p>\n\n\n\n<p>&#8220;La reciente Ley de Amnist\u00eda, si bien es un paso que saludamos, resulta insuficiente y limitada al reducirse a apenas 10 acontecimientos espec\u00edficos, ignorando la profundidad de una crisis que ha afectado a miles de ciudadanos. Quienes han estado o siguen estando presos pol\u00edticos no son victimarios, son v\u00edctimas de un sistema que fractur\u00f3 el respeto al pensamiento ajeno&#8221;, asever\u00f3 Segura.<\/p>\n\n\n\n<p>El alcalde hizo hincapi\u00e9 en la &#8220;deuda moral&#8221; con quienes han sido privados de libertad por motivos pol\u00edticos, se\u00f1alando que el da\u00f1o familiar y psicol\u00f3gico es irreparable. En este sentido, sostuvo que para alcanzar una reconciliaci\u00f3n aut\u00e9ntica no bastan gestos protocolares, sino limpiar el camino de leyes que castigan la disidencia.<\/p>\n\n\n\n<p>&#8220;La paz de Venezuela no puede coexistir con instrumentos como la Ley contra el Odio o la Ley Org\u00e1nica Sim\u00f3n Bol\u00edvar. Sin su derogaci\u00f3n, cualquier amnist\u00eda es apenas un alivio temporal&#8221;, subray\u00f3 el burgomaestre, exigiendo una reconciliaci\u00f3n estructural que garantice que ning\u00fan venezolano vuelva a ser perseguido por sus ideas.<strong><em>Prensa Alcald\u00eda Alberto Adriani\/ Claribel Zambrano CNP: 11.843\/ Fotos: Emmanuel M\u00e9ndez.<\/em><\/strong><\/p>\n\n\n\n<figure class=\"wp-block-gallery has-nested-images columns-default is-cropped wp-block-gallery-2 is-layout-flex wp-block-gallery-is-layout-flex\">\n<figure class=\"wp-block-image size-large\"><img loading=\"lazy\" decoding=\"async\" width=\"1024\" height=\"682\" data-id=\"14955\" src=\"https:\/\/alcaldiaalbertoadriani.com\/wp-content\/uploads\/2026\/02\/photo_4925124421387750330_y-1024x682.jpg\" alt=\"\" class=\"wp-image-14955\" srcset=\"https:\/\/alcaldiaalbertoadriani.com\/wp-content\/uploads\/2026\/02\/photo_4925124421387750330_y-1024x682.jpg 1024w, https:\/\/alcaldiaalbertoadriani.com\/wp-content\/uploads\/2026\/02\/photo_4925124421387750330_y-980x653.jpg 980w, https:\/\/alcaldiaalbertoadriani.com\/wp-content\/uploads\/2026\/02\/photo_4925124421387750330_y-480x320.jpg 480w\" sizes=\"auto, (min-width: 0px) and (max-width: 480px) 480px, (min-width: 481px) and (max-width: 980px) 980px, (min-width: 981px) 1024px, 100vw\" \/><\/figure>\n\n\n\n<figure class=\"wp-block-image size-large\"><img loading=\"lazy\" decoding=\"async\" width=\"1024\" height=\"682\" data-id=\"14956\" src=\"https:\/\/alcaldiaalbertoadriani.com\/wp-content\/uploads\/2026\/02\/photo_4925124421387750328_y-1024x682.jpg\" alt=\"\" class=\"wp-image-14956\" srcset=\"https:\/\/alcaldiaalbertoadriani.com\/wp-content\/uploads\/2026\/02\/photo_4925124421387750328_y-1024x682.jpg 1024w, https:\/\/alcaldiaalbertoadriani.com\/wp-content\/uploads\/2026\/02\/photo_4925124421387750328_y-980x653.jpg 980w, https:\/\/alcaldiaalbertoadriani.com\/wp-content\/uploads\/2026\/02\/photo_4925124421387750328_y-480x320.jpg 480w\" sizes=\"auto, (min-width: 0px) and (max-width: 480px) 480px, (min-width: 481px) and (max-width: 980px) 980px, (min-width: 981px) 1024px, 100vw\" \/><\/figure>\n<\/figure>\n\n\n\n<figure class=\"wp-block-gallery has-nested-images columns-default is-cropped wp-block-gallery-3 is-layout-flex wp-block-gallery-is-layout-flex\">\n<figure class=\"wp-block-image size-large\"><img loading=\"lazy\" decoding=\"async\" width=\"1024\" height=\"768\" data-id=\"14954\" src=\"https:\/\/alcaldiaalbertoadriani.com\/wp-content\/uploads\/2026\/02\/photo_4925124421387750354_y-1024x768.jpg\" alt=\"\" class=\"wp-image-14954\" srcset=\"https:\/\/alcaldiaalbertoadriani.com\/wp-content\/uploads\/2026\/02\/photo_4925124421387750354_y-1024x768.jpg 1024w, https:\/\/alcaldiaalbertoadriani.com\/wp-content\/uploads\/2026\/02\/photo_4925124421387750354_y-980x735.jpg 980w, https:\/\/alcaldiaalbertoadriani.com\/wp-content\/uploads\/2026\/02\/photo_4925124421387750354_y-480x360.jpg 480w\" sizes=\"auto, (min-width: 0px) and (max-width: 480px) 480px, (min-width: 481px) and (max-width: 980px) 980px, (min-width: 981px) 1024px, 100vw\" \/><\/figure>\n<\/figure>\n","protected":false},"excerpt":{"rendered":"<p>El alcalde del municipio Alberto Adriani, Lisandro Segura, particip\u00f3 en la Consulta P\u00fablica Nacional de la Ley de Amnist\u00eda para la Convivencia Democr\u00e1tica. El encuentro que se desarroll\u00f3 este lunes [&hellip;]<\/p>\n","protected":false},"author":2,"featured_media":14952,"comment_status":"open","ping_status":"closed","sticky":false,"template":"","format":"standard","meta":{"_et_pb_use_builder":"off","_et_pb_old_content":"","_et_gb_content_width":"","footnotes":""},"categories":[341],"tags":[31,11,12,30],"class_list":["post-14951","post","type-post","status-publish","format-standard","has-post-thumbnail","hentry","category-alcaldia-alberto-adriani","tag-alcalde","tag-alcaldia","tag-alcaldiaalbertoadriani","tag-lisandrosegura"],"yoast_head":"<!-- This site is optimized with the Yoast SEO plugin v19.13 - https:\/\/yoast.com\/wordpress\/plugins\/seo\/ -->\n<title>Alcalde Lisandro Segura cuestiona limitaciones de Ley de Amnist\u00eda<\/title>\n<meta name=\"description\" content=\"Alcalde Lisandro Segura cuestiona limitaciones de la Ley de Amnist\u00eda y propone una reconciliaci\u00f3n estructural\" \/>\n<meta name=\"robots\" content=\"index, follow, max-snippet:-1, max-image-preview:large, max-video-preview:-1\" \/>\n<link rel=\"canonical\" href=\"https:\/\/alcaldiaalbertoadriani.com\/?p=14951\" \/>\n<meta property=\"og:locale\" content=\"es_ES\" \/>\n<meta property=\"og:type\" content=\"article\" \/>\n<meta property=\"og:title\" content=\"Alcalde Lisandro Segura cuestiona limitaciones de Ley de Amnist\u00eda\" \/>\n<meta property=\"og:description\" content=\"Alcalde Lisandro Segura cuestiona limitaciones de la Ley de Amnist\u00eda y propone una reconciliaci\u00f3n estructural\" \/>\n<meta property=\"og:url\" content=\"https:\/\/alcaldiaalbertoadriani.com\/?p=14951\" \/>\n<meta property=\"og:site_name\" content=\"Alcaldia Alberto Adriani\" \/>\n<meta property=\"article:published_time\" content=\"2026-02-13T19:04:59+00:00\" \/>\n<meta property=\"article:modified_time\" content=\"2026-02-13T19:05:03+00:00\" \/>\n<meta property=\"og:image\" content=\"https:\/\/alcaldiaalbertoadriani.com\/wp-content\/uploads\/2026\/02\/photo_4924821609013513215_w.jpg\" \/>\n\t<meta property=\"og:image:width\" content=\"1919\" \/>\n\t<meta property=\"og:image:height\" content=\"885\" \/>\n\t<meta property=\"og:image:type\" content=\"image\/jpeg\" \/>\n<meta name=\"author\" content=\"Prensa\" \/>\n<meta name=\"twitter:card\" content=\"summary_large_image\" \/>\n<meta name=\"twitter:label1\" content=\"Escrito por\" \/>\n\t<meta name=\"twitter:data1\" content=\"Prensa\" \/>\n\t<meta name=\"twitter:label2\" content=\"Tiempo de lectura\" \/>\n\t<meta name=\"twitter:data2\" content=\"3 minutos\" \/>\n<script type=\"application\/ld+json\" class=\"yoast-schema-graph\">{\"@context\":\"https:\/\/schema.org\",\"@graph\":[{\"@type\":\"WebPage\",\"@id\":\"https:\/\/alcaldiaalbertoadriani.com\/?p=14951\",\"url\":\"https:\/\/alcaldiaalbertoadriani.com\/?p=14951\",\"name\":\"Alcalde Lisandro Segura cuestiona limitaciones de Ley de Amnist\u00eda\",\"isPartOf\":{\"@id\":\"https:\/\/alcaldiaalbertoadriani.com\/#website\"},\"datePublished\":\"2026-02-13T19:04:59+00:00\",\"dateModified\":\"2026-02-13T19:05:03+00:00\",\"author\":{\"@id\":\"https:\/\/alcaldiaalbertoadriani.com\/#\/schema\/person\/549b4483ff8999ac780deeea78795fc9\"},\"description\":\"Alcalde Lisandro Segura cuestiona limitaciones de la Ley de Amnist\u00eda y propone una reconciliaci\u00f3n estructural\",\"breadcrumb\":{\"@id\":\"https:\/\/alcaldiaalbertoadriani.com\/?p=14951#breadcrumb\"},\"inLanguage\":\"es\",\"potentialAction\":[{\"@type\":\"ReadAction\",\"target\":[\"https:\/\/alcaldiaalbertoadriani.com\/?p=14951\"]}]},{\"@type\":\"BreadcrumbList\",\"@id\":\"https:\/\/alcaldiaalbertoadriani.com\/?p=14951#breadcrumb\",\"itemListElement\":[{\"@type\":\"ListItem\",\"position\":1,\"name\":\"Portada\",\"item\":\"https:\/\/alcaldiaalbertoadriani.com\/\"},{\"@type\":\"ListItem\",\"position\":2,\"name\":\"Alcalde Lisandro Segura cuestiona limitaciones de la Ley de Amnist\u00eda y propone una reconciliaci\u00f3n estructural\"}]},{\"@type\":\"WebSite\",\"@id\":\"https:\/\/alcaldiaalbertoadriani.com\/#website\",\"url\":\"https:\/\/alcaldiaalbertoadriani.com\/\",\"name\":\"Alcaldia Alberto Adriani\",\"description\":\"\",\"potentialAction\":[{\"@type\":\"SearchAction\",\"target\":{\"@type\":\"EntryPoint\",\"urlTemplate\":\"https:\/\/alcaldiaalbertoadriani.com\/?s={search_term_string}\"},\"query-input\":\"required name=search_term_string\"}],\"inLanguage\":\"es\"},{\"@type\":\"Person\",\"@id\":\"https:\/\/alcaldiaalbertoadriani.com\/#\/schema\/person\/549b4483ff8999ac780deeea78795fc9\",\"name\":\"Prensa\",\"image\":{\"@type\":\"ImageObject\",\"inLanguage\":\"es\",\"@id\":\"https:\/\/alcaldiaalbertoadriani.com\/#\/schema\/person\/image\/\",\"url\":\"https:\/\/secure.gravatar.com\/avatar\/ea1cb567ea992a29627f4eee1c2eb185ec16decec6342d508fdf18dedb56c9de?s=96&d=mm&r=g\",\"contentUrl\":\"https:\/\/secure.gravatar.com\/avatar\/ea1cb567ea992a29627f4eee1c2eb185ec16decec6342d508fdf18dedb56c9de?s=96&d=mm&r=g\",\"caption\":\"Prensa\"},\"url\":\"https:\/\/alcaldiaalbertoadriani.com\/?author=2\"}]}<\/script>\n<!-- \/ Yoast SEO plugin. -->","yoast_head_json":{"title":"Alcalde Lisandro Segura cuestiona limitaciones de Ley de Amnist\u00eda","description":"Alcalde Lisandro Segura cuestiona limitaciones de la Ley de Amnist\u00eda y propone una reconciliaci\u00f3n estructural","robots":{"index":"index","follow":"follow","max-snippet":"max-snippet:-1","max-image-preview":"max-image-preview:large","max-video-preview":"max-video-preview:-1"},"canonical":"https:\/\/alcaldiaalbertoadriani.com\/?p=14951","og_locale":"es_ES","og_type":"article","og_title":"Alcalde Lisandro Segura cuestiona limitaciones de Ley de Amnist\u00eda","og_description":"Alcalde Lisandro Segura cuestiona limitaciones de la Ley de Amnist\u00eda y propone una reconciliaci\u00f3n estructural","og_url":"https:\/\/alcaldiaalbertoadriani.com\/?p=14951","og_site_name":"Alcaldia Alberto Adriani","article_published_time":"2026-02-13T19:04:59+00:00","article_modified_time":"2026-02-13T19:05:03+00:00","og_image":[{"width":1919,"height":885,"url":"https:\/\/alcaldiaalbertoadriani.com\/wp-content\/uploads\/2026\/02\/photo_4924821609013513215_w.jpg","type":"image\/jpeg"}],"author":"Prensa","twitter_card":"summary_large_image","twitter_misc":{"Escrito por":"Prensa","Tiempo de lectura":"3 minutos"},"schema":{"@context":"https:\/\/schema.org","@graph":[{"@type":"WebPage","@id":"https:\/\/alcaldiaalbertoadriani.com\/?p=14951","url":"https:\/\/alcaldiaalbertoadriani.com\/?p=14951","name":"Alcalde Lisandro Segura cuestiona limitaciones de Ley de Amnist\u00eda","isPartOf":{"@id":"https:\/\/alcaldiaalbertoadriani.com\/#website"},"datePublished":"2026-02-13T19:04:59+00:00","dateModified":"2026-02-13T19:05:03+00:00","author":{"@id":"https:\/\/alcaldiaalbertoadriani.com\/#\/schema\/person\/549b4483ff8999ac780deeea78795fc9"},"description":"Alcalde Lisandro Segura cuestiona limitaciones de la Ley de Amnist\u00eda y propone una reconciliaci\u00f3n estructural","breadcrumb":{"@id":"https:\/\/alcaldiaalbertoadriani.com\/?p=14951#breadcrumb"},"inLanguage":"es","potentialAction":[{"@type":"ReadAction","target":["https:\/\/alcaldiaalbertoadriani.com\/?p=14951"]}]},{"@type":"BreadcrumbList","@id":"https:\/\/alcaldiaalbertoadriani.com\/?p=14951#breadcrumb","itemListElement":[{"@type":"ListItem","position":1,"name":"Portada","item":"https:\/\/alcaldiaalbertoadriani.com\/"},{"@type":"ListItem","position":2,"name":"Alcalde Lisandro Segura cuestiona limitaciones de la Ley de Amnist\u00eda y propone una reconciliaci\u00f3n estructural"}]},{"@type":"WebSite","@id":"https:\/\/alcaldiaalbertoadriani.com\/#website","url":"https:\/\/alcaldiaalbertoadriani.com\/","name":"Alcaldia Alberto Adriani","description":"","potentialAction":[{"@type":"SearchAction","target":{"@type":"EntryPoint","urlTemplate":"https:\/\/alcaldiaalbertoadriani.com\/?s={search_term_string}"},"query-input":"required name=search_term_string"}],"inLanguage":"es"},{"@type":"Person","@id":"https:\/\/alcaldiaalbertoadriani.com\/#\/schema\/person\/549b4483ff8999ac780deeea78795fc9","name":"Prensa","image":{"@type":"ImageObject","inLanguage":"es","@id":"https:\/\/alcaldiaalbertoadriani.com\/#\/schema\/person\/image\/","url":"https:\/\/secure.gravatar.com\/avatar\/ea1cb567ea992a29627f4eee1c2eb185ec16decec6342d508fdf18dedb56c9de?s=96&d=mm&r=g","contentUrl":"https:\/\/secure.gravatar.com\/avatar\/ea1cb567ea992a29627f4eee1c2eb185ec16decec6342d508fdf18dedb56c9de?s=96&d=mm&r=g","caption":"Prensa"},"url":"https:\/\/alcaldiaalbertoadriani.com\/?author=2"}]}},"_links":{"self":[{"href":"https:\/\/alcaldiaalbertoadriani.com\/index.php?rest_route=\/wp\/v2\/posts\/14951","targetHints":{"allow":["GET"]}}],"collection":[{"href":"https:\/\/alcaldiaalbertoadriani.com\/index.php?rest_route=\/wp\/v2\/posts"}],"about":[{"href":"https:\/\/alcaldiaalbertoadriani.com\/index.php?rest_route=\/wp\/v2\/types\/post"}],"author":[{"embeddable":true,"href":"https:\/\/alcaldiaalbertoadriani.com\/index.php?rest_route=\/wp\/v2\/users\/2"}],"replies":[{"embeddable":true,"href":"https:\/\/alcaldiaalbertoadriani.com\/index.php?rest_route=%2Fwp%2Fv2%2Fcomments&post=14951"}],"version-history":[{"count":1,"href":"https:\/\/alcaldiaalbertoadriani.com\/index.php?rest_route=\/wp\/v2\/posts\/14951\/revisions"}],"predecessor-version":[{"id":14957,"href":"https:\/\/alcaldiaalbertoadriani.com\/index.php?rest_route=\/wp\/v2\/posts\/14951\/revisions\/14957"}],"wp:featuredmedia":[{"embeddable":true,"href":"https:\/\/alcaldiaalbertoadriani.com\/index.php?rest_route=\/wp\/v2\/media\/14952"}],"wp:attachment":[{"href":"https:\/\/alcaldiaalbertoadriani.com\/index.php?rest_route=%2Fwp%2Fv2%2Fmedia&parent=14951"}],"wp:term":[{"taxonomy":"category","embeddable":true,"href":"https:\/\/alcaldiaalbertoadriani.com\/index.php?rest_route=%2Fwp%2Fv2%2Fcategories&post=14951"},{"taxonomy":"post_tag","embeddable":true,"href":"https:\/\/alcaldiaalbertoadriani.com\/index.php?rest_route=%2Fwp%2Fv2%2Ftags&post=14951"}],"curies":[{"name":"wp","href":"https:\/\/api.w.org\/{rel}","templated":true}]}}