{"id":14947,"date":"2026-02-13T18:28:15","date_gmt":"2026-02-13T18:28:15","guid":{"rendered":"https:\/\/alcaldiaalbertoadriani.com\/?p=14947"},"modified":"2026-02-13T18:28:18","modified_gmt":"2026-02-13T18:28:18","slug":"alcaldia-de-alberto-adriani-afina-detalles-organizativos-para-desfile","status":"publish","type":"post","link":"https:\/\/alcaldiaalbertoadriani.com\/?p=14947","title":{"rendered":"Alcald\u00eda de Alberto Adriani afina detalles organizativos para el Desfile de Carnaval 2026"},"content":{"rendered":"\n<p>Con el objetivo de afinar la organizaci\u00f3n del <a href=\"https:\/\/alcaldiaalbertoadriani.com\/?tag=gobierno-de-lisandro-segura-realizara-el-desfile-de-carnavales\">Desfile de Carnaval <\/a>2026, previsto para el domingo 15 de febrero, la Alcald\u00eda del municipio Alberto Adriani a trav\u00e9s del Instituto Municipal de la Cultura (<a href=\"https:\/\/alcaldiaalbertoadriani.com\/?tag=iamcaa-cursos-ortografia\">Iamcaa<\/a>) llev\u00f3 a cabo una importante reuni\u00f3n de trabajo con gerentes y representantes de distintas dependencias municipales, contando con el respaldo y apoyo del alcalde <a href=\"https:\/\/www.instagram.com\/lisandrosegura02\/\">Lisandro Segura<\/a>,<\/p>\n\n\n\n<p>El presidente del Iamcaa, Keibert Rojas, inform\u00f3 que durante el encuentro se convers\u00f3 sobre la conformaci\u00f3n de las distintas comisiones que estar\u00e1n desplegadas durante el evento, entre ellas las Comisiones de salida, ruta, hidrataci\u00f3n, seguridad, llegada, tarima y protocolo.<\/p>\n\n\n\n<p>Rojas, resalt\u00f3 que el \u00e9xito de esta actividad es producto del trabajo articulado de toda la gesti\u00f3n municipal. \u201cSiempre hemos contado con el apoyo de todas las dependencias de la alcald\u00eda. Este no es un trabajo que desarrolla \u00fanicamente el Instituto de la Cultura, sino que tambi\u00e9n participan Protocolo, as\u00ed como todas las dem\u00e1s gerencias e institutos municipales que estar\u00e1n sumados para asegurar el libre desenvolvimiento del Desfile de Carnaval\u201d, se\u00f1al\u00f3.<\/p>\n\n\n\n<p>Asimismo, extendi\u00f3 una invitaci\u00f3n a toda la colectividad a participar en esta tradicional actividad, recordando que a\u00fan se encuentran abiertas las inscripciones para carrozas, comparsas y disfraces. Los interesados pueden acudir al Centro Cultural, segundo piso, donde funciona el Instituto de la Cultura, de lunes a viernes. Las inscripciones son totalmente gratuitas.<\/p>\n\n\n\n<h2 class=\"wp-block-heading\"><strong><em>Recorrido<\/em><\/strong><\/h2>\n\n\n\n<p>En cuanto al recorrido, el presidente del Iamcaa inform\u00f3 que el punto de salida ser\u00e1 el enlace vial Omaira Candela, avanzando por la avenida Bol\u00edvar, bajando por la calle 3 del centro de la ciudad, continuando por la avenida 16, luego subiendo nuevamente por la avenida Bol\u00edvar hasta conectar con la plaza Mama Santo y la avenida 15 hasta llegar a los Tribunales, donde estar\u00e1 ubicada la tarima.<\/p>\n\n\n\n<figure class=\"wp-block-gallery has-nested-images columns-default is-cropped wp-block-gallery-1 is-layout-flex wp-block-gallery-is-layout-flex\">\n<figure class=\"wp-block-image size-large\"><img loading=\"lazy\" decoding=\"async\" width=\"1024\" height=\"768\" data-id=\"14949\" src=\"https:\/\/alcaldiaalbertoadriani.com\/wp-content\/uploads\/2026\/02\/photo_4927379575570893803_y-1024x768.jpg\" alt=\"\" class=\"wp-image-14949\" srcset=\"https:\/\/alcaldiaalbertoadriani.com\/wp-content\/uploads\/2026\/02\/photo_4927379575570893803_y-1024x768.jpg 1024w, https:\/\/alcaldiaalbertoadriani.com\/wp-content\/uploads\/2026\/02\/photo_4927379575570893803_y-980x735.jpg 980w, https:\/\/alcaldiaalbertoadriani.com\/wp-content\/uploads\/2026\/02\/photo_4927379575570893803_y-480x360.jpg 480w\" sizes=\"auto, (min-width: 0px) and (max-width: 480px) 480px, (min-width: 481px) and (max-width: 980px) 980px, (min-width: 981px) 1024px, 100vw\" \/><\/figure>\n<\/figure>\n\n\n\n<p>Para garantizar el bienestar de los participantes, &#8220;se habilitar\u00e1n siete puntos de hidrataci\u00f3n a lo largo del recorrido. Adem\u00e1s, se contar\u00e1 con un completo despliegue log\u00edstico, la presencia de la Unidad de Riesgos y organismos de seguridad, a fin de brindar mayor protecci\u00f3n y asegurar un desfile organizado&#8221;, precis\u00f3.<\/p>\n\n\n\n<p>Hasta el momento, se cuenta con la participaci\u00f3n de las ocho agrupaciones de danza del municipio Alberto Adriani, y como invitados la Banda del municipio Francisco Javier Pulgar.<\/p>\n\n\n\n<p>La gesti\u00f3n del alcalde <a href=\"https:\/\/www.instagram.com\/lisandrosegura02\/\">Lisandro Segura<\/a>, sigue fortalecimiento las tradiciones culturales y la promoci\u00f3n de espacios de sano esparcimiento para la colectividad. <strong><em>Prensa Alcald\u00eda de Alberto Adriani\/ Tahiry Villalobos CNP: 23.225 \/Foto: Karla M\u00e1rquez.<\/em><\/strong><\/p>\n","protected":false},"excerpt":{"rendered":"<p>Con el objetivo de afinar la organizaci\u00f3n del Desfile de Carnaval 2026, previsto para el domingo 15 de febrero, la Alcald\u00eda del municipio Alberto Adriani a trav\u00e9s del Instituto Municipal [&hellip;]<\/p>\n","protected":false},"author":2,"featured_media":14948,"comment_status":"open","ping_status":"closed","sticky":false,"template":"","format":"standard","meta":{"_et_pb_use_builder":"off","_et_pb_old_content":"","_et_gb_content_width":"","footnotes":""},"categories":[341,77,25],"tags":[31,11,12,15,761,30,29,28],"class_list":["post-14947","post","type-post","status-publish","format-standard","has-post-thumbnail","hentry","category-alcaldia-alberto-adriani","category-iamcaa","category-nuestro-municipio","tag-alcalde","tag-alcaldia","tag-alcaldiaalbertoadriani","tag-elvigia","tag-encrucijadadeprogreso","tag-lisandrosegura","tag-municipioquenosmerecemos","tag-porelrenacer"],"yoast_head":"<!-- This site is optimized with the Yoast SEO plugin v19.13 - https:\/\/yoast.com\/wordpress\/plugins\/seo\/ -->\n<title>Alcald\u00eda de Alberto Adriani afina detalles organizativos para desfile<\/title>\n<meta name=\"description\" content=\"Alcald\u00eda de Alberto Adriani afina detalles organizativos para el Desfile de Carnaval 2026 previsto para el domingo 15 de febrero\" \/>\n<meta name=\"robots\" content=\"index, follow, max-snippet:-1, max-image-preview:large, max-video-preview:-1\" \/>\n<link rel=\"canonical\" href=\"https:\/\/alcaldiaalbertoadriani.com\/?p=14947\" \/>\n<meta property=\"og:locale\" content=\"es_ES\" \/>\n<meta property=\"og:type\" content=\"article\" \/>\n<meta property=\"og:title\" content=\"Alcald\u00eda de Alberto Adriani afina detalles organizativos para desfile\" \/>\n<meta property=\"og:description\" content=\"Alcald\u00eda de Alberto Adriani afina detalles organizativos para el Desfile de Carnaval 2026 previsto para el domingo 15 de febrero\" \/>\n<meta property=\"og:url\" content=\"https:\/\/alcaldiaalbertoadriani.com\/?p=14947\" \/>\n<meta property=\"og:site_name\" content=\"Alcaldia Alberto Adriani\" \/>\n<meta property=\"article:published_time\" content=\"2026-02-13T18:28:15+00:00\" \/>\n<meta property=\"article:modified_time\" content=\"2026-02-13T18:28:18+00:00\" \/>\n<meta property=\"og:image\" content=\"https:\/\/alcaldiaalbertoadriani.com\/wp-content\/uploads\/2026\/02\/photo_4927379575570893804_y.jpg\" \/>\n\t<meta property=\"og:image:width\" content=\"1280\" \/>\n\t<meta property=\"og:image:height\" content=\"960\" \/>\n\t<meta property=\"og:image:type\" content=\"image\/jpeg\" \/>\n<meta name=\"author\" content=\"Prensa\" \/>\n<meta name=\"twitter:card\" content=\"summary_large_image\" \/>\n<meta name=\"twitter:label1\" content=\"Escrito por\" \/>\n\t<meta name=\"twitter:data1\" content=\"Prensa\" \/>\n\t<meta name=\"twitter:label2\" content=\"Tiempo de lectura\" \/>\n\t<meta name=\"twitter:data2\" content=\"3 minutos\" \/>\n<script type=\"application\/ld+json\" class=\"yoast-schema-graph\">{\"@context\":\"https:\/\/schema.org\",\"@graph\":[{\"@type\":\"WebPage\",\"@id\":\"https:\/\/alcaldiaalbertoadriani.com\/?p=14947\",\"url\":\"https:\/\/alcaldiaalbertoadriani.com\/?p=14947\",\"name\":\"Alcald\u00eda de Alberto Adriani afina detalles organizativos para desfile\",\"isPartOf\":{\"@id\":\"https:\/\/alcaldiaalbertoadriani.com\/#website\"},\"datePublished\":\"2026-02-13T18:28:15+00:00\",\"dateModified\":\"2026-02-13T18:28:18+00:00\",\"author\":{\"@id\":\"https:\/\/alcaldiaalbertoadriani.com\/#\/schema\/person\/549b4483ff8999ac780deeea78795fc9\"},\"description\":\"Alcald\u00eda de Alberto Adriani afina detalles organizativos para el Desfile de Carnaval 2026 previsto para el domingo 15 de febrero\",\"breadcrumb\":{\"@id\":\"https:\/\/alcaldiaalbertoadriani.com\/?p=14947#breadcrumb\"},\"inLanguage\":\"es\",\"potentialAction\":[{\"@type\":\"ReadAction\",\"target\":[\"https:\/\/alcaldiaalbertoadriani.com\/?p=14947\"]}]},{\"@type\":\"BreadcrumbList\",\"@id\":\"https:\/\/alcaldiaalbertoadriani.com\/?p=14947#breadcrumb\",\"itemListElement\":[{\"@type\":\"ListItem\",\"position\":1,\"name\":\"Portada\",\"item\":\"https:\/\/alcaldiaalbertoadriani.com\/\"},{\"@type\":\"ListItem\",\"position\":2,\"name\":\"Alcald\u00eda de Alberto Adriani afina detalles organizativos para el Desfile de Carnaval 2026\"}]},{\"@type\":\"WebSite\",\"@id\":\"https:\/\/alcaldiaalbertoadriani.com\/#website\",\"url\":\"https:\/\/alcaldiaalbertoadriani.com\/\",\"name\":\"Alcaldia Alberto Adriani\",\"description\":\"\",\"potentialAction\":[{\"@type\":\"SearchAction\",\"target\":{\"@type\":\"EntryPoint\",\"urlTemplate\":\"https:\/\/alcaldiaalbertoadriani.com\/?s={search_term_string}\"},\"query-input\":\"required name=search_term_string\"}],\"inLanguage\":\"es\"},{\"@type\":\"Person\",\"@id\":\"https:\/\/alcaldiaalbertoadriani.com\/#\/schema\/person\/549b4483ff8999ac780deeea78795fc9\",\"name\":\"Prensa\",\"image\":{\"@type\":\"ImageObject\",\"inLanguage\":\"es\",\"@id\":\"https:\/\/alcaldiaalbertoadriani.com\/#\/schema\/person\/image\/\",\"url\":\"https:\/\/secure.gravatar.com\/avatar\/ea1cb567ea992a29627f4eee1c2eb185ec16decec6342d508fdf18dedb56c9de?s=96&d=mm&r=g\",\"contentUrl\":\"https:\/\/secure.gravatar.com\/avatar\/ea1cb567ea992a29627f4eee1c2eb185ec16decec6342d508fdf18dedb56c9de?s=96&d=mm&r=g\",\"caption\":\"Prensa\"},\"url\":\"https:\/\/alcaldiaalbertoadriani.com\/?author=2\"}]}<\/script>\n<!-- \/ Yoast SEO plugin. -->","yoast_head_json":{"title":"Alcald\u00eda de Alberto Adriani afina detalles organizativos para desfile","description":"Alcald\u00eda de Alberto Adriani afina detalles organizativos para el Desfile de Carnaval 2026 previsto para el domingo 15 de febrero","robots":{"index":"index","follow":"follow","max-snippet":"max-snippet:-1","max-image-preview":"max-image-preview:large","max-video-preview":"max-video-preview:-1"},"canonical":"https:\/\/alcaldiaalbertoadriani.com\/?p=14947","og_locale":"es_ES","og_type":"article","og_title":"Alcald\u00eda de Alberto Adriani afina detalles organizativos para desfile","og_description":"Alcald\u00eda de Alberto Adriani afina detalles organizativos para el Desfile de Carnaval 2026 previsto para el domingo 15 de febrero","og_url":"https:\/\/alcaldiaalbertoadriani.com\/?p=14947","og_site_name":"Alcaldia Alberto Adriani","article_published_time":"2026-02-13T18:28:15+00:00","article_modified_time":"2026-02-13T18:28:18+00:00","og_image":[{"width":1280,"height":960,"url":"https:\/\/alcaldiaalbertoadriani.com\/wp-content\/uploads\/2026\/02\/photo_4927379575570893804_y.jpg","type":"image\/jpeg"}],"author":"Prensa","twitter_card":"summary_large_image","twitter_misc":{"Escrito por":"Prensa","Tiempo de lectura":"3 minutos"},"schema":{"@context":"https:\/\/schema.org","@graph":[{"@type":"WebPage","@id":"https:\/\/alcaldiaalbertoadriani.com\/?p=14947","url":"https:\/\/alcaldiaalbertoadriani.com\/?p=14947","name":"Alcald\u00eda de Alberto Adriani afina detalles organizativos para desfile","isPartOf":{"@id":"https:\/\/alcaldiaalbertoadriani.com\/#website"},"datePublished":"2026-02-13T18:28:15+00:00","dateModified":"2026-02-13T18:28:18+00:00","author":{"@id":"https:\/\/alcaldiaalbertoadriani.com\/#\/schema\/person\/549b4483ff8999ac780deeea78795fc9"},"description":"Alcald\u00eda de Alberto Adriani afina detalles organizativos para el Desfile de Carnaval 2026 previsto para el domingo 15 de febrero","breadcrumb":{"@id":"https:\/\/alcaldiaalbertoadriani.com\/?p=14947#breadcrumb"},"inLanguage":"es","potentialAction":[{"@type":"ReadAction","target":["https:\/\/alcaldiaalbertoadriani.com\/?p=14947"]}]},{"@type":"BreadcrumbList","@id":"https:\/\/alcaldiaalbertoadriani.com\/?p=14947#breadcrumb","itemListElement":[{"@type":"ListItem","position":1,"name":"Portada","item":"https:\/\/alcaldiaalbertoadriani.com\/"},{"@type":"ListItem","position":2,"name":"Alcald\u00eda de Alberto Adriani afina detalles organizativos para el Desfile de Carnaval 2026"}]},{"@type":"WebSite","@id":"https:\/\/alcaldiaalbertoadriani.com\/#website","url":"https:\/\/alcaldiaalbertoadriani.com\/","name":"Alcaldia Alberto Adriani","description":"","potentialAction":[{"@type":"SearchAction","target":{"@type":"EntryPoint","urlTemplate":"https:\/\/alcaldiaalbertoadriani.com\/?s={search_term_string}"},"query-input":"required name=search_term_string"}],"inLanguage":"es"},{"@type":"Person","@id":"https:\/\/alcaldiaalbertoadriani.com\/#\/schema\/person\/549b4483ff8999ac780deeea78795fc9","name":"Prensa","image":{"@type":"ImageObject","inLanguage":"es","@id":"https:\/\/alcaldiaalbertoadriani.com\/#\/schema\/person\/image\/","url":"https:\/\/secure.gravatar.com\/avatar\/ea1cb567ea992a29627f4eee1c2eb185ec16decec6342d508fdf18dedb56c9de?s=96&d=mm&r=g","contentUrl":"https:\/\/secure.gravatar.com\/avatar\/ea1cb567ea992a29627f4eee1c2eb185ec16decec6342d508fdf18dedb56c9de?s=96&d=mm&r=g","caption":"Prensa"},"url":"https:\/\/alcaldiaalbertoadriani.com\/?author=2"}]}},"_links":{"self":[{"href":"https:\/\/alcaldiaalbertoadriani.com\/index.php?rest_route=\/wp\/v2\/posts\/14947","targetHints":{"allow":["GET"]}}],"collection":[{"href":"https:\/\/alcaldiaalbertoadriani.com\/index.php?rest_route=\/wp\/v2\/posts"}],"about":[{"href":"https:\/\/alcaldiaalbertoadriani.com\/index.php?rest_route=\/wp\/v2\/types\/post"}],"author":[{"embeddable":true,"href":"https:\/\/alcaldiaalbertoadriani.com\/index.php?rest_route=\/wp\/v2\/users\/2"}],"replies":[{"embeddable":true,"href":"https:\/\/alcaldiaalbertoadriani.com\/index.php?rest_route=%2Fwp%2Fv2%2Fcomments&post=14947"}],"version-history":[{"count":1,"href":"https:\/\/alcaldiaalbertoadriani.com\/index.php?rest_route=\/wp\/v2\/posts\/14947\/revisions"}],"predecessor-version":[{"id":14950,"href":"https:\/\/alcaldiaalbertoadriani.com\/index.php?rest_route=\/wp\/v2\/posts\/14947\/revisions\/14950"}],"wp:featuredmedia":[{"embeddable":true,"href":"https:\/\/alcaldiaalbertoadriani.com\/index.php?rest_route=\/wp\/v2\/media\/14948"}],"wp:attachment":[{"href":"https:\/\/alcaldiaalbertoadriani.com\/index.php?rest_route=%2Fwp%2Fv2%2Fmedia&parent=14947"}],"wp:term":[{"taxonomy":"category","embeddable":true,"href":"https:\/\/alcaldiaalbertoadriani.com\/index.php?rest_route=%2Fwp%2Fv2%2Fcategories&post=14947"},{"taxonomy":"post_tag","embeddable":true,"href":"https:\/\/alcaldiaalbertoadriani.com\/index.php?rest_route=%2Fwp%2Fv2%2Ftags&post=14947"}],"curies":[{"name":"wp","href":"https:\/\/api.w.org\/{rel}","templated":true}]}}