{"id":14921,"date":"2026-02-09T14:44:14","date_gmt":"2026-02-09T14:44:14","guid":{"rendered":"https:\/\/alcaldiaalbertoadriani.com\/?p=14921"},"modified":"2026-02-09T14:44:18","modified_gmt":"2026-02-09T14:44:18","slug":"gestion-de-lisandro-segura-culmino-construccion-de-muro","status":"publish","type":"post","link":"https:\/\/alcaldiaalbertoadriani.com\/?p=14921","title":{"rendered":"Gesti\u00f3n de Lisandro Segura culmin\u00f3 construcci\u00f3n de muro y cuneta en Villa Milenium"},"content":{"rendered":"\n<p>La gesti\u00f3n del alcalde<a href=\"https:\/\/www.instagram.com\/lisandrosegura02\/\"> Lisandro Segura<\/a> culmin\u00f3 la construcci\u00f3n del muro de protecci\u00f3n con gaviones y cuneta en el sector Villa Milenium, en el tramo que conduce hacia el ancianato en la parroquia Rafael Pulido M\u00e9ndez.<\/p>\n\n\n\n<!--more-->\n\n\n\n<p>Tras el desplome de la cuneta, producto de las lluvias acaecidas recientemente, y que puso en riesgo la calzada y una vivienda cercana, el alcalde Segura, de manera inmediata, despleg\u00f3 el personal de la gerencia de Ingenier\u00eda y Planeamiento Urbano Local (<a href=\"https:\/\/alcaldiaalbertoadriani.com\/?p=6135\">Gipul<\/a>) para proceder a los trabajos de rehabilitaci\u00f3n en ese tramo de la infraestructura vial.<\/p>\n\n\n\n<figure class=\"wp-block-gallery has-nested-images columns-default is-cropped wp-block-gallery-1 is-layout-flex wp-block-gallery-is-layout-flex\">\n<figure class=\"wp-block-image size-large\"><img loading=\"lazy\" decoding=\"async\" width=\"1024\" height=\"454\" data-id=\"14923\" src=\"https:\/\/alcaldiaalbertoadriani.com\/wp-content\/uploads\/2026\/02\/photo_4915769162278309208_y-1024x454.jpg\" alt=\"\" class=\"wp-image-14923\" srcset=\"https:\/\/alcaldiaalbertoadriani.com\/wp-content\/uploads\/2026\/02\/photo_4915769162278309208_y-1024x454.jpg 1024w, https:\/\/alcaldiaalbertoadriani.com\/wp-content\/uploads\/2026\/02\/photo_4915769162278309208_y-980x434.jpg 980w, https:\/\/alcaldiaalbertoadriani.com\/wp-content\/uploads\/2026\/02\/photo_4915769162278309208_y-480x213.jpg 480w\" sizes=\"auto, (min-width: 0px) and (max-width: 480px) 480px, (min-width: 481px) and (max-width: 980px) 980px, (min-width: 981px) 1024px, 100vw\" \/><\/figure>\n<\/figure>\n\n\n\n<p>Seg\u00fan Julio Uzc\u00e1tegui, jefe de Obras Publicas de la Gipul, la intervenci\u00f3n consisti\u00f3 en &#8220;el replanteo del \u00e1rea a trabajar, la conformaci\u00f3n y construcci\u00f3n de la base de protecci\u00f3n a trav\u00e9s de un muro de gavi\u00f3n, y a su vez, la construcci\u00f3n de la cuneta en concreto. Asimismo, todo el muro del margen de la vialidad fue revestido en concreto lo que permitir\u00e1 la estabilizaci\u00f3n tanto de la calzada como de la cuneta y mantener as\u00ed la prolongaci\u00f3n de la misma&#8221;, detall\u00f3 el funcionario.<\/p>\n\n\n\n<p>De esta manera, el gobierno municipal brinda respuestas efectivas ante las diferentes contingencias presentadas, lo que se traduce en calidad de vida para todas las comunidades de Alberto Adriani. <strong><em>Prensa Alcald\u00eda Alberto Adriani\/ Claribel Zambrano CNP: 11.843\/ Fotos: Gipul.<\/em><\/strong><\/p>\n\n\n\n<figure class=\"wp-block-gallery has-nested-images columns-default is-cropped wp-block-gallery-2 is-layout-flex wp-block-gallery-is-layout-flex\">\n<figure class=\"wp-block-image size-large\"><img loading=\"lazy\" decoding=\"async\" width=\"1024\" height=\"454\" data-id=\"14924\" src=\"https:\/\/alcaldiaalbertoadriani.com\/wp-content\/uploads\/2026\/02\/photo_4915769162278309205_y-1024x454.jpg\" alt=\"\" class=\"wp-image-14924\" srcset=\"https:\/\/alcaldiaalbertoadriani.com\/wp-content\/uploads\/2026\/02\/photo_4915769162278309205_y-1024x454.jpg 1024w, https:\/\/alcaldiaalbertoadriani.com\/wp-content\/uploads\/2026\/02\/photo_4915769162278309205_y-980x434.jpg 980w, https:\/\/alcaldiaalbertoadriani.com\/wp-content\/uploads\/2026\/02\/photo_4915769162278309205_y-480x213.jpg 480w\" sizes=\"auto, (min-width: 0px) and (max-width: 480px) 480px, (min-width: 481px) and (max-width: 980px) 980px, (min-width: 981px) 1024px, 100vw\" \/><\/figure>\n\n\n\n<figure class=\"wp-block-image size-large\"><img loading=\"lazy\" decoding=\"async\" width=\"454\" height=\"1024\" data-id=\"14926\" src=\"https:\/\/alcaldiaalbertoadriani.com\/wp-content\/uploads\/2026\/02\/photo_4915769162278309206_y-454x1024.jpg\" alt=\"\" class=\"wp-image-14926\"\/><\/figure>\n\n\n\n<figure class=\"wp-block-image size-large\"><img loading=\"lazy\" decoding=\"async\" width=\"454\" height=\"1024\" data-id=\"14925\" src=\"https:\/\/alcaldiaalbertoadriani.com\/wp-content\/uploads\/2026\/02\/photo_4915879538642848634_y-454x1024.jpg\" alt=\"\" class=\"wp-image-14925\"\/><\/figure>\n<\/figure>\n","protected":false},"excerpt":{"rendered":"<p>La gesti\u00f3n del alcalde Lisandro Segura culmin\u00f3 la construcci\u00f3n del muro de protecci\u00f3n con gaviones y cuneta en el sector Villa Milenium, en el tramo que conduce hacia el ancianato [&hellip;]<\/p>\n","protected":false},"author":2,"featured_media":14922,"comment_status":"open","ping_status":"closed","sticky":false,"template":"","format":"standard","meta":{"_et_pb_use_builder":"off","_et_pb_old_content":"","_et_gb_content_width":"","footnotes":""},"categories":[341,197,25],"tags":[31,11,12,15,761,30,29,28],"class_list":["post-14921","post","type-post","status-publish","format-standard","has-post-thumbnail","hentry","category-alcaldia-alberto-adriani","category-gipul","category-nuestro-municipio","tag-alcalde","tag-alcaldia","tag-alcaldiaalbertoadriani","tag-elvigia","tag-encrucijadadeprogreso","tag-lisandrosegura","tag-municipioquenosmerecemos","tag-porelrenacer"],"yoast_head":"<!-- This site is optimized with the Yoast SEO plugin v19.13 - https:\/\/yoast.com\/wordpress\/plugins\/seo\/ -->\n<title>Gesti\u00f3n de Lisandro Segura culmin\u00f3 construcci\u00f3n de muro<\/title>\n<meta name=\"description\" content=\"Gesti\u00f3n de Lisandro Segura culmin\u00f3 construcci\u00f3n de muro y cuneta en Villa Mileniumen el tramo que conduce hacia el ancianato\" \/>\n<meta name=\"robots\" content=\"index, follow, max-snippet:-1, max-image-preview:large, max-video-preview:-1\" \/>\n<link rel=\"canonical\" href=\"https:\/\/alcaldiaalbertoadriani.com\/?p=14921\" \/>\n<meta property=\"og:locale\" content=\"es_ES\" \/>\n<meta property=\"og:type\" content=\"article\" \/>\n<meta property=\"og:title\" content=\"Gesti\u00f3n de Lisandro Segura culmin\u00f3 construcci\u00f3n de muro\" \/>\n<meta property=\"og:description\" content=\"Gesti\u00f3n de Lisandro Segura culmin\u00f3 construcci\u00f3n de muro y cuneta en Villa Mileniumen el tramo que conduce hacia el ancianato\" \/>\n<meta property=\"og:url\" content=\"https:\/\/alcaldiaalbertoadriani.com\/?p=14921\" \/>\n<meta property=\"og:site_name\" content=\"Alcaldia Alberto Adriani\" \/>\n<meta property=\"article:published_time\" content=\"2026-02-09T14:44:14+00:00\" \/>\n<meta property=\"article:modified_time\" content=\"2026-02-09T14:44:18+00:00\" \/>\n<meta property=\"og:image\" content=\"https:\/\/alcaldiaalbertoadriani.com\/wp-content\/uploads\/2026\/02\/photo_4915769162278309207_y.jpg\" \/>\n\t<meta property=\"og:image:width\" content=\"1280\" \/>\n\t<meta property=\"og:image:height\" content=\"567\" \/>\n\t<meta property=\"og:image:type\" content=\"image\/jpeg\" \/>\n<meta name=\"author\" content=\"Prensa\" \/>\n<meta name=\"twitter:card\" content=\"summary_large_image\" \/>\n<meta name=\"twitter:label1\" content=\"Escrito por\" \/>\n\t<meta name=\"twitter:data1\" content=\"Prensa\" \/>\n\t<meta name=\"twitter:label2\" content=\"Tiempo de lectura\" \/>\n\t<meta name=\"twitter:data2\" content=\"2 minutos\" \/>\n<script type=\"application\/ld+json\" class=\"yoast-schema-graph\">{\"@context\":\"https:\/\/schema.org\",\"@graph\":[{\"@type\":\"WebPage\",\"@id\":\"https:\/\/alcaldiaalbertoadriani.com\/?p=14921\",\"url\":\"https:\/\/alcaldiaalbertoadriani.com\/?p=14921\",\"name\":\"Gesti\u00f3n de Lisandro Segura culmin\u00f3 construcci\u00f3n de muro\",\"isPartOf\":{\"@id\":\"https:\/\/alcaldiaalbertoadriani.com\/#website\"},\"datePublished\":\"2026-02-09T14:44:14+00:00\",\"dateModified\":\"2026-02-09T14:44:18+00:00\",\"author\":{\"@id\":\"https:\/\/alcaldiaalbertoadriani.com\/#\/schema\/person\/549b4483ff8999ac780deeea78795fc9\"},\"description\":\"Gesti\u00f3n de Lisandro Segura culmin\u00f3 construcci\u00f3n de muro y cuneta en Villa Mileniumen el tramo que conduce hacia el ancianato\",\"breadcrumb\":{\"@id\":\"https:\/\/alcaldiaalbertoadriani.com\/?p=14921#breadcrumb\"},\"inLanguage\":\"es\",\"potentialAction\":[{\"@type\":\"ReadAction\",\"target\":[\"https:\/\/alcaldiaalbertoadriani.com\/?p=14921\"]}]},{\"@type\":\"BreadcrumbList\",\"@id\":\"https:\/\/alcaldiaalbertoadriani.com\/?p=14921#breadcrumb\",\"itemListElement\":[{\"@type\":\"ListItem\",\"position\":1,\"name\":\"Portada\",\"item\":\"https:\/\/alcaldiaalbertoadriani.com\/\"},{\"@type\":\"ListItem\",\"position\":2,\"name\":\"Gesti\u00f3n de Lisandro Segura culmin\u00f3 construcci\u00f3n de muro y cuneta en Villa Milenium\"}]},{\"@type\":\"WebSite\",\"@id\":\"https:\/\/alcaldiaalbertoadriani.com\/#website\",\"url\":\"https:\/\/alcaldiaalbertoadriani.com\/\",\"name\":\"Alcaldia Alberto Adriani\",\"description\":\"\",\"potentialAction\":[{\"@type\":\"SearchAction\",\"target\":{\"@type\":\"EntryPoint\",\"urlTemplate\":\"https:\/\/alcaldiaalbertoadriani.com\/?s={search_term_string}\"},\"query-input\":\"required name=search_term_string\"}],\"inLanguage\":\"es\"},{\"@type\":\"Person\",\"@id\":\"https:\/\/alcaldiaalbertoadriani.com\/#\/schema\/person\/549b4483ff8999ac780deeea78795fc9\",\"name\":\"Prensa\",\"image\":{\"@type\":\"ImageObject\",\"inLanguage\":\"es\",\"@id\":\"https:\/\/alcaldiaalbertoadriani.com\/#\/schema\/person\/image\/\",\"url\":\"https:\/\/secure.gravatar.com\/avatar\/ea1cb567ea992a29627f4eee1c2eb185ec16decec6342d508fdf18dedb56c9de?s=96&d=mm&r=g\",\"contentUrl\":\"https:\/\/secure.gravatar.com\/avatar\/ea1cb567ea992a29627f4eee1c2eb185ec16decec6342d508fdf18dedb56c9de?s=96&d=mm&r=g\",\"caption\":\"Prensa\"},\"url\":\"https:\/\/alcaldiaalbertoadriani.com\/?author=2\"}]}<\/script>\n<!-- \/ Yoast SEO plugin. -->","yoast_head_json":{"title":"Gesti\u00f3n de Lisandro Segura culmin\u00f3 construcci\u00f3n de muro","description":"Gesti\u00f3n de Lisandro Segura culmin\u00f3 construcci\u00f3n de muro y cuneta en Villa Mileniumen el tramo que conduce hacia el ancianato","robots":{"index":"index","follow":"follow","max-snippet":"max-snippet:-1","max-image-preview":"max-image-preview:large","max-video-preview":"max-video-preview:-1"},"canonical":"https:\/\/alcaldiaalbertoadriani.com\/?p=14921","og_locale":"es_ES","og_type":"article","og_title":"Gesti\u00f3n de Lisandro Segura culmin\u00f3 construcci\u00f3n de muro","og_description":"Gesti\u00f3n de Lisandro Segura culmin\u00f3 construcci\u00f3n de muro y cuneta en Villa Mileniumen el tramo que conduce hacia el ancianato","og_url":"https:\/\/alcaldiaalbertoadriani.com\/?p=14921","og_site_name":"Alcaldia Alberto Adriani","article_published_time":"2026-02-09T14:44:14+00:00","article_modified_time":"2026-02-09T14:44:18+00:00","og_image":[{"width":1280,"height":567,"url":"https:\/\/alcaldiaalbertoadriani.com\/wp-content\/uploads\/2026\/02\/photo_4915769162278309207_y.jpg","type":"image\/jpeg"}],"author":"Prensa","twitter_card":"summary_large_image","twitter_misc":{"Escrito por":"Prensa","Tiempo de lectura":"2 minutos"},"schema":{"@context":"https:\/\/schema.org","@graph":[{"@type":"WebPage","@id":"https:\/\/alcaldiaalbertoadriani.com\/?p=14921","url":"https:\/\/alcaldiaalbertoadriani.com\/?p=14921","name":"Gesti\u00f3n de Lisandro Segura culmin\u00f3 construcci\u00f3n de muro","isPartOf":{"@id":"https:\/\/alcaldiaalbertoadriani.com\/#website"},"datePublished":"2026-02-09T14:44:14+00:00","dateModified":"2026-02-09T14:44:18+00:00","author":{"@id":"https:\/\/alcaldiaalbertoadriani.com\/#\/schema\/person\/549b4483ff8999ac780deeea78795fc9"},"description":"Gesti\u00f3n de Lisandro Segura culmin\u00f3 construcci\u00f3n de muro y cuneta en Villa Mileniumen el tramo que conduce hacia el ancianato","breadcrumb":{"@id":"https:\/\/alcaldiaalbertoadriani.com\/?p=14921#breadcrumb"},"inLanguage":"es","potentialAction":[{"@type":"ReadAction","target":["https:\/\/alcaldiaalbertoadriani.com\/?p=14921"]}]},{"@type":"BreadcrumbList","@id":"https:\/\/alcaldiaalbertoadriani.com\/?p=14921#breadcrumb","itemListElement":[{"@type":"ListItem","position":1,"name":"Portada","item":"https:\/\/alcaldiaalbertoadriani.com\/"},{"@type":"ListItem","position":2,"name":"Gesti\u00f3n de Lisandro Segura culmin\u00f3 construcci\u00f3n de muro y cuneta en Villa Milenium"}]},{"@type":"WebSite","@id":"https:\/\/alcaldiaalbertoadriani.com\/#website","url":"https:\/\/alcaldiaalbertoadriani.com\/","name":"Alcaldia Alberto Adriani","description":"","potentialAction":[{"@type":"SearchAction","target":{"@type":"EntryPoint","urlTemplate":"https:\/\/alcaldiaalbertoadriani.com\/?s={search_term_string}"},"query-input":"required name=search_term_string"}],"inLanguage":"es"},{"@type":"Person","@id":"https:\/\/alcaldiaalbertoadriani.com\/#\/schema\/person\/549b4483ff8999ac780deeea78795fc9","name":"Prensa","image":{"@type":"ImageObject","inLanguage":"es","@id":"https:\/\/alcaldiaalbertoadriani.com\/#\/schema\/person\/image\/","url":"https:\/\/secure.gravatar.com\/avatar\/ea1cb567ea992a29627f4eee1c2eb185ec16decec6342d508fdf18dedb56c9de?s=96&d=mm&r=g","contentUrl":"https:\/\/secure.gravatar.com\/avatar\/ea1cb567ea992a29627f4eee1c2eb185ec16decec6342d508fdf18dedb56c9de?s=96&d=mm&r=g","caption":"Prensa"},"url":"https:\/\/alcaldiaalbertoadriani.com\/?author=2"}]}},"_links":{"self":[{"href":"https:\/\/alcaldiaalbertoadriani.com\/index.php?rest_route=\/wp\/v2\/posts\/14921","targetHints":{"allow":["GET"]}}],"collection":[{"href":"https:\/\/alcaldiaalbertoadriani.com\/index.php?rest_route=\/wp\/v2\/posts"}],"about":[{"href":"https:\/\/alcaldiaalbertoadriani.com\/index.php?rest_route=\/wp\/v2\/types\/post"}],"author":[{"embeddable":true,"href":"https:\/\/alcaldiaalbertoadriani.com\/index.php?rest_route=\/wp\/v2\/users\/2"}],"replies":[{"embeddable":true,"href":"https:\/\/alcaldiaalbertoadriani.com\/index.php?rest_route=%2Fwp%2Fv2%2Fcomments&post=14921"}],"version-history":[{"count":1,"href":"https:\/\/alcaldiaalbertoadriani.com\/index.php?rest_route=\/wp\/v2\/posts\/14921\/revisions"}],"predecessor-version":[{"id":14927,"href":"https:\/\/alcaldiaalbertoadriani.com\/index.php?rest_route=\/wp\/v2\/posts\/14921\/revisions\/14927"}],"wp:featuredmedia":[{"embeddable":true,"href":"https:\/\/alcaldiaalbertoadriani.com\/index.php?rest_route=\/wp\/v2\/media\/14922"}],"wp:attachment":[{"href":"https:\/\/alcaldiaalbertoadriani.com\/index.php?rest_route=%2Fwp%2Fv2%2Fmedia&parent=14921"}],"wp:term":[{"taxonomy":"category","embeddable":true,"href":"https:\/\/alcaldiaalbertoadriani.com\/index.php?rest_route=%2Fwp%2Fv2%2Fcategories&post=14921"},{"taxonomy":"post_tag","embeddable":true,"href":"https:\/\/alcaldiaalbertoadriani.com\/index.php?rest_route=%2Fwp%2Fv2%2Ftags&post=14921"}],"curies":[{"name":"wp","href":"https:\/\/api.w.org\/{rel}","templated":true}]}}