{"id":14873,"date":"2026-02-06T14:08:52","date_gmt":"2026-02-06T14:08:52","guid":{"rendered":"https:\/\/alcaldiaalbertoadriani.com\/?p=14873"},"modified":"2026-02-06T14:08:55","modified_gmt":"2026-02-06T14:08:55","slug":"gobierno-de-lisandro-segura-ejecuta-despeje-de-via-en-cano","status":"publish","type":"post","link":"https:\/\/alcaldiaalbertoadriani.com\/?p=14873","title":{"rendered":"Gobierno de Lisandro Segura ejecuta despeje de v\u00eda en Ca\u00f1o G\u00f3mez"},"content":{"rendered":"\n<p>El Municipio Alberto Adriani se ha visto afectado en los \u00faltimos d\u00edas debido a las constantes precipitaciones registradas en la regi\u00f3n, siendo la parroquia R\u00f3mulo Gallegos una de las m\u00e1s impactadas por esta raz\u00f3n.<\/p>\n\n\n\n<!--more-->\n\n\n\n<p>Ante esta situaci\u00f3n, el alcalde <a href=\"https:\/\/www.instagram.com\/lisandrosegura02\/\">Lisandro Segura<\/a> ha venido dando respuestas r\u00e1pidas y oportunas a las afectaciones presentadas en distintos sectores del municipio.<\/p>\n\n\n\n<p>En tal sentido, la gesti\u00f3n municipal ejecuta labores de atenci\u00f3n y mitigaci\u00f3n de riesgos en Onia, espec\u00edficamente en la parte alta conocida como sector Ca\u00f1o G\u00f3mez, donde personal de la Gerencia de Ingenier\u00eda y Planeamiento Urbano Local (<a href=\"https:\/\/alcaldiaalbertoadriani.com\/?p=14852\">GIPUL<\/a>), con empleo de maquinaria pesada tipo retroexcavadora, realiza el despeje de la v\u00eda.<\/p>\n\n\n\n<figure class=\"wp-block-gallery has-nested-images columns-default is-cropped wp-block-gallery-1 is-layout-flex wp-block-gallery-is-layout-flex\">\n<figure class=\"wp-block-image size-large\"><img loading=\"lazy\" decoding=\"async\" width=\"992\" height=\"744\" data-id=\"14875\" src=\"https:\/\/alcaldiaalbertoadriani.com\/wp-content\/uploads\/2026\/02\/photo_4909014153679277193_y.jpg\" alt=\"\" class=\"wp-image-14875\" srcset=\"https:\/\/alcaldiaalbertoadriani.com\/wp-content\/uploads\/2026\/02\/photo_4909014153679277193_y.jpg 992w, https:\/\/alcaldiaalbertoadriani.com\/wp-content\/uploads\/2026\/02\/photo_4909014153679277193_y-980x735.jpg 980w, https:\/\/alcaldiaalbertoadriani.com\/wp-content\/uploads\/2026\/02\/photo_4909014153679277193_y-480x360.jpg 480w\" sizes=\"auto, (min-width: 0px) and (max-width: 480px) 480px, (min-width: 481px) and (max-width: 980px) 980px, (min-width: 981px) 992px, 100vw\" \/><\/figure>\n<\/figure>\n\n\n\n<p>En este sector, la v\u00eda rural se vio totalmente obstaculizada debido al deslizamiento del talud que circunda la carretera, lo que gener\u00f3 la interrupci\u00f3n total del paso.<\/p>\n\n\n\n<p>Gracias a la acci\u00f3n inmediata del gobierno local, se logr\u00f3 intervenir oportunamente para restablecer la transitabilidad y prevenir mayores afectaciones a los productores y habitantes de la zona.<\/p>\n\n\n\n<p>De esta manera, el alcalde <a href=\"https:\/\/www.instagram.com\/lisandrosegura02\/\">Lisandro Segura<\/a> garantiza la atenci\u00f3n inmediata y reafirma su compromiso de seguir trabajando de manera articulada y permanente para atender cualquier eventualidad que se presente, priorizando la protecci\u00f3n de la poblaci\u00f3n en general, m\u00e1s a\u00fan que seg\u00fan el Instituto Nacional de Meteorolog\u00eda e Hidrolog\u00eda (INAMEH), las lluvias se mantendr\u00e1n durante todo el mes de febrero.<strong> Prensa Alberto Adriani \/ Tahiry Villalobos C.N.P.23.225 \/ Foto: Equipo de Prensa<\/strong><\/p>\n\n\n\n<figure class=\"wp-block-gallery has-nested-images columns-default is-cropped wp-block-gallery-2 is-layout-flex wp-block-gallery-is-layout-flex\">\n<figure class=\"wp-block-image size-large\"><img loading=\"lazy\" decoding=\"async\" width=\"744\" height=\"992\" data-id=\"14876\" src=\"https:\/\/alcaldiaalbertoadriani.com\/wp-content\/uploads\/2026\/02\/photo_4909014153679277196_y.jpg\" alt=\"\" class=\"wp-image-14876\" srcset=\"https:\/\/alcaldiaalbertoadriani.com\/wp-content\/uploads\/2026\/02\/photo_4909014153679277196_y.jpg 744w, https:\/\/alcaldiaalbertoadriani.com\/wp-content\/uploads\/2026\/02\/photo_4909014153679277196_y-480x640.jpg 480w\" sizes=\"auto, (min-width: 0px) and (max-width: 480px) 480px, (min-width: 481px) 744px, 100vw\" \/><\/figure>\n\n\n\n<figure class=\"wp-block-image size-large\"><img loading=\"lazy\" decoding=\"async\" width=\"600\" height=\"800\" data-id=\"14877\" src=\"https:\/\/alcaldiaalbertoadriani.com\/wp-content\/uploads\/2026\/02\/photo_4909014153679277197_x.jpg\" alt=\"\" class=\"wp-image-14877\" srcset=\"https:\/\/alcaldiaalbertoadriani.com\/wp-content\/uploads\/2026\/02\/photo_4909014153679277197_x.jpg 600w, https:\/\/alcaldiaalbertoadriani.com\/wp-content\/uploads\/2026\/02\/photo_4909014153679277197_x-480x640.jpg 480w\" sizes=\"auto, (min-width: 0px) and (max-width: 480px) 480px, (min-width: 481px) 600px, 100vw\" \/><\/figure>\n\n\n\n<figure class=\"wp-block-image size-large\"><img loading=\"lazy\" decoding=\"async\" width=\"992\" height=\"744\" data-id=\"14878\" src=\"https:\/\/alcaldiaalbertoadriani.com\/wp-content\/uploads\/2026\/02\/photo_4909014153679277198_y.jpg\" alt=\"\" class=\"wp-image-14878\" srcset=\"https:\/\/alcaldiaalbertoadriani.com\/wp-content\/uploads\/2026\/02\/photo_4909014153679277198_y.jpg 992w, https:\/\/alcaldiaalbertoadriani.com\/wp-content\/uploads\/2026\/02\/photo_4909014153679277198_y-980x735.jpg 980w, https:\/\/alcaldiaalbertoadriani.com\/wp-content\/uploads\/2026\/02\/photo_4909014153679277198_y-480x360.jpg 480w\" sizes=\"auto, (min-width: 0px) and (max-width: 480px) 480px, (min-width: 481px) and (max-width: 980px) 980px, (min-width: 981px) 992px, 100vw\" \/><\/figure>\n<\/figure>\n","protected":false},"excerpt":{"rendered":"<p>El Municipio Alberto Adriani se ha visto afectado en los \u00faltimos d\u00edas debido a las constantes precipitaciones registradas en la regi\u00f3n, siendo la parroquia R\u00f3mulo Gallegos una de las m\u00e1s [&hellip;]<\/p>\n","protected":false},"author":2,"featured_media":14874,"comment_status":"open","ping_status":"closed","sticky":false,"template":"","format":"standard","meta":{"_et_pb_use_builder":"off","_et_pb_old_content":"","_et_gb_content_width":"","footnotes":""},"categories":[341,197],"tags":[31,11,12,15,761,30,29,28],"class_list":["post-14873","post","type-post","status-publish","format-standard","has-post-thumbnail","hentry","category-alcaldia-alberto-adriani","category-gipul","tag-alcalde","tag-alcaldia","tag-alcaldiaalbertoadriani","tag-elvigia","tag-encrucijadadeprogreso","tag-lisandrosegura","tag-municipioquenosmerecemos","tag-porelrenacer"],"yoast_head":"<!-- This site is optimized with the Yoast SEO plugin v19.13 - https:\/\/yoast.com\/wordpress\/plugins\/seo\/ -->\n<title>Gobierno de Lisandro Segura ejecuta despeje de v\u00eda en Ca\u00f1o<\/title>\n<meta name=\"description\" content=\"Gobierno de Lisandro Segura ejecuta despeje de v\u00eda en Ca\u00f1o G\u00f3mez siendo la parroquia R\u00f3mulo Gallegos una de las m\u00e1s impactadas\" \/>\n<meta name=\"robots\" content=\"index, follow, max-snippet:-1, max-image-preview:large, max-video-preview:-1\" \/>\n<link rel=\"canonical\" href=\"https:\/\/alcaldiaalbertoadriani.com\/?p=14873\" \/>\n<meta property=\"og:locale\" content=\"es_ES\" \/>\n<meta property=\"og:type\" content=\"article\" \/>\n<meta property=\"og:title\" content=\"Gobierno de Lisandro Segura ejecuta despeje de v\u00eda en Ca\u00f1o\" \/>\n<meta property=\"og:description\" content=\"Gobierno de Lisandro Segura ejecuta despeje de v\u00eda en Ca\u00f1o G\u00f3mez siendo la parroquia R\u00f3mulo Gallegos una de las m\u00e1s impactadas\" \/>\n<meta property=\"og:url\" content=\"https:\/\/alcaldiaalbertoadriani.com\/?p=14873\" \/>\n<meta property=\"og:site_name\" content=\"Alcaldia Alberto Adriani\" \/>\n<meta property=\"article:published_time\" content=\"2026-02-06T14:08:52+00:00\" \/>\n<meta property=\"article:modified_time\" content=\"2026-02-06T14:08:55+00:00\" \/>\n<meta property=\"og:image\" content=\"https:\/\/alcaldiaalbertoadriani.com\/wp-content\/uploads\/2026\/02\/photo_4909014153679277190_y.jpg\" \/>\n\t<meta property=\"og:image:width\" content=\"992\" \/>\n\t<meta property=\"og:image:height\" content=\"744\" \/>\n\t<meta property=\"og:image:type\" content=\"image\/jpeg\" \/>\n<meta name=\"author\" content=\"Prensa\" \/>\n<meta name=\"twitter:card\" content=\"summary_large_image\" \/>\n<meta name=\"twitter:label1\" content=\"Escrito por\" \/>\n\t<meta name=\"twitter:data1\" content=\"Prensa\" \/>\n\t<meta name=\"twitter:label2\" content=\"Tiempo de lectura\" \/>\n\t<meta name=\"twitter:data2\" content=\"2 minutos\" \/>\n<script type=\"application\/ld+json\" class=\"yoast-schema-graph\">{\"@context\":\"https:\/\/schema.org\",\"@graph\":[{\"@type\":\"WebPage\",\"@id\":\"https:\/\/alcaldiaalbertoadriani.com\/?p=14873\",\"url\":\"https:\/\/alcaldiaalbertoadriani.com\/?p=14873\",\"name\":\"Gobierno de Lisandro Segura ejecuta despeje de v\u00eda en Ca\u00f1o\",\"isPartOf\":{\"@id\":\"https:\/\/alcaldiaalbertoadriani.com\/#website\"},\"datePublished\":\"2026-02-06T14:08:52+00:00\",\"dateModified\":\"2026-02-06T14:08:55+00:00\",\"author\":{\"@id\":\"https:\/\/alcaldiaalbertoadriani.com\/#\/schema\/person\/549b4483ff8999ac780deeea78795fc9\"},\"description\":\"Gobierno de Lisandro Segura ejecuta despeje de v\u00eda en Ca\u00f1o G\u00f3mez siendo la parroquia R\u00f3mulo Gallegos una de las m\u00e1s impactadas\",\"breadcrumb\":{\"@id\":\"https:\/\/alcaldiaalbertoadriani.com\/?p=14873#breadcrumb\"},\"inLanguage\":\"es\",\"potentialAction\":[{\"@type\":\"ReadAction\",\"target\":[\"https:\/\/alcaldiaalbertoadriani.com\/?p=14873\"]}]},{\"@type\":\"BreadcrumbList\",\"@id\":\"https:\/\/alcaldiaalbertoadriani.com\/?p=14873#breadcrumb\",\"itemListElement\":[{\"@type\":\"ListItem\",\"position\":1,\"name\":\"Portada\",\"item\":\"https:\/\/alcaldiaalbertoadriani.com\/\"},{\"@type\":\"ListItem\",\"position\":2,\"name\":\"Gobierno de Lisandro Segura ejecuta despeje de v\u00eda en Ca\u00f1o G\u00f3mez\"}]},{\"@type\":\"WebSite\",\"@id\":\"https:\/\/alcaldiaalbertoadriani.com\/#website\",\"url\":\"https:\/\/alcaldiaalbertoadriani.com\/\",\"name\":\"Alcaldia Alberto Adriani\",\"description\":\"\",\"potentialAction\":[{\"@type\":\"SearchAction\",\"target\":{\"@type\":\"EntryPoint\",\"urlTemplate\":\"https:\/\/alcaldiaalbertoadriani.com\/?s={search_term_string}\"},\"query-input\":\"required name=search_term_string\"}],\"inLanguage\":\"es\"},{\"@type\":\"Person\",\"@id\":\"https:\/\/alcaldiaalbertoadriani.com\/#\/schema\/person\/549b4483ff8999ac780deeea78795fc9\",\"name\":\"Prensa\",\"image\":{\"@type\":\"ImageObject\",\"inLanguage\":\"es\",\"@id\":\"https:\/\/alcaldiaalbertoadriani.com\/#\/schema\/person\/image\/\",\"url\":\"https:\/\/secure.gravatar.com\/avatar\/ea1cb567ea992a29627f4eee1c2eb185ec16decec6342d508fdf18dedb56c9de?s=96&d=mm&r=g\",\"contentUrl\":\"https:\/\/secure.gravatar.com\/avatar\/ea1cb567ea992a29627f4eee1c2eb185ec16decec6342d508fdf18dedb56c9de?s=96&d=mm&r=g\",\"caption\":\"Prensa\"},\"url\":\"https:\/\/alcaldiaalbertoadriani.com\/?author=2\"}]}<\/script>\n<!-- \/ Yoast SEO plugin. -->","yoast_head_json":{"title":"Gobierno de Lisandro Segura ejecuta despeje de v\u00eda en Ca\u00f1o","description":"Gobierno de Lisandro Segura ejecuta despeje de v\u00eda en Ca\u00f1o G\u00f3mez siendo la parroquia R\u00f3mulo Gallegos una de las m\u00e1s impactadas","robots":{"index":"index","follow":"follow","max-snippet":"max-snippet:-1","max-image-preview":"max-image-preview:large","max-video-preview":"max-video-preview:-1"},"canonical":"https:\/\/alcaldiaalbertoadriani.com\/?p=14873","og_locale":"es_ES","og_type":"article","og_title":"Gobierno de Lisandro Segura ejecuta despeje de v\u00eda en Ca\u00f1o","og_description":"Gobierno de Lisandro Segura ejecuta despeje de v\u00eda en Ca\u00f1o G\u00f3mez siendo la parroquia R\u00f3mulo Gallegos una de las m\u00e1s impactadas","og_url":"https:\/\/alcaldiaalbertoadriani.com\/?p=14873","og_site_name":"Alcaldia Alberto Adriani","article_published_time":"2026-02-06T14:08:52+00:00","article_modified_time":"2026-02-06T14:08:55+00:00","og_image":[{"width":992,"height":744,"url":"https:\/\/alcaldiaalbertoadriani.com\/wp-content\/uploads\/2026\/02\/photo_4909014153679277190_y.jpg","type":"image\/jpeg"}],"author":"Prensa","twitter_card":"summary_large_image","twitter_misc":{"Escrito por":"Prensa","Tiempo de lectura":"2 minutos"},"schema":{"@context":"https:\/\/schema.org","@graph":[{"@type":"WebPage","@id":"https:\/\/alcaldiaalbertoadriani.com\/?p=14873","url":"https:\/\/alcaldiaalbertoadriani.com\/?p=14873","name":"Gobierno de Lisandro Segura ejecuta despeje de v\u00eda en Ca\u00f1o","isPartOf":{"@id":"https:\/\/alcaldiaalbertoadriani.com\/#website"},"datePublished":"2026-02-06T14:08:52+00:00","dateModified":"2026-02-06T14:08:55+00:00","author":{"@id":"https:\/\/alcaldiaalbertoadriani.com\/#\/schema\/person\/549b4483ff8999ac780deeea78795fc9"},"description":"Gobierno de Lisandro Segura ejecuta despeje de v\u00eda en Ca\u00f1o G\u00f3mez siendo la parroquia R\u00f3mulo Gallegos una de las m\u00e1s impactadas","breadcrumb":{"@id":"https:\/\/alcaldiaalbertoadriani.com\/?p=14873#breadcrumb"},"inLanguage":"es","potentialAction":[{"@type":"ReadAction","target":["https:\/\/alcaldiaalbertoadriani.com\/?p=14873"]}]},{"@type":"BreadcrumbList","@id":"https:\/\/alcaldiaalbertoadriani.com\/?p=14873#breadcrumb","itemListElement":[{"@type":"ListItem","position":1,"name":"Portada","item":"https:\/\/alcaldiaalbertoadriani.com\/"},{"@type":"ListItem","position":2,"name":"Gobierno de Lisandro Segura ejecuta despeje de v\u00eda en Ca\u00f1o G\u00f3mez"}]},{"@type":"WebSite","@id":"https:\/\/alcaldiaalbertoadriani.com\/#website","url":"https:\/\/alcaldiaalbertoadriani.com\/","name":"Alcaldia Alberto Adriani","description":"","potentialAction":[{"@type":"SearchAction","target":{"@type":"EntryPoint","urlTemplate":"https:\/\/alcaldiaalbertoadriani.com\/?s={search_term_string}"},"query-input":"required name=search_term_string"}],"inLanguage":"es"},{"@type":"Person","@id":"https:\/\/alcaldiaalbertoadriani.com\/#\/schema\/person\/549b4483ff8999ac780deeea78795fc9","name":"Prensa","image":{"@type":"ImageObject","inLanguage":"es","@id":"https:\/\/alcaldiaalbertoadriani.com\/#\/schema\/person\/image\/","url":"https:\/\/secure.gravatar.com\/avatar\/ea1cb567ea992a29627f4eee1c2eb185ec16decec6342d508fdf18dedb56c9de?s=96&d=mm&r=g","contentUrl":"https:\/\/secure.gravatar.com\/avatar\/ea1cb567ea992a29627f4eee1c2eb185ec16decec6342d508fdf18dedb56c9de?s=96&d=mm&r=g","caption":"Prensa"},"url":"https:\/\/alcaldiaalbertoadriani.com\/?author=2"}]}},"_links":{"self":[{"href":"https:\/\/alcaldiaalbertoadriani.com\/index.php?rest_route=\/wp\/v2\/posts\/14873","targetHints":{"allow":["GET"]}}],"collection":[{"href":"https:\/\/alcaldiaalbertoadriani.com\/index.php?rest_route=\/wp\/v2\/posts"}],"about":[{"href":"https:\/\/alcaldiaalbertoadriani.com\/index.php?rest_route=\/wp\/v2\/types\/post"}],"author":[{"embeddable":true,"href":"https:\/\/alcaldiaalbertoadriani.com\/index.php?rest_route=\/wp\/v2\/users\/2"}],"replies":[{"embeddable":true,"href":"https:\/\/alcaldiaalbertoadriani.com\/index.php?rest_route=%2Fwp%2Fv2%2Fcomments&post=14873"}],"version-history":[{"count":1,"href":"https:\/\/alcaldiaalbertoadriani.com\/index.php?rest_route=\/wp\/v2\/posts\/14873\/revisions"}],"predecessor-version":[{"id":14879,"href":"https:\/\/alcaldiaalbertoadriani.com\/index.php?rest_route=\/wp\/v2\/posts\/14873\/revisions\/14879"}],"wp:featuredmedia":[{"embeddable":true,"href":"https:\/\/alcaldiaalbertoadriani.com\/index.php?rest_route=\/wp\/v2\/media\/14874"}],"wp:attachment":[{"href":"https:\/\/alcaldiaalbertoadriani.com\/index.php?rest_route=%2Fwp%2Fv2%2Fmedia&parent=14873"}],"wp:term":[{"taxonomy":"category","embeddable":true,"href":"https:\/\/alcaldiaalbertoadriani.com\/index.php?rest_route=%2Fwp%2Fv2%2Fcategories&post=14873"},{"taxonomy":"post_tag","embeddable":true,"href":"https:\/\/alcaldiaalbertoadriani.com\/index.php?rest_route=%2Fwp%2Fv2%2Ftags&post=14873"}],"curies":[{"name":"wp","href":"https:\/\/api.w.org\/{rel}","templated":true}]}}