{"id":14870,"date":"2026-02-06T13:59:45","date_gmt":"2026-02-06T13:59:45","guid":{"rendered":"https:\/\/alcaldiaalbertoadriani.com\/?p=14870"},"modified":"2026-02-06T13:59:48","modified_gmt":"2026-02-06T13:59:48","slug":"alcalde-lisandro-segura-reafirma-su-compromiso-con-el-deporte","status":"publish","type":"post","link":"https:\/\/alcaldiaalbertoadriani.com\/?p=14870","title":{"rendered":"Alcalde Lisandro Segura reafirma su compromiso con el deporte local"},"content":{"rendered":"\n<p>La Alcald\u00eda del Municipio Alberto Adriani, bajo la gesti\u00f3n del alcalde <a href=\"https:\/\/www.instagram.com\/lisandrosegura02\/\">Lisandro Segura<\/a>, contin\u00faa fortaleciendo el desarrollo deportivo como pilar fundamental para la formaci\u00f3n integral de ni\u00f1os y adolescentes del municipio.<\/p>\n\n\n\n<p>Como muestra de este compromiso, este jueves el alcalde realiz\u00f3 la entrega de aproximadamente 45 uniformes deportivos a la Escuela Club de Formaci\u00f3n y Talento de F\u00fatbol La Pulga de Bel\u00e9n, beneficiando a las categor\u00edas Sub-10, Sub-12, Sub-14 y Sub-16 que integran esta importante instituci\u00f3n deportiva.<\/p>\n\n\n\n<p>Durante la actividad, el mandatario municipal destac\u00f3 que el deporte es una herramienta clave para promover valores como la disciplina, el trabajo en equipo y la sana convivencia, adem\u00e1s de contribuir a la prevenci\u00f3n social y al fortalecimiento del talento local.<\/p>\n\n\n\n<p>Puntualiz\u00f3 el burgomaestre, que la formaci\u00f3n deportiva de los ni\u00f1os, ni\u00f1as y j\u00f3venes es una inversi\u00f3n para el futuro del municipio, por lo que ratific\u00f3 que desde la Alcald\u00eda seguir\u00e1n apoyando iniciativas que impulsen el talento y fomenten h\u00e1bitos de vida saludables, expres\u00f3.<\/p>\n\n\n\n<p>La Escuela Club de Formaci\u00f3n y Talento de F\u00fatbol La Pulga de Bel\u00e9n cumple una labor significativa en la preparaci\u00f3n y proyecci\u00f3n de j\u00f3venes futbolistas, brind\u00e1ndoles espacios de entrenamiento y crecimiento personal a trav\u00e9s del deporte, dicha instituci\u00f3n est\u00e1 ubicada en el sector Buenos Aires de la <a href=\"https:\/\/alcaldiaalbertoadriani.com\/?p=6442\">Parroquia R\u00f3mulo Gallegos<\/a>.<\/p>\n\n\n\n<p>Con acciones como est\u00e1, la alcald\u00eda vig\u00edense, impulsa el deporte como eje fundamental del desarrollo social y comunitario. <strong>Prensa Alcald\u00eda Alberto Adriani\/ Tahiry Villalobos CNP:23.225 \/ Foto: Karla M\u00e1rquez.<\/strong><\/p>\n","protected":false},"excerpt":{"rendered":"<p>La Alcald\u00eda del Municipio Alberto Adriani, bajo la gesti\u00f3n del alcalde Lisandro Segura, contin\u00faa fortaleciendo el desarrollo deportivo como pilar fundamental para la formaci\u00f3n integral de ni\u00f1os y adolescentes del [&hellip;]<\/p>\n","protected":false},"author":2,"featured_media":14871,"comment_status":"open","ping_status":"closed","sticky":false,"template":"","format":"standard","meta":{"_et_pb_use_builder":"off","_et_pb_old_content":"","_et_gb_content_width":"","footnotes":""},"categories":[341,61,25],"tags":[31,12,15,761,30,29,28],"class_list":["post-14870","post","type-post","status-publish","format-standard","has-post-thumbnail","hentry","category-alcaldia-alberto-adriani","category-deportes","category-nuestro-municipio","tag-alcalde","tag-alcaldiaalbertoadriani","tag-elvigia","tag-encrucijadadeprogreso","tag-lisandrosegura","tag-municipioquenosmerecemos","tag-porelrenacer"],"yoast_head":"<!-- This site is optimized with the Yoast SEO plugin v19.13 - https:\/\/yoast.com\/wordpress\/plugins\/seo\/ -->\n<title>Alcalde Lisandro Segura reafirma su compromiso con el deporte<\/title>\n<meta name=\"description\" content=\"Alcalde Lisandro Segura reafirma su compromiso con el deporte local como pilar fundamental para la formaci\u00f3n integral de ni\u00f1os\" \/>\n<meta name=\"robots\" content=\"index, follow, max-snippet:-1, max-image-preview:large, max-video-preview:-1\" \/>\n<link rel=\"canonical\" href=\"https:\/\/alcaldiaalbertoadriani.com\/?p=14870\" \/>\n<meta property=\"og:locale\" content=\"es_ES\" \/>\n<meta property=\"og:type\" content=\"article\" \/>\n<meta property=\"og:title\" content=\"Alcalde Lisandro Segura reafirma su compromiso con el deporte\" \/>\n<meta property=\"og:description\" content=\"Alcalde Lisandro Segura reafirma su compromiso con el deporte local como pilar fundamental para la formaci\u00f3n integral de ni\u00f1os\" \/>\n<meta property=\"og:url\" content=\"https:\/\/alcaldiaalbertoadriani.com\/?p=14870\" \/>\n<meta property=\"og:site_name\" content=\"Alcaldia Alberto Adriani\" \/>\n<meta property=\"article:published_time\" content=\"2026-02-06T13:59:45+00:00\" \/>\n<meta property=\"article:modified_time\" content=\"2026-02-06T13:59:48+00:00\" \/>\n<meta property=\"og:image\" content=\"https:\/\/alcaldiaalbertoadriani.com\/wp-content\/uploads\/2026\/02\/photo_4909222042981305597_y.jpg\" \/>\n\t<meta property=\"og:image:width\" content=\"1280\" \/>\n\t<meta property=\"og:image:height\" content=\"960\" \/>\n\t<meta property=\"og:image:type\" content=\"image\/jpeg\" \/>\n<meta name=\"author\" content=\"Prensa\" \/>\n<meta name=\"twitter:card\" content=\"summary_large_image\" \/>\n<meta name=\"twitter:label1\" content=\"Escrito por\" \/>\n\t<meta name=\"twitter:data1\" content=\"Prensa\" \/>\n\t<meta name=\"twitter:label2\" content=\"Tiempo de lectura\" \/>\n\t<meta name=\"twitter:data2\" content=\"2 minutos\" \/>\n<script type=\"application\/ld+json\" class=\"yoast-schema-graph\">{\"@context\":\"https:\/\/schema.org\",\"@graph\":[{\"@type\":\"WebPage\",\"@id\":\"https:\/\/alcaldiaalbertoadriani.com\/?p=14870\",\"url\":\"https:\/\/alcaldiaalbertoadriani.com\/?p=14870\",\"name\":\"Alcalde Lisandro Segura reafirma su compromiso con el deporte\",\"isPartOf\":{\"@id\":\"https:\/\/alcaldiaalbertoadriani.com\/#website\"},\"datePublished\":\"2026-02-06T13:59:45+00:00\",\"dateModified\":\"2026-02-06T13:59:48+00:00\",\"author\":{\"@id\":\"https:\/\/alcaldiaalbertoadriani.com\/#\/schema\/person\/549b4483ff8999ac780deeea78795fc9\"},\"description\":\"Alcalde Lisandro Segura reafirma su compromiso con el deporte local como pilar fundamental para la formaci\u00f3n integral de ni\u00f1os\",\"breadcrumb\":{\"@id\":\"https:\/\/alcaldiaalbertoadriani.com\/?p=14870#breadcrumb\"},\"inLanguage\":\"es\",\"potentialAction\":[{\"@type\":\"ReadAction\",\"target\":[\"https:\/\/alcaldiaalbertoadriani.com\/?p=14870\"]}]},{\"@type\":\"BreadcrumbList\",\"@id\":\"https:\/\/alcaldiaalbertoadriani.com\/?p=14870#breadcrumb\",\"itemListElement\":[{\"@type\":\"ListItem\",\"position\":1,\"name\":\"Portada\",\"item\":\"https:\/\/alcaldiaalbertoadriani.com\/\"},{\"@type\":\"ListItem\",\"position\":2,\"name\":\"Alcalde Lisandro Segura reafirma su compromiso con el deporte local\"}]},{\"@type\":\"WebSite\",\"@id\":\"https:\/\/alcaldiaalbertoadriani.com\/#website\",\"url\":\"https:\/\/alcaldiaalbertoadriani.com\/\",\"name\":\"Alcaldia Alberto Adriani\",\"description\":\"\",\"potentialAction\":[{\"@type\":\"SearchAction\",\"target\":{\"@type\":\"EntryPoint\",\"urlTemplate\":\"https:\/\/alcaldiaalbertoadriani.com\/?s={search_term_string}\"},\"query-input\":\"required name=search_term_string\"}],\"inLanguage\":\"es\"},{\"@type\":\"Person\",\"@id\":\"https:\/\/alcaldiaalbertoadriani.com\/#\/schema\/person\/549b4483ff8999ac780deeea78795fc9\",\"name\":\"Prensa\",\"image\":{\"@type\":\"ImageObject\",\"inLanguage\":\"es\",\"@id\":\"https:\/\/alcaldiaalbertoadriani.com\/#\/schema\/person\/image\/\",\"url\":\"https:\/\/secure.gravatar.com\/avatar\/ea1cb567ea992a29627f4eee1c2eb185ec16decec6342d508fdf18dedb56c9de?s=96&d=mm&r=g\",\"contentUrl\":\"https:\/\/secure.gravatar.com\/avatar\/ea1cb567ea992a29627f4eee1c2eb185ec16decec6342d508fdf18dedb56c9de?s=96&d=mm&r=g\",\"caption\":\"Prensa\"},\"url\":\"https:\/\/alcaldiaalbertoadriani.com\/?author=2\"}]}<\/script>\n<!-- \/ Yoast SEO plugin. -->","yoast_head_json":{"title":"Alcalde Lisandro Segura reafirma su compromiso con el deporte","description":"Alcalde Lisandro Segura reafirma su compromiso con el deporte local como pilar fundamental para la formaci\u00f3n integral de ni\u00f1os","robots":{"index":"index","follow":"follow","max-snippet":"max-snippet:-1","max-image-preview":"max-image-preview:large","max-video-preview":"max-video-preview:-1"},"canonical":"https:\/\/alcaldiaalbertoadriani.com\/?p=14870","og_locale":"es_ES","og_type":"article","og_title":"Alcalde Lisandro Segura reafirma su compromiso con el deporte","og_description":"Alcalde Lisandro Segura reafirma su compromiso con el deporte local como pilar fundamental para la formaci\u00f3n integral de ni\u00f1os","og_url":"https:\/\/alcaldiaalbertoadriani.com\/?p=14870","og_site_name":"Alcaldia Alberto Adriani","article_published_time":"2026-02-06T13:59:45+00:00","article_modified_time":"2026-02-06T13:59:48+00:00","og_image":[{"width":1280,"height":960,"url":"https:\/\/alcaldiaalbertoadriani.com\/wp-content\/uploads\/2026\/02\/photo_4909222042981305597_y.jpg","type":"image\/jpeg"}],"author":"Prensa","twitter_card":"summary_large_image","twitter_misc":{"Escrito por":"Prensa","Tiempo de lectura":"2 minutos"},"schema":{"@context":"https:\/\/schema.org","@graph":[{"@type":"WebPage","@id":"https:\/\/alcaldiaalbertoadriani.com\/?p=14870","url":"https:\/\/alcaldiaalbertoadriani.com\/?p=14870","name":"Alcalde Lisandro Segura reafirma su compromiso con el deporte","isPartOf":{"@id":"https:\/\/alcaldiaalbertoadriani.com\/#website"},"datePublished":"2026-02-06T13:59:45+00:00","dateModified":"2026-02-06T13:59:48+00:00","author":{"@id":"https:\/\/alcaldiaalbertoadriani.com\/#\/schema\/person\/549b4483ff8999ac780deeea78795fc9"},"description":"Alcalde Lisandro Segura reafirma su compromiso con el deporte local como pilar fundamental para la formaci\u00f3n integral de ni\u00f1os","breadcrumb":{"@id":"https:\/\/alcaldiaalbertoadriani.com\/?p=14870#breadcrumb"},"inLanguage":"es","potentialAction":[{"@type":"ReadAction","target":["https:\/\/alcaldiaalbertoadriani.com\/?p=14870"]}]},{"@type":"BreadcrumbList","@id":"https:\/\/alcaldiaalbertoadriani.com\/?p=14870#breadcrumb","itemListElement":[{"@type":"ListItem","position":1,"name":"Portada","item":"https:\/\/alcaldiaalbertoadriani.com\/"},{"@type":"ListItem","position":2,"name":"Alcalde Lisandro Segura reafirma su compromiso con el deporte local"}]},{"@type":"WebSite","@id":"https:\/\/alcaldiaalbertoadriani.com\/#website","url":"https:\/\/alcaldiaalbertoadriani.com\/","name":"Alcaldia Alberto Adriani","description":"","potentialAction":[{"@type":"SearchAction","target":{"@type":"EntryPoint","urlTemplate":"https:\/\/alcaldiaalbertoadriani.com\/?s={search_term_string}"},"query-input":"required name=search_term_string"}],"inLanguage":"es"},{"@type":"Person","@id":"https:\/\/alcaldiaalbertoadriani.com\/#\/schema\/person\/549b4483ff8999ac780deeea78795fc9","name":"Prensa","image":{"@type":"ImageObject","inLanguage":"es","@id":"https:\/\/alcaldiaalbertoadriani.com\/#\/schema\/person\/image\/","url":"https:\/\/secure.gravatar.com\/avatar\/ea1cb567ea992a29627f4eee1c2eb185ec16decec6342d508fdf18dedb56c9de?s=96&d=mm&r=g","contentUrl":"https:\/\/secure.gravatar.com\/avatar\/ea1cb567ea992a29627f4eee1c2eb185ec16decec6342d508fdf18dedb56c9de?s=96&d=mm&r=g","caption":"Prensa"},"url":"https:\/\/alcaldiaalbertoadriani.com\/?author=2"}]}},"_links":{"self":[{"href":"https:\/\/alcaldiaalbertoadriani.com\/index.php?rest_route=\/wp\/v2\/posts\/14870","targetHints":{"allow":["GET"]}}],"collection":[{"href":"https:\/\/alcaldiaalbertoadriani.com\/index.php?rest_route=\/wp\/v2\/posts"}],"about":[{"href":"https:\/\/alcaldiaalbertoadriani.com\/index.php?rest_route=\/wp\/v2\/types\/post"}],"author":[{"embeddable":true,"href":"https:\/\/alcaldiaalbertoadriani.com\/index.php?rest_route=\/wp\/v2\/users\/2"}],"replies":[{"embeddable":true,"href":"https:\/\/alcaldiaalbertoadriani.com\/index.php?rest_route=%2Fwp%2Fv2%2Fcomments&post=14870"}],"version-history":[{"count":1,"href":"https:\/\/alcaldiaalbertoadriani.com\/index.php?rest_route=\/wp\/v2\/posts\/14870\/revisions"}],"predecessor-version":[{"id":14872,"href":"https:\/\/alcaldiaalbertoadriani.com\/index.php?rest_route=\/wp\/v2\/posts\/14870\/revisions\/14872"}],"wp:featuredmedia":[{"embeddable":true,"href":"https:\/\/alcaldiaalbertoadriani.com\/index.php?rest_route=\/wp\/v2\/media\/14871"}],"wp:attachment":[{"href":"https:\/\/alcaldiaalbertoadriani.com\/index.php?rest_route=%2Fwp%2Fv2%2Fmedia&parent=14870"}],"wp:term":[{"taxonomy":"category","embeddable":true,"href":"https:\/\/alcaldiaalbertoadriani.com\/index.php?rest_route=%2Fwp%2Fv2%2Fcategories&post=14870"},{"taxonomy":"post_tag","embeddable":true,"href":"https:\/\/alcaldiaalbertoadriani.com\/index.php?rest_route=%2Fwp%2Fv2%2Ftags&post=14870"}],"curies":[{"name":"wp","href":"https:\/\/api.w.org\/{rel}","templated":true}]}}