{"id":14847,"date":"2026-02-05T14:33:58","date_gmt":"2026-02-05T14:33:58","guid":{"rendered":"https:\/\/alcaldiaalbertoadriani.com\/?p=14847"},"modified":"2026-02-05T14:34:01","modified_gmt":"2026-02-05T14:34:01","slug":"alcalde-lisandro-segura-despliega-equipo-de-trabajo-para-atender","status":"publish","type":"post","link":"https:\/\/alcaldiaalbertoadriani.com\/?p=14847","title":{"rendered":"Alcalde Lisandro Segura despliega equipo de trabajo para atender afectaciones por lluvias"},"content":{"rendered":"\n<p>Ante las intensas precipitaciones registradas en las \u00faltimas horas, el alcalde del municipio Alberto Adriani, <a href=\"https:\/\/www.instagram.com\/lisandrosegura02\/\">Lisandro Segura<\/a>, despleg\u00f3 su equipo de gobierno para supervisar y dar respuesta inmediata a las diversas comunidades afectadas en varias parroquias de la jurisdicci\u00f3n<\/p>\n\n\n\n<figure class=\"wp-block-gallery has-nested-images columns-default is-cropped wp-block-gallery-1 is-layout-flex wp-block-gallery-is-layout-flex\">\n<figure class=\"wp-block-image size-large\"><img loading=\"lazy\" decoding=\"async\" width=\"1024\" height=\"575\" data-id=\"14850\" src=\"https:\/\/alcaldiaalbertoadriani.com\/wp-content\/uploads\/2026\/02\/photo_4911657139114281899_w-1024x575.jpg\" alt=\"\" class=\"wp-image-14850\" srcset=\"https:\/\/alcaldiaalbertoadriani.com\/wp-content\/uploads\/2026\/02\/photo_4911657139114281899_w-980x550.jpg 980w, https:\/\/alcaldiaalbertoadriani.com\/wp-content\/uploads\/2026\/02\/photo_4911657139114281899_w-480x269.jpg 480w\" sizes=\"auto, (min-width: 0px) and (max-width: 480px) 480px, (min-width: 481px) and (max-width: 980px) 980px, (min-width: 981px) 1024px, 100vw\" \/><\/figure>\n<\/figure>\n\n\n\n<h2 class=\"wp-block-heading\"><strong><em>Viviendas anegadas y fallas de drenaje<\/em><\/strong><\/h2>\n\n\n\n<p>En la <a href=\"https:\/\/alcaldiaalbertoadriani.com\/?p=5223\">parroquia Jos\u00e9 Nucete Sardi<\/a>, las comunidades de Provivienda 97 y El Trinal, presentaron viviendas anegadas. \u201cEstamos enviando de inmediato a los profesionales de Ingenier\u00eda Municipal para que realicen la inspecci\u00f3n y determinar las acciones a tomar\u201d, dijo el alcalde.<\/p>\n\n\n\n<p>Por su parte, en Parque Chama II, <a href=\"https:\/\/alcaldiaalbertoadriani.com\/?p=381\">parroquia R\u00f3mulo Betancourt<\/a>, la acumulaci\u00f3n de agua pluvial afect\u00f3 viviendas tambi\u00e9n, debido a su ubicaci\u00f3n m\u00e1s baja que los r\u00edos cercanos y pocos drenajes para la salida de las aguas. \u201cNo hay desbordamiento de r\u00edos, sino es consecuencia de las aguas pluviales que no tiene por donde drenar\u201d.<\/p>\n\n\n\n<h2 class=\"wp-block-heading\"><strong><em>Despliegue de maquinaria pesada<\/em><\/strong><\/h2>\n\n\n\n<p>En la <a href=\"https:\/\/alcaldiaalbertoadriani.com\/?p=6442\">parroquia R\u00f3mulo Gallegos<\/a>, refiri\u00f3 el burgomaestre, las lluvias produjeron derrumbes, interrumpiendo el paso en la comunidad de Ca\u00f1o G\u00f3mez \u2013 Culegr\u00eda. De inmediato, envi\u00f3 maquinaria pesada tipo retroexcavador para atender la situaci\u00f3n y restituir el paso.<\/p>\n\n\n\n<p>Asimismo, en el sector La Batea, el r\u00edo creci\u00f3 y desbord\u00f3 por la sedimentaci\u00f3n de la v\u00eda, afectando el camell\u00f3n que conduce hacia Guayabones \u2013 Culegr\u00eda y seis viviendas aproximadamente de esta comunidad. \u201cEstamos enviando maquinaria pesada tipo retroexcavador para proceder a la limpieza de la sedimentaci\u00f3n de La Batea y ayudar a que las aguas puedan circular\u201d.<\/p>\n\n\n\n<p>Adem\u00e1s, se produjo el desbordamiento del puente de Ca\u00f1o Fr\u00edo &#8211; Culegr\u00eda, rebosado hasta la v\u00eda principal frente al relleno sanitario. En este sentido, Segura dijo que se requiere de un gran trabajo de dragado que sobredimensiona la capacidad econ\u00f3mica municipal, por lo que es necesario la intervenci\u00f3n del gobierno nacional. \u201cdesde el camell\u00f3n que comunica Guayabones &#8211; Culegr\u00eda, hasta el puente de Ca\u00f1o Fr\u00edo &#8211; Culegr\u00eda, se requiere de un inmenso trabajo como de una docena de yumbos de gran calado para limpiar el sedimento que ha tapado el paso del cauce del r\u00edo por el puente\u201d.<\/p>\n\n\n\n<p>As\u00ed tambi\u00e9n, en Ca\u00f1o Fr\u00edo &#8211; La Pedeca, el camell\u00f3n fue afectado por las fuertes lluvias, por lo que, el alcalde enviar\u00e1 la m\u00e1quina tipo patrol para mejorar la vialidad.<\/p>\n\n\n\n<h2 class=\"wp-block-heading\"><strong><em>Operatividad relleno sanitario<\/em><\/strong><\/h2>\n\n\n\n<p>Finalmente, Segura dijo que la operatividad del relleno sanitario est\u00e1 afectada por las lluvias que han da\u00f1ado la vialidad, obstaculizado la descarga de la basura en los \u00faltimos d\u00edas. Aunado a ello, la maquinaria asignada por la Gobernaci\u00f3n del Estado, no trabaja desde el pasado mi\u00e9rcoles, situaci\u00f3n que interfiere en la recolecci\u00f3n y descarga de la basura en el municipio. <strong><em>Prensa Alcald\u00eda Alberto Adriani\/ Claribel Zambrano CNP: 11.843\/ Fotos: Rub\u00e9n Ramos.<\/em><\/strong><\/p>\n\n\n\n<figure class=\"wp-block-gallery has-nested-images columns-default is-cropped wp-block-gallery-2 is-layout-flex wp-block-gallery-is-layout-flex\">\n<figure class=\"wp-block-image size-large\"><img loading=\"lazy\" decoding=\"async\" width=\"1024\" height=\"682\" data-id=\"14849\" src=\"https:\/\/alcaldiaalbertoadriani.com\/wp-content\/uploads\/2026\/02\/photo_4911657139114281901_w-1024x682.jpg\" alt=\"\" class=\"wp-image-14849\" srcset=\"https:\/\/alcaldiaalbertoadriani.com\/wp-content\/uploads\/2026\/02\/photo_4911657139114281901_w-980x653.jpg 980w, https:\/\/alcaldiaalbertoadriani.com\/wp-content\/uploads\/2026\/02\/photo_4911657139114281901_w-480x320.jpg 480w\" sizes=\"auto, (min-width: 0px) and (max-width: 480px) 480px, (min-width: 481px) and (max-width: 980px) 980px, (min-width: 981px) 1024px, 100vw\" \/><\/figure>\n<\/figure>\n","protected":false},"excerpt":{"rendered":"<p>Ante las intensas precipitaciones registradas en las \u00faltimas horas, el alcalde del municipio Alberto Adriani, Lisandro Segura, despleg\u00f3 su equipo de gobierno para supervisar y dar respuesta inmediata a las [&hellip;]<\/p>\n","protected":false},"author":2,"featured_media":14848,"comment_status":"open","ping_status":"closed","sticky":false,"template":"","format":"standard","meta":{"_et_pb_use_builder":"off","_et_pb_old_content":"","_et_gb_content_width":"","footnotes":""},"categories":[341,25],"tags":[31,11,12,15,761,30,29,28],"class_list":["post-14847","post","type-post","status-publish","format-standard","has-post-thumbnail","hentry","category-alcaldia-alberto-adriani","category-nuestro-municipio","tag-alcalde","tag-alcaldia","tag-alcaldiaalbertoadriani","tag-elvigia","tag-encrucijadadeprogreso","tag-lisandrosegura","tag-municipioquenosmerecemos","tag-porelrenacer"],"yoast_head":"<!-- This site is optimized with the Yoast SEO plugin v19.13 - https:\/\/yoast.com\/wordpress\/plugins\/seo\/ -->\n<title>Alcalde Lisandro Segura despliega equipo de trabajo para atender<\/title>\n<meta name=\"description\" content=\"Alcalde Lisandro Segura despliega equipo de trabajo para atender afectaciones por lluvias y dar respuesta inmediata a las diversas comunidades\" \/>\n<meta name=\"robots\" content=\"index, follow, max-snippet:-1, max-image-preview:large, max-video-preview:-1\" \/>\n<link rel=\"canonical\" href=\"https:\/\/alcaldiaalbertoadriani.com\/?p=14847\" \/>\n<meta property=\"og:locale\" content=\"es_ES\" \/>\n<meta property=\"og:type\" content=\"article\" \/>\n<meta property=\"og:title\" content=\"Alcalde Lisandro Segura despliega equipo de trabajo para atender\" \/>\n<meta property=\"og:description\" content=\"Alcalde Lisandro Segura despliega equipo de trabajo para atender afectaciones por lluvias y dar respuesta inmediata a las diversas comunidades\" \/>\n<meta property=\"og:url\" content=\"https:\/\/alcaldiaalbertoadriani.com\/?p=14847\" \/>\n<meta property=\"og:site_name\" content=\"Alcaldia Alberto Adriani\" \/>\n<meta property=\"article:published_time\" content=\"2026-02-05T14:33:58+00:00\" \/>\n<meta property=\"article:modified_time\" content=\"2026-02-05T14:34:01+00:00\" \/>\n<meta property=\"og:image\" content=\"https:\/\/alcaldiaalbertoadriani.com\/wp-content\/uploads\/2026\/02\/photo_4911657139114281900_w.jpg\" \/>\n\t<meta property=\"og:image:width\" content=\"1600\" \/>\n\t<meta property=\"og:image:height\" content=\"898\" \/>\n\t<meta property=\"og:image:type\" content=\"image\/jpeg\" \/>\n<meta name=\"author\" content=\"Prensa\" \/>\n<meta name=\"twitter:card\" content=\"summary_large_image\" \/>\n<meta name=\"twitter:label1\" content=\"Escrito por\" \/>\n\t<meta name=\"twitter:data1\" content=\"Prensa\" \/>\n\t<meta name=\"twitter:label2\" content=\"Tiempo de lectura\" \/>\n\t<meta name=\"twitter:data2\" content=\"3 minutos\" \/>\n<script type=\"application\/ld+json\" class=\"yoast-schema-graph\">{\"@context\":\"https:\/\/schema.org\",\"@graph\":[{\"@type\":\"WebPage\",\"@id\":\"https:\/\/alcaldiaalbertoadriani.com\/?p=14847\",\"url\":\"https:\/\/alcaldiaalbertoadriani.com\/?p=14847\",\"name\":\"Alcalde Lisandro Segura despliega equipo de trabajo para atender\",\"isPartOf\":{\"@id\":\"https:\/\/alcaldiaalbertoadriani.com\/#website\"},\"datePublished\":\"2026-02-05T14:33:58+00:00\",\"dateModified\":\"2026-02-05T14:34:01+00:00\",\"author\":{\"@id\":\"https:\/\/alcaldiaalbertoadriani.com\/#\/schema\/person\/549b4483ff8999ac780deeea78795fc9\"},\"description\":\"Alcalde Lisandro Segura despliega equipo de trabajo para atender afectaciones por lluvias y dar respuesta inmediata a las diversas comunidades\",\"breadcrumb\":{\"@id\":\"https:\/\/alcaldiaalbertoadriani.com\/?p=14847#breadcrumb\"},\"inLanguage\":\"es\",\"potentialAction\":[{\"@type\":\"ReadAction\",\"target\":[\"https:\/\/alcaldiaalbertoadriani.com\/?p=14847\"]}]},{\"@type\":\"BreadcrumbList\",\"@id\":\"https:\/\/alcaldiaalbertoadriani.com\/?p=14847#breadcrumb\",\"itemListElement\":[{\"@type\":\"ListItem\",\"position\":1,\"name\":\"Portada\",\"item\":\"https:\/\/alcaldiaalbertoadriani.com\/\"},{\"@type\":\"ListItem\",\"position\":2,\"name\":\"Alcalde Lisandro Segura despliega equipo de trabajo para atender afectaciones por lluvias\"}]},{\"@type\":\"WebSite\",\"@id\":\"https:\/\/alcaldiaalbertoadriani.com\/#website\",\"url\":\"https:\/\/alcaldiaalbertoadriani.com\/\",\"name\":\"Alcaldia Alberto Adriani\",\"description\":\"\",\"potentialAction\":[{\"@type\":\"SearchAction\",\"target\":{\"@type\":\"EntryPoint\",\"urlTemplate\":\"https:\/\/alcaldiaalbertoadriani.com\/?s={search_term_string}\"},\"query-input\":\"required name=search_term_string\"}],\"inLanguage\":\"es\"},{\"@type\":\"Person\",\"@id\":\"https:\/\/alcaldiaalbertoadriani.com\/#\/schema\/person\/549b4483ff8999ac780deeea78795fc9\",\"name\":\"Prensa\",\"image\":{\"@type\":\"ImageObject\",\"inLanguage\":\"es\",\"@id\":\"https:\/\/alcaldiaalbertoadriani.com\/#\/schema\/person\/image\/\",\"url\":\"https:\/\/secure.gravatar.com\/avatar\/ea1cb567ea992a29627f4eee1c2eb185ec16decec6342d508fdf18dedb56c9de?s=96&d=mm&r=g\",\"contentUrl\":\"https:\/\/secure.gravatar.com\/avatar\/ea1cb567ea992a29627f4eee1c2eb185ec16decec6342d508fdf18dedb56c9de?s=96&d=mm&r=g\",\"caption\":\"Prensa\"},\"url\":\"https:\/\/alcaldiaalbertoadriani.com\/?author=2\"}]}<\/script>\n<!-- \/ Yoast SEO plugin. -->","yoast_head_json":{"title":"Alcalde Lisandro Segura despliega equipo de trabajo para atender","description":"Alcalde Lisandro Segura despliega equipo de trabajo para atender afectaciones por lluvias y dar respuesta inmediata a las diversas comunidades","robots":{"index":"index","follow":"follow","max-snippet":"max-snippet:-1","max-image-preview":"max-image-preview:large","max-video-preview":"max-video-preview:-1"},"canonical":"https:\/\/alcaldiaalbertoadriani.com\/?p=14847","og_locale":"es_ES","og_type":"article","og_title":"Alcalde Lisandro Segura despliega equipo de trabajo para atender","og_description":"Alcalde Lisandro Segura despliega equipo de trabajo para atender afectaciones por lluvias y dar respuesta inmediata a las diversas comunidades","og_url":"https:\/\/alcaldiaalbertoadriani.com\/?p=14847","og_site_name":"Alcaldia Alberto Adriani","article_published_time":"2026-02-05T14:33:58+00:00","article_modified_time":"2026-02-05T14:34:01+00:00","og_image":[{"width":1600,"height":898,"url":"https:\/\/alcaldiaalbertoadriani.com\/wp-content\/uploads\/2026\/02\/photo_4911657139114281900_w.jpg","type":"image\/jpeg"}],"author":"Prensa","twitter_card":"summary_large_image","twitter_misc":{"Escrito por":"Prensa","Tiempo de lectura":"3 minutos"},"schema":{"@context":"https:\/\/schema.org","@graph":[{"@type":"WebPage","@id":"https:\/\/alcaldiaalbertoadriani.com\/?p=14847","url":"https:\/\/alcaldiaalbertoadriani.com\/?p=14847","name":"Alcalde Lisandro Segura despliega equipo de trabajo para atender","isPartOf":{"@id":"https:\/\/alcaldiaalbertoadriani.com\/#website"},"datePublished":"2026-02-05T14:33:58+00:00","dateModified":"2026-02-05T14:34:01+00:00","author":{"@id":"https:\/\/alcaldiaalbertoadriani.com\/#\/schema\/person\/549b4483ff8999ac780deeea78795fc9"},"description":"Alcalde Lisandro Segura despliega equipo de trabajo para atender afectaciones por lluvias y dar respuesta inmediata a las diversas comunidades","breadcrumb":{"@id":"https:\/\/alcaldiaalbertoadriani.com\/?p=14847#breadcrumb"},"inLanguage":"es","potentialAction":[{"@type":"ReadAction","target":["https:\/\/alcaldiaalbertoadriani.com\/?p=14847"]}]},{"@type":"BreadcrumbList","@id":"https:\/\/alcaldiaalbertoadriani.com\/?p=14847#breadcrumb","itemListElement":[{"@type":"ListItem","position":1,"name":"Portada","item":"https:\/\/alcaldiaalbertoadriani.com\/"},{"@type":"ListItem","position":2,"name":"Alcalde Lisandro Segura despliega equipo de trabajo para atender afectaciones por lluvias"}]},{"@type":"WebSite","@id":"https:\/\/alcaldiaalbertoadriani.com\/#website","url":"https:\/\/alcaldiaalbertoadriani.com\/","name":"Alcaldia Alberto Adriani","description":"","potentialAction":[{"@type":"SearchAction","target":{"@type":"EntryPoint","urlTemplate":"https:\/\/alcaldiaalbertoadriani.com\/?s={search_term_string}"},"query-input":"required name=search_term_string"}],"inLanguage":"es"},{"@type":"Person","@id":"https:\/\/alcaldiaalbertoadriani.com\/#\/schema\/person\/549b4483ff8999ac780deeea78795fc9","name":"Prensa","image":{"@type":"ImageObject","inLanguage":"es","@id":"https:\/\/alcaldiaalbertoadriani.com\/#\/schema\/person\/image\/","url":"https:\/\/secure.gravatar.com\/avatar\/ea1cb567ea992a29627f4eee1c2eb185ec16decec6342d508fdf18dedb56c9de?s=96&d=mm&r=g","contentUrl":"https:\/\/secure.gravatar.com\/avatar\/ea1cb567ea992a29627f4eee1c2eb185ec16decec6342d508fdf18dedb56c9de?s=96&d=mm&r=g","caption":"Prensa"},"url":"https:\/\/alcaldiaalbertoadriani.com\/?author=2"}]}},"_links":{"self":[{"href":"https:\/\/alcaldiaalbertoadriani.com\/index.php?rest_route=\/wp\/v2\/posts\/14847","targetHints":{"allow":["GET"]}}],"collection":[{"href":"https:\/\/alcaldiaalbertoadriani.com\/index.php?rest_route=\/wp\/v2\/posts"}],"about":[{"href":"https:\/\/alcaldiaalbertoadriani.com\/index.php?rest_route=\/wp\/v2\/types\/post"}],"author":[{"embeddable":true,"href":"https:\/\/alcaldiaalbertoadriani.com\/index.php?rest_route=\/wp\/v2\/users\/2"}],"replies":[{"embeddable":true,"href":"https:\/\/alcaldiaalbertoadriani.com\/index.php?rest_route=%2Fwp%2Fv2%2Fcomments&post=14847"}],"version-history":[{"count":1,"href":"https:\/\/alcaldiaalbertoadriani.com\/index.php?rest_route=\/wp\/v2\/posts\/14847\/revisions"}],"predecessor-version":[{"id":14851,"href":"https:\/\/alcaldiaalbertoadriani.com\/index.php?rest_route=\/wp\/v2\/posts\/14847\/revisions\/14851"}],"wp:featuredmedia":[{"embeddable":true,"href":"https:\/\/alcaldiaalbertoadriani.com\/index.php?rest_route=\/wp\/v2\/media\/14848"}],"wp:attachment":[{"href":"https:\/\/alcaldiaalbertoadriani.com\/index.php?rest_route=%2Fwp%2Fv2%2Fmedia&parent=14847"}],"wp:term":[{"taxonomy":"category","embeddable":true,"href":"https:\/\/alcaldiaalbertoadriani.com\/index.php?rest_route=%2Fwp%2Fv2%2Fcategories&post=14847"},{"taxonomy":"post_tag","embeddable":true,"href":"https:\/\/alcaldiaalbertoadriani.com\/index.php?rest_route=%2Fwp%2Fv2%2Ftags&post=14847"}],"curies":[{"name":"wp","href":"https:\/\/api.w.org\/{rel}","templated":true}]}}