{"id":1483,"date":"2022-12-14T15:52:35","date_gmt":"2022-12-14T15:52:35","guid":{"rendered":"https:\/\/alcaldiaalbertoadriani.com\/?p=1483"},"modified":"2022-12-16T22:40:40","modified_gmt":"2022-12-16T22:40:40","slug":"parrandon-navideno-bueno-aires","status":"publish","type":"post","link":"https:\/\/alcaldiaalbertoadriani.com\/?p=1483","title":{"rendered":"M\u00e1s de 3 mil personas participaron en el Parrand\u00f3n Navide\u00f1o de la urbanizaci\u00f3n Buenos Aires"},"content":{"rendered":"<div class=\"wp-block-post-excerpt\"><p class=\"wp-block-post-excerpt__excerpt\">M\u00e1s de tres mil personas participaron en el evento, e importante destacar que las calles de la comunidad Vista Alegre, fueron adornadas con material de reciclaje <\/p><\/div>\n\n\n<p>Con la presentaci\u00f3n de fuegos artificiales y las calles adornadas la alcald\u00eda del municipio <a href=\"https:\/\/www.facebook.com\/alcaldiaaa\" target=\"_blank\" rel=\"noreferrer noopener\">Alberto Adriani<\/a>, realiz\u00f3 el d\u00e9cimo octavo <a href=\"https:\/\/alcaldiaalbertoadriani.com\/?p=1436\" target=\"_blank\" rel=\"noreferrer noopener\">Parrand\u00f3n Navide\u00f1o 2022<\/a>. El evento tuvo lugar en la urbanizaci\u00f3n Buenos Aires de la parroquia R\u00f3mulo Gallegos.<\/p>\n\n\n\n<figure class=\"wp-block-image size-large\"><img loading=\"lazy\" decoding=\"async\" width=\"1024\" height=\"576\" src=\"https:\/\/alcaldiaalbertoadriani.com\/wp-content\/uploads\/2022\/12\/IMG000-44-1024x576.jpg\" alt=\"\" class=\"wp-image-1485\" srcset=\"https:\/\/alcaldiaalbertoadriani.com\/wp-content\/uploads\/2022\/12\/IMG000-44-980x551.jpg 980w, https:\/\/alcaldiaalbertoadriani.com\/wp-content\/uploads\/2022\/12\/IMG000-44-480x270.jpg 480w\" sizes=\"auto, (min-width: 0px) and (max-width: 480px) 480px, (min-width: 481px) and (max-width: 980px) 980px, (min-width: 981px) 1024px, 100vw\" \/><figcaption><strong>Fuegos artificiales en la urbanizaci\u00f3n Buenos Aires de la parroquia R\u00f3mulo Gallegos.<\/strong><\/figcaption><\/figure>\n\n\n\n<p>La actividad cont\u00f3 con la presencia de <a href=\"https:\/\/twitter.com\/A2contreras\" target=\"_blank\" rel=\"noreferrer noopener\">\u00c1ngel Contreras<\/a>, gerente General del ente local, en representaci\u00f3n del alcalde <a href=\"https:\/\/www.facebook.com\/lisandro.segura.33\" target=\"_blank\" rel=\"noreferrer noopener\">Lisandro Segura<\/a>; Milena Sotos, reina del Chocolate 2022; Mariela D\u00e1vila, directora del reinado <a href=\"https:\/\/www.instagram.com\/ferivigiaoficial\/\" target=\"_blank\" rel=\"noreferrer noopener\">FeriVig\u00eda2022<\/a> y Edgar Uzc\u00e1tegui, presidente de la Asociaci\u00f3n de Ganaderos y Agricultores Alberto Adriani -Asodegaa-, quien fungi\u00f3 como invitado especial.<\/p>\n\n\n\n<p>Entre las presentaciones se destacaron los miembros de la Banda Show \u201cCecilio Labrador\u201d, el tradicional \u201cApag\u00f3n\u201d y un poema de los Vasallos de La Candelaria. Asimismo, un derroche de talentos locales, quienes deleitaron a los presentes con m\u00fasica urbana, gaitera, llanera, tropical, colombiana y mexicana.<\/p>\n\n\n\n<h2 class=\"wp-block-heading\">Tres mil personas participaron en el Parrand\u00f3n Navide\u00f1o en Buenos Aires<\/h2>\n\n\n\n<p>El magno evento que inici\u00f3 aproximadamente a las 8:00 de la noche del domingo 11 de diciembre, se extendi\u00f3 hasta las 2:30 de la madrugada del lunes, y cont\u00f3 con una asistencia de m\u00e1s de 3 mil personas.<\/p>\n\n\n\n<p>Importante destacar que el consejo comunal del sector Vista Alegre, ubicado en el urbanismo mencionado, junto con el comit\u00e9 organizador, utilizaron material de reciclaje, seis mil CD para adornar su calle e instalaron m\u00e1s de 60 arcos con sus luci\u00e9rnagas en las aceras de la barriada.<\/p>\n\n\n\n<p>Jornada Social Por otra parte, previo al parrand\u00f3n, se ejecut\u00f3 una jornada de atenci\u00f3n social en la cancha techada de la misma comunidad, en donde 256 fueron beneficiadas. Igualmente, se brind\u00f3 toma de tensi\u00f3n arterial, desparasitaci\u00f3n, barber\u00eda, peluquer\u00eda, e inscripci\u00f3n para la expedici\u00f3n de partidas de nacimientos por parte del Registro Civil y las asesor\u00edas del Consejo Municipal de Derechos del Ni\u00f1o, Ni\u00f1as y Adolescente -Cmdnna-. <strong>Prensa Alcald\u00eda Alberto Adriani\/Edgar Mendoza CNP: 25.736\/Fotos: Mar\u00eda Jos\u00e9 Molina.<\/strong><\/p>\n\n\n\n<figure class=\"wp-block-gallery has-nested-images columns-default is-cropped wp-block-gallery-1 is-layout-flex wp-block-gallery-is-layout-flex\">\n<figure class=\"wp-block-image size-large\"><img loading=\"lazy\" decoding=\"async\" width=\"2560\" height=\"2560\" data-id=\"1486\" src=\"https:\/\/alcaldiaalbertoadriani.com\/wp-content\/uploads\/2022\/12\/IMG000-26-scaled.jpg\" alt=\"\" class=\"wp-image-1486\" srcset=\"https:\/\/alcaldiaalbertoadriani.com\/wp-content\/uploads\/2022\/12\/IMG000-26-scaled.jpg 2560w, https:\/\/alcaldiaalbertoadriani.com\/wp-content\/uploads\/2022\/12\/IMG000-26-1280x1280.jpg 1280w, https:\/\/alcaldiaalbertoadriani.com\/wp-content\/uploads\/2022\/12\/IMG000-26-980x980.jpg 980w, https:\/\/alcaldiaalbertoadriani.com\/wp-content\/uploads\/2022\/12\/IMG000-26-480x480.jpg 480w\" sizes=\"auto, (min-width: 0px) and (max-width: 480px) 480px, (min-width: 481px) and (max-width: 980px) 980px, (min-width: 981px) and (max-width: 1280px) 1280px, (min-width: 1281px) 2560px, 100vw\" \/><\/figure>\n\n\n\n<figure class=\"wp-block-image size-large\"><img loading=\"lazy\" decoding=\"async\" width=\"2560\" height=\"2560\" data-id=\"1487\" src=\"https:\/\/alcaldiaalbertoadriani.com\/wp-content\/uploads\/2022\/12\/IMG000-28-scaled.jpg\" alt=\"\" class=\"wp-image-1487\" srcset=\"https:\/\/alcaldiaalbertoadriani.com\/wp-content\/uploads\/2022\/12\/IMG000-28-scaled.jpg 2560w, https:\/\/alcaldiaalbertoadriani.com\/wp-content\/uploads\/2022\/12\/IMG000-28-1280x1280.jpg 1280w, https:\/\/alcaldiaalbertoadriani.com\/wp-content\/uploads\/2022\/12\/IMG000-28-980x980.jpg 980w, https:\/\/alcaldiaalbertoadriani.com\/wp-content\/uploads\/2022\/12\/IMG000-28-480x480.jpg 480w\" sizes=\"auto, (min-width: 0px) and (max-width: 480px) 480px, (min-width: 481px) and (max-width: 980px) 980px, (min-width: 981px) and (max-width: 1280px) 1280px, (min-width: 1281px) 2560px, 100vw\" \/><\/figure>\n\n\n\n<figure class=\"wp-block-image size-large\"><img loading=\"lazy\" decoding=\"async\" width=\"2560\" height=\"2560\" data-id=\"1488\" src=\"https:\/\/alcaldiaalbertoadriani.com\/wp-content\/uploads\/2022\/12\/IMG000-30-scaled.jpg\" alt=\"\" class=\"wp-image-1488\" srcset=\"https:\/\/alcaldiaalbertoadriani.com\/wp-content\/uploads\/2022\/12\/IMG000-30-scaled.jpg 2560w, https:\/\/alcaldiaalbertoadriani.com\/wp-content\/uploads\/2022\/12\/IMG000-30-300x300.jpg 300w, https:\/\/alcaldiaalbertoadriani.com\/wp-content\/uploads\/2022\/12\/IMG000-30-1024x1024.jpg 1024w, https:\/\/alcaldiaalbertoadriani.com\/wp-content\/uploads\/2022\/12\/IMG000-30-150x150.jpg 150w, https:\/\/alcaldiaalbertoadriani.com\/wp-content\/uploads\/2022\/12\/IMG000-30-768x768.jpg 768w\" sizes=\"auto, (max-width: 2560px) 100vw, 2560px\" \/><\/figure>\n\n\n\n<figure class=\"wp-block-image size-large\"><img loading=\"lazy\" decoding=\"async\" width=\"2560\" height=\"2560\" data-id=\"1489\" src=\"https:\/\/alcaldiaalbertoadriani.com\/wp-content\/uploads\/2022\/12\/IMG000-27-scaled.jpg\" alt=\"\" class=\"wp-image-1489\" srcset=\"https:\/\/alcaldiaalbertoadriani.com\/wp-content\/uploads\/2022\/12\/IMG000-27-scaled.jpg 2560w, https:\/\/alcaldiaalbertoadriani.com\/wp-content\/uploads\/2022\/12\/IMG000-27-300x300.jpg 300w, https:\/\/alcaldiaalbertoadriani.com\/wp-content\/uploads\/2022\/12\/IMG000-27-1024x1024.jpg 1024w, https:\/\/alcaldiaalbertoadriani.com\/wp-content\/uploads\/2022\/12\/IMG000-27-150x150.jpg 150w\" sizes=\"auto, (max-width: 2560px) 100vw, 2560px\" \/><\/figure>\n\n\n\n<figure class=\"wp-block-image size-large\"><img loading=\"lazy\" decoding=\"async\" width=\"2560\" height=\"2560\" data-id=\"1490\" src=\"https:\/\/alcaldiaalbertoadriani.com\/wp-content\/uploads\/2022\/12\/IMG000-24-scaled.jpg\" alt=\"\" class=\"wp-image-1490\" srcset=\"https:\/\/alcaldiaalbertoadriani.com\/wp-content\/uploads\/2022\/12\/IMG000-24-scaled.jpg 2560w, https:\/\/alcaldiaalbertoadriani.com\/wp-content\/uploads\/2022\/12\/IMG000-24-300x300.jpg 300w\" sizes=\"auto, (max-width: 2560px) 100vw, 2560px\" \/><\/figure>\n\n\n\n<figure class=\"wp-block-image size-large\"><img decoding=\"async\" data-id=\"1491\" src=\"https:\/\/alcaldiaalbertoadriani.com\/wp-content\/uploads\/2022\/12\/IMG000-19.jpg\" alt=\"\" class=\"wp-image-1491\"\/><\/figure>\n\n\n\n<figure class=\"wp-block-image size-large\"><img decoding=\"async\" data-id=\"1492\" src=\"https:\/\/alcaldiaalbertoadriani.com\/wp-content\/uploads\/2022\/12\/IMG000-32.jpg\" alt=\"\" class=\"wp-image-1492\"\/><\/figure>\n\n\n\n<figure class=\"wp-block-image size-large\"><img loading=\"lazy\" decoding=\"async\" width=\"2560\" height=\"1920\" data-id=\"1493\" src=\"https:\/\/alcaldiaalbertoadriani.com\/wp-content\/uploads\/2022\/12\/IMG000-38-1-scaled.jpg\" alt=\"\" class=\"wp-image-1493\" srcset=\"https:\/\/alcaldiaalbertoadriani.com\/wp-content\/uploads\/2022\/12\/IMG000-38-1-scaled.jpg 2560w, https:\/\/alcaldiaalbertoadriani.com\/wp-content\/uploads\/2022\/12\/IMG000-38-1-1280x960.jpg 1280w, https:\/\/alcaldiaalbertoadriani.com\/wp-content\/uploads\/2022\/12\/IMG000-38-1-980x735.jpg 980w, https:\/\/alcaldiaalbertoadriani.com\/wp-content\/uploads\/2022\/12\/IMG000-38-1-480x360.jpg 480w\" sizes=\"auto, (min-width: 0px) and (max-width: 480px) 480px, (min-width: 481px) and (max-width: 980px) 980px, (min-width: 981px) and (max-width: 1280px) 1280px, (min-width: 1281px) 2560px, 100vw\" \/><\/figure>\n<\/figure>\n","protected":false},"excerpt":{"rendered":"<p><em><strong>M\u00e1s de tres mil personas participaron en el evento, e importante destacar que las calles de la comunidad Vista Alegre, fueron adornadas con material de reciclaje<\/strong><\/em><\/p>\n","protected":false},"author":2,"featured_media":1484,"comment_status":"closed","ping_status":"closed","sticky":false,"template":"","format":"standard","meta":{"_et_pb_use_builder":"off","_et_pb_old_content":"","_et_gb_content_width":"","footnotes":""},"categories":[39,25],"tags":[31,11,12,15,30,29,28,297],"class_list":["post-1483","post","type-post","status-publish","format-standard","has-post-thumbnail","hentry","category-actividades-sociales","category-nuestro-municipio","tag-alcalde","tag-alcaldia","tag-alcaldiaalbertoadriani","tag-elvigia","tag-lisandrosegura","tag-municipioquenosmerecemos","tag-porelrenacer","tag-parrandon-navideno-bueno-aires"],"yoast_head":"<!-- This site is optimized with the Yoast SEO plugin v19.13 - https:\/\/yoast.com\/wordpress\/plugins\/seo\/ -->\n<title>M\u00e1s de 3 mil personas participaron en el Parrand\u00f3n Navide\u00f1o de la urbanizaci\u00f3n Buenos Aires - Alcaldia Alberto Adriani<\/title>\n<meta name=\"description\" content=\"M\u00e1s de tres mil personas participaron en el parrand\u00f3n navide\u00f1o en la comunidad Viste Alegre de la urbanizaci\u00f3n Buenos Aires en El Vig\u00eda.\" \/>\n<meta name=\"robots\" content=\"index, follow, max-snippet:-1, max-image-preview:large, max-video-preview:-1\" \/>\n<link rel=\"canonical\" href=\"https:\/\/alcaldiaalbertoadriani.com\/?p=1483\" \/>\n<meta property=\"og:locale\" content=\"es_ES\" \/>\n<meta property=\"og:type\" content=\"article\" \/>\n<meta property=\"og:title\" content=\"M\u00e1s de 3 mil personas participaron en el Parrand\u00f3n Navide\u00f1o de la urbanizaci\u00f3n Buenos Aires - Alcaldia Alberto Adriani\" \/>\n<meta property=\"og:description\" content=\"M\u00e1s de tres mil personas participaron en el parrand\u00f3n navide\u00f1o en la comunidad Viste Alegre de la urbanizaci\u00f3n Buenos Aires en El Vig\u00eda.\" \/>\n<meta property=\"og:url\" content=\"https:\/\/alcaldiaalbertoadriani.com\/?p=1483\" \/>\n<meta property=\"og:site_name\" content=\"Alcaldia Alberto Adriani\" \/>\n<meta property=\"article:published_time\" content=\"2022-12-14T15:52:35+00:00\" \/>\n<meta property=\"article:modified_time\" content=\"2022-12-16T22:40:40+00:00\" \/>\n<meta property=\"og:image\" content=\"https:\/\/alcaldiaalbertoadriani.com\/wp-content\/uploads\/2022\/12\/photo_2022-12-13_16-07-50.jpg\" \/>\n\t<meta property=\"og:image:width\" content=\"2560\" \/>\n\t<meta property=\"og:image:height\" content=\"1920\" \/>\n\t<meta property=\"og:image:type\" content=\"image\/jpeg\" \/>\n<meta name=\"author\" content=\"Prensa\" \/>\n<meta name=\"twitter:card\" content=\"summary_large_image\" \/>\n<meta name=\"twitter:label1\" content=\"Escrito por\" \/>\n\t<meta name=\"twitter:data1\" content=\"Prensa\" \/>\n\t<meta name=\"twitter:label2\" content=\"Tiempo de lectura\" \/>\n\t<meta name=\"twitter:data2\" content=\"4 minutos\" \/>\n<script type=\"application\/ld+json\" class=\"yoast-schema-graph\">{\"@context\":\"https:\/\/schema.org\",\"@graph\":[{\"@type\":\"WebPage\",\"@id\":\"https:\/\/alcaldiaalbertoadriani.com\/?p=1483\",\"url\":\"https:\/\/alcaldiaalbertoadriani.com\/?p=1483\",\"name\":\"M\u00e1s de 3 mil personas participaron en el Parrand\u00f3n Navide\u00f1o de la urbanizaci\u00f3n Buenos Aires - Alcaldia Alberto Adriani\",\"isPartOf\":{\"@id\":\"https:\/\/alcaldiaalbertoadriani.com\/#website\"},\"datePublished\":\"2022-12-14T15:52:35+00:00\",\"dateModified\":\"2022-12-16T22:40:40+00:00\",\"author\":{\"@id\":\"https:\/\/alcaldiaalbertoadriani.com\/#\/schema\/person\/549b4483ff8999ac780deeea78795fc9\"},\"description\":\"M\u00e1s de tres mil personas participaron en el parrand\u00f3n navide\u00f1o en la comunidad Viste Alegre de la urbanizaci\u00f3n Buenos Aires en El Vig\u00eda.\",\"breadcrumb\":{\"@id\":\"https:\/\/alcaldiaalbertoadriani.com\/?p=1483#breadcrumb\"},\"inLanguage\":\"es\",\"potentialAction\":[{\"@type\":\"ReadAction\",\"target\":[\"https:\/\/alcaldiaalbertoadriani.com\/?p=1483\"]}]},{\"@type\":\"BreadcrumbList\",\"@id\":\"https:\/\/alcaldiaalbertoadriani.com\/?p=1483#breadcrumb\",\"itemListElement\":[{\"@type\":\"ListItem\",\"position\":1,\"name\":\"Portada\",\"item\":\"https:\/\/alcaldiaalbertoadriani.com\/\"},{\"@type\":\"ListItem\",\"position\":2,\"name\":\"M\u00e1s de 3 mil personas participaron en el Parrand\u00f3n Navide\u00f1o de la urbanizaci\u00f3n Buenos Aires\"}]},{\"@type\":\"WebSite\",\"@id\":\"https:\/\/alcaldiaalbertoadriani.com\/#website\",\"url\":\"https:\/\/alcaldiaalbertoadriani.com\/\",\"name\":\"Alcaldia Alberto Adriani\",\"description\":\"\",\"potentialAction\":[{\"@type\":\"SearchAction\",\"target\":{\"@type\":\"EntryPoint\",\"urlTemplate\":\"https:\/\/alcaldiaalbertoadriani.com\/?s={search_term_string}\"},\"query-input\":\"required name=search_term_string\"}],\"inLanguage\":\"es\"},{\"@type\":\"Person\",\"@id\":\"https:\/\/alcaldiaalbertoadriani.com\/#\/schema\/person\/549b4483ff8999ac780deeea78795fc9\",\"name\":\"Prensa\",\"image\":{\"@type\":\"ImageObject\",\"inLanguage\":\"es\",\"@id\":\"https:\/\/alcaldiaalbertoadriani.com\/#\/schema\/person\/image\/\",\"url\":\"https:\/\/secure.gravatar.com\/avatar\/ea1cb567ea992a29627f4eee1c2eb185ec16decec6342d508fdf18dedb56c9de?s=96&d=mm&r=g\",\"contentUrl\":\"https:\/\/secure.gravatar.com\/avatar\/ea1cb567ea992a29627f4eee1c2eb185ec16decec6342d508fdf18dedb56c9de?s=96&d=mm&r=g\",\"caption\":\"Prensa\"},\"url\":\"https:\/\/alcaldiaalbertoadriani.com\/?author=2\"}]}<\/script>\n<!-- \/ Yoast SEO plugin. -->","yoast_head_json":{"title":"M\u00e1s de 3 mil personas participaron en el Parrand\u00f3n Navide\u00f1o de la urbanizaci\u00f3n Buenos Aires - Alcaldia Alberto Adriani","description":"M\u00e1s de tres mil personas participaron en el parrand\u00f3n navide\u00f1o en la comunidad Viste Alegre de la urbanizaci\u00f3n Buenos Aires en El Vig\u00eda.","robots":{"index":"index","follow":"follow","max-snippet":"max-snippet:-1","max-image-preview":"max-image-preview:large","max-video-preview":"max-video-preview:-1"},"canonical":"https:\/\/alcaldiaalbertoadriani.com\/?p=1483","og_locale":"es_ES","og_type":"article","og_title":"M\u00e1s de 3 mil personas participaron en el Parrand\u00f3n Navide\u00f1o de la urbanizaci\u00f3n Buenos Aires - Alcaldia Alberto Adriani","og_description":"M\u00e1s de tres mil personas participaron en el parrand\u00f3n navide\u00f1o en la comunidad Viste Alegre de la urbanizaci\u00f3n Buenos Aires en El Vig\u00eda.","og_url":"https:\/\/alcaldiaalbertoadriani.com\/?p=1483","og_site_name":"Alcaldia Alberto Adriani","article_published_time":"2022-12-14T15:52:35+00:00","article_modified_time":"2022-12-16T22:40:40+00:00","og_image":[{"width":2560,"height":1920,"url":"https:\/\/alcaldiaalbertoadriani.com\/wp-content\/uploads\/2022\/12\/photo_2022-12-13_16-07-50.jpg","type":"image\/jpeg"}],"author":"Prensa","twitter_card":"summary_large_image","twitter_misc":{"Escrito por":"Prensa","Tiempo de lectura":"4 minutos"},"schema":{"@context":"https:\/\/schema.org","@graph":[{"@type":"WebPage","@id":"https:\/\/alcaldiaalbertoadriani.com\/?p=1483","url":"https:\/\/alcaldiaalbertoadriani.com\/?p=1483","name":"M\u00e1s de 3 mil personas participaron en el Parrand\u00f3n Navide\u00f1o de la urbanizaci\u00f3n Buenos Aires - Alcaldia Alberto Adriani","isPartOf":{"@id":"https:\/\/alcaldiaalbertoadriani.com\/#website"},"datePublished":"2022-12-14T15:52:35+00:00","dateModified":"2022-12-16T22:40:40+00:00","author":{"@id":"https:\/\/alcaldiaalbertoadriani.com\/#\/schema\/person\/549b4483ff8999ac780deeea78795fc9"},"description":"M\u00e1s de tres mil personas participaron en el parrand\u00f3n navide\u00f1o en la comunidad Viste Alegre de la urbanizaci\u00f3n Buenos Aires en El Vig\u00eda.","breadcrumb":{"@id":"https:\/\/alcaldiaalbertoadriani.com\/?p=1483#breadcrumb"},"inLanguage":"es","potentialAction":[{"@type":"ReadAction","target":["https:\/\/alcaldiaalbertoadriani.com\/?p=1483"]}]},{"@type":"BreadcrumbList","@id":"https:\/\/alcaldiaalbertoadriani.com\/?p=1483#breadcrumb","itemListElement":[{"@type":"ListItem","position":1,"name":"Portada","item":"https:\/\/alcaldiaalbertoadriani.com\/"},{"@type":"ListItem","position":2,"name":"M\u00e1s de 3 mil personas participaron en el Parrand\u00f3n Navide\u00f1o de la urbanizaci\u00f3n Buenos Aires"}]},{"@type":"WebSite","@id":"https:\/\/alcaldiaalbertoadriani.com\/#website","url":"https:\/\/alcaldiaalbertoadriani.com\/","name":"Alcaldia Alberto Adriani","description":"","potentialAction":[{"@type":"SearchAction","target":{"@type":"EntryPoint","urlTemplate":"https:\/\/alcaldiaalbertoadriani.com\/?s={search_term_string}"},"query-input":"required name=search_term_string"}],"inLanguage":"es"},{"@type":"Person","@id":"https:\/\/alcaldiaalbertoadriani.com\/#\/schema\/person\/549b4483ff8999ac780deeea78795fc9","name":"Prensa","image":{"@type":"ImageObject","inLanguage":"es","@id":"https:\/\/alcaldiaalbertoadriani.com\/#\/schema\/person\/image\/","url":"https:\/\/secure.gravatar.com\/avatar\/ea1cb567ea992a29627f4eee1c2eb185ec16decec6342d508fdf18dedb56c9de?s=96&d=mm&r=g","contentUrl":"https:\/\/secure.gravatar.com\/avatar\/ea1cb567ea992a29627f4eee1c2eb185ec16decec6342d508fdf18dedb56c9de?s=96&d=mm&r=g","caption":"Prensa"},"url":"https:\/\/alcaldiaalbertoadriani.com\/?author=2"}]}},"_links":{"self":[{"href":"https:\/\/alcaldiaalbertoadriani.com\/index.php?rest_route=\/wp\/v2\/posts\/1483","targetHints":{"allow":["GET"]}}],"collection":[{"href":"https:\/\/alcaldiaalbertoadriani.com\/index.php?rest_route=\/wp\/v2\/posts"}],"about":[{"href":"https:\/\/alcaldiaalbertoadriani.com\/index.php?rest_route=\/wp\/v2\/types\/post"}],"author":[{"embeddable":true,"href":"https:\/\/alcaldiaalbertoadriani.com\/index.php?rest_route=\/wp\/v2\/users\/2"}],"replies":[{"embeddable":true,"href":"https:\/\/alcaldiaalbertoadriani.com\/index.php?rest_route=%2Fwp%2Fv2%2Fcomments&post=1483"}],"version-history":[{"count":2,"href":"https:\/\/alcaldiaalbertoadriani.com\/index.php?rest_route=\/wp\/v2\/posts\/1483\/revisions"}],"predecessor-version":[{"id":1510,"href":"https:\/\/alcaldiaalbertoadriani.com\/index.php?rest_route=\/wp\/v2\/posts\/1483\/revisions\/1510"}],"wp:featuredmedia":[{"embeddable":true,"href":"https:\/\/alcaldiaalbertoadriani.com\/index.php?rest_route=\/wp\/v2\/media\/1484"}],"wp:attachment":[{"href":"https:\/\/alcaldiaalbertoadriani.com\/index.php?rest_route=%2Fwp%2Fv2%2Fmedia&parent=1483"}],"wp:term":[{"taxonomy":"category","embeddable":true,"href":"https:\/\/alcaldiaalbertoadriani.com\/index.php?rest_route=%2Fwp%2Fv2%2Fcategories&post=1483"},{"taxonomy":"post_tag","embeddable":true,"href":"https:\/\/alcaldiaalbertoadriani.com\/index.php?rest_route=%2Fwp%2Fv2%2Ftags&post=1483"}],"curies":[{"name":"wp","href":"https:\/\/api.w.org\/{rel}","templated":true}]}}