{"id":14816,"date":"2026-01-29T14:52:10","date_gmt":"2026-01-29T14:52:10","guid":{"rendered":"https:\/\/alcaldiaalbertoadriani.com\/?p=14816"},"modified":"2026-01-29T14:52:12","modified_gmt":"2026-01-29T14:52:12","slug":"lisandro-segura-anuncia-varios-frentes-de-trabajo","status":"publish","type":"post","link":"https:\/\/alcaldiaalbertoadriani.com\/?p=14816","title":{"rendered":"Lisandro Segura anuncia varios frentes de trabajo en su programa radial"},"content":{"rendered":"\n<p>Durante la transmisi\u00f3n de su <a href=\"https:\/\/alcaldiaalbertoadriani.com\/?tag=programa-radial\">programa radial<\/a> desde el Parque La Guacamaya, el alcalde de Alberto Adriani, <a href=\"https:\/\/www.instagram.com\/lisandrosegura02\/\">Lisandro Segura<\/a>, anunci\u00f3 varios frentes de trabajo que ejecuta recientemente. Le acompa\u00f1aron los concejales y Eligia Jactiva, directora General.<\/p>\n\n\n\n<h2 class=\"wp-block-heading\"><strong><em>Recursos de FCI<\/em><\/strong><\/h2>\n\n\n\n<p>Segura inform\u00f3 sobre su reciente reuni\u00f3n con el Ejecutivo Nacional en Caracas, donde se confirm\u00f3 la asignaci\u00f3n de mayores recursos mediante el Fondo de Compensaci\u00f3n Interterritorial (FCI). \u201cNos informaron que este a\u00f1o antes de marzo nos enviar\u00e1n los recursos por FCI los cuales est\u00e1n destinados a nuestros proyectos de vialidad y se\u00f1alizaci\u00f3n\u201d.&nbsp; Aclar\u00f3 que el a\u00f1o pasado, el municipio no recibi\u00f3 recursos por esta v\u00eda.<\/p>\n\n\n\n<h2 class=\"wp-block-heading\"><strong><em>Frentes de trabajo<\/em><\/strong><\/h2>\n\n\n\n<p>Segura anunci\u00f3 varios frentes de trabajo que desarrollan actualmente entre ellos el <a href=\"https:\/\/alcaldiaalbertoadriani.com\/?tag=gobierno-plan-de-asfaltado\">Plan de asfaltado<\/a>, el cual arrancar\u00e1 a inicios de febrero con un bacheo en las avenidas Don Pepe Rojas, Bol\u00edvar, La 15, 16 y calle 3 del casco central. Adem\u00e1s, asfaltar\u00e1 la v\u00eda hacia Los Naranjos. \u201cVamos a asfaltar la v\u00eda desde la Redoma de La Blanca hacia Los Naranjos, all\u00ed haremos bacheo y carpeta corrida\u201d, anunci\u00f3.<\/p>\n\n\n\n<p>El otro frente es el Parque La Guacamaya, el cual tiene previsto reinaugurar para el mes de febrero. All\u00ed se ejecutan trabajos que incluyen la rehabilitaci\u00f3n de la pista de BMX, la recuperaci\u00f3n de la piscina y la laguna, mejoras en el sistema el\u00e9ctrico, cercado perimetral, drenajes pluviales y ornato en general.<\/p>\n\n\n\n<p>Asimismo, iniciar\u00e1 la recuperaci\u00f3n de la fachada y equipos bio saludables del Parque Metropolitano, instalaci\u00f3n que forman parte de la ruta tur\u00edstica del municipio.<\/p>\n\n\n\n<p>Destac\u00f3 los frentes de trabajo en la parroquia R\u00f3mulo Gallegos que incluye la construcci\u00f3n de cajones viales en Colinas de San Benito y Flor del Para\u00edso. En la parroquia P\u00e1ez, la construcci\u00f3n de la pasarela en el sector La Floresta. Tambi\u00e9n, en H\u00e9ctor Amable Mora, construcci\u00f3n del puente de Las Adjuntas y compra de material para la construcci\u00f3n del desarenador de Ca\u00f1o Arenas.<\/p>\n\n\n\n<p>Igualmente, construcci\u00f3n de colector de aguas pluviales en el edificio Renacer, y en la parroquia R\u00f3mulo Betancourt, la ejecuci\u00f3n de m\u00e1s de 2 kil\u00f3metros de canales de aguas pluviales en el Km 48, por lo que invit\u00f3 a los vecinos a una asamblea este domingo.<\/p>\n\n\n\n<p>Finalmente, el alcalde ofreci\u00f3 un balance del operativo especial de recolecci\u00f3n de basura en el cual se atendieron a 320 comunidades de las siete parroquias, logrando recolectar 721.8 toneladas de desechos. Adem\u00e1s, mencion\u00f3 la rehabilitaci\u00f3n del tramo vial en la avenida Don Pepe Rojas. <strong><em>Prensa Alcald\u00eda Alberto Adriani\/ Claribel Zambrano CNP: 11.843\/ Fotos: Karla M\u00e1rquez.<\/em><\/strong><\/p>\n","protected":false},"excerpt":{"rendered":"<p>Durante la transmisi\u00f3n de su programa radial desde el Parque La Guacamaya, el alcalde de Alberto Adriani, Lisandro Segura, anunci\u00f3 varios frentes de trabajo que ejecuta recientemente. Le acompa\u00f1aron los [&hellip;]<\/p>\n","protected":false},"author":2,"featured_media":14817,"comment_status":"open","ping_status":"closed","sticky":false,"template":"","format":"standard","meta":{"_et_pb_use_builder":"off","_et_pb_old_content":"","_et_gb_content_width":"","footnotes":""},"categories":[341,222,25],"tags":[31,11,15,761,30,29,28],"class_list":["post-14816","post","type-post","status-publish","format-standard","has-post-thumbnail","hentry","category-alcaldia-alberto-adriani","category-conversando-con-lisandro","category-nuestro-municipio","tag-alcalde","tag-alcaldia","tag-elvigia","tag-encrucijadadeprogreso","tag-lisandrosegura","tag-municipioquenosmerecemos","tag-porelrenacer"],"yoast_head":"<!-- This site is optimized with the Yoast SEO plugin v19.13 - https:\/\/yoast.com\/wordpress\/plugins\/seo\/ -->\n<title>Lisandro Segura anuncia varios frentes de trabajo<\/title>\n<meta name=\"description\" content=\"Lisandro Segura anuncia varios frentes de trabajo en su programa radial que ejecuta recientemente desde el Parque La Guacamaya\" \/>\n<meta name=\"robots\" content=\"index, follow, max-snippet:-1, max-image-preview:large, max-video-preview:-1\" \/>\n<link rel=\"canonical\" href=\"https:\/\/alcaldiaalbertoadriani.com\/?p=14816\" \/>\n<meta property=\"og:locale\" content=\"es_ES\" \/>\n<meta property=\"og:type\" content=\"article\" \/>\n<meta property=\"og:title\" content=\"Lisandro Segura anuncia varios frentes de trabajo\" \/>\n<meta property=\"og:description\" content=\"Lisandro Segura anuncia varios frentes de trabajo en su programa radial que ejecuta recientemente desde el Parque La Guacamaya\" \/>\n<meta property=\"og:url\" content=\"https:\/\/alcaldiaalbertoadriani.com\/?p=14816\" \/>\n<meta property=\"og:site_name\" content=\"Alcaldia Alberto Adriani\" \/>\n<meta property=\"article:published_time\" content=\"2026-01-29T14:52:10+00:00\" \/>\n<meta property=\"article:modified_time\" content=\"2026-01-29T14:52:12+00:00\" \/>\n<meta property=\"og:image\" content=\"https:\/\/alcaldiaalbertoadriani.com\/wp-content\/uploads\/2026\/01\/photo_5174785643329031060_y.jpg\" \/>\n\t<meta property=\"og:image:width\" content=\"1280\" \/>\n\t<meta property=\"og:image:height\" content=\"960\" \/>\n\t<meta property=\"og:image:type\" content=\"image\/jpeg\" \/>\n<meta name=\"author\" content=\"Prensa\" \/>\n<meta name=\"twitter:card\" content=\"summary_large_image\" \/>\n<meta name=\"twitter:label1\" content=\"Escrito por\" \/>\n\t<meta name=\"twitter:data1\" content=\"Prensa\" \/>\n\t<meta name=\"twitter:label2\" content=\"Tiempo de lectura\" \/>\n\t<meta name=\"twitter:data2\" content=\"2 minutos\" \/>\n<script type=\"application\/ld+json\" class=\"yoast-schema-graph\">{\"@context\":\"https:\/\/schema.org\",\"@graph\":[{\"@type\":\"WebPage\",\"@id\":\"https:\/\/alcaldiaalbertoadriani.com\/?p=14816\",\"url\":\"https:\/\/alcaldiaalbertoadriani.com\/?p=14816\",\"name\":\"Lisandro Segura anuncia varios frentes de trabajo\",\"isPartOf\":{\"@id\":\"https:\/\/alcaldiaalbertoadriani.com\/#website\"},\"datePublished\":\"2026-01-29T14:52:10+00:00\",\"dateModified\":\"2026-01-29T14:52:12+00:00\",\"author\":{\"@id\":\"https:\/\/alcaldiaalbertoadriani.com\/#\/schema\/person\/549b4483ff8999ac780deeea78795fc9\"},\"description\":\"Lisandro Segura anuncia varios frentes de trabajo en su programa radial que ejecuta recientemente desde el Parque La Guacamaya\",\"breadcrumb\":{\"@id\":\"https:\/\/alcaldiaalbertoadriani.com\/?p=14816#breadcrumb\"},\"inLanguage\":\"es\",\"potentialAction\":[{\"@type\":\"ReadAction\",\"target\":[\"https:\/\/alcaldiaalbertoadriani.com\/?p=14816\"]}]},{\"@type\":\"BreadcrumbList\",\"@id\":\"https:\/\/alcaldiaalbertoadriani.com\/?p=14816#breadcrumb\",\"itemListElement\":[{\"@type\":\"ListItem\",\"position\":1,\"name\":\"Portada\",\"item\":\"https:\/\/alcaldiaalbertoadriani.com\/\"},{\"@type\":\"ListItem\",\"position\":2,\"name\":\"Lisandro Segura anuncia varios frentes de trabajo en su programa radial\"}]},{\"@type\":\"WebSite\",\"@id\":\"https:\/\/alcaldiaalbertoadriani.com\/#website\",\"url\":\"https:\/\/alcaldiaalbertoadriani.com\/\",\"name\":\"Alcaldia Alberto Adriani\",\"description\":\"\",\"potentialAction\":[{\"@type\":\"SearchAction\",\"target\":{\"@type\":\"EntryPoint\",\"urlTemplate\":\"https:\/\/alcaldiaalbertoadriani.com\/?s={search_term_string}\"},\"query-input\":\"required name=search_term_string\"}],\"inLanguage\":\"es\"},{\"@type\":\"Person\",\"@id\":\"https:\/\/alcaldiaalbertoadriani.com\/#\/schema\/person\/549b4483ff8999ac780deeea78795fc9\",\"name\":\"Prensa\",\"image\":{\"@type\":\"ImageObject\",\"inLanguage\":\"es\",\"@id\":\"https:\/\/alcaldiaalbertoadriani.com\/#\/schema\/person\/image\/\",\"url\":\"https:\/\/secure.gravatar.com\/avatar\/ea1cb567ea992a29627f4eee1c2eb185ec16decec6342d508fdf18dedb56c9de?s=96&d=mm&r=g\",\"contentUrl\":\"https:\/\/secure.gravatar.com\/avatar\/ea1cb567ea992a29627f4eee1c2eb185ec16decec6342d508fdf18dedb56c9de?s=96&d=mm&r=g\",\"caption\":\"Prensa\"},\"url\":\"https:\/\/alcaldiaalbertoadriani.com\/?author=2\"}]}<\/script>\n<!-- \/ Yoast SEO plugin. -->","yoast_head_json":{"title":"Lisandro Segura anuncia varios frentes de trabajo","description":"Lisandro Segura anuncia varios frentes de trabajo en su programa radial que ejecuta recientemente desde el Parque La Guacamaya","robots":{"index":"index","follow":"follow","max-snippet":"max-snippet:-1","max-image-preview":"max-image-preview:large","max-video-preview":"max-video-preview:-1"},"canonical":"https:\/\/alcaldiaalbertoadriani.com\/?p=14816","og_locale":"es_ES","og_type":"article","og_title":"Lisandro Segura anuncia varios frentes de trabajo","og_description":"Lisandro Segura anuncia varios frentes de trabajo en su programa radial que ejecuta recientemente desde el Parque La Guacamaya","og_url":"https:\/\/alcaldiaalbertoadriani.com\/?p=14816","og_site_name":"Alcaldia Alberto Adriani","article_published_time":"2026-01-29T14:52:10+00:00","article_modified_time":"2026-01-29T14:52:12+00:00","og_image":[{"width":1280,"height":960,"url":"https:\/\/alcaldiaalbertoadriani.com\/wp-content\/uploads\/2026\/01\/photo_5174785643329031060_y.jpg","type":"image\/jpeg"}],"author":"Prensa","twitter_card":"summary_large_image","twitter_misc":{"Escrito por":"Prensa","Tiempo de lectura":"2 minutos"},"schema":{"@context":"https:\/\/schema.org","@graph":[{"@type":"WebPage","@id":"https:\/\/alcaldiaalbertoadriani.com\/?p=14816","url":"https:\/\/alcaldiaalbertoadriani.com\/?p=14816","name":"Lisandro Segura anuncia varios frentes de trabajo","isPartOf":{"@id":"https:\/\/alcaldiaalbertoadriani.com\/#website"},"datePublished":"2026-01-29T14:52:10+00:00","dateModified":"2026-01-29T14:52:12+00:00","author":{"@id":"https:\/\/alcaldiaalbertoadriani.com\/#\/schema\/person\/549b4483ff8999ac780deeea78795fc9"},"description":"Lisandro Segura anuncia varios frentes de trabajo en su programa radial que ejecuta recientemente desde el Parque La Guacamaya","breadcrumb":{"@id":"https:\/\/alcaldiaalbertoadriani.com\/?p=14816#breadcrumb"},"inLanguage":"es","potentialAction":[{"@type":"ReadAction","target":["https:\/\/alcaldiaalbertoadriani.com\/?p=14816"]}]},{"@type":"BreadcrumbList","@id":"https:\/\/alcaldiaalbertoadriani.com\/?p=14816#breadcrumb","itemListElement":[{"@type":"ListItem","position":1,"name":"Portada","item":"https:\/\/alcaldiaalbertoadriani.com\/"},{"@type":"ListItem","position":2,"name":"Lisandro Segura anuncia varios frentes de trabajo en su programa radial"}]},{"@type":"WebSite","@id":"https:\/\/alcaldiaalbertoadriani.com\/#website","url":"https:\/\/alcaldiaalbertoadriani.com\/","name":"Alcaldia Alberto Adriani","description":"","potentialAction":[{"@type":"SearchAction","target":{"@type":"EntryPoint","urlTemplate":"https:\/\/alcaldiaalbertoadriani.com\/?s={search_term_string}"},"query-input":"required name=search_term_string"}],"inLanguage":"es"},{"@type":"Person","@id":"https:\/\/alcaldiaalbertoadriani.com\/#\/schema\/person\/549b4483ff8999ac780deeea78795fc9","name":"Prensa","image":{"@type":"ImageObject","inLanguage":"es","@id":"https:\/\/alcaldiaalbertoadriani.com\/#\/schema\/person\/image\/","url":"https:\/\/secure.gravatar.com\/avatar\/ea1cb567ea992a29627f4eee1c2eb185ec16decec6342d508fdf18dedb56c9de?s=96&d=mm&r=g","contentUrl":"https:\/\/secure.gravatar.com\/avatar\/ea1cb567ea992a29627f4eee1c2eb185ec16decec6342d508fdf18dedb56c9de?s=96&d=mm&r=g","caption":"Prensa"},"url":"https:\/\/alcaldiaalbertoadriani.com\/?author=2"}]}},"_links":{"self":[{"href":"https:\/\/alcaldiaalbertoadriani.com\/index.php?rest_route=\/wp\/v2\/posts\/14816","targetHints":{"allow":["GET"]}}],"collection":[{"href":"https:\/\/alcaldiaalbertoadriani.com\/index.php?rest_route=\/wp\/v2\/posts"}],"about":[{"href":"https:\/\/alcaldiaalbertoadriani.com\/index.php?rest_route=\/wp\/v2\/types\/post"}],"author":[{"embeddable":true,"href":"https:\/\/alcaldiaalbertoadriani.com\/index.php?rest_route=\/wp\/v2\/users\/2"}],"replies":[{"embeddable":true,"href":"https:\/\/alcaldiaalbertoadriani.com\/index.php?rest_route=%2Fwp%2Fv2%2Fcomments&post=14816"}],"version-history":[{"count":1,"href":"https:\/\/alcaldiaalbertoadriani.com\/index.php?rest_route=\/wp\/v2\/posts\/14816\/revisions"}],"predecessor-version":[{"id":14818,"href":"https:\/\/alcaldiaalbertoadriani.com\/index.php?rest_route=\/wp\/v2\/posts\/14816\/revisions\/14818"}],"wp:featuredmedia":[{"embeddable":true,"href":"https:\/\/alcaldiaalbertoadriani.com\/index.php?rest_route=\/wp\/v2\/media\/14817"}],"wp:attachment":[{"href":"https:\/\/alcaldiaalbertoadriani.com\/index.php?rest_route=%2Fwp%2Fv2%2Fmedia&parent=14816"}],"wp:term":[{"taxonomy":"category","embeddable":true,"href":"https:\/\/alcaldiaalbertoadriani.com\/index.php?rest_route=%2Fwp%2Fv2%2Fcategories&post=14816"},{"taxonomy":"post_tag","embeddable":true,"href":"https:\/\/alcaldiaalbertoadriani.com\/index.php?rest_route=%2Fwp%2Fv2%2Ftags&post=14816"}],"curies":[{"name":"wp","href":"https:\/\/api.w.org\/{rel}","templated":true}]}}