{"id":14785,"date":"2026-01-29T14:00:53","date_gmt":"2026-01-29T14:00:53","guid":{"rendered":"https:\/\/alcaldiaalbertoadriani.com\/?p=14785"},"modified":"2026-01-29T14:00:55","modified_gmt":"2026-01-29T14:00:55","slug":"operativo-de-recoleccion-de-basura-asciende-a-130-comunidades","status":"publish","type":"post","link":"https:\/\/alcaldiaalbertoadriani.com\/?p=14785","title":{"rendered":"Operativo de recolecci\u00f3n de basura asciende a 130 comunidades atendidas"},"content":{"rendered":"\n<p>La gesti\u00f3n de <a href=\"https:\/\/www.instagram.com\/lisandrosegura02\/\">Lisandro Segura<\/a> en su compromiso de mantener una ciudad limpia y ordenada, contin\u00faa con el operativo especial de <a href=\"https:\/\/alcaldiaalbertoadriani.com\/?p=3916\">recolecci\u00f3n de desechos s\u00f3lidos<\/a>. Por ello, a trav\u00e9s de la gerencia de Servicios P\u00fablicos de la ciudad, mantiene los trabajos de recolecci\u00f3n de desechos s\u00f3lidos a lo largo y ancho de las siete parroquias que conforman esta jurisdicci\u00f3n meride\u00f1a.<\/p>\n\n\n\n<!--more-->\n\n\n\n<p>Leomar Vivas, gerente de esta dependencia de la Alcald\u00eda, resumi\u00f3 que durante el d\u00eda viernes y este lunes han realizado 96 viajes de descarga al relleno sanitario, lo que arroja una atenci\u00f3n de m\u00e1s de 130 comunidades del municipio Alberto Adriani<\/p>\n\n\n\n<h2 class=\"wp-block-heading\"><strong><em>Operativo en cifras<\/em><\/strong><\/h2>\n\n\n\n<p>Detall\u00f3 el funcionario que 24 comunidades se han atendido en la parroquia Pulido M\u00e9ndez; 11 en H\u00e9ctor Amable Mora; 07 en la Parroquia R\u00f3mulo Gallegos; 03 Presidente P\u00e1ez&nbsp; y 12 R\u00f3mulo Betancourt.<\/p>\n\n\n\n<figure class=\"wp-block-image size-large\"><img loading=\"lazy\" decoding=\"async\" width=\"1024\" height=\"768\" src=\"https:\/\/alcaldiaalbertoadriani.com\/wp-content\/uploads\/2026\/01\/photo_5168407986261658505_y-1024x768.jpg\" alt=\"\" class=\"wp-image-14787\" srcset=\"https:\/\/alcaldiaalbertoadriani.com\/wp-content\/uploads\/2026\/01\/photo_5168407986261658505_y-1024x768.jpg 1024w, https:\/\/alcaldiaalbertoadriani.com\/wp-content\/uploads\/2026\/01\/photo_5168407986261658505_y-980x735.jpg 980w, https:\/\/alcaldiaalbertoadriani.com\/wp-content\/uploads\/2026\/01\/photo_5168407986261658505_y-480x360.jpg 480w\" sizes=\"auto, (min-width: 0px) and (max-width: 480px) 480px, (min-width: 481px) and (max-width: 980px) 980px, (min-width: 981px) 1024px, 100vw\" \/><\/figure>\n\n\n\n<p>Vivas, destac\u00f3 que durante los fines de semana el proceso de recolecci\u00f3n de basura se hace cumpliendo las rutas normales establecidas en el Plan de Recolecci\u00f3n habitual, jornadas que incluyen incluso las m\u00e1s lejanas parroquias como son Jos\u00e9 Nucete Sardi y Gabriel Pic\u00f3n Gonz\u00e1lez.<\/p>\n\n\n\n<p>El gerente puntualiz\u00f3 que esperan culminar este operativo especial el d\u00eda de ma\u00f1ana con las comunidades que est\u00e1n agendadas y que a\u00fan faltan por atender. <strong>Prensa Alcald\u00eda de Alberto Adriani\/ Tahiry Villalobos CNP 23.225\/ Foto: Karla Marquez.<\/strong><\/p>\n\n\n\n<figure class=\"wp-block-gallery has-nested-images columns-default is-cropped wp-block-gallery-1 is-layout-flex wp-block-gallery-is-layout-flex\">\n<figure class=\"wp-block-image size-large\"><img loading=\"lazy\" decoding=\"async\" width=\"1016\" height=\"762\" data-id=\"14788\" src=\"https:\/\/alcaldiaalbertoadriani.com\/wp-content\/uploads\/2026\/01\/photo_5167894939533249491_y.jpg\" alt=\"\" class=\"wp-image-14788\" srcset=\"https:\/\/alcaldiaalbertoadriani.com\/wp-content\/uploads\/2026\/01\/photo_5167894939533249491_y.jpg 1016w, https:\/\/alcaldiaalbertoadriani.com\/wp-content\/uploads\/2026\/01\/photo_5167894939533249491_y-980x735.jpg 980w, https:\/\/alcaldiaalbertoadriani.com\/wp-content\/uploads\/2026\/01\/photo_5167894939533249491_y-480x360.jpg 480w\" sizes=\"auto, (min-width: 0px) and (max-width: 480px) 480px, (min-width: 481px) and (max-width: 980px) 980px, (min-width: 981px) 1016px, 100vw\" \/><\/figure>\n\n\n\n<figure class=\"wp-block-image size-large\"><img loading=\"lazy\" decoding=\"async\" width=\"1024\" height=\"768\" data-id=\"14789\" src=\"https:\/\/alcaldiaalbertoadriani.com\/wp-content\/uploads\/2026\/01\/photo_5168407986261658502_y-1024x768.jpg\" alt=\"\" class=\"wp-image-14789\" srcset=\"https:\/\/alcaldiaalbertoadriani.com\/wp-content\/uploads\/2026\/01\/photo_5168407986261658502_y-1024x768.jpg 1024w, https:\/\/alcaldiaalbertoadriani.com\/wp-content\/uploads\/2026\/01\/photo_5168407986261658502_y-980x735.jpg 980w, https:\/\/alcaldiaalbertoadriani.com\/wp-content\/uploads\/2026\/01\/photo_5168407986261658502_y-480x360.jpg 480w\" sizes=\"auto, (min-width: 0px) and (max-width: 480px) 480px, (min-width: 481px) and (max-width: 980px) 980px, (min-width: 981px) 1024px, 100vw\" \/><\/figure>\n<\/figure>\n","protected":false},"excerpt":{"rendered":"<p>La gesti\u00f3n de Lisandro Segura en su compromiso de mantener una ciudad limpia y ordenada, contin\u00faa con el operativo especial de recolecci\u00f3n de desechos s\u00f3lidos. Por ello, a trav\u00e9s de [&hellip;]<\/p>\n","protected":false},"author":2,"featured_media":14786,"comment_status":"open","ping_status":"closed","sticky":false,"template":"","format":"standard","meta":{"_et_pb_use_builder":"off","_et_pb_old_content":"","_et_gb_content_width":"","footnotes":""},"categories":[341,300,34,25],"tags":[31,11,12,15,761,30,29,28],"class_list":["post-14785","post","type-post","status-publish","format-standard","has-post-thumbnail","hentry","category-alcaldia-alberto-adriani","category-aseo","category-gerencia-de-servicios-publicos-municipales","category-nuestro-municipio","tag-alcalde","tag-alcaldia","tag-alcaldiaalbertoadriani","tag-elvigia","tag-encrucijadadeprogreso","tag-lisandrosegura","tag-municipioquenosmerecemos","tag-porelrenacer"],"yoast_head":"<!-- This site is optimized with the Yoast SEO plugin v19.13 - https:\/\/yoast.com\/wordpress\/plugins\/seo\/ -->\n<title>Operativo de recolecci\u00f3n de basura asciende a 130 comunidades<\/title>\n<meta name=\"description\" content=\"Operativo de recolecci\u00f3n de basura asciende a 130 comunidades atendidas a trav\u00e9s de la gerencia de Servicios P\u00fablicos de la ciudad\" \/>\n<meta name=\"robots\" content=\"index, follow, max-snippet:-1, max-image-preview:large, max-video-preview:-1\" \/>\n<link rel=\"canonical\" href=\"https:\/\/alcaldiaalbertoadriani.com\/?p=14785\" \/>\n<meta property=\"og:locale\" content=\"es_ES\" \/>\n<meta property=\"og:type\" content=\"article\" \/>\n<meta property=\"og:title\" content=\"Operativo de recolecci\u00f3n de basura asciende a 130 comunidades\" \/>\n<meta property=\"og:description\" content=\"Operativo de recolecci\u00f3n de basura asciende a 130 comunidades atendidas a trav\u00e9s de la gerencia de Servicios P\u00fablicos de la ciudad\" \/>\n<meta property=\"og:url\" content=\"https:\/\/alcaldiaalbertoadriani.com\/?p=14785\" \/>\n<meta property=\"og:site_name\" content=\"Alcaldia Alberto Adriani\" \/>\n<meta property=\"article:published_time\" content=\"2026-01-29T14:00:53+00:00\" \/>\n<meta property=\"article:modified_time\" content=\"2026-01-29T14:00:55+00:00\" \/>\n<meta property=\"og:image\" content=\"https:\/\/alcaldiaalbertoadriani.com\/wp-content\/uploads\/2026\/01\/photo_5168407986261658503_y.jpg\" \/>\n\t<meta property=\"og:image:width\" content=\"1280\" \/>\n\t<meta property=\"og:image:height\" content=\"960\" \/>\n\t<meta property=\"og:image:type\" content=\"image\/jpeg\" \/>\n<meta name=\"author\" content=\"Prensa\" \/>\n<meta name=\"twitter:card\" content=\"summary_large_image\" \/>\n<meta name=\"twitter:label1\" content=\"Escrito por\" \/>\n\t<meta name=\"twitter:data1\" content=\"Prensa\" \/>\n\t<meta name=\"twitter:label2\" content=\"Tiempo de lectura\" \/>\n\t<meta name=\"twitter:data2\" content=\"2 minutos\" \/>\n<script type=\"application\/ld+json\" class=\"yoast-schema-graph\">{\"@context\":\"https:\/\/schema.org\",\"@graph\":[{\"@type\":\"WebPage\",\"@id\":\"https:\/\/alcaldiaalbertoadriani.com\/?p=14785\",\"url\":\"https:\/\/alcaldiaalbertoadriani.com\/?p=14785\",\"name\":\"Operativo de recolecci\u00f3n de basura asciende a 130 comunidades\",\"isPartOf\":{\"@id\":\"https:\/\/alcaldiaalbertoadriani.com\/#website\"},\"datePublished\":\"2026-01-29T14:00:53+00:00\",\"dateModified\":\"2026-01-29T14:00:55+00:00\",\"author\":{\"@id\":\"https:\/\/alcaldiaalbertoadriani.com\/#\/schema\/person\/549b4483ff8999ac780deeea78795fc9\"},\"description\":\"Operativo de recolecci\u00f3n de basura asciende a 130 comunidades atendidas a trav\u00e9s de la gerencia de Servicios P\u00fablicos de la ciudad\",\"breadcrumb\":{\"@id\":\"https:\/\/alcaldiaalbertoadriani.com\/?p=14785#breadcrumb\"},\"inLanguage\":\"es\",\"potentialAction\":[{\"@type\":\"ReadAction\",\"target\":[\"https:\/\/alcaldiaalbertoadriani.com\/?p=14785\"]}]},{\"@type\":\"BreadcrumbList\",\"@id\":\"https:\/\/alcaldiaalbertoadriani.com\/?p=14785#breadcrumb\",\"itemListElement\":[{\"@type\":\"ListItem\",\"position\":1,\"name\":\"Portada\",\"item\":\"https:\/\/alcaldiaalbertoadriani.com\/\"},{\"@type\":\"ListItem\",\"position\":2,\"name\":\"Operativo de recolecci\u00f3n de basura asciende a 130 comunidades atendidas\"}]},{\"@type\":\"WebSite\",\"@id\":\"https:\/\/alcaldiaalbertoadriani.com\/#website\",\"url\":\"https:\/\/alcaldiaalbertoadriani.com\/\",\"name\":\"Alcaldia Alberto Adriani\",\"description\":\"\",\"potentialAction\":[{\"@type\":\"SearchAction\",\"target\":{\"@type\":\"EntryPoint\",\"urlTemplate\":\"https:\/\/alcaldiaalbertoadriani.com\/?s={search_term_string}\"},\"query-input\":\"required name=search_term_string\"}],\"inLanguage\":\"es\"},{\"@type\":\"Person\",\"@id\":\"https:\/\/alcaldiaalbertoadriani.com\/#\/schema\/person\/549b4483ff8999ac780deeea78795fc9\",\"name\":\"Prensa\",\"image\":{\"@type\":\"ImageObject\",\"inLanguage\":\"es\",\"@id\":\"https:\/\/alcaldiaalbertoadriani.com\/#\/schema\/person\/image\/\",\"url\":\"https:\/\/secure.gravatar.com\/avatar\/ea1cb567ea992a29627f4eee1c2eb185ec16decec6342d508fdf18dedb56c9de?s=96&d=mm&r=g\",\"contentUrl\":\"https:\/\/secure.gravatar.com\/avatar\/ea1cb567ea992a29627f4eee1c2eb185ec16decec6342d508fdf18dedb56c9de?s=96&d=mm&r=g\",\"caption\":\"Prensa\"},\"url\":\"https:\/\/alcaldiaalbertoadriani.com\/?author=2\"}]}<\/script>\n<!-- \/ Yoast SEO plugin. -->","yoast_head_json":{"title":"Operativo de recolecci\u00f3n de basura asciende a 130 comunidades","description":"Operativo de recolecci\u00f3n de basura asciende a 130 comunidades atendidas a trav\u00e9s de la gerencia de Servicios P\u00fablicos de la ciudad","robots":{"index":"index","follow":"follow","max-snippet":"max-snippet:-1","max-image-preview":"max-image-preview:large","max-video-preview":"max-video-preview:-1"},"canonical":"https:\/\/alcaldiaalbertoadriani.com\/?p=14785","og_locale":"es_ES","og_type":"article","og_title":"Operativo de recolecci\u00f3n de basura asciende a 130 comunidades","og_description":"Operativo de recolecci\u00f3n de basura asciende a 130 comunidades atendidas a trav\u00e9s de la gerencia de Servicios P\u00fablicos de la ciudad","og_url":"https:\/\/alcaldiaalbertoadriani.com\/?p=14785","og_site_name":"Alcaldia Alberto Adriani","article_published_time":"2026-01-29T14:00:53+00:00","article_modified_time":"2026-01-29T14:00:55+00:00","og_image":[{"width":1280,"height":960,"url":"https:\/\/alcaldiaalbertoadriani.com\/wp-content\/uploads\/2026\/01\/photo_5168407986261658503_y.jpg","type":"image\/jpeg"}],"author":"Prensa","twitter_card":"summary_large_image","twitter_misc":{"Escrito por":"Prensa","Tiempo de lectura":"2 minutos"},"schema":{"@context":"https:\/\/schema.org","@graph":[{"@type":"WebPage","@id":"https:\/\/alcaldiaalbertoadriani.com\/?p=14785","url":"https:\/\/alcaldiaalbertoadriani.com\/?p=14785","name":"Operativo de recolecci\u00f3n de basura asciende a 130 comunidades","isPartOf":{"@id":"https:\/\/alcaldiaalbertoadriani.com\/#website"},"datePublished":"2026-01-29T14:00:53+00:00","dateModified":"2026-01-29T14:00:55+00:00","author":{"@id":"https:\/\/alcaldiaalbertoadriani.com\/#\/schema\/person\/549b4483ff8999ac780deeea78795fc9"},"description":"Operativo de recolecci\u00f3n de basura asciende a 130 comunidades atendidas a trav\u00e9s de la gerencia de Servicios P\u00fablicos de la ciudad","breadcrumb":{"@id":"https:\/\/alcaldiaalbertoadriani.com\/?p=14785#breadcrumb"},"inLanguage":"es","potentialAction":[{"@type":"ReadAction","target":["https:\/\/alcaldiaalbertoadriani.com\/?p=14785"]}]},{"@type":"BreadcrumbList","@id":"https:\/\/alcaldiaalbertoadriani.com\/?p=14785#breadcrumb","itemListElement":[{"@type":"ListItem","position":1,"name":"Portada","item":"https:\/\/alcaldiaalbertoadriani.com\/"},{"@type":"ListItem","position":2,"name":"Operativo de recolecci\u00f3n de basura asciende a 130 comunidades atendidas"}]},{"@type":"WebSite","@id":"https:\/\/alcaldiaalbertoadriani.com\/#website","url":"https:\/\/alcaldiaalbertoadriani.com\/","name":"Alcaldia Alberto Adriani","description":"","potentialAction":[{"@type":"SearchAction","target":{"@type":"EntryPoint","urlTemplate":"https:\/\/alcaldiaalbertoadriani.com\/?s={search_term_string}"},"query-input":"required name=search_term_string"}],"inLanguage":"es"},{"@type":"Person","@id":"https:\/\/alcaldiaalbertoadriani.com\/#\/schema\/person\/549b4483ff8999ac780deeea78795fc9","name":"Prensa","image":{"@type":"ImageObject","inLanguage":"es","@id":"https:\/\/alcaldiaalbertoadriani.com\/#\/schema\/person\/image\/","url":"https:\/\/secure.gravatar.com\/avatar\/ea1cb567ea992a29627f4eee1c2eb185ec16decec6342d508fdf18dedb56c9de?s=96&d=mm&r=g","contentUrl":"https:\/\/secure.gravatar.com\/avatar\/ea1cb567ea992a29627f4eee1c2eb185ec16decec6342d508fdf18dedb56c9de?s=96&d=mm&r=g","caption":"Prensa"},"url":"https:\/\/alcaldiaalbertoadriani.com\/?author=2"}]}},"_links":{"self":[{"href":"https:\/\/alcaldiaalbertoadriani.com\/index.php?rest_route=\/wp\/v2\/posts\/14785","targetHints":{"allow":["GET"]}}],"collection":[{"href":"https:\/\/alcaldiaalbertoadriani.com\/index.php?rest_route=\/wp\/v2\/posts"}],"about":[{"href":"https:\/\/alcaldiaalbertoadriani.com\/index.php?rest_route=\/wp\/v2\/types\/post"}],"author":[{"embeddable":true,"href":"https:\/\/alcaldiaalbertoadriani.com\/index.php?rest_route=\/wp\/v2\/users\/2"}],"replies":[{"embeddable":true,"href":"https:\/\/alcaldiaalbertoadriani.com\/index.php?rest_route=%2Fwp%2Fv2%2Fcomments&post=14785"}],"version-history":[{"count":1,"href":"https:\/\/alcaldiaalbertoadriani.com\/index.php?rest_route=\/wp\/v2\/posts\/14785\/revisions"}],"predecessor-version":[{"id":14790,"href":"https:\/\/alcaldiaalbertoadriani.com\/index.php?rest_route=\/wp\/v2\/posts\/14785\/revisions\/14790"}],"wp:featuredmedia":[{"embeddable":true,"href":"https:\/\/alcaldiaalbertoadriani.com\/index.php?rest_route=\/wp\/v2\/media\/14786"}],"wp:attachment":[{"href":"https:\/\/alcaldiaalbertoadriani.com\/index.php?rest_route=%2Fwp%2Fv2%2Fmedia&parent=14785"}],"wp:term":[{"taxonomy":"category","embeddable":true,"href":"https:\/\/alcaldiaalbertoadriani.com\/index.php?rest_route=%2Fwp%2Fv2%2Fcategories&post=14785"},{"taxonomy":"post_tag","embeddable":true,"href":"https:\/\/alcaldiaalbertoadriani.com\/index.php?rest_route=%2Fwp%2Fv2%2Ftags&post=14785"}],"curies":[{"name":"wp","href":"https:\/\/api.w.org\/{rel}","templated":true}]}}