{"id":14780,"date":"2026-01-26T19:13:00","date_gmt":"2026-01-26T19:13:00","guid":{"rendered":"https:\/\/alcaldiaalbertoadriani.com\/?p=14780"},"modified":"2026-01-26T19:13:31","modified_gmt":"2026-01-26T19:13:31","slug":"casa-del-nino-trabajador-celebro-tradicional-paradura-del-nino-jesus","status":"publish","type":"post","link":"https:\/\/alcaldiaalbertoadriani.com\/?p=14780","title":{"rendered":"Casa del Ni\u00f1o Trabajador \u201cDr. H\u00e9ctor Rodr\u00edguez Dugarte\u201d celebr\u00f3 tradicional Paradura del Ni\u00f1o Jes\u00fas\u00a0"},"content":{"rendered":"\n<p>Con gran devoci\u00f3n, personal de la Casa del Ni\u00f1o Trabajador \u201cDr. H\u00e9ctor Rodr\u00edguez Dugarte\u201d, en la cual convergen gerencias e institutos adscritos a la Alcald\u00eda de Alberto Adriani dirigida por el alcalde <a href=\"https:\/\/www.instagram.com\/lisandrosegura02\/\">Lisandro Segura<\/a>, celebraron la <a href=\"https:\/\/alcaldiaalbertoadriani.com\/?p=9758\">Tradicional Paradura del Ni\u00f1o Jes\u00fas<\/a>. La actividad se efectu\u00f3 este viernes 23 de enero en horas de la tarde.\u00a0<\/p>\n\n\n\n<p>El evento estuvo encabezado por Karin Rodr\u00edguez, en representaci\u00f3n de Yudith Parra, primera Dama y presidente de la Fundaci\u00f3n Ni\u00f1os Color de mi Tierra.<\/p>\n\n\n\n<figure class=\"wp-block-gallery has-nested-images columns-default is-cropped wp-block-gallery-1 is-layout-flex wp-block-gallery-is-layout-flex\">\n<figure class=\"wp-block-image size-large\"><img loading=\"lazy\" decoding=\"async\" width=\"1024\" height=\"886\" data-id=\"14782\" src=\"https:\/\/alcaldiaalbertoadriani.com\/wp-content\/uploads\/2026\/01\/photo_5161676101766548380_y-1024x886.jpg\" alt=\"\" class=\"wp-image-14782\" srcset=\"https:\/\/alcaldiaalbertoadriani.com\/wp-content\/uploads\/2026\/01\/photo_5161676101766548380_y-1024x886.jpg 1024w, https:\/\/alcaldiaalbertoadriani.com\/wp-content\/uploads\/2026\/01\/photo_5161676101766548380_y-980x848.jpg 980w, https:\/\/alcaldiaalbertoadriani.com\/wp-content\/uploads\/2026\/01\/photo_5161676101766548380_y-480x416.jpg 480w\" sizes=\"auto, (min-width: 0px) and (max-width: 480px) 480px, (min-width: 481px) and (max-width: 980px) 980px, (min-width: 981px) 1024px, 100vw\" \/><\/figure>\n<\/figure>\n\n\n\n<p>Acto seguido, los padrinos del Ni\u00f1o Jes\u00fas, mediante una procesi\u00f3n partieron con c\u00e1nticos y rezos al Ni\u00f1o Jes\u00fas desde su nacimiento por varias \u00e1reas de la instituci\u00f3n ubicada en la urbanizaci\u00f3n Lago Sur de la parroquia R\u00f3mulo Gallegos del municipio Alberto Adriani.&nbsp;<\/p>\n\n\n\n<p>Importante destacar que este tipo festividades como la paradura del ni\u00f1o Jes\u00fas, realzan nuestras tradiciones y forma parte de la cultura andina, as\u00ed como de la fe cristiana que caracteriza a los venezolanos. <strong><em>Prensa Alcald\u00eda Alberto Adriani\/Edgar Mendoza CNP 25.736\/Fotos cortes\u00eda.<\/em><\/strong><\/p>\n\n\n\n<figure class=\"wp-block-gallery has-nested-images columns-default is-cropped wp-block-gallery-2 is-layout-flex wp-block-gallery-is-layout-flex\">\n<figure class=\"wp-block-image size-large\"><img loading=\"lazy\" decoding=\"async\" width=\"1024\" height=\"768\" data-id=\"14783\" src=\"https:\/\/alcaldiaalbertoadriani.com\/wp-content\/uploads\/2026\/01\/photo_5161676101766548379_y-1024x768.jpg\" alt=\"\" class=\"wp-image-14783\" srcset=\"https:\/\/alcaldiaalbertoadriani.com\/wp-content\/uploads\/2026\/01\/photo_5161676101766548379_y-1024x768.jpg 1024w, https:\/\/alcaldiaalbertoadriani.com\/wp-content\/uploads\/2026\/01\/photo_5161676101766548379_y-980x735.jpg 980w, https:\/\/alcaldiaalbertoadriani.com\/wp-content\/uploads\/2026\/01\/photo_5161676101766548379_y-480x360.jpg 480w\" sizes=\"auto, (min-width: 0px) and (max-width: 480px) 480px, (min-width: 481px) and (max-width: 980px) 980px, (min-width: 981px) 1024px, 100vw\" \/><\/figure>\n<\/figure>\n","protected":false},"excerpt":{"rendered":"<p>Con gran devoci\u00f3n, personal de la Casa del Ni\u00f1o Trabajador \u201cDr. H\u00e9ctor Rodr\u00edguez Dugarte\u201d, en la cual convergen gerencias e institutos adscritos a la Alcald\u00eda de Alberto Adriani dirigida por [&hellip;]<\/p>\n","protected":false},"author":2,"featured_media":14781,"comment_status":"open","ping_status":"closed","sticky":false,"template":"","format":"standard","meta":{"_et_pb_use_builder":"off","_et_pb_old_content":"","_et_gb_content_width":"","footnotes":""},"categories":[341,23,22,25],"tags":[31,11,12,15,761,30,29,28],"class_list":["post-14780","post","type-post","status-publish","format-standard","has-post-thumbnail","hentry","category-alcaldia-alberto-adriani","category-casa-del-nino-trabajador","category-fundacion-ninos-color-de-mi-tierra","category-nuestro-municipio","tag-alcalde","tag-alcaldia","tag-alcaldiaalbertoadriani","tag-elvigia","tag-encrucijadadeprogreso","tag-lisandrosegura","tag-municipioquenosmerecemos","tag-porelrenacer"],"yoast_head":"<!-- This site is optimized with the Yoast SEO plugin v19.13 - https:\/\/yoast.com\/wordpress\/plugins\/seo\/ -->\n<title>Casa del Ni\u00f1o Trabajador celebr\u00f3 tradicional Paradura del Ni\u00f1o<\/title>\n<meta name=\"description\" content=\"Casa del Ni\u00f1o Trabajador \u201cDr. H\u00e9ctor Rodr\u00edguez Dugarte\u201d celebr\u00f3 tradicional Paradura del Ni\u00f1o Jes\u00fas\u00a0 La actividad se efectu\u00f3 este viernes 23\" \/>\n<meta name=\"robots\" content=\"index, follow, max-snippet:-1, max-image-preview:large, max-video-preview:-1\" \/>\n<link rel=\"canonical\" href=\"https:\/\/alcaldiaalbertoadriani.com\/?p=14780\" \/>\n<meta property=\"og:locale\" content=\"es_ES\" \/>\n<meta property=\"og:type\" content=\"article\" \/>\n<meta property=\"og:title\" content=\"Casa del Ni\u00f1o Trabajador celebr\u00f3 tradicional Paradura del Ni\u00f1o\" \/>\n<meta property=\"og:description\" content=\"Casa del Ni\u00f1o Trabajador \u201cDr. H\u00e9ctor Rodr\u00edguez Dugarte\u201d celebr\u00f3 tradicional Paradura del Ni\u00f1o Jes\u00fas\u00a0 La actividad se efectu\u00f3 este viernes 23\" \/>\n<meta property=\"og:url\" content=\"https:\/\/alcaldiaalbertoadriani.com\/?p=14780\" \/>\n<meta property=\"og:site_name\" content=\"Alcaldia Alberto Adriani\" \/>\n<meta property=\"article:published_time\" content=\"2026-01-26T19:13:00+00:00\" \/>\n<meta property=\"article:modified_time\" content=\"2026-01-26T19:13:31+00:00\" \/>\n<meta property=\"og:image\" content=\"https:\/\/alcaldiaalbertoadriani.com\/wp-content\/uploads\/2026\/01\/photo_5161676101766548378_y.jpg\" \/>\n\t<meta property=\"og:image:width\" content=\"1179\" \/>\n\t<meta property=\"og:image:height\" content=\"960\" \/>\n\t<meta property=\"og:image:type\" content=\"image\/jpeg\" \/>\n<meta name=\"author\" content=\"Prensa\" \/>\n<meta name=\"twitter:card\" content=\"summary_large_image\" \/>\n<meta name=\"twitter:label1\" content=\"Escrito por\" \/>\n\t<meta name=\"twitter:data1\" content=\"Prensa\" \/>\n\t<meta name=\"twitter:label2\" content=\"Tiempo de lectura\" \/>\n\t<meta name=\"twitter:data2\" content=\"2 minutos\" \/>\n<script type=\"application\/ld+json\" class=\"yoast-schema-graph\">{\"@context\":\"https:\/\/schema.org\",\"@graph\":[{\"@type\":\"WebPage\",\"@id\":\"https:\/\/alcaldiaalbertoadriani.com\/?p=14780\",\"url\":\"https:\/\/alcaldiaalbertoadriani.com\/?p=14780\",\"name\":\"Casa del Ni\u00f1o Trabajador celebr\u00f3 tradicional Paradura del Ni\u00f1o\",\"isPartOf\":{\"@id\":\"https:\/\/alcaldiaalbertoadriani.com\/#website\"},\"datePublished\":\"2026-01-26T19:13:00+00:00\",\"dateModified\":\"2026-01-26T19:13:31+00:00\",\"author\":{\"@id\":\"https:\/\/alcaldiaalbertoadriani.com\/#\/schema\/person\/549b4483ff8999ac780deeea78795fc9\"},\"description\":\"Casa del Ni\u00f1o Trabajador \u201cDr. H\u00e9ctor Rodr\u00edguez Dugarte\u201d celebr\u00f3 tradicional Paradura del Ni\u00f1o Jes\u00fas\u00a0 La actividad se efectu\u00f3 este viernes 23\",\"breadcrumb\":{\"@id\":\"https:\/\/alcaldiaalbertoadriani.com\/?p=14780#breadcrumb\"},\"inLanguage\":\"es\",\"potentialAction\":[{\"@type\":\"ReadAction\",\"target\":[\"https:\/\/alcaldiaalbertoadriani.com\/?p=14780\"]}]},{\"@type\":\"BreadcrumbList\",\"@id\":\"https:\/\/alcaldiaalbertoadriani.com\/?p=14780#breadcrumb\",\"itemListElement\":[{\"@type\":\"ListItem\",\"position\":1,\"name\":\"Portada\",\"item\":\"https:\/\/alcaldiaalbertoadriani.com\/\"},{\"@type\":\"ListItem\",\"position\":2,\"name\":\"Casa del Ni\u00f1o Trabajador \u201cDr. H\u00e9ctor Rodr\u00edguez Dugarte\u201d celebr\u00f3 tradicional Paradura del Ni\u00f1o Jes\u00fas\u00a0\"}]},{\"@type\":\"WebSite\",\"@id\":\"https:\/\/alcaldiaalbertoadriani.com\/#website\",\"url\":\"https:\/\/alcaldiaalbertoadriani.com\/\",\"name\":\"Alcaldia Alberto Adriani\",\"description\":\"\",\"potentialAction\":[{\"@type\":\"SearchAction\",\"target\":{\"@type\":\"EntryPoint\",\"urlTemplate\":\"https:\/\/alcaldiaalbertoadriani.com\/?s={search_term_string}\"},\"query-input\":\"required name=search_term_string\"}],\"inLanguage\":\"es\"},{\"@type\":\"Person\",\"@id\":\"https:\/\/alcaldiaalbertoadriani.com\/#\/schema\/person\/549b4483ff8999ac780deeea78795fc9\",\"name\":\"Prensa\",\"image\":{\"@type\":\"ImageObject\",\"inLanguage\":\"es\",\"@id\":\"https:\/\/alcaldiaalbertoadriani.com\/#\/schema\/person\/image\/\",\"url\":\"https:\/\/secure.gravatar.com\/avatar\/ea1cb567ea992a29627f4eee1c2eb185ec16decec6342d508fdf18dedb56c9de?s=96&d=mm&r=g\",\"contentUrl\":\"https:\/\/secure.gravatar.com\/avatar\/ea1cb567ea992a29627f4eee1c2eb185ec16decec6342d508fdf18dedb56c9de?s=96&d=mm&r=g\",\"caption\":\"Prensa\"},\"url\":\"https:\/\/alcaldiaalbertoadriani.com\/?author=2\"}]}<\/script>\n<!-- \/ Yoast SEO plugin. -->","yoast_head_json":{"title":"Casa del Ni\u00f1o Trabajador celebr\u00f3 tradicional Paradura del Ni\u00f1o","description":"Casa del Ni\u00f1o Trabajador \u201cDr. H\u00e9ctor Rodr\u00edguez Dugarte\u201d celebr\u00f3 tradicional Paradura del Ni\u00f1o Jes\u00fas\u00a0 La actividad se efectu\u00f3 este viernes 23","robots":{"index":"index","follow":"follow","max-snippet":"max-snippet:-1","max-image-preview":"max-image-preview:large","max-video-preview":"max-video-preview:-1"},"canonical":"https:\/\/alcaldiaalbertoadriani.com\/?p=14780","og_locale":"es_ES","og_type":"article","og_title":"Casa del Ni\u00f1o Trabajador celebr\u00f3 tradicional Paradura del Ni\u00f1o","og_description":"Casa del Ni\u00f1o Trabajador \u201cDr. H\u00e9ctor Rodr\u00edguez Dugarte\u201d celebr\u00f3 tradicional Paradura del Ni\u00f1o Jes\u00fas\u00a0 La actividad se efectu\u00f3 este viernes 23","og_url":"https:\/\/alcaldiaalbertoadriani.com\/?p=14780","og_site_name":"Alcaldia Alberto Adriani","article_published_time":"2026-01-26T19:13:00+00:00","article_modified_time":"2026-01-26T19:13:31+00:00","og_image":[{"width":1179,"height":960,"url":"https:\/\/alcaldiaalbertoadriani.com\/wp-content\/uploads\/2026\/01\/photo_5161676101766548378_y.jpg","type":"image\/jpeg"}],"author":"Prensa","twitter_card":"summary_large_image","twitter_misc":{"Escrito por":"Prensa","Tiempo de lectura":"2 minutos"},"schema":{"@context":"https:\/\/schema.org","@graph":[{"@type":"WebPage","@id":"https:\/\/alcaldiaalbertoadriani.com\/?p=14780","url":"https:\/\/alcaldiaalbertoadriani.com\/?p=14780","name":"Casa del Ni\u00f1o Trabajador celebr\u00f3 tradicional Paradura del Ni\u00f1o","isPartOf":{"@id":"https:\/\/alcaldiaalbertoadriani.com\/#website"},"datePublished":"2026-01-26T19:13:00+00:00","dateModified":"2026-01-26T19:13:31+00:00","author":{"@id":"https:\/\/alcaldiaalbertoadriani.com\/#\/schema\/person\/549b4483ff8999ac780deeea78795fc9"},"description":"Casa del Ni\u00f1o Trabajador \u201cDr. H\u00e9ctor Rodr\u00edguez Dugarte\u201d celebr\u00f3 tradicional Paradura del Ni\u00f1o Jes\u00fas\u00a0 La actividad se efectu\u00f3 este viernes 23","breadcrumb":{"@id":"https:\/\/alcaldiaalbertoadriani.com\/?p=14780#breadcrumb"},"inLanguage":"es","potentialAction":[{"@type":"ReadAction","target":["https:\/\/alcaldiaalbertoadriani.com\/?p=14780"]}]},{"@type":"BreadcrumbList","@id":"https:\/\/alcaldiaalbertoadriani.com\/?p=14780#breadcrumb","itemListElement":[{"@type":"ListItem","position":1,"name":"Portada","item":"https:\/\/alcaldiaalbertoadriani.com\/"},{"@type":"ListItem","position":2,"name":"Casa del Ni\u00f1o Trabajador \u201cDr. H\u00e9ctor Rodr\u00edguez Dugarte\u201d celebr\u00f3 tradicional Paradura del Ni\u00f1o Jes\u00fas\u00a0"}]},{"@type":"WebSite","@id":"https:\/\/alcaldiaalbertoadriani.com\/#website","url":"https:\/\/alcaldiaalbertoadriani.com\/","name":"Alcaldia Alberto Adriani","description":"","potentialAction":[{"@type":"SearchAction","target":{"@type":"EntryPoint","urlTemplate":"https:\/\/alcaldiaalbertoadriani.com\/?s={search_term_string}"},"query-input":"required name=search_term_string"}],"inLanguage":"es"},{"@type":"Person","@id":"https:\/\/alcaldiaalbertoadriani.com\/#\/schema\/person\/549b4483ff8999ac780deeea78795fc9","name":"Prensa","image":{"@type":"ImageObject","inLanguage":"es","@id":"https:\/\/alcaldiaalbertoadriani.com\/#\/schema\/person\/image\/","url":"https:\/\/secure.gravatar.com\/avatar\/ea1cb567ea992a29627f4eee1c2eb185ec16decec6342d508fdf18dedb56c9de?s=96&d=mm&r=g","contentUrl":"https:\/\/secure.gravatar.com\/avatar\/ea1cb567ea992a29627f4eee1c2eb185ec16decec6342d508fdf18dedb56c9de?s=96&d=mm&r=g","caption":"Prensa"},"url":"https:\/\/alcaldiaalbertoadriani.com\/?author=2"}]}},"_links":{"self":[{"href":"https:\/\/alcaldiaalbertoadriani.com\/index.php?rest_route=\/wp\/v2\/posts\/14780","targetHints":{"allow":["GET"]}}],"collection":[{"href":"https:\/\/alcaldiaalbertoadriani.com\/index.php?rest_route=\/wp\/v2\/posts"}],"about":[{"href":"https:\/\/alcaldiaalbertoadriani.com\/index.php?rest_route=\/wp\/v2\/types\/post"}],"author":[{"embeddable":true,"href":"https:\/\/alcaldiaalbertoadriani.com\/index.php?rest_route=\/wp\/v2\/users\/2"}],"replies":[{"embeddable":true,"href":"https:\/\/alcaldiaalbertoadriani.com\/index.php?rest_route=%2Fwp%2Fv2%2Fcomments&post=14780"}],"version-history":[{"count":1,"href":"https:\/\/alcaldiaalbertoadriani.com\/index.php?rest_route=\/wp\/v2\/posts\/14780\/revisions"}],"predecessor-version":[{"id":14784,"href":"https:\/\/alcaldiaalbertoadriani.com\/index.php?rest_route=\/wp\/v2\/posts\/14780\/revisions\/14784"}],"wp:featuredmedia":[{"embeddable":true,"href":"https:\/\/alcaldiaalbertoadriani.com\/index.php?rest_route=\/wp\/v2\/media\/14781"}],"wp:attachment":[{"href":"https:\/\/alcaldiaalbertoadriani.com\/index.php?rest_route=%2Fwp%2Fv2%2Fmedia&parent=14780"}],"wp:term":[{"taxonomy":"category","embeddable":true,"href":"https:\/\/alcaldiaalbertoadriani.com\/index.php?rest_route=%2Fwp%2Fv2%2Fcategories&post=14780"},{"taxonomy":"post_tag","embeddable":true,"href":"https:\/\/alcaldiaalbertoadriani.com\/index.php?rest_route=%2Fwp%2Fv2%2Ftags&post=14780"}],"curies":[{"name":"wp","href":"https:\/\/api.w.org\/{rel}","templated":true}]}}