{"id":14755,"date":"2026-01-26T18:31:36","date_gmt":"2026-01-26T18:31:36","guid":{"rendered":"https:\/\/alcaldiaalbertoadriani.com\/?p=14755"},"modified":"2026-01-26T18:32:13","modified_gmt":"2026-01-26T18:32:13","slug":"comerciantes-y-empresarios-de-el-vigia-asumieron-compromiso","status":"publish","type":"post","link":"https:\/\/alcaldiaalbertoadriani.com\/?p=14755","title":{"rendered":"Comerciantes y empresarios de El Vig\u00eda asumieron compromiso de bajar precios de productos"},"content":{"rendered":"\n<p>Este jueves, el alcalde <a href=\"https:\/\/www.instagram.com\/lisandrosegura02\/\">Lisandro Segura<\/a>, junto a concejales y representantes de la C\u00e1mara de Comercio e Industria de El Vig\u00eda y Sur del Lago (<a href=\"https:\/\/alcaldiaalbertoadriani.com\/?p=10108\">Cavisur<\/a>), sostuvo un encuentro con comerciantes y empresarios de El Vig\u00eda para abordar aspectos econ\u00f3micos relacionado al control de precios de bienes y servicios en la localidad.<\/p>\n\n\n\n<!--more-->\n\n\n\n<p>El alcalde manifest\u00f3 que los comerciantes y empresarios asumieron el compromiso de hacer el mayor esfuerzo para regularizar los precios en el municipio.<\/p>\n\n\n\n<p>Segura dijo que tras lo sucedido en el pa\u00eds el pasado 3 de enero, se produjo una considerable distorsi\u00f3n macroecon\u00f3mica que llev\u00f3 al alza del precio del d\u00f3lar (Binance) cerca de los 900 bol\u00edvares, aunado a ello, los precios de productos y servicios subieron de manera escandalosa en todo el territorio nacional.<\/p>\n\n\n\n<figure class=\"wp-block-gallery has-nested-images columns-default is-cropped wp-block-gallery-1 is-layout-flex wp-block-gallery-is-layout-flex\">\n<figure class=\"wp-block-image size-large\"><img loading=\"lazy\" decoding=\"async\" width=\"1024\" height=\"576\" data-id=\"14757\" src=\"https:\/\/alcaldiaalbertoadriani.com\/wp-content\/uploads\/2026\/01\/photo_5168274498678098909_y-1024x576.jpg\" alt=\"\" class=\"wp-image-14757\" srcset=\"https:\/\/alcaldiaalbertoadriani.com\/wp-content\/uploads\/2026\/01\/photo_5168274498678098909_y-1024x576.jpg 1024w, https:\/\/alcaldiaalbertoadriani.com\/wp-content\/uploads\/2026\/01\/photo_5168274498678098909_y-980x551.jpg 980w, https:\/\/alcaldiaalbertoadriani.com\/wp-content\/uploads\/2026\/01\/photo_5168274498678098909_y-480x270.jpg 480w\" sizes=\"auto, (min-width: 0px) and (max-width: 480px) 480px, (min-width: 481px) and (max-width: 980px) 980px, (min-width: 981px) 1024px, 100vw\" \/><\/figure>\n<\/figure>\n\n\n\n<p>En este contexto, los alcaldes fueron convocados por la Gobernaci\u00f3n de M\u00e9rida, para una reuni\u00f3n para abordar esta tem\u00e1tica, con la presencia del&nbsp; gobernador del estado, empresarios y comerciantes de la regi\u00f3n. Como resultado de ello, se acord\u00f3<\/p>\n\n\n\n<p>hacer encuentros en los principales municipios del estado, raz\u00f3n por la cual, en coordinaci\u00f3n con Cavisur y sus afiliados se reunieron para abordar la tem\u00e1tica.<\/p>\n\n\n\n<h2 class=\"wp-block-heading\"><strong><em>Revisi\u00f3n de Precios<\/em><\/strong><\/h2>\n\n\n\n<p>Destac\u00f3 la necesidad de revisar los precios enviados por las grandes distribuidoras a expendedores en el municipio Alberto Adriani. &#8220;Esta situaci\u00f3n pa\u00eds, distorsion\u00f3 a nivel de la industria que tambi\u00e9n decant\u00f3 en los expendedores finales, trastocando las posibilidades adquisitivas de nuestros ciudadanos&#8221;.<\/p>\n\n\n\n<figure class=\"wp-block-gallery has-nested-images columns-default is-cropped wp-block-gallery-2 is-layout-flex wp-block-gallery-is-layout-flex\">\n<figure class=\"wp-block-image size-large\"><img loading=\"lazy\" decoding=\"async\" width=\"1024\" height=\"768\" data-id=\"14758\" src=\"https:\/\/alcaldiaalbertoadriani.com\/wp-content\/uploads\/2026\/01\/photo_5168274498678098911_y-1024x768.jpg\" alt=\"\" class=\"wp-image-14758\" srcset=\"https:\/\/alcaldiaalbertoadriani.com\/wp-content\/uploads\/2026\/01\/photo_5168274498678098911_y-1024x768.jpg 1024w, https:\/\/alcaldiaalbertoadriani.com\/wp-content\/uploads\/2026\/01\/photo_5168274498678098911_y-980x735.jpg 980w, https:\/\/alcaldiaalbertoadriani.com\/wp-content\/uploads\/2026\/01\/photo_5168274498678098911_y-480x360.jpg 480w\" sizes=\"auto, (min-width: 0px) and (max-width: 480px) 480px, (min-width: 481px) and (max-width: 980px) 980px, (min-width: 981px) 1024px, 100vw\" \/><\/figure>\n<\/figure>\n\n\n\n<p>Finalmente, el burgomaestre resalt\u00f3 el prop\u00f3sito de buscar la estabilizaci\u00f3n del pa\u00eds que redunda en el compromiso de poder garantizarle a los ciudadanos el acceso a productos a precios m\u00e1s justos, por lo que establecen una mesa de trabajo de coordinaci\u00f3n entre Cavisur y sus afiliados para estar atentos frente a cualquier abuso de alguna individualidad que pueda afectar el sector comercial y, por ende, el consumidor final. <strong><em>Prensa Alcald\u00eda Alberto Adriani\/ Claribel Zambrano CNP 11.843\/ Fotos: Edgar Mendoza.<\/em><\/strong><\/p>\n\n\n\n<figure class=\"wp-block-gallery has-nested-images columns-default is-cropped wp-block-gallery-3 is-layout-flex wp-block-gallery-is-layout-flex\">\n<figure class=\"wp-block-image size-large\"><img loading=\"lazy\" decoding=\"async\" width=\"1024\" height=\"768\" data-id=\"14759\" src=\"https:\/\/alcaldiaalbertoadriani.com\/wp-content\/uploads\/2026\/01\/photo_5168274498678098910_y-1024x768.jpg\" alt=\"\" class=\"wp-image-14759\" srcset=\"https:\/\/alcaldiaalbertoadriani.com\/wp-content\/uploads\/2026\/01\/photo_5168274498678098910_y-1024x768.jpg 1024w, https:\/\/alcaldiaalbertoadriani.com\/wp-content\/uploads\/2026\/01\/photo_5168274498678098910_y-980x735.jpg 980w, https:\/\/alcaldiaalbertoadriani.com\/wp-content\/uploads\/2026\/01\/photo_5168274498678098910_y-480x360.jpg 480w\" sizes=\"auto, (min-width: 0px) and (max-width: 480px) 480px, (min-width: 481px) and (max-width: 980px) 980px, (min-width: 981px) 1024px, 100vw\" \/><\/figure>\n\n\n\n<figure class=\"wp-block-image size-large\"><img loading=\"lazy\" decoding=\"async\" width=\"1024\" height=\"768\" data-id=\"14762\" src=\"https:\/\/alcaldiaalbertoadriani.com\/wp-content\/uploads\/2026\/01\/photo_5168274498678098911_y-1-1024x768.jpg\" alt=\"\" class=\"wp-image-14762\" srcset=\"https:\/\/alcaldiaalbertoadriani.com\/wp-content\/uploads\/2026\/01\/photo_5168274498678098911_y-1-1024x768.jpg 1024w, https:\/\/alcaldiaalbertoadriani.com\/wp-content\/uploads\/2026\/01\/photo_5168274498678098911_y-1-980x735.jpg 980w, https:\/\/alcaldiaalbertoadriani.com\/wp-content\/uploads\/2026\/01\/photo_5168274498678098911_y-1-480x360.jpg 480w\" sizes=\"auto, (min-width: 0px) and (max-width: 480px) 480px, (min-width: 481px) and (max-width: 980px) 980px, (min-width: 981px) 1024px, 100vw\" \/><\/figure>\n\n\n\n<figure class=\"wp-block-image size-large\"><img loading=\"lazy\" decoding=\"async\" width=\"1024\" height=\"768\" data-id=\"14760\" src=\"https:\/\/alcaldiaalbertoadriani.com\/wp-content\/uploads\/2026\/01\/photo_5168274498678098912_y-1024x768.jpg\" alt=\"\" class=\"wp-image-14760\" srcset=\"https:\/\/alcaldiaalbertoadriani.com\/wp-content\/uploads\/2026\/01\/photo_5168274498678098912_y-1024x768.jpg 1024w, https:\/\/alcaldiaalbertoadriani.com\/wp-content\/uploads\/2026\/01\/photo_5168274498678098912_y-980x735.jpg 980w, https:\/\/alcaldiaalbertoadriani.com\/wp-content\/uploads\/2026\/01\/photo_5168274498678098912_y-480x360.jpg 480w\" sizes=\"auto, (min-width: 0px) and (max-width: 480px) 480px, (min-width: 481px) and (max-width: 980px) 980px, (min-width: 981px) 1024px, 100vw\" \/><\/figure>\n\n\n\n<figure class=\"wp-block-image size-large\"><img loading=\"lazy\" decoding=\"async\" width=\"1024\" height=\"768\" data-id=\"14764\" src=\"https:\/\/alcaldiaalbertoadriani.com\/wp-content\/uploads\/2026\/01\/photo_5168274498678098914_y-1024x768.jpg\" alt=\"\" class=\"wp-image-14764\" srcset=\"https:\/\/alcaldiaalbertoadriani.com\/wp-content\/uploads\/2026\/01\/photo_5168274498678098914_y-1024x768.jpg 1024w, https:\/\/alcaldiaalbertoadriani.com\/wp-content\/uploads\/2026\/01\/photo_5168274498678098914_y-980x735.jpg 980w, https:\/\/alcaldiaalbertoadriani.com\/wp-content\/uploads\/2026\/01\/photo_5168274498678098914_y-480x360.jpg 480w\" sizes=\"auto, (min-width: 0px) and (max-width: 480px) 480px, (min-width: 481px) and (max-width: 980px) 980px, (min-width: 981px) 1024px, 100vw\" \/><\/figure>\n\n\n\n<figure class=\"wp-block-image size-large\"><img loading=\"lazy\" decoding=\"async\" width=\"1024\" height=\"768\" data-id=\"14763\" src=\"https:\/\/alcaldiaalbertoadriani.com\/wp-content\/uploads\/2026\/01\/photo_5168274498678098915_y-1024x768.jpg\" alt=\"\" class=\"wp-image-14763\" srcset=\"https:\/\/alcaldiaalbertoadriani.com\/wp-content\/uploads\/2026\/01\/photo_5168274498678098915_y-1024x768.jpg 1024w, https:\/\/alcaldiaalbertoadriani.com\/wp-content\/uploads\/2026\/01\/photo_5168274498678098915_y-980x735.jpg 980w, https:\/\/alcaldiaalbertoadriani.com\/wp-content\/uploads\/2026\/01\/photo_5168274498678098915_y-480x360.jpg 480w\" sizes=\"auto, (min-width: 0px) and (max-width: 480px) 480px, (min-width: 481px) and (max-width: 980px) 980px, (min-width: 981px) 1024px, 100vw\" \/><\/figure>\n\n\n\n<figure class=\"wp-block-image size-large\"><img loading=\"lazy\" decoding=\"async\" width=\"1024\" height=\"768\" data-id=\"14761\" src=\"https:\/\/alcaldiaalbertoadriani.com\/wp-content\/uploads\/2026\/01\/photo_5168274498678098916_y-1024x768.jpg\" alt=\"\" class=\"wp-image-14761\" srcset=\"https:\/\/alcaldiaalbertoadriani.com\/wp-content\/uploads\/2026\/01\/photo_5168274498678098916_y-1024x768.jpg 1024w, https:\/\/alcaldiaalbertoadriani.com\/wp-content\/uploads\/2026\/01\/photo_5168274498678098916_y-980x735.jpg 980w, https:\/\/alcaldiaalbertoadriani.com\/wp-content\/uploads\/2026\/01\/photo_5168274498678098916_y-480x360.jpg 480w\" sizes=\"auto, (min-width: 0px) and (max-width: 480px) 480px, (min-width: 481px) and (max-width: 980px) 980px, (min-width: 981px) 1024px, 100vw\" \/><\/figure>\n\n\n\n<figure class=\"wp-block-image size-large\"><img loading=\"lazy\" decoding=\"async\" width=\"1024\" height=\"768\" data-id=\"14765\" src=\"https:\/\/alcaldiaalbertoadriani.com\/wp-content\/uploads\/2026\/01\/photo_5168274498678098918_y-1024x768.jpg\" alt=\"\" class=\"wp-image-14765\" srcset=\"https:\/\/alcaldiaalbertoadriani.com\/wp-content\/uploads\/2026\/01\/photo_5168274498678098918_y-1024x768.jpg 1024w, https:\/\/alcaldiaalbertoadriani.com\/wp-content\/uploads\/2026\/01\/photo_5168274498678098918_y-980x735.jpg 980w, https:\/\/alcaldiaalbertoadriani.com\/wp-content\/uploads\/2026\/01\/photo_5168274498678098918_y-480x360.jpg 480w\" sizes=\"auto, (min-width: 0px) and (max-width: 480px) 480px, (min-width: 481px) and (max-width: 980px) 980px, (min-width: 981px) 1024px, 100vw\" \/><\/figure>\n<\/figure>\n","protected":false},"excerpt":{"rendered":"<p>Este jueves, el alcalde Lisandro Segura, junto a concejales y representantes de la C\u00e1mara de Comercio e Industria de El Vig\u00eda y Sur del Lago (Cavisur), sostuvo un encuentro con [&hellip;]<\/p>\n","protected":false},"author":2,"featured_media":14756,"comment_status":"open","ping_status":"closed","sticky":false,"template":"","format":"standard","meta":{"_et_pb_use_builder":"off","_et_pb_old_content":"","_et_gb_content_width":"","footnotes":""},"categories":[341,25],"tags":[31,11,12,15,761,30,29,28],"class_list":["post-14755","post","type-post","status-publish","format-standard","has-post-thumbnail","hentry","category-alcaldia-alberto-adriani","category-nuestro-municipio","tag-alcalde","tag-alcaldia","tag-alcaldiaalbertoadriani","tag-elvigia","tag-encrucijadadeprogreso","tag-lisandrosegura","tag-municipioquenosmerecemos","tag-porelrenacer"],"yoast_head":"<!-- This site is optimized with the Yoast SEO plugin v19.13 - https:\/\/yoast.com\/wordpress\/plugins\/seo\/ -->\n<title>Comerciantes y empresarios de El Vig\u00eda asumieron compromiso<\/title>\n<meta name=\"description\" content=\"Comerciantes y empresarios de El Vig\u00eda asumieron compromiso de bajar precios de productos de hacer el mayor esfuerzo para regularizar\" \/>\n<meta name=\"robots\" content=\"index, follow, max-snippet:-1, max-image-preview:large, max-video-preview:-1\" \/>\n<link rel=\"canonical\" href=\"https:\/\/alcaldiaalbertoadriani.com\/?p=14755\" \/>\n<meta property=\"og:locale\" content=\"es_ES\" \/>\n<meta property=\"og:type\" content=\"article\" \/>\n<meta property=\"og:title\" content=\"Comerciantes y empresarios de El Vig\u00eda asumieron compromiso\" \/>\n<meta property=\"og:description\" content=\"Comerciantes y empresarios de El Vig\u00eda asumieron compromiso de bajar precios de productos de hacer el mayor esfuerzo para regularizar\" \/>\n<meta property=\"og:url\" content=\"https:\/\/alcaldiaalbertoadriani.com\/?p=14755\" \/>\n<meta property=\"og:site_name\" content=\"Alcaldia Alberto Adriani\" \/>\n<meta property=\"article:published_time\" content=\"2026-01-26T18:31:36+00:00\" \/>\n<meta property=\"article:modified_time\" content=\"2026-01-26T18:32:13+00:00\" \/>\n<meta property=\"og:image\" content=\"https:\/\/alcaldiaalbertoadriani.com\/wp-content\/uploads\/2026\/01\/photo_5168274498678098917_y.jpg\" \/>\n\t<meta property=\"og:image:width\" content=\"1280\" \/>\n\t<meta property=\"og:image:height\" content=\"960\" \/>\n\t<meta property=\"og:image:type\" content=\"image\/jpeg\" \/>\n<meta name=\"author\" content=\"Prensa\" \/>\n<meta name=\"twitter:card\" content=\"summary_large_image\" \/>\n<meta name=\"twitter:label1\" content=\"Escrito por\" \/>\n\t<meta name=\"twitter:data1\" content=\"Prensa\" \/>\n\t<meta name=\"twitter:label2\" content=\"Tiempo de lectura\" \/>\n\t<meta name=\"twitter:data2\" content=\"4 minutos\" \/>\n<script type=\"application\/ld+json\" class=\"yoast-schema-graph\">{\"@context\":\"https:\/\/schema.org\",\"@graph\":[{\"@type\":\"WebPage\",\"@id\":\"https:\/\/alcaldiaalbertoadriani.com\/?p=14755\",\"url\":\"https:\/\/alcaldiaalbertoadriani.com\/?p=14755\",\"name\":\"Comerciantes y empresarios de El Vig\u00eda asumieron compromiso\",\"isPartOf\":{\"@id\":\"https:\/\/alcaldiaalbertoadriani.com\/#website\"},\"datePublished\":\"2026-01-26T18:31:36+00:00\",\"dateModified\":\"2026-01-26T18:32:13+00:00\",\"author\":{\"@id\":\"https:\/\/alcaldiaalbertoadriani.com\/#\/schema\/person\/549b4483ff8999ac780deeea78795fc9\"},\"description\":\"Comerciantes y empresarios de El Vig\u00eda asumieron compromiso de bajar precios de productos de hacer el mayor esfuerzo para regularizar\",\"breadcrumb\":{\"@id\":\"https:\/\/alcaldiaalbertoadriani.com\/?p=14755#breadcrumb\"},\"inLanguage\":\"es\",\"potentialAction\":[{\"@type\":\"ReadAction\",\"target\":[\"https:\/\/alcaldiaalbertoadriani.com\/?p=14755\"]}]},{\"@type\":\"BreadcrumbList\",\"@id\":\"https:\/\/alcaldiaalbertoadriani.com\/?p=14755#breadcrumb\",\"itemListElement\":[{\"@type\":\"ListItem\",\"position\":1,\"name\":\"Portada\",\"item\":\"https:\/\/alcaldiaalbertoadriani.com\/\"},{\"@type\":\"ListItem\",\"position\":2,\"name\":\"Comerciantes y empresarios de El Vig\u00eda asumieron compromiso de bajar precios de productos\"}]},{\"@type\":\"WebSite\",\"@id\":\"https:\/\/alcaldiaalbertoadriani.com\/#website\",\"url\":\"https:\/\/alcaldiaalbertoadriani.com\/\",\"name\":\"Alcaldia Alberto Adriani\",\"description\":\"\",\"potentialAction\":[{\"@type\":\"SearchAction\",\"target\":{\"@type\":\"EntryPoint\",\"urlTemplate\":\"https:\/\/alcaldiaalbertoadriani.com\/?s={search_term_string}\"},\"query-input\":\"required name=search_term_string\"}],\"inLanguage\":\"es\"},{\"@type\":\"Person\",\"@id\":\"https:\/\/alcaldiaalbertoadriani.com\/#\/schema\/person\/549b4483ff8999ac780deeea78795fc9\",\"name\":\"Prensa\",\"image\":{\"@type\":\"ImageObject\",\"inLanguage\":\"es\",\"@id\":\"https:\/\/alcaldiaalbertoadriani.com\/#\/schema\/person\/image\/\",\"url\":\"https:\/\/secure.gravatar.com\/avatar\/ea1cb567ea992a29627f4eee1c2eb185ec16decec6342d508fdf18dedb56c9de?s=96&d=mm&r=g\",\"contentUrl\":\"https:\/\/secure.gravatar.com\/avatar\/ea1cb567ea992a29627f4eee1c2eb185ec16decec6342d508fdf18dedb56c9de?s=96&d=mm&r=g\",\"caption\":\"Prensa\"},\"url\":\"https:\/\/alcaldiaalbertoadriani.com\/?author=2\"}]}<\/script>\n<!-- \/ Yoast SEO plugin. -->","yoast_head_json":{"title":"Comerciantes y empresarios de El Vig\u00eda asumieron compromiso","description":"Comerciantes y empresarios de El Vig\u00eda asumieron compromiso de bajar precios de productos de hacer el mayor esfuerzo para regularizar","robots":{"index":"index","follow":"follow","max-snippet":"max-snippet:-1","max-image-preview":"max-image-preview:large","max-video-preview":"max-video-preview:-1"},"canonical":"https:\/\/alcaldiaalbertoadriani.com\/?p=14755","og_locale":"es_ES","og_type":"article","og_title":"Comerciantes y empresarios de El Vig\u00eda asumieron compromiso","og_description":"Comerciantes y empresarios de El Vig\u00eda asumieron compromiso de bajar precios de productos de hacer el mayor esfuerzo para regularizar","og_url":"https:\/\/alcaldiaalbertoadriani.com\/?p=14755","og_site_name":"Alcaldia Alberto Adriani","article_published_time":"2026-01-26T18:31:36+00:00","article_modified_time":"2026-01-26T18:32:13+00:00","og_image":[{"width":1280,"height":960,"url":"https:\/\/alcaldiaalbertoadriani.com\/wp-content\/uploads\/2026\/01\/photo_5168274498678098917_y.jpg","type":"image\/jpeg"}],"author":"Prensa","twitter_card":"summary_large_image","twitter_misc":{"Escrito por":"Prensa","Tiempo de lectura":"4 minutos"},"schema":{"@context":"https:\/\/schema.org","@graph":[{"@type":"WebPage","@id":"https:\/\/alcaldiaalbertoadriani.com\/?p=14755","url":"https:\/\/alcaldiaalbertoadriani.com\/?p=14755","name":"Comerciantes y empresarios de El Vig\u00eda asumieron compromiso","isPartOf":{"@id":"https:\/\/alcaldiaalbertoadriani.com\/#website"},"datePublished":"2026-01-26T18:31:36+00:00","dateModified":"2026-01-26T18:32:13+00:00","author":{"@id":"https:\/\/alcaldiaalbertoadriani.com\/#\/schema\/person\/549b4483ff8999ac780deeea78795fc9"},"description":"Comerciantes y empresarios de El Vig\u00eda asumieron compromiso de bajar precios de productos de hacer el mayor esfuerzo para regularizar","breadcrumb":{"@id":"https:\/\/alcaldiaalbertoadriani.com\/?p=14755#breadcrumb"},"inLanguage":"es","potentialAction":[{"@type":"ReadAction","target":["https:\/\/alcaldiaalbertoadriani.com\/?p=14755"]}]},{"@type":"BreadcrumbList","@id":"https:\/\/alcaldiaalbertoadriani.com\/?p=14755#breadcrumb","itemListElement":[{"@type":"ListItem","position":1,"name":"Portada","item":"https:\/\/alcaldiaalbertoadriani.com\/"},{"@type":"ListItem","position":2,"name":"Comerciantes y empresarios de El Vig\u00eda asumieron compromiso de bajar precios de productos"}]},{"@type":"WebSite","@id":"https:\/\/alcaldiaalbertoadriani.com\/#website","url":"https:\/\/alcaldiaalbertoadriani.com\/","name":"Alcaldia Alberto Adriani","description":"","potentialAction":[{"@type":"SearchAction","target":{"@type":"EntryPoint","urlTemplate":"https:\/\/alcaldiaalbertoadriani.com\/?s={search_term_string}"},"query-input":"required name=search_term_string"}],"inLanguage":"es"},{"@type":"Person","@id":"https:\/\/alcaldiaalbertoadriani.com\/#\/schema\/person\/549b4483ff8999ac780deeea78795fc9","name":"Prensa","image":{"@type":"ImageObject","inLanguage":"es","@id":"https:\/\/alcaldiaalbertoadriani.com\/#\/schema\/person\/image\/","url":"https:\/\/secure.gravatar.com\/avatar\/ea1cb567ea992a29627f4eee1c2eb185ec16decec6342d508fdf18dedb56c9de?s=96&d=mm&r=g","contentUrl":"https:\/\/secure.gravatar.com\/avatar\/ea1cb567ea992a29627f4eee1c2eb185ec16decec6342d508fdf18dedb56c9de?s=96&d=mm&r=g","caption":"Prensa"},"url":"https:\/\/alcaldiaalbertoadriani.com\/?author=2"}]}},"_links":{"self":[{"href":"https:\/\/alcaldiaalbertoadriani.com\/index.php?rest_route=\/wp\/v2\/posts\/14755","targetHints":{"allow":["GET"]}}],"collection":[{"href":"https:\/\/alcaldiaalbertoadriani.com\/index.php?rest_route=\/wp\/v2\/posts"}],"about":[{"href":"https:\/\/alcaldiaalbertoadriani.com\/index.php?rest_route=\/wp\/v2\/types\/post"}],"author":[{"embeddable":true,"href":"https:\/\/alcaldiaalbertoadriani.com\/index.php?rest_route=\/wp\/v2\/users\/2"}],"replies":[{"embeddable":true,"href":"https:\/\/alcaldiaalbertoadriani.com\/index.php?rest_route=%2Fwp%2Fv2%2Fcomments&post=14755"}],"version-history":[{"count":1,"href":"https:\/\/alcaldiaalbertoadriani.com\/index.php?rest_route=\/wp\/v2\/posts\/14755\/revisions"}],"predecessor-version":[{"id":14766,"href":"https:\/\/alcaldiaalbertoadriani.com\/index.php?rest_route=\/wp\/v2\/posts\/14755\/revisions\/14766"}],"wp:featuredmedia":[{"embeddable":true,"href":"https:\/\/alcaldiaalbertoadriani.com\/index.php?rest_route=\/wp\/v2\/media\/14756"}],"wp:attachment":[{"href":"https:\/\/alcaldiaalbertoadriani.com\/index.php?rest_route=%2Fwp%2Fv2%2Fmedia&parent=14755"}],"wp:term":[{"taxonomy":"category","embeddable":true,"href":"https:\/\/alcaldiaalbertoadriani.com\/index.php?rest_route=%2Fwp%2Fv2%2Fcategories&post=14755"},{"taxonomy":"post_tag","embeddable":true,"href":"https:\/\/alcaldiaalbertoadriani.com\/index.php?rest_route=%2Fwp%2Fv2%2Ftags&post=14755"}],"curies":[{"name":"wp","href":"https:\/\/api.w.org\/{rel}","templated":true}]}}