{"id":14745,"date":"2026-01-26T18:07:14","date_gmt":"2026-01-26T18:07:14","guid":{"rendered":"https:\/\/alcaldiaalbertoadriani.com\/?p=14745"},"modified":"2026-01-26T18:07:19","modified_gmt":"2026-01-26T18:07:19","slug":"municipalidad-de-alberto-adriani-celebro-los-68-anos","status":"publish","type":"post","link":"https:\/\/alcaldiaalbertoadriani.com\/?p=14745","title":{"rendered":"Municipalidad de Alberto Adriani celebr\u00f3 los 68 a\u00f1os de Democracia"},"content":{"rendered":"\n<p>La plaza Bol\u00edvar del <a href=\"https:\/\/alcaldiaalbertoadriani.com\/?p=13703\">municipio Alberto Adriani<\/a>, fue el lugar de encuentro para que personalidades del mundo pol\u00edtico, locales, regionales y nacionales se dieran cita en la conmemoraci\u00f3n de los 68 a\u00f1os de Democracia en Venezuela.<\/p>\n\n\n\n<p>La primera autoridad civil, <a href=\"https:\/\/www.instagram.com\/lisandrosegura02\/\">Lisandro Segura<\/a>, asisti\u00f3 acompa\u00f1ado por el diputado a la Asamblea Nacional (AN), Jos\u00e9 Gregorio Correa, quien fungi\u00f3 como Orador de Orden. Su participaci\u00f3n result\u00f3 especialmente significativa dado el contexto pol\u00edtico y econ\u00f3mico que atraviesa el pa\u00eds actualmente.<\/p>\n\n\n\n<figure class=\"wp-block-gallery has-nested-images columns-default is-cropped wp-block-gallery-1 is-layout-flex wp-block-gallery-is-layout-flex\">\n<figure class=\"wp-block-image size-large\"><img loading=\"lazy\" decoding=\"async\" width=\"1024\" height=\"682\" data-id=\"14747\" src=\"https:\/\/alcaldiaalbertoadriani.com\/wp-content\/uploads\/2026\/01\/photo_5161557857021922292_y-1024x682.jpg\" alt=\"\" class=\"wp-image-14747\" srcset=\"https:\/\/alcaldiaalbertoadriani.com\/wp-content\/uploads\/2026\/01\/photo_5161557857021922292_y-1024x682.jpg 1024w, https:\/\/alcaldiaalbertoadriani.com\/wp-content\/uploads\/2026\/01\/photo_5161557857021922292_y-980x653.jpg 980w, https:\/\/alcaldiaalbertoadriani.com\/wp-content\/uploads\/2026\/01\/photo_5161557857021922292_y-480x320.jpg 480w\" sizes=\"auto, (min-width: 0px) and (max-width: 480px) 480px, (min-width: 481px) and (max-width: 980px) 980px, (min-width: 981px) 1024px, 100vw\" \/><\/figure>\n<\/figure>\n\n\n\n<p>En la actividad tambi\u00e9n estuvieron presentes Alcides Monsalve, ex alcalde del municipio Libertador, V\u00edctor Bustamante, alcalde de Zea, Legisladores del Clebm y tren ejecutivo municipal.<\/p>\n\n\n\n<h2 class=\"wp-block-heading\"><strong>Tema de Libertad<\/strong><\/h2>\n\n\n\n<p>En sus palabras, el diputado Jos\u00e9 Gregorio Correa destac\u00f3 que el 23 de enero no es solo un acto protocolar, sino un acto fundacional de la conciencia venezolana.<\/p>\n\n\n\n<figure class=\"wp-block-gallery has-nested-images columns-default is-cropped wp-block-gallery-2 is-layout-flex wp-block-gallery-is-layout-flex\">\n<figure class=\"wp-block-image size-large\"><img loading=\"lazy\" decoding=\"async\" width=\"1024\" height=\"682\" data-id=\"14748\" src=\"https:\/\/alcaldiaalbertoadriani.com\/wp-content\/uploads\/2026\/01\/photo_5161557857021922294_y-1024x682.jpg\" alt=\"\" class=\"wp-image-14748\" srcset=\"https:\/\/alcaldiaalbertoadriani.com\/wp-content\/uploads\/2026\/01\/photo_5161557857021922294_y-1024x682.jpg 1024w, https:\/\/alcaldiaalbertoadriani.com\/wp-content\/uploads\/2026\/01\/photo_5161557857021922294_y-980x653.jpg 980w, https:\/\/alcaldiaalbertoadriani.com\/wp-content\/uploads\/2026\/01\/photo_5161557857021922294_y-480x320.jpg 480w\" sizes=\"auto, (min-width: 0px) and (max-width: 480px) 480px, (min-width: 481px) and (max-width: 980px) 980px, (min-width: 981px) 1024px, 100vw\" \/><\/figure>\n<\/figure>\n\n\n\n<p>Dijo que en estos momentos m\u00e1s que democracia, se trata de la libertad; adem\u00e1s, un momento donde la ciudadan\u00eda logra romper con la opresi\u00f3n.<\/p>\n\n\n\n<p>&#8220;Hemos logrado romper la opresi\u00f3n, formamos parte de una nueva historia que la estamos viviendo, antes le\u00edamos lo sucedido, pero ahora estamos viviendo un nuevo desarrollo, nos ha costado retomar la democracia y eso es lo que se debe resaltar el d\u00eda de hoy&#8221; puntualiz\u00f3 el orador.<\/p>\n\n\n\n<p>Asimismo, manifest\u00f3 que la regi\u00f3n meride\u00f1a ha contribuido significativamente al desarrollo y progreso de Venezuela tras el derrocamiento de la dictadura de Marcos P\u00e9rez Jim\u00e9nez en 1958.<\/p>\n\n\n\n<p>Correa fue muy enf\u00e1tico al resaltar que los venezolanos deben aferrarse al bien m\u00e1s preciado que tienen como ciudadanos: la libertad y el poder de decidir. &#8220;Bienvenidos la opini\u00f3n de los que piensan distinto, porque son ellos los que hacen posible que podamos tener tolerancia, respeto y empezar a formar el pa\u00eds que todos queremos&#8221;.<\/p>\n\n\n\n<p>El orador, adem\u00e1s sintetiz\u00f3 que la presencia del ciudadano en todo proceso de cambio es crucial, as\u00ed como la visi\u00f3n de futuro que se debe tener para poder administrar todos los procesos econ\u00f3micos que se vienen para el pa\u00eds.<\/p>\n\n\n\n<h2 class=\"wp-block-heading\"><strong>Bienvenida<\/strong><\/h2>\n\n\n\n<p>Por su parte, el alcalde <a href=\"https:\/\/www.instagram.com\/lisandrosegura02\/\">Lisandro Segura<\/a> agradeci\u00f3 al diputado \u2014quien tambi\u00e9n integra la Comisi\u00f3n Permanente de Pol\u00edtica Exterior, Soberan\u00eda e Integraci\u00f3n\u2014 que aceptara la invitaci\u00f3n para ser Orador de Orden y visitar tierras vigienses.<\/p>\n\n\n\n<figure class=\"wp-block-gallery has-nested-images columns-default is-cropped wp-block-gallery-3 is-layout-flex wp-block-gallery-is-layout-flex\">\n<figure class=\"wp-block-image size-large\"><img loading=\"lazy\" decoding=\"async\" width=\"1024\" height=\"682\" data-id=\"14749\" src=\"https:\/\/alcaldiaalbertoadriani.com\/wp-content\/uploads\/2026\/01\/photo_5161557857021922293_y-1024x682.jpg\" alt=\"\" class=\"wp-image-14749\" srcset=\"https:\/\/alcaldiaalbertoadriani.com\/wp-content\/uploads\/2026\/01\/photo_5161557857021922293_y-1024x682.jpg 1024w, https:\/\/alcaldiaalbertoadriani.com\/wp-content\/uploads\/2026\/01\/photo_5161557857021922293_y-980x653.jpg 980w, https:\/\/alcaldiaalbertoadriani.com\/wp-content\/uploads\/2026\/01\/photo_5161557857021922293_y-480x320.jpg 480w\" sizes=\"auto, (min-width: 0px) and (max-width: 480px) 480px, (min-width: 481px) and (max-width: 980px) 980px, (min-width: 981px) 1024px, 100vw\" \/><\/figure>\n<\/figure>\n\n\n\n<p>En su intervenci\u00f3n, el burgomaestre recalc\u00f3 la importancia de la fecha dadas las circunstancias actuales del pa\u00eds: &#8220;Estamos planteados ante nuevos retos para todo el pueblo venezolano y para todas las dirigencias pol\u00edticas; debemos estar a la altura de ellos, reconociendo que la democracia es el \u00fanico sistema de gobierno que permite que la voz del pueblo sea escuchada&#8221;.<\/p>\n\n\n\n<p>Para finalizar, Segura hizo un llamado a la ciudadan\u00eda a mantener la confianza, inst\u00e1ndolos a seguir adelante con fortaleza y a desarrollar las potencialidades que requieren el municipio y el pa\u00eds, con el fin de alcanzar el progreso que genera bienestar para todos. <strong><em>Prensa Alberto Adriani\/ Tahiry Villalobos C.N.P.23.225\/ Fotos: Luis Dufflart<\/em><\/strong><\/p>\n\n\n\n<figure class=\"wp-block-gallery has-nested-images columns-default is-cropped wp-block-gallery-4 is-layout-flex wp-block-gallery-is-layout-flex\">\n<figure class=\"wp-block-image size-large\"><img loading=\"lazy\" decoding=\"async\" width=\"1024\" height=\"576\" data-id=\"14750\" src=\"https:\/\/alcaldiaalbertoadriani.com\/wp-content\/uploads\/2026\/01\/photo_5161557857021922291_y-1024x576.jpg\" alt=\"\" class=\"wp-image-14750\" srcset=\"https:\/\/alcaldiaalbertoadriani.com\/wp-content\/uploads\/2026\/01\/photo_5161557857021922291_y-1024x576.jpg 1024w, https:\/\/alcaldiaalbertoadriani.com\/wp-content\/uploads\/2026\/01\/photo_5161557857021922291_y-980x551.jpg 980w, https:\/\/alcaldiaalbertoadriani.com\/wp-content\/uploads\/2026\/01\/photo_5161557857021922291_y-480x270.jpg 480w\" sizes=\"auto, (min-width: 0px) and (max-width: 480px) 480px, (min-width: 481px) and (max-width: 980px) 980px, (min-width: 981px) 1024px, 100vw\" \/><\/figure>\n\n\n\n<figure class=\"wp-block-image size-large\"><img loading=\"lazy\" decoding=\"async\" width=\"1024\" height=\"576\" data-id=\"14751\" src=\"https:\/\/alcaldiaalbertoadriani.com\/wp-content\/uploads\/2026\/01\/photo_5161557857021922295_y-1024x576.jpg\" alt=\"\" class=\"wp-image-14751\" srcset=\"https:\/\/alcaldiaalbertoadriani.com\/wp-content\/uploads\/2026\/01\/photo_5161557857021922295_y-1024x576.jpg 1024w, https:\/\/alcaldiaalbertoadriani.com\/wp-content\/uploads\/2026\/01\/photo_5161557857021922295_y-980x551.jpg 980w, https:\/\/alcaldiaalbertoadriani.com\/wp-content\/uploads\/2026\/01\/photo_5161557857021922295_y-480x270.jpg 480w\" sizes=\"auto, (min-width: 0px) and (max-width: 480px) 480px, (min-width: 481px) and (max-width: 980px) 980px, (min-width: 981px) 1024px, 100vw\" \/><\/figure>\n<\/figure>\n","protected":false},"excerpt":{"rendered":"<p>La plaza Bol\u00edvar del municipio Alberto Adriani, fue el lugar de encuentro para que personalidades del mundo pol\u00edtico, locales, regionales y nacionales se dieran cita en la conmemoraci\u00f3n de los [&hellip;]<\/p>\n","protected":false},"author":2,"featured_media":14746,"comment_status":"open","ping_status":"closed","sticky":false,"template":"","format":"standard","meta":{"_et_pb_use_builder":"off","_et_pb_old_content":"","_et_gb_content_width":"","footnotes":""},"categories":[341,136,25,342],"tags":[31,11,12,15,761,30,29,28],"class_list":["post-14745","post","type-post","status-publish","format-standard","has-post-thumbnail","hentry","category-alcaldia-alberto-adriani","category-concejo-municipal","category-nuestro-municipio","category-sesion-solemne","tag-alcalde","tag-alcaldia","tag-alcaldiaalbertoadriani","tag-elvigia","tag-encrucijadadeprogreso","tag-lisandrosegura","tag-municipioquenosmerecemos","tag-porelrenacer"],"yoast_head":"<!-- This site is optimized with the Yoast SEO plugin v19.13 - https:\/\/yoast.com\/wordpress\/plugins\/seo\/ -->\n<title>Municipalidad de Alberto Adriani celebr\u00f3 los 68 a\u00f1os<\/title>\n<meta name=\"description\" content=\"Municipalidad de Alberto Adriani celebr\u00f3 los 68 a\u00f1os de Democracia en Venezuela la primera autoridad civil Lisandro Segura asisti\u00f3 acompa\u00f1ado\" \/>\n<meta name=\"robots\" content=\"index, follow, max-snippet:-1, max-image-preview:large, max-video-preview:-1\" \/>\n<link rel=\"canonical\" href=\"https:\/\/alcaldiaalbertoadriani.com\/?p=14745\" \/>\n<meta property=\"og:locale\" content=\"es_ES\" \/>\n<meta property=\"og:type\" content=\"article\" \/>\n<meta property=\"og:title\" content=\"Municipalidad de Alberto Adriani celebr\u00f3 los 68 a\u00f1os\" \/>\n<meta property=\"og:description\" content=\"Municipalidad de Alberto Adriani celebr\u00f3 los 68 a\u00f1os de Democracia en Venezuela la primera autoridad civil Lisandro Segura asisti\u00f3 acompa\u00f1ado\" \/>\n<meta property=\"og:url\" content=\"https:\/\/alcaldiaalbertoadriani.com\/?p=14745\" \/>\n<meta property=\"og:site_name\" content=\"Alcaldia Alberto Adriani\" \/>\n<meta property=\"article:published_time\" content=\"2026-01-26T18:07:14+00:00\" \/>\n<meta property=\"article:modified_time\" content=\"2026-01-26T18:07:19+00:00\" \/>\n<meta property=\"og:image\" content=\"https:\/\/alcaldiaalbertoadriani.com\/wp-content\/uploads\/2026\/01\/photo_5161557857021922290_y-1.jpg\" \/>\n\t<meta property=\"og:image:width\" content=\"1280\" \/>\n\t<meta property=\"og:image:height\" content=\"960\" \/>\n\t<meta property=\"og:image:type\" content=\"image\/jpeg\" \/>\n<meta name=\"author\" content=\"Prensa\" \/>\n<meta name=\"twitter:card\" content=\"summary_large_image\" \/>\n<meta name=\"twitter:label1\" content=\"Escrito por\" \/>\n\t<meta name=\"twitter:data1\" content=\"Prensa\" \/>\n\t<meta name=\"twitter:label2\" content=\"Tiempo de lectura\" \/>\n\t<meta name=\"twitter:data2\" content=\"4 minutos\" \/>\n<script type=\"application\/ld+json\" class=\"yoast-schema-graph\">{\"@context\":\"https:\/\/schema.org\",\"@graph\":[{\"@type\":\"WebPage\",\"@id\":\"https:\/\/alcaldiaalbertoadriani.com\/?p=14745\",\"url\":\"https:\/\/alcaldiaalbertoadriani.com\/?p=14745\",\"name\":\"Municipalidad de Alberto Adriani celebr\u00f3 los 68 a\u00f1os\",\"isPartOf\":{\"@id\":\"https:\/\/alcaldiaalbertoadriani.com\/#website\"},\"datePublished\":\"2026-01-26T18:07:14+00:00\",\"dateModified\":\"2026-01-26T18:07:19+00:00\",\"author\":{\"@id\":\"https:\/\/alcaldiaalbertoadriani.com\/#\/schema\/person\/549b4483ff8999ac780deeea78795fc9\"},\"description\":\"Municipalidad de Alberto Adriani celebr\u00f3 los 68 a\u00f1os de Democracia en Venezuela la primera autoridad civil Lisandro Segura asisti\u00f3 acompa\u00f1ado\",\"breadcrumb\":{\"@id\":\"https:\/\/alcaldiaalbertoadriani.com\/?p=14745#breadcrumb\"},\"inLanguage\":\"es\",\"potentialAction\":[{\"@type\":\"ReadAction\",\"target\":[\"https:\/\/alcaldiaalbertoadriani.com\/?p=14745\"]}]},{\"@type\":\"BreadcrumbList\",\"@id\":\"https:\/\/alcaldiaalbertoadriani.com\/?p=14745#breadcrumb\",\"itemListElement\":[{\"@type\":\"ListItem\",\"position\":1,\"name\":\"Portada\",\"item\":\"https:\/\/alcaldiaalbertoadriani.com\/\"},{\"@type\":\"ListItem\",\"position\":2,\"name\":\"Municipalidad de Alberto Adriani celebr\u00f3 los 68 a\u00f1os de Democracia\"}]},{\"@type\":\"WebSite\",\"@id\":\"https:\/\/alcaldiaalbertoadriani.com\/#website\",\"url\":\"https:\/\/alcaldiaalbertoadriani.com\/\",\"name\":\"Alcaldia Alberto Adriani\",\"description\":\"\",\"potentialAction\":[{\"@type\":\"SearchAction\",\"target\":{\"@type\":\"EntryPoint\",\"urlTemplate\":\"https:\/\/alcaldiaalbertoadriani.com\/?s={search_term_string}\"},\"query-input\":\"required name=search_term_string\"}],\"inLanguage\":\"es\"},{\"@type\":\"Person\",\"@id\":\"https:\/\/alcaldiaalbertoadriani.com\/#\/schema\/person\/549b4483ff8999ac780deeea78795fc9\",\"name\":\"Prensa\",\"image\":{\"@type\":\"ImageObject\",\"inLanguage\":\"es\",\"@id\":\"https:\/\/alcaldiaalbertoadriani.com\/#\/schema\/person\/image\/\",\"url\":\"https:\/\/secure.gravatar.com\/avatar\/ea1cb567ea992a29627f4eee1c2eb185ec16decec6342d508fdf18dedb56c9de?s=96&d=mm&r=g\",\"contentUrl\":\"https:\/\/secure.gravatar.com\/avatar\/ea1cb567ea992a29627f4eee1c2eb185ec16decec6342d508fdf18dedb56c9de?s=96&d=mm&r=g\",\"caption\":\"Prensa\"},\"url\":\"https:\/\/alcaldiaalbertoadriani.com\/?author=2\"}]}<\/script>\n<!-- \/ Yoast SEO plugin. -->","yoast_head_json":{"title":"Municipalidad de Alberto Adriani celebr\u00f3 los 68 a\u00f1os","description":"Municipalidad de Alberto Adriani celebr\u00f3 los 68 a\u00f1os de Democracia en Venezuela la primera autoridad civil Lisandro Segura asisti\u00f3 acompa\u00f1ado","robots":{"index":"index","follow":"follow","max-snippet":"max-snippet:-1","max-image-preview":"max-image-preview:large","max-video-preview":"max-video-preview:-1"},"canonical":"https:\/\/alcaldiaalbertoadriani.com\/?p=14745","og_locale":"es_ES","og_type":"article","og_title":"Municipalidad de Alberto Adriani celebr\u00f3 los 68 a\u00f1os","og_description":"Municipalidad de Alberto Adriani celebr\u00f3 los 68 a\u00f1os de Democracia en Venezuela la primera autoridad civil Lisandro Segura asisti\u00f3 acompa\u00f1ado","og_url":"https:\/\/alcaldiaalbertoadriani.com\/?p=14745","og_site_name":"Alcaldia Alberto Adriani","article_published_time":"2026-01-26T18:07:14+00:00","article_modified_time":"2026-01-26T18:07:19+00:00","og_image":[{"width":1280,"height":960,"url":"https:\/\/alcaldiaalbertoadriani.com\/wp-content\/uploads\/2026\/01\/photo_5161557857021922290_y-1.jpg","type":"image\/jpeg"}],"author":"Prensa","twitter_card":"summary_large_image","twitter_misc":{"Escrito por":"Prensa","Tiempo de lectura":"4 minutos"},"schema":{"@context":"https:\/\/schema.org","@graph":[{"@type":"WebPage","@id":"https:\/\/alcaldiaalbertoadriani.com\/?p=14745","url":"https:\/\/alcaldiaalbertoadriani.com\/?p=14745","name":"Municipalidad de Alberto Adriani celebr\u00f3 los 68 a\u00f1os","isPartOf":{"@id":"https:\/\/alcaldiaalbertoadriani.com\/#website"},"datePublished":"2026-01-26T18:07:14+00:00","dateModified":"2026-01-26T18:07:19+00:00","author":{"@id":"https:\/\/alcaldiaalbertoadriani.com\/#\/schema\/person\/549b4483ff8999ac780deeea78795fc9"},"description":"Municipalidad de Alberto Adriani celebr\u00f3 los 68 a\u00f1os de Democracia en Venezuela la primera autoridad civil Lisandro Segura asisti\u00f3 acompa\u00f1ado","breadcrumb":{"@id":"https:\/\/alcaldiaalbertoadriani.com\/?p=14745#breadcrumb"},"inLanguage":"es","potentialAction":[{"@type":"ReadAction","target":["https:\/\/alcaldiaalbertoadriani.com\/?p=14745"]}]},{"@type":"BreadcrumbList","@id":"https:\/\/alcaldiaalbertoadriani.com\/?p=14745#breadcrumb","itemListElement":[{"@type":"ListItem","position":1,"name":"Portada","item":"https:\/\/alcaldiaalbertoadriani.com\/"},{"@type":"ListItem","position":2,"name":"Municipalidad de Alberto Adriani celebr\u00f3 los 68 a\u00f1os de Democracia"}]},{"@type":"WebSite","@id":"https:\/\/alcaldiaalbertoadriani.com\/#website","url":"https:\/\/alcaldiaalbertoadriani.com\/","name":"Alcaldia Alberto Adriani","description":"","potentialAction":[{"@type":"SearchAction","target":{"@type":"EntryPoint","urlTemplate":"https:\/\/alcaldiaalbertoadriani.com\/?s={search_term_string}"},"query-input":"required name=search_term_string"}],"inLanguage":"es"},{"@type":"Person","@id":"https:\/\/alcaldiaalbertoadriani.com\/#\/schema\/person\/549b4483ff8999ac780deeea78795fc9","name":"Prensa","image":{"@type":"ImageObject","inLanguage":"es","@id":"https:\/\/alcaldiaalbertoadriani.com\/#\/schema\/person\/image\/","url":"https:\/\/secure.gravatar.com\/avatar\/ea1cb567ea992a29627f4eee1c2eb185ec16decec6342d508fdf18dedb56c9de?s=96&d=mm&r=g","contentUrl":"https:\/\/secure.gravatar.com\/avatar\/ea1cb567ea992a29627f4eee1c2eb185ec16decec6342d508fdf18dedb56c9de?s=96&d=mm&r=g","caption":"Prensa"},"url":"https:\/\/alcaldiaalbertoadriani.com\/?author=2"}]}},"_links":{"self":[{"href":"https:\/\/alcaldiaalbertoadriani.com\/index.php?rest_route=\/wp\/v2\/posts\/14745","targetHints":{"allow":["GET"]}}],"collection":[{"href":"https:\/\/alcaldiaalbertoadriani.com\/index.php?rest_route=\/wp\/v2\/posts"}],"about":[{"href":"https:\/\/alcaldiaalbertoadriani.com\/index.php?rest_route=\/wp\/v2\/types\/post"}],"author":[{"embeddable":true,"href":"https:\/\/alcaldiaalbertoadriani.com\/index.php?rest_route=\/wp\/v2\/users\/2"}],"replies":[{"embeddable":true,"href":"https:\/\/alcaldiaalbertoadriani.com\/index.php?rest_route=%2Fwp%2Fv2%2Fcomments&post=14745"}],"version-history":[{"count":1,"href":"https:\/\/alcaldiaalbertoadriani.com\/index.php?rest_route=\/wp\/v2\/posts\/14745\/revisions"}],"predecessor-version":[{"id":14752,"href":"https:\/\/alcaldiaalbertoadriani.com\/index.php?rest_route=\/wp\/v2\/posts\/14745\/revisions\/14752"}],"wp:featuredmedia":[{"embeddable":true,"href":"https:\/\/alcaldiaalbertoadriani.com\/index.php?rest_route=\/wp\/v2\/media\/14746"}],"wp:attachment":[{"href":"https:\/\/alcaldiaalbertoadriani.com\/index.php?rest_route=%2Fwp%2Fv2%2Fmedia&parent=14745"}],"wp:term":[{"taxonomy":"category","embeddable":true,"href":"https:\/\/alcaldiaalbertoadriani.com\/index.php?rest_route=%2Fwp%2Fv2%2Fcategories&post=14745"},{"taxonomy":"post_tag","embeddable":true,"href":"https:\/\/alcaldiaalbertoadriani.com\/index.php?rest_route=%2Fwp%2Fv2%2Ftags&post=14745"}],"curies":[{"name":"wp","href":"https:\/\/api.w.org\/{rel}","templated":true}]}}