{"id":14738,"date":"2026-01-26T14:40:10","date_gmt":"2026-01-26T14:40:10","guid":{"rendered":"https:\/\/alcaldiaalbertoadriani.com\/?p=14738"},"modified":"2026-01-26T14:40:29","modified_gmt":"2026-01-26T14:40:29","slug":"alcaldia-de-alberto-adriani-intensifica-jornada-especial","status":"publish","type":"post","link":"https:\/\/alcaldiaalbertoadriani.com\/?p=14738","title":{"rendered":"Alcald\u00eda de Alberto Adriani intensifica jornada especial de recolecci\u00f3n de desechos s\u00f3lidos"},"content":{"rendered":"\n<p>La Alcald\u00eda del Municipio Alberto Adriani, dirigida por\u00a0el alcalde <a href=\"https:\/\/www.instagram.com\/lisandrosegura02\/\">Lisandro Segura<\/a>, desarrolla una\u00a0jornada especial de <a href=\"https:\/\/alcaldiaalbertoadriani.com\/?p=3916\">recolecci\u00f3n de desechos s\u00f3lidos <\/a>como parte del fortalecimiento del servicio de aseo urbano y el compromiso con la salubridad y el bienestar de las comunidades.<\/p>\n\n\n\n<!--more-->\n\n\n\n<p>La jornada que inici\u00f3 hoy a las&nbsp;6:00 de la ma\u00f1ana, logr\u00f3 atender&nbsp;50 comunidades de las parroquias Rafael Pulido M\u00e9ndez, R\u00f3mulo Betancourt, H\u00e9ctor Amable Mora, Presidente P\u00e1ez y R\u00f3mulo Gallegos. Para el operativo se desplegaron las cuadrillas de obreros del aseo urbano y del&nbsp;Plan Renacer de Mi Vig\u00eda Querido.<\/p>\n\n\n\n<figure class=\"wp-block-gallery has-nested-images columns-default is-cropped wp-block-gallery-1 is-layout-flex wp-block-gallery-is-layout-flex\">\n<figure class=\"wp-block-image size-large\"><img loading=\"lazy\" decoding=\"async\" width=\"1024\" height=\"768\" data-id=\"14740\" src=\"https:\/\/alcaldiaalbertoadriani.com\/wp-content\/uploads\/2026\/01\/photo_5161180604274510691_y-1024x768.jpg\" alt=\"\" class=\"wp-image-14740\" srcset=\"https:\/\/alcaldiaalbertoadriani.com\/wp-content\/uploads\/2026\/01\/photo_5161180604274510691_y-1024x768.jpg 1024w, https:\/\/alcaldiaalbertoadriani.com\/wp-content\/uploads\/2026\/01\/photo_5161180604274510691_y-980x735.jpg 980w, https:\/\/alcaldiaalbertoadriani.com\/wp-content\/uploads\/2026\/01\/photo_5161180604274510691_y-480x360.jpg 480w\" sizes=\"auto, (min-width: 0px) and (max-width: 480px) 480px, (min-width: 481px) and (max-width: 980px) 980px, (min-width: 981px) 1024px, 100vw\" \/><\/figure>\n<\/figure>\n\n\n\n<p>Leomar Vivas, gerente de Servicios P\u00fablicos Municipales, inform\u00f3 que para la ejecuci\u00f3n de esta actividad &#8220;se cont\u00f3 con un total de&nbsp;23 camiones, de los cuales&nbsp;15 pertenecen a cooperativas que hacen vida activa en el municipio&nbsp;y&nbsp;8 son unidades de la alcald\u00eda, logrando realizar&nbsp;40 viajes en total&nbsp;hacia el relleno sanitario, ubicado en Onia&#8221;.<\/p>\n\n\n\n<h2 class=\"wp-block-heading\"><strong><em>Atendiendo las Comunidades<\/em><\/strong><\/h2>\n\n\n\n<p>En cuanto a la distribuci\u00f3n territorial, refiri\u00f3 el funcionario que se atendieron<\/p>\n\n\n\n<p>&#8220;17 comunidades&nbsp;de la parroquia&nbsp;H\u00e9ctor Amable Mora; 11 comunidades&nbsp;de la parroquia&nbsp;R\u00f3mulo Betancourt; 17 comunidades&nbsp;de la parroquia&nbsp;Rafael Pulido M\u00e9ndez;<\/p>\n\n\n\n<p>2 comunidades&nbsp;de la parroquia&nbsp;Presidente P\u00e1ez y<\/p>\n\n\n\n<p>1 comunidad&nbsp;de la parroquia&nbsp;R\u00f3mulo Gallegos&#8221;, detall\u00f3.<\/p>\n\n\n\n<p>El gerente destac\u00f3 que estas dos \u00faltimas parroquias se encontraban rezagadas dentro del plan habitual de recolecci\u00f3n, por lo que fueron priorizadas dentro de esta jornada especial.<\/p>\n\n\n\n<p>Asimismo, puntualiz\u00f3 que para este viernes 23&nbsp;se continuar\u00e1 atendiendo comunidades de la parroquia&nbsp;Rafael Pulido M\u00e9ndez, espec\u00edficamente en sectores como&nbsp;12 de Octubre, Ca\u00f1o Seco, La Blanca, entre otros.<\/p>\n\n\n\n<p>El gobierno local seguir\u00e1 avanzando a lo largo y ancho de la ciudad, proyectando&nbsp; la atenci\u00f3n de&nbsp;al menos 60 comunidades para este viernes, siempre que las condiciones clim\u00e1ticas se mantengan favorables.<\/p>\n\n\n\n<p>Para ello, se prev\u00e9 la operatividad de&nbsp;30 camiones en total, reforzando la capacidad de respuesta del servicio.<\/p>\n\n\n\n<p>La gesti\u00f3n de Lisandro Segura reafirma su compromiso con el orden, la limpieza y la calidad de vida de los vigienses, trabajando de manera constante para las comunidades. <strong><em>Prensa Alberto Adriani\/ Tahiry Villalobos C.N.P.23.225\/ Foto: Karla M\u00e1rquez.<\/em><\/strong><\/p>\n\n\n\n<figure class=\"wp-block-gallery has-nested-images columns-default is-cropped wp-block-gallery-2 is-layout-flex wp-block-gallery-is-layout-flex\">\n<figure class=\"wp-block-image size-large\"><img loading=\"lazy\" decoding=\"async\" width=\"1024\" height=\"768\" data-id=\"14741\" src=\"https:\/\/alcaldiaalbertoadriani.com\/wp-content\/uploads\/2026\/01\/photo_5161180604274510692_y-1024x768.jpg\" alt=\"\" class=\"wp-image-14741\" srcset=\"https:\/\/alcaldiaalbertoadriani.com\/wp-content\/uploads\/2026\/01\/photo_5161180604274510692_y-1024x768.jpg 1024w, https:\/\/alcaldiaalbertoadriani.com\/wp-content\/uploads\/2026\/01\/photo_5161180604274510692_y-980x735.jpg 980w, https:\/\/alcaldiaalbertoadriani.com\/wp-content\/uploads\/2026\/01\/photo_5161180604274510692_y-480x360.jpg 480w\" sizes=\"auto, (min-width: 0px) and (max-width: 480px) 480px, (min-width: 481px) and (max-width: 980px) 980px, (min-width: 981px) 1024px, 100vw\" \/><\/figure>\n<\/figure>\n","protected":false},"excerpt":{"rendered":"<p>La Alcald\u00eda del Municipio Alberto Adriani, dirigida por\u00a0el alcalde Lisandro Segura, desarrolla una\u00a0jornada especial de recolecci\u00f3n de desechos s\u00f3lidos como parte del fortalecimiento del servicio de aseo urbano y el [&hellip;]<\/p>\n","protected":false},"author":2,"featured_media":14739,"comment_status":"open","ping_status":"closed","sticky":false,"template":"","format":"standard","meta":{"_et_pb_use_builder":"off","_et_pb_old_content":"","_et_gb_content_width":"","footnotes":""},"categories":[341,300,821,25,295],"tags":[31,11,12,15,761,30,29,28],"class_list":["post-14738","post","type-post","status-publish","format-standard","has-post-thumbnail","hentry","category-alcaldia-alberto-adriani","category-aseo","category-jornada","category-nuestro-municipio","category-servicios-publicos","tag-alcalde","tag-alcaldia","tag-alcaldiaalbertoadriani","tag-elvigia","tag-encrucijadadeprogreso","tag-lisandrosegura","tag-municipioquenosmerecemos","tag-porelrenacer"],"yoast_head":"<!-- This site is optimized with the Yoast SEO plugin v19.13 - https:\/\/yoast.com\/wordpress\/plugins\/seo\/ -->\n<title>Alcald\u00eda de Alberto Adriani intensifica jornada especial<\/title>\n<meta name=\"description\" content=\"Alcald\u00eda de Alberto Adriani intensifica jornada especial de recolecci\u00f3n de desechos s\u00f3lidos La jornada que inici\u00f3 hoy a las\u00a06:00 de la ma\u00f1ana\" \/>\n<meta name=\"robots\" content=\"index, follow, max-snippet:-1, max-image-preview:large, max-video-preview:-1\" \/>\n<link rel=\"canonical\" href=\"https:\/\/alcaldiaalbertoadriani.com\/?p=14738\" \/>\n<meta property=\"og:locale\" content=\"es_ES\" \/>\n<meta property=\"og:type\" content=\"article\" \/>\n<meta property=\"og:title\" content=\"Alcald\u00eda de Alberto Adriani intensifica jornada especial\" \/>\n<meta property=\"og:description\" content=\"Alcald\u00eda de Alberto Adriani intensifica jornada especial de recolecci\u00f3n de desechos s\u00f3lidos La jornada que inici\u00f3 hoy a las\u00a06:00 de la ma\u00f1ana\" \/>\n<meta property=\"og:url\" content=\"https:\/\/alcaldiaalbertoadriani.com\/?p=14738\" \/>\n<meta property=\"og:site_name\" content=\"Alcaldia Alberto Adriani\" \/>\n<meta property=\"article:published_time\" content=\"2026-01-26T14:40:10+00:00\" \/>\n<meta property=\"article:modified_time\" content=\"2026-01-26T14:40:29+00:00\" \/>\n<meta property=\"og:image\" content=\"https:\/\/alcaldiaalbertoadriani.com\/wp-content\/uploads\/2026\/01\/photo_5161180604274510693_y.jpg\" \/>\n\t<meta property=\"og:image:width\" content=\"1280\" \/>\n\t<meta property=\"og:image:height\" content=\"720\" \/>\n\t<meta property=\"og:image:type\" content=\"image\/jpeg\" \/>\n<meta name=\"author\" content=\"Prensa\" \/>\n<meta name=\"twitter:card\" content=\"summary_large_image\" \/>\n<meta name=\"twitter:label1\" content=\"Escrito por\" \/>\n\t<meta name=\"twitter:data1\" content=\"Prensa\" \/>\n\t<meta name=\"twitter:label2\" content=\"Tiempo de lectura\" \/>\n\t<meta name=\"twitter:data2\" content=\"2 minutos\" \/>\n<script type=\"application\/ld+json\" class=\"yoast-schema-graph\">{\"@context\":\"https:\/\/schema.org\",\"@graph\":[{\"@type\":\"WebPage\",\"@id\":\"https:\/\/alcaldiaalbertoadriani.com\/?p=14738\",\"url\":\"https:\/\/alcaldiaalbertoadriani.com\/?p=14738\",\"name\":\"Alcald\u00eda de Alberto Adriani intensifica jornada especial\",\"isPartOf\":{\"@id\":\"https:\/\/alcaldiaalbertoadriani.com\/#website\"},\"datePublished\":\"2026-01-26T14:40:10+00:00\",\"dateModified\":\"2026-01-26T14:40:29+00:00\",\"author\":{\"@id\":\"https:\/\/alcaldiaalbertoadriani.com\/#\/schema\/person\/549b4483ff8999ac780deeea78795fc9\"},\"description\":\"Alcald\u00eda de Alberto Adriani intensifica jornada especial de recolecci\u00f3n de desechos s\u00f3lidos La jornada que inici\u00f3 hoy a las\u00a06:00 de la ma\u00f1ana\",\"breadcrumb\":{\"@id\":\"https:\/\/alcaldiaalbertoadriani.com\/?p=14738#breadcrumb\"},\"inLanguage\":\"es\",\"potentialAction\":[{\"@type\":\"ReadAction\",\"target\":[\"https:\/\/alcaldiaalbertoadriani.com\/?p=14738\"]}]},{\"@type\":\"BreadcrumbList\",\"@id\":\"https:\/\/alcaldiaalbertoadriani.com\/?p=14738#breadcrumb\",\"itemListElement\":[{\"@type\":\"ListItem\",\"position\":1,\"name\":\"Portada\",\"item\":\"https:\/\/alcaldiaalbertoadriani.com\/\"},{\"@type\":\"ListItem\",\"position\":2,\"name\":\"Alcald\u00eda de Alberto Adriani intensifica jornada especial de recolecci\u00f3n de desechos s\u00f3lidos\"}]},{\"@type\":\"WebSite\",\"@id\":\"https:\/\/alcaldiaalbertoadriani.com\/#website\",\"url\":\"https:\/\/alcaldiaalbertoadriani.com\/\",\"name\":\"Alcaldia Alberto Adriani\",\"description\":\"\",\"potentialAction\":[{\"@type\":\"SearchAction\",\"target\":{\"@type\":\"EntryPoint\",\"urlTemplate\":\"https:\/\/alcaldiaalbertoadriani.com\/?s={search_term_string}\"},\"query-input\":\"required name=search_term_string\"}],\"inLanguage\":\"es\"},{\"@type\":\"Person\",\"@id\":\"https:\/\/alcaldiaalbertoadriani.com\/#\/schema\/person\/549b4483ff8999ac780deeea78795fc9\",\"name\":\"Prensa\",\"image\":{\"@type\":\"ImageObject\",\"inLanguage\":\"es\",\"@id\":\"https:\/\/alcaldiaalbertoadriani.com\/#\/schema\/person\/image\/\",\"url\":\"https:\/\/secure.gravatar.com\/avatar\/ea1cb567ea992a29627f4eee1c2eb185ec16decec6342d508fdf18dedb56c9de?s=96&d=mm&r=g\",\"contentUrl\":\"https:\/\/secure.gravatar.com\/avatar\/ea1cb567ea992a29627f4eee1c2eb185ec16decec6342d508fdf18dedb56c9de?s=96&d=mm&r=g\",\"caption\":\"Prensa\"},\"url\":\"https:\/\/alcaldiaalbertoadriani.com\/?author=2\"}]}<\/script>\n<!-- \/ Yoast SEO plugin. -->","yoast_head_json":{"title":"Alcald\u00eda de Alberto Adriani intensifica jornada especial","description":"Alcald\u00eda de Alberto Adriani intensifica jornada especial de recolecci\u00f3n de desechos s\u00f3lidos La jornada que inici\u00f3 hoy a las\u00a06:00 de la ma\u00f1ana","robots":{"index":"index","follow":"follow","max-snippet":"max-snippet:-1","max-image-preview":"max-image-preview:large","max-video-preview":"max-video-preview:-1"},"canonical":"https:\/\/alcaldiaalbertoadriani.com\/?p=14738","og_locale":"es_ES","og_type":"article","og_title":"Alcald\u00eda de Alberto Adriani intensifica jornada especial","og_description":"Alcald\u00eda de Alberto Adriani intensifica jornada especial de recolecci\u00f3n de desechos s\u00f3lidos La jornada que inici\u00f3 hoy a las\u00a06:00 de la ma\u00f1ana","og_url":"https:\/\/alcaldiaalbertoadriani.com\/?p=14738","og_site_name":"Alcaldia Alberto Adriani","article_published_time":"2026-01-26T14:40:10+00:00","article_modified_time":"2026-01-26T14:40:29+00:00","og_image":[{"width":1280,"height":720,"url":"https:\/\/alcaldiaalbertoadriani.com\/wp-content\/uploads\/2026\/01\/photo_5161180604274510693_y.jpg","type":"image\/jpeg"}],"author":"Prensa","twitter_card":"summary_large_image","twitter_misc":{"Escrito por":"Prensa","Tiempo de lectura":"2 minutos"},"schema":{"@context":"https:\/\/schema.org","@graph":[{"@type":"WebPage","@id":"https:\/\/alcaldiaalbertoadriani.com\/?p=14738","url":"https:\/\/alcaldiaalbertoadriani.com\/?p=14738","name":"Alcald\u00eda de Alberto Adriani intensifica jornada especial","isPartOf":{"@id":"https:\/\/alcaldiaalbertoadriani.com\/#website"},"datePublished":"2026-01-26T14:40:10+00:00","dateModified":"2026-01-26T14:40:29+00:00","author":{"@id":"https:\/\/alcaldiaalbertoadriani.com\/#\/schema\/person\/549b4483ff8999ac780deeea78795fc9"},"description":"Alcald\u00eda de Alberto Adriani intensifica jornada especial de recolecci\u00f3n de desechos s\u00f3lidos La jornada que inici\u00f3 hoy a las\u00a06:00 de la ma\u00f1ana","breadcrumb":{"@id":"https:\/\/alcaldiaalbertoadriani.com\/?p=14738#breadcrumb"},"inLanguage":"es","potentialAction":[{"@type":"ReadAction","target":["https:\/\/alcaldiaalbertoadriani.com\/?p=14738"]}]},{"@type":"BreadcrumbList","@id":"https:\/\/alcaldiaalbertoadriani.com\/?p=14738#breadcrumb","itemListElement":[{"@type":"ListItem","position":1,"name":"Portada","item":"https:\/\/alcaldiaalbertoadriani.com\/"},{"@type":"ListItem","position":2,"name":"Alcald\u00eda de Alberto Adriani intensifica jornada especial de recolecci\u00f3n de desechos s\u00f3lidos"}]},{"@type":"WebSite","@id":"https:\/\/alcaldiaalbertoadriani.com\/#website","url":"https:\/\/alcaldiaalbertoadriani.com\/","name":"Alcaldia Alberto Adriani","description":"","potentialAction":[{"@type":"SearchAction","target":{"@type":"EntryPoint","urlTemplate":"https:\/\/alcaldiaalbertoadriani.com\/?s={search_term_string}"},"query-input":"required name=search_term_string"}],"inLanguage":"es"},{"@type":"Person","@id":"https:\/\/alcaldiaalbertoadriani.com\/#\/schema\/person\/549b4483ff8999ac780deeea78795fc9","name":"Prensa","image":{"@type":"ImageObject","inLanguage":"es","@id":"https:\/\/alcaldiaalbertoadriani.com\/#\/schema\/person\/image\/","url":"https:\/\/secure.gravatar.com\/avatar\/ea1cb567ea992a29627f4eee1c2eb185ec16decec6342d508fdf18dedb56c9de?s=96&d=mm&r=g","contentUrl":"https:\/\/secure.gravatar.com\/avatar\/ea1cb567ea992a29627f4eee1c2eb185ec16decec6342d508fdf18dedb56c9de?s=96&d=mm&r=g","caption":"Prensa"},"url":"https:\/\/alcaldiaalbertoadriani.com\/?author=2"}]}},"_links":{"self":[{"href":"https:\/\/alcaldiaalbertoadriani.com\/index.php?rest_route=\/wp\/v2\/posts\/14738","targetHints":{"allow":["GET"]}}],"collection":[{"href":"https:\/\/alcaldiaalbertoadriani.com\/index.php?rest_route=\/wp\/v2\/posts"}],"about":[{"href":"https:\/\/alcaldiaalbertoadriani.com\/index.php?rest_route=\/wp\/v2\/types\/post"}],"author":[{"embeddable":true,"href":"https:\/\/alcaldiaalbertoadriani.com\/index.php?rest_route=\/wp\/v2\/users\/2"}],"replies":[{"embeddable":true,"href":"https:\/\/alcaldiaalbertoadriani.com\/index.php?rest_route=%2Fwp%2Fv2%2Fcomments&post=14738"}],"version-history":[{"count":1,"href":"https:\/\/alcaldiaalbertoadriani.com\/index.php?rest_route=\/wp\/v2\/posts\/14738\/revisions"}],"predecessor-version":[{"id":14742,"href":"https:\/\/alcaldiaalbertoadriani.com\/index.php?rest_route=\/wp\/v2\/posts\/14738\/revisions\/14742"}],"wp:featuredmedia":[{"embeddable":true,"href":"https:\/\/alcaldiaalbertoadriani.com\/index.php?rest_route=\/wp\/v2\/media\/14739"}],"wp:attachment":[{"href":"https:\/\/alcaldiaalbertoadriani.com\/index.php?rest_route=%2Fwp%2Fv2%2Fmedia&parent=14738"}],"wp:term":[{"taxonomy":"category","embeddable":true,"href":"https:\/\/alcaldiaalbertoadriani.com\/index.php?rest_route=%2Fwp%2Fv2%2Fcategories&post=14738"},{"taxonomy":"post_tag","embeddable":true,"href":"https:\/\/alcaldiaalbertoadriani.com\/index.php?rest_route=%2Fwp%2Fv2%2Ftags&post=14738"}],"curies":[{"name":"wp","href":"https:\/\/api.w.org\/{rel}","templated":true}]}}