{"id":14733,"date":"2026-01-26T14:14:48","date_gmt":"2026-01-26T14:14:48","guid":{"rendered":"https:\/\/alcaldiaalbertoadriani.com\/?p=14733"},"modified":"2026-01-26T14:15:03","modified_gmt":"2026-01-26T14:15:03","slug":"alcaldia-de-alberto-adriani-constituyo-el-comite-de-seguridad","status":"publish","type":"post","link":"https:\/\/alcaldiaalbertoadriani.com\/?p=14733","title":{"rendered":"Alcald\u00eda de Alberto Adriani constituy\u00f3 el Comit\u00e9 de Seguridad y Salud Laboral"},"content":{"rendered":"\n<p>En un esfuerzo conjunto entre trabajadores y empleador, la alcald\u00eda del municipio Alberto Adriani, oficializ\u00f3 la creaci\u00f3n del Comit\u00e9 de Seguridad y Salud Laboral ante el Instituto Nacional de Prevenci\u00f3n, Salud y Seguridad Laboral (<a href=\"https:\/\/alcaldiaalbertoadriani.com\/?p=12962\">Inpsasel<\/a>). La constituci\u00f3n de este \u00f3rgano se realiz\u00f3 tras cumplir con los procedimientos establecidos en la Ley Org\u00e1nica de Prevenci\u00f3n, Condiciones y Medio Ambiente de Trabajo (Lopcymat).<\/p>\n\n\n\n<figure class=\"wp-block-gallery has-nested-images columns-default is-cropped wp-block-gallery-1 is-layout-flex wp-block-gallery-is-layout-flex\">\n<figure class=\"wp-block-image size-large\"><img loading=\"lazy\" decoding=\"async\" width=\"768\" height=\"1024\" data-id=\"14736\" src=\"https:\/\/alcaldiaalbertoadriani.com\/wp-content\/uploads\/2026\/01\/photo_5156815598946814916_y-768x1024.jpg\" alt=\"\" class=\"wp-image-14736\" srcset=\"https:\/\/alcaldiaalbertoadriani.com\/wp-content\/uploads\/2026\/01\/photo_5156815598946814916_y-768x1024.jpg 768w, https:\/\/alcaldiaalbertoadriani.com\/wp-content\/uploads\/2026\/01\/photo_5156815598946814916_y-480x640.jpg 480w\" sizes=\"auto, (min-width: 0px) and (max-width: 480px) 480px, (min-width: 481px) 768px, 100vw\" \/><\/figure>\n<\/figure>\n\n\n\n<p>La estructura del Comit\u00e9 de Seguridad y Salud Laboral est\u00e1 integrada por los cinco delegados de prevenci\u00f3n escogidos por los trabajadores el pasado 24 de octubre de 2025, en un evento comicial organizado de forma aut\u00f3noma por la Comisi\u00f3n Electoral de los trabajadores, quedando los ciudadanos Viviana Hern\u00e1ndez, Jos\u00e9 Tubalca\u00edn Garc\u00eda, Jos\u00e9 Varela, Danny Ru\u00edz y Jos\u00e9 Lira.<\/p>\n\n\n\n<p>Por su parte, el alcalde <a href=\"https:\/\/www.instagram.com\/lisandrosegura02\/\">Lisandro Segura<\/a>, de acuerdo con la ley, en su rol de empleador, design\u00f3 mediante resoluci\u00f3n a los trabajadores Gerardo Pacheco, Luz Molina, Osmar Garc\u00eda, Adriana Mora y Antonio Pi\u00f1ero como los cinco delegados que lo representar\u00e1n ante el Comit\u00e9.<\/p>\n\n\n\n<p>Cabe resaltar que, este Comit\u00e9 estar\u00e1 al servicio de los trabajadores de la alcald\u00eda y velar\u00e1 por el cumplimiento de las condiciones y medio ambiente de seguridad laboral. <strong>Prensa Alcald\u00eda Alberto Adriani\/Claribel Zambrano CNP: 11.843\/ Fotos: OIPI.<\/strong><\/p>\n\n\n\n<figure class=\"wp-block-gallery has-nested-images columns-default is-cropped wp-block-gallery-2 is-layout-flex wp-block-gallery-is-layout-flex\">\n<figure class=\"wp-block-image size-large\"><img loading=\"lazy\" decoding=\"async\" width=\"1024\" height=\"576\" data-id=\"14735\" src=\"https:\/\/alcaldiaalbertoadriani.com\/wp-content\/uploads\/2026\/01\/photo_5156815598946814917_y-1024x576.jpg\" alt=\"\" class=\"wp-image-14735\" srcset=\"https:\/\/alcaldiaalbertoadriani.com\/wp-content\/uploads\/2026\/01\/photo_5156815598946814917_y-1024x576.jpg 1024w, https:\/\/alcaldiaalbertoadriani.com\/wp-content\/uploads\/2026\/01\/photo_5156815598946814917_y-980x551.jpg 980w, https:\/\/alcaldiaalbertoadriani.com\/wp-content\/uploads\/2026\/01\/photo_5156815598946814917_y-480x270.jpg 480w\" sizes=\"auto, (min-width: 0px) and (max-width: 480px) 480px, (min-width: 481px) and (max-width: 980px) 980px, (min-width: 981px) 1024px, 100vw\" \/><\/figure>\n<\/figure>\n","protected":false},"excerpt":{"rendered":"<p>En un esfuerzo conjunto entre trabajadores y empleador, la alcald\u00eda del municipio Alberto Adriani, oficializ\u00f3 la creaci\u00f3n del Comit\u00e9 de Seguridad y Salud Laboral ante el Instituto Nacional de Prevenci\u00f3n, [&hellip;]<\/p>\n","protected":false},"author":2,"featured_media":14734,"comment_status":"open","ping_status":"closed","sticky":false,"template":"","format":"standard","meta":{"_et_pb_use_builder":"off","_et_pb_old_content":"","_et_gb_content_width":"","footnotes":""},"categories":[341,25],"tags":[31,11,12,15,761,30,29,28],"class_list":["post-14733","post","type-post","status-publish","format-standard","has-post-thumbnail","hentry","category-alcaldia-alberto-adriani","category-nuestro-municipio","tag-alcalde","tag-alcaldia","tag-alcaldiaalbertoadriani","tag-elvigia","tag-encrucijadadeprogreso","tag-lisandrosegura","tag-municipioquenosmerecemos","tag-porelrenacer"],"yoast_head":"<!-- This site is optimized with the Yoast SEO plugin v19.13 - https:\/\/yoast.com\/wordpress\/plugins\/seo\/ -->\n<title>Alcald\u00eda de Alberto Adriani constituy\u00f3 el Comit\u00e9 de Seguridad<\/title>\n<meta name=\"description\" content=\"Alcald\u00eda de Alberto Adriani constituy\u00f3 el Comit\u00e9 de Seguridad y Salud Laboral ante el Instituto Nacional de Prevenci\u00f3n, Salud y Seguridad\" \/>\n<meta name=\"robots\" content=\"index, follow, max-snippet:-1, max-image-preview:large, max-video-preview:-1\" \/>\n<link rel=\"canonical\" href=\"https:\/\/alcaldiaalbertoadriani.com\/?p=14733\" \/>\n<meta property=\"og:locale\" content=\"es_ES\" \/>\n<meta property=\"og:type\" content=\"article\" \/>\n<meta property=\"og:title\" content=\"Alcald\u00eda de Alberto Adriani constituy\u00f3 el Comit\u00e9 de Seguridad\" \/>\n<meta property=\"og:description\" content=\"Alcald\u00eda de Alberto Adriani constituy\u00f3 el Comit\u00e9 de Seguridad y Salud Laboral ante el Instituto Nacional de Prevenci\u00f3n, Salud y Seguridad\" \/>\n<meta property=\"og:url\" content=\"https:\/\/alcaldiaalbertoadriani.com\/?p=14733\" \/>\n<meta property=\"og:site_name\" content=\"Alcaldia Alberto Adriani\" \/>\n<meta property=\"article:published_time\" content=\"2026-01-26T14:14:48+00:00\" \/>\n<meta property=\"article:modified_time\" content=\"2026-01-26T14:15:03+00:00\" \/>\n<meta property=\"og:image\" content=\"https:\/\/alcaldiaalbertoadriani.com\/wp-content\/uploads\/2026\/01\/photo_5156815598946814918_y.jpg\" \/>\n\t<meta property=\"og:image:width\" content=\"1280\" \/>\n\t<meta property=\"og:image:height\" content=\"960\" \/>\n\t<meta property=\"og:image:type\" content=\"image\/jpeg\" \/>\n<meta name=\"author\" content=\"Prensa\" \/>\n<meta name=\"twitter:card\" content=\"summary_large_image\" \/>\n<meta name=\"twitter:label1\" content=\"Escrito por\" \/>\n\t<meta name=\"twitter:data1\" content=\"Prensa\" \/>\n\t<meta name=\"twitter:label2\" content=\"Tiempo de lectura\" \/>\n\t<meta name=\"twitter:data2\" content=\"2 minutos\" \/>\n<script type=\"application\/ld+json\" class=\"yoast-schema-graph\">{\"@context\":\"https:\/\/schema.org\",\"@graph\":[{\"@type\":\"WebPage\",\"@id\":\"https:\/\/alcaldiaalbertoadriani.com\/?p=14733\",\"url\":\"https:\/\/alcaldiaalbertoadriani.com\/?p=14733\",\"name\":\"Alcald\u00eda de Alberto Adriani constituy\u00f3 el Comit\u00e9 de Seguridad\",\"isPartOf\":{\"@id\":\"https:\/\/alcaldiaalbertoadriani.com\/#website\"},\"datePublished\":\"2026-01-26T14:14:48+00:00\",\"dateModified\":\"2026-01-26T14:15:03+00:00\",\"author\":{\"@id\":\"https:\/\/alcaldiaalbertoadriani.com\/#\/schema\/person\/549b4483ff8999ac780deeea78795fc9\"},\"description\":\"Alcald\u00eda de Alberto Adriani constituy\u00f3 el Comit\u00e9 de Seguridad y Salud Laboral ante el Instituto Nacional de Prevenci\u00f3n, Salud y Seguridad\",\"breadcrumb\":{\"@id\":\"https:\/\/alcaldiaalbertoadriani.com\/?p=14733#breadcrumb\"},\"inLanguage\":\"es\",\"potentialAction\":[{\"@type\":\"ReadAction\",\"target\":[\"https:\/\/alcaldiaalbertoadriani.com\/?p=14733\"]}]},{\"@type\":\"BreadcrumbList\",\"@id\":\"https:\/\/alcaldiaalbertoadriani.com\/?p=14733#breadcrumb\",\"itemListElement\":[{\"@type\":\"ListItem\",\"position\":1,\"name\":\"Portada\",\"item\":\"https:\/\/alcaldiaalbertoadriani.com\/\"},{\"@type\":\"ListItem\",\"position\":2,\"name\":\"Alcald\u00eda de Alberto Adriani constituy\u00f3 el Comit\u00e9 de Seguridad y Salud Laboral\"}]},{\"@type\":\"WebSite\",\"@id\":\"https:\/\/alcaldiaalbertoadriani.com\/#website\",\"url\":\"https:\/\/alcaldiaalbertoadriani.com\/\",\"name\":\"Alcaldia Alberto Adriani\",\"description\":\"\",\"potentialAction\":[{\"@type\":\"SearchAction\",\"target\":{\"@type\":\"EntryPoint\",\"urlTemplate\":\"https:\/\/alcaldiaalbertoadriani.com\/?s={search_term_string}\"},\"query-input\":\"required name=search_term_string\"}],\"inLanguage\":\"es\"},{\"@type\":\"Person\",\"@id\":\"https:\/\/alcaldiaalbertoadriani.com\/#\/schema\/person\/549b4483ff8999ac780deeea78795fc9\",\"name\":\"Prensa\",\"image\":{\"@type\":\"ImageObject\",\"inLanguage\":\"es\",\"@id\":\"https:\/\/alcaldiaalbertoadriani.com\/#\/schema\/person\/image\/\",\"url\":\"https:\/\/secure.gravatar.com\/avatar\/ea1cb567ea992a29627f4eee1c2eb185ec16decec6342d508fdf18dedb56c9de?s=96&d=mm&r=g\",\"contentUrl\":\"https:\/\/secure.gravatar.com\/avatar\/ea1cb567ea992a29627f4eee1c2eb185ec16decec6342d508fdf18dedb56c9de?s=96&d=mm&r=g\",\"caption\":\"Prensa\"},\"url\":\"https:\/\/alcaldiaalbertoadriani.com\/?author=2\"}]}<\/script>\n<!-- \/ Yoast SEO plugin. -->","yoast_head_json":{"title":"Alcald\u00eda de Alberto Adriani constituy\u00f3 el Comit\u00e9 de Seguridad","description":"Alcald\u00eda de Alberto Adriani constituy\u00f3 el Comit\u00e9 de Seguridad y Salud Laboral ante el Instituto Nacional de Prevenci\u00f3n, Salud y Seguridad","robots":{"index":"index","follow":"follow","max-snippet":"max-snippet:-1","max-image-preview":"max-image-preview:large","max-video-preview":"max-video-preview:-1"},"canonical":"https:\/\/alcaldiaalbertoadriani.com\/?p=14733","og_locale":"es_ES","og_type":"article","og_title":"Alcald\u00eda de Alberto Adriani constituy\u00f3 el Comit\u00e9 de Seguridad","og_description":"Alcald\u00eda de Alberto Adriani constituy\u00f3 el Comit\u00e9 de Seguridad y Salud Laboral ante el Instituto Nacional de Prevenci\u00f3n, Salud y Seguridad","og_url":"https:\/\/alcaldiaalbertoadriani.com\/?p=14733","og_site_name":"Alcaldia Alberto Adriani","article_published_time":"2026-01-26T14:14:48+00:00","article_modified_time":"2026-01-26T14:15:03+00:00","og_image":[{"width":1280,"height":960,"url":"https:\/\/alcaldiaalbertoadriani.com\/wp-content\/uploads\/2026\/01\/photo_5156815598946814918_y.jpg","type":"image\/jpeg"}],"author":"Prensa","twitter_card":"summary_large_image","twitter_misc":{"Escrito por":"Prensa","Tiempo de lectura":"2 minutos"},"schema":{"@context":"https:\/\/schema.org","@graph":[{"@type":"WebPage","@id":"https:\/\/alcaldiaalbertoadriani.com\/?p=14733","url":"https:\/\/alcaldiaalbertoadriani.com\/?p=14733","name":"Alcald\u00eda de Alberto Adriani constituy\u00f3 el Comit\u00e9 de Seguridad","isPartOf":{"@id":"https:\/\/alcaldiaalbertoadriani.com\/#website"},"datePublished":"2026-01-26T14:14:48+00:00","dateModified":"2026-01-26T14:15:03+00:00","author":{"@id":"https:\/\/alcaldiaalbertoadriani.com\/#\/schema\/person\/549b4483ff8999ac780deeea78795fc9"},"description":"Alcald\u00eda de Alberto Adriani constituy\u00f3 el Comit\u00e9 de Seguridad y Salud Laboral ante el Instituto Nacional de Prevenci\u00f3n, Salud y Seguridad","breadcrumb":{"@id":"https:\/\/alcaldiaalbertoadriani.com\/?p=14733#breadcrumb"},"inLanguage":"es","potentialAction":[{"@type":"ReadAction","target":["https:\/\/alcaldiaalbertoadriani.com\/?p=14733"]}]},{"@type":"BreadcrumbList","@id":"https:\/\/alcaldiaalbertoadriani.com\/?p=14733#breadcrumb","itemListElement":[{"@type":"ListItem","position":1,"name":"Portada","item":"https:\/\/alcaldiaalbertoadriani.com\/"},{"@type":"ListItem","position":2,"name":"Alcald\u00eda de Alberto Adriani constituy\u00f3 el Comit\u00e9 de Seguridad y Salud Laboral"}]},{"@type":"WebSite","@id":"https:\/\/alcaldiaalbertoadriani.com\/#website","url":"https:\/\/alcaldiaalbertoadriani.com\/","name":"Alcaldia Alberto Adriani","description":"","potentialAction":[{"@type":"SearchAction","target":{"@type":"EntryPoint","urlTemplate":"https:\/\/alcaldiaalbertoadriani.com\/?s={search_term_string}"},"query-input":"required name=search_term_string"}],"inLanguage":"es"},{"@type":"Person","@id":"https:\/\/alcaldiaalbertoadriani.com\/#\/schema\/person\/549b4483ff8999ac780deeea78795fc9","name":"Prensa","image":{"@type":"ImageObject","inLanguage":"es","@id":"https:\/\/alcaldiaalbertoadriani.com\/#\/schema\/person\/image\/","url":"https:\/\/secure.gravatar.com\/avatar\/ea1cb567ea992a29627f4eee1c2eb185ec16decec6342d508fdf18dedb56c9de?s=96&d=mm&r=g","contentUrl":"https:\/\/secure.gravatar.com\/avatar\/ea1cb567ea992a29627f4eee1c2eb185ec16decec6342d508fdf18dedb56c9de?s=96&d=mm&r=g","caption":"Prensa"},"url":"https:\/\/alcaldiaalbertoadriani.com\/?author=2"}]}},"_links":{"self":[{"href":"https:\/\/alcaldiaalbertoadriani.com\/index.php?rest_route=\/wp\/v2\/posts\/14733","targetHints":{"allow":["GET"]}}],"collection":[{"href":"https:\/\/alcaldiaalbertoadriani.com\/index.php?rest_route=\/wp\/v2\/posts"}],"about":[{"href":"https:\/\/alcaldiaalbertoadriani.com\/index.php?rest_route=\/wp\/v2\/types\/post"}],"author":[{"embeddable":true,"href":"https:\/\/alcaldiaalbertoadriani.com\/index.php?rest_route=\/wp\/v2\/users\/2"}],"replies":[{"embeddable":true,"href":"https:\/\/alcaldiaalbertoadriani.com\/index.php?rest_route=%2Fwp%2Fv2%2Fcomments&post=14733"}],"version-history":[{"count":1,"href":"https:\/\/alcaldiaalbertoadriani.com\/index.php?rest_route=\/wp\/v2\/posts\/14733\/revisions"}],"predecessor-version":[{"id":14737,"href":"https:\/\/alcaldiaalbertoadriani.com\/index.php?rest_route=\/wp\/v2\/posts\/14733\/revisions\/14737"}],"wp:featuredmedia":[{"embeddable":true,"href":"https:\/\/alcaldiaalbertoadriani.com\/index.php?rest_route=\/wp\/v2\/media\/14734"}],"wp:attachment":[{"href":"https:\/\/alcaldiaalbertoadriani.com\/index.php?rest_route=%2Fwp%2Fv2%2Fmedia&parent=14733"}],"wp:term":[{"taxonomy":"category","embeddable":true,"href":"https:\/\/alcaldiaalbertoadriani.com\/index.php?rest_route=%2Fwp%2Fv2%2Fcategories&post=14733"},{"taxonomy":"post_tag","embeddable":true,"href":"https:\/\/alcaldiaalbertoadriani.com\/index.php?rest_route=%2Fwp%2Fv2%2Ftags&post=14733"}],"curies":[{"name":"wp","href":"https:\/\/api.w.org\/{rel}","templated":true}]}}