{"id":14714,"date":"2026-01-23T20:50:23","date_gmt":"2026-01-23T20:50:23","guid":{"rendered":"https:\/\/alcaldiaalbertoadriani.com\/?p=14714"},"modified":"2026-01-23T20:50:32","modified_gmt":"2026-01-23T20:50:32","slug":"alcalde-lisandro-segura-atendio-llamado-de-vecinos-de-onia","status":"publish","type":"post","link":"https:\/\/alcaldiaalbertoadriani.com\/?p=14714","title":{"rendered":"Alcalde Lisandro Segura atendi\u00f3 llamado de vecinos de Onia El Bamb\u00fa"},"content":{"rendered":"\n<p>En atenci\u00f3n a la solicitud de la comunidad, el alcalde <a href=\"https:\/\/www.instagram.com\/lisandrosegura02\/\">Lisandro Segura<\/a>, junto a profesionales de la Gerencia de Ingenier\u00eda y Planeamiento Urbano Local (<a href=\"https:\/\/alcaldiaalbertoadriani.com\/?tag=gipul-realiza-trabajos-para-corregir-fugas-de-agua-en-el-vigia\">Gipul<\/a>), realizaron una inspecci\u00f3n t\u00e9cnica en el sector Onia El Bamb\u00fa, parroquia R\u00f3mulo Gallegos, para evaluar los graves da\u00f1os causados por las lluvias en la vialidad rural.<\/p>\n\n\n\n<p>Tras el recorrido, el alcalde y los especialistas, pudieron evidenciar que la v\u00eda original &#8211; afectada por el colapso del puente de Onia &#8211; presenta una condici\u00f3n de vulnerabilidad extrema, que la convierten en una zona de alto riesgo.<\/p>\n\n\n\n<figure class=\"wp-block-gallery has-nested-images columns-default is-cropped wp-block-gallery-1 is-layout-flex wp-block-gallery-is-layout-flex\">\n<figure class=\"wp-block-image size-large\"><img loading=\"lazy\" decoding=\"async\" width=\"1024\" height=\"768\" data-id=\"14716\" src=\"https:\/\/alcaldiaalbertoadriani.com\/wp-content\/uploads\/2026\/01\/photo_5154709411409365998_y-1024x768.jpg\" alt=\"\" class=\"wp-image-14716\" srcset=\"https:\/\/alcaldiaalbertoadriani.com\/wp-content\/uploads\/2026\/01\/photo_5154709411409365998_y-1024x768.jpg 1024w, https:\/\/alcaldiaalbertoadriani.com\/wp-content\/uploads\/2026\/01\/photo_5154709411409365998_y-980x735.jpg 980w, https:\/\/alcaldiaalbertoadriani.com\/wp-content\/uploads\/2026\/01\/photo_5154709411409365998_y-480x360.jpg 480w\" sizes=\"auto, (min-width: 0px) and (max-width: 480px) 480px, (min-width: 481px) and (max-width: 980px) 980px, (min-width: 981px) 1024px, 100vw\" \/><\/figure>\n<\/figure>\n\n\n\n<p>&#8220;Hemos venido a hacer la respectiva inspecci\u00f3n, atendiendo el llamado de los vecinos de la comunidad de Onia El Bamb\u00fa con los funcionarios de las gerencias competentes y hemos podido constatar que la situaci\u00f3n presentada en esta v\u00eda, la cual fue afectada por el derrumbe y la ca\u00edda del puente de Onia hace varios a\u00f1os, presenta una condici\u00f3n de gran riesgo\u201d.<\/p>\n\n\n\n<h2 class=\"wp-block-heading\"><strong><em>Zona de Alto Riesgo<\/em><\/strong><\/h2>\n\n\n\n<p>La gerente de Gipul, Minerva Mora, y el coordinador de Ambiente, Narciso Bello, explicaron que \u201cse trata de una zona de alt\u00edsimo riesgo por la alta cantidad de arcilla expansible que domina el lugar, adem\u00e1s de los constantes movimientos de masa causados por las lluvias, hacen que el terreno sea t\u00e9cnicamente inestable y dif\u00edcil de recuperar en ese punto espec\u00edfico\u201d.<\/p>\n\n\n\n<figure class=\"wp-block-gallery has-nested-images columns-default is-cropped wp-block-gallery-2 is-layout-flex wp-block-gallery-is-layout-flex\">\n<figure class=\"wp-block-image size-large\"><img loading=\"lazy\" decoding=\"async\" width=\"1024\" height=\"768\" data-id=\"14717\" src=\"https:\/\/alcaldiaalbertoadriani.com\/wp-content\/uploads\/2026\/01\/photo_5154709411409365995_y-1024x768.jpg\" alt=\"\" class=\"wp-image-14717\" srcset=\"https:\/\/alcaldiaalbertoadriani.com\/wp-content\/uploads\/2026\/01\/photo_5154709411409365995_y-1024x768.jpg 1024w, https:\/\/alcaldiaalbertoadriani.com\/wp-content\/uploads\/2026\/01\/photo_5154709411409365995_y-980x735.jpg 980w, https:\/\/alcaldiaalbertoadriani.com\/wp-content\/uploads\/2026\/01\/photo_5154709411409365995_y-480x360.jpg 480w\" sizes=\"auto, (min-width: 0px) and (max-width: 480px) 480px, (min-width: 481px) and (max-width: 980px) 980px, (min-width: 981px) 1024px, 100vw\" \/><\/figure>\n<\/figure>\n\n\n\n<p>A tal efecto, el burgomaestre refiri\u00f3 que no se puede restablecer la v\u00eda en ese tramo. \u201cNo hay factibilidades t\u00e9cnicas para recuperar esta vialidad rural; as\u00ed se lo hemos explicado a la comunidad&#8221;, expres\u00f3.<\/p>\n\n\n\n<p>Sin embargo, manifest\u00f3 que evaluar\u00e1n otra alternativa, que es otra v\u00eda que conectar\u00eda a trav\u00e9s de la comunidad de Colinas de San Benito con la parte final de Onia El Bamb\u00fa. Esta v\u00eda se encuentra afectada actualmente, pero la alcald\u00eda construir\u00e1 una nueva alcantarilla.<\/p>\n\n\n\n<figure class=\"wp-block-gallery has-nested-images columns-default is-cropped wp-block-gallery-3 is-layout-flex wp-block-gallery-is-layout-flex\">\n<figure class=\"wp-block-image size-large\"><img loading=\"lazy\" decoding=\"async\" width=\"1024\" height=\"768\" data-id=\"14718\" src=\"https:\/\/alcaldiaalbertoadriani.com\/wp-content\/uploads\/2026\/01\/photo_5154709411409365993_y-1024x768.jpg\" alt=\"\" class=\"wp-image-14718\" srcset=\"https:\/\/alcaldiaalbertoadriani.com\/wp-content\/uploads\/2026\/01\/photo_5154709411409365993_y-1024x768.jpg 1024w, https:\/\/alcaldiaalbertoadriani.com\/wp-content\/uploads\/2026\/01\/photo_5154709411409365993_y-980x735.jpg 980w, https:\/\/alcaldiaalbertoadriani.com\/wp-content\/uploads\/2026\/01\/photo_5154709411409365993_y-480x360.jpg 480w\" sizes=\"auto, (min-width: 0px) and (max-width: 480px) 480px, (min-width: 481px) and (max-width: 980px) 980px, (min-width: 981px) 1024px, 100vw\" \/><\/figure>\n<\/figure>\n\n\n\n<p>&#8220;En este sentido, vamos a realizar una inspecci\u00f3n con los ingenieros en los pr\u00f3ximos d\u00edas para constatar las posibilidades de que, por esta otra v\u00eda, se pueda tener el acceso para los vecinos de la parte alta de la comunidad de El Bamb\u00fa &#8220;, a\u00f1adi\u00f3.<\/p>\n\n\n\n<h2 class=\"wp-block-heading\"><strong>Llamado a la prevenci\u00f3n<\/strong><\/h2>\n\n\n\n<p>La autoridad civil hace un exhorto a los ciudadanos para evitar la construcci\u00f3n de viviendas en estos terrenos inestables, debido al peligro que representan para la integridad f\u00edsica.<\/p>\n\n\n\n<p>Por su parte, Eduvilio D\u00edaz, representante de la comunidad, relat\u00f3 la situaci\u00f3n y agradeci\u00f3 la presencia de la alcald\u00eda en el lugar. &#8220;La situaci\u00f3n es cada d\u00eda m\u00e1s fuerte y la v\u00eda se sigue perdiendo, pero si hay la posibilidad de otra ruta, agradecemos la ayuda&#8221;. <strong><em>Prensa Alcald\u00eda Alberto Adriani\/ Claribel Zambrano CNP: 11.843\/ Fotos: Yerasabrith Manrique.<\/em><\/strong><\/p>\n\n\n\n<figure class=\"wp-block-gallery has-nested-images columns-default is-cropped wp-block-gallery-4 is-layout-flex wp-block-gallery-is-layout-flex\">\n\n\n\n\n\n\n\n<\/figure>\n","protected":false},"excerpt":{"rendered":"<p>En atenci\u00f3n a la solicitud de la comunidad, el alcalde Lisandro Segura, junto a profesionales de la Gerencia de Ingenier\u00eda y Planeamiento Urbano Local (Gipul), realizaron una inspecci\u00f3n t\u00e9cnica en [&hellip;]<\/p>\n","protected":false},"author":2,"featured_media":14715,"comment_status":"open","ping_status":"closed","sticky":false,"template":"","format":"standard","meta":{"_et_pb_use_builder":"off","_et_pb_old_content":"","_et_gb_content_width":"","footnotes":""},"categories":[341,25],"tags":[31,11,12,15,761,30,29,28],"class_list":["post-14714","post","type-post","status-publish","format-standard","has-post-thumbnail","hentry","category-alcaldia-alberto-adriani","category-nuestro-municipio","tag-alcalde","tag-alcaldia","tag-alcaldiaalbertoadriani","tag-elvigia","tag-encrucijadadeprogreso","tag-lisandrosegura","tag-municipioquenosmerecemos","tag-porelrenacer"],"yoast_head":"<!-- This site is optimized with the Yoast SEO plugin v19.13 - https:\/\/yoast.com\/wordpress\/plugins\/seo\/ -->\n<title>Alcalde Lisandro Segura atendi\u00f3 llamado de vecinos de Onia<\/title>\n<meta name=\"description\" content=\"Alcalde Lisandro Segura atendi\u00f3 llamado de vecinos de Onia El Bamb\u00fa para evaluar los graves da\u00f1os causados por las lluvias en la vialidad\" \/>\n<meta name=\"robots\" content=\"index, follow, max-snippet:-1, max-image-preview:large, max-video-preview:-1\" \/>\n<link rel=\"canonical\" href=\"https:\/\/alcaldiaalbertoadriani.com\/?p=14714\" \/>\n<meta property=\"og:locale\" content=\"es_ES\" \/>\n<meta property=\"og:type\" content=\"article\" \/>\n<meta property=\"og:title\" content=\"Alcalde Lisandro Segura atendi\u00f3 llamado de vecinos de Onia\" \/>\n<meta property=\"og:description\" content=\"Alcalde Lisandro Segura atendi\u00f3 llamado de vecinos de Onia El Bamb\u00fa para evaluar los graves da\u00f1os causados por las lluvias en la vialidad\" \/>\n<meta property=\"og:url\" content=\"https:\/\/alcaldiaalbertoadriani.com\/?p=14714\" \/>\n<meta property=\"og:site_name\" content=\"Alcaldia Alberto Adriani\" \/>\n<meta property=\"article:published_time\" content=\"2026-01-23T20:50:23+00:00\" \/>\n<meta property=\"article:modified_time\" content=\"2026-01-23T20:50:32+00:00\" \/>\n<meta property=\"og:image\" content=\"https:\/\/alcaldiaalbertoadriani.com\/wp-content\/uploads\/2026\/01\/photo_5154709411409365992_y.jpg\" \/>\n\t<meta property=\"og:image:width\" content=\"1280\" \/>\n\t<meta property=\"og:image:height\" content=\"960\" \/>\n\t<meta property=\"og:image:type\" content=\"image\/jpeg\" \/>\n<meta name=\"author\" content=\"Prensa\" \/>\n<meta name=\"twitter:card\" content=\"summary_large_image\" \/>\n<meta name=\"twitter:label1\" content=\"Escrito por\" \/>\n\t<meta name=\"twitter:data1\" content=\"Prensa\" \/>\n\t<meta name=\"twitter:label2\" content=\"Tiempo de lectura\" \/>\n\t<meta name=\"twitter:data2\" content=\"4 minutos\" \/>\n<script type=\"application\/ld+json\" class=\"yoast-schema-graph\">{\"@context\":\"https:\/\/schema.org\",\"@graph\":[{\"@type\":\"WebPage\",\"@id\":\"https:\/\/alcaldiaalbertoadriani.com\/?p=14714\",\"url\":\"https:\/\/alcaldiaalbertoadriani.com\/?p=14714\",\"name\":\"Alcalde Lisandro Segura atendi\u00f3 llamado de vecinos de Onia\",\"isPartOf\":{\"@id\":\"https:\/\/alcaldiaalbertoadriani.com\/#website\"},\"datePublished\":\"2026-01-23T20:50:23+00:00\",\"dateModified\":\"2026-01-23T20:50:32+00:00\",\"author\":{\"@id\":\"https:\/\/alcaldiaalbertoadriani.com\/#\/schema\/person\/549b4483ff8999ac780deeea78795fc9\"},\"description\":\"Alcalde Lisandro Segura atendi\u00f3 llamado de vecinos de Onia El Bamb\u00fa para evaluar los graves da\u00f1os causados por las lluvias en la vialidad\",\"breadcrumb\":{\"@id\":\"https:\/\/alcaldiaalbertoadriani.com\/?p=14714#breadcrumb\"},\"inLanguage\":\"es\",\"potentialAction\":[{\"@type\":\"ReadAction\",\"target\":[\"https:\/\/alcaldiaalbertoadriani.com\/?p=14714\"]}]},{\"@type\":\"BreadcrumbList\",\"@id\":\"https:\/\/alcaldiaalbertoadriani.com\/?p=14714#breadcrumb\",\"itemListElement\":[{\"@type\":\"ListItem\",\"position\":1,\"name\":\"Portada\",\"item\":\"https:\/\/alcaldiaalbertoadriani.com\/\"},{\"@type\":\"ListItem\",\"position\":2,\"name\":\"Alcalde Lisandro Segura atendi\u00f3 llamado de vecinos de Onia El Bamb\u00fa\"}]},{\"@type\":\"WebSite\",\"@id\":\"https:\/\/alcaldiaalbertoadriani.com\/#website\",\"url\":\"https:\/\/alcaldiaalbertoadriani.com\/\",\"name\":\"Alcaldia Alberto Adriani\",\"description\":\"\",\"potentialAction\":[{\"@type\":\"SearchAction\",\"target\":{\"@type\":\"EntryPoint\",\"urlTemplate\":\"https:\/\/alcaldiaalbertoadriani.com\/?s={search_term_string}\"},\"query-input\":\"required name=search_term_string\"}],\"inLanguage\":\"es\"},{\"@type\":\"Person\",\"@id\":\"https:\/\/alcaldiaalbertoadriani.com\/#\/schema\/person\/549b4483ff8999ac780deeea78795fc9\",\"name\":\"Prensa\",\"image\":{\"@type\":\"ImageObject\",\"inLanguage\":\"es\",\"@id\":\"https:\/\/alcaldiaalbertoadriani.com\/#\/schema\/person\/image\/\",\"url\":\"https:\/\/secure.gravatar.com\/avatar\/ea1cb567ea992a29627f4eee1c2eb185ec16decec6342d508fdf18dedb56c9de?s=96&d=mm&r=g\",\"contentUrl\":\"https:\/\/secure.gravatar.com\/avatar\/ea1cb567ea992a29627f4eee1c2eb185ec16decec6342d508fdf18dedb56c9de?s=96&d=mm&r=g\",\"caption\":\"Prensa\"},\"url\":\"https:\/\/alcaldiaalbertoadriani.com\/?author=2\"}]}<\/script>\n<!-- \/ Yoast SEO plugin. -->","yoast_head_json":{"title":"Alcalde Lisandro Segura atendi\u00f3 llamado de vecinos de Onia","description":"Alcalde Lisandro Segura atendi\u00f3 llamado de vecinos de Onia El Bamb\u00fa para evaluar los graves da\u00f1os causados por las lluvias en la vialidad","robots":{"index":"index","follow":"follow","max-snippet":"max-snippet:-1","max-image-preview":"max-image-preview:large","max-video-preview":"max-video-preview:-1"},"canonical":"https:\/\/alcaldiaalbertoadriani.com\/?p=14714","og_locale":"es_ES","og_type":"article","og_title":"Alcalde Lisandro Segura atendi\u00f3 llamado de vecinos de Onia","og_description":"Alcalde Lisandro Segura atendi\u00f3 llamado de vecinos de Onia El Bamb\u00fa para evaluar los graves da\u00f1os causados por las lluvias en la vialidad","og_url":"https:\/\/alcaldiaalbertoadriani.com\/?p=14714","og_site_name":"Alcaldia Alberto Adriani","article_published_time":"2026-01-23T20:50:23+00:00","article_modified_time":"2026-01-23T20:50:32+00:00","og_image":[{"width":1280,"height":960,"url":"https:\/\/alcaldiaalbertoadriani.com\/wp-content\/uploads\/2026\/01\/photo_5154709411409365992_y.jpg","type":"image\/jpeg"}],"author":"Prensa","twitter_card":"summary_large_image","twitter_misc":{"Escrito por":"Prensa","Tiempo de lectura":"4 minutos"},"schema":{"@context":"https:\/\/schema.org","@graph":[{"@type":"WebPage","@id":"https:\/\/alcaldiaalbertoadriani.com\/?p=14714","url":"https:\/\/alcaldiaalbertoadriani.com\/?p=14714","name":"Alcalde Lisandro Segura atendi\u00f3 llamado de vecinos de Onia","isPartOf":{"@id":"https:\/\/alcaldiaalbertoadriani.com\/#website"},"datePublished":"2026-01-23T20:50:23+00:00","dateModified":"2026-01-23T20:50:32+00:00","author":{"@id":"https:\/\/alcaldiaalbertoadriani.com\/#\/schema\/person\/549b4483ff8999ac780deeea78795fc9"},"description":"Alcalde Lisandro Segura atendi\u00f3 llamado de vecinos de Onia El Bamb\u00fa para evaluar los graves da\u00f1os causados por las lluvias en la vialidad","breadcrumb":{"@id":"https:\/\/alcaldiaalbertoadriani.com\/?p=14714#breadcrumb"},"inLanguage":"es","potentialAction":[{"@type":"ReadAction","target":["https:\/\/alcaldiaalbertoadriani.com\/?p=14714"]}]},{"@type":"BreadcrumbList","@id":"https:\/\/alcaldiaalbertoadriani.com\/?p=14714#breadcrumb","itemListElement":[{"@type":"ListItem","position":1,"name":"Portada","item":"https:\/\/alcaldiaalbertoadriani.com\/"},{"@type":"ListItem","position":2,"name":"Alcalde Lisandro Segura atendi\u00f3 llamado de vecinos de Onia El Bamb\u00fa"}]},{"@type":"WebSite","@id":"https:\/\/alcaldiaalbertoadriani.com\/#website","url":"https:\/\/alcaldiaalbertoadriani.com\/","name":"Alcaldia Alberto Adriani","description":"","potentialAction":[{"@type":"SearchAction","target":{"@type":"EntryPoint","urlTemplate":"https:\/\/alcaldiaalbertoadriani.com\/?s={search_term_string}"},"query-input":"required name=search_term_string"}],"inLanguage":"es"},{"@type":"Person","@id":"https:\/\/alcaldiaalbertoadriani.com\/#\/schema\/person\/549b4483ff8999ac780deeea78795fc9","name":"Prensa","image":{"@type":"ImageObject","inLanguage":"es","@id":"https:\/\/alcaldiaalbertoadriani.com\/#\/schema\/person\/image\/","url":"https:\/\/secure.gravatar.com\/avatar\/ea1cb567ea992a29627f4eee1c2eb185ec16decec6342d508fdf18dedb56c9de?s=96&d=mm&r=g","contentUrl":"https:\/\/secure.gravatar.com\/avatar\/ea1cb567ea992a29627f4eee1c2eb185ec16decec6342d508fdf18dedb56c9de?s=96&d=mm&r=g","caption":"Prensa"},"url":"https:\/\/alcaldiaalbertoadriani.com\/?author=2"}]}},"_links":{"self":[{"href":"https:\/\/alcaldiaalbertoadriani.com\/index.php?rest_route=\/wp\/v2\/posts\/14714","targetHints":{"allow":["GET"]}}],"collection":[{"href":"https:\/\/alcaldiaalbertoadriani.com\/index.php?rest_route=\/wp\/v2\/posts"}],"about":[{"href":"https:\/\/alcaldiaalbertoadriani.com\/index.php?rest_route=\/wp\/v2\/types\/post"}],"author":[{"embeddable":true,"href":"https:\/\/alcaldiaalbertoadriani.com\/index.php?rest_route=\/wp\/v2\/users\/2"}],"replies":[{"embeddable":true,"href":"https:\/\/alcaldiaalbertoadriani.com\/index.php?rest_route=%2Fwp%2Fv2%2Fcomments&post=14714"}],"version-history":[{"count":1,"href":"https:\/\/alcaldiaalbertoadriani.com\/index.php?rest_route=\/wp\/v2\/posts\/14714\/revisions"}],"predecessor-version":[{"id":14723,"href":"https:\/\/alcaldiaalbertoadriani.com\/index.php?rest_route=\/wp\/v2\/posts\/14714\/revisions\/14723"}],"wp:featuredmedia":[{"embeddable":true,"href":"https:\/\/alcaldiaalbertoadriani.com\/index.php?rest_route=\/wp\/v2\/media\/14715"}],"wp:attachment":[{"href":"https:\/\/alcaldiaalbertoadriani.com\/index.php?rest_route=%2Fwp%2Fv2%2Fmedia&parent=14714"}],"wp:term":[{"taxonomy":"category","embeddable":true,"href":"https:\/\/alcaldiaalbertoadriani.com\/index.php?rest_route=%2Fwp%2Fv2%2Fcategories&post=14714"},{"taxonomy":"post_tag","embeddable":true,"href":"https:\/\/alcaldiaalbertoadriani.com\/index.php?rest_route=%2Fwp%2Fv2%2Ftags&post=14714"}],"curies":[{"name":"wp","href":"https:\/\/api.w.org\/{rel}","templated":true}]}}