{"id":14710,"date":"2026-01-23T20:25:09","date_gmt":"2026-01-23T20:25:09","guid":{"rendered":"https:\/\/alcaldiaalbertoadriani.com\/?p=14710"},"modified":"2026-01-23T20:25:21","modified_gmt":"2026-01-23T20:25:21","slug":"reforman-ordenanza-de-becas-carlos-andres-perez","status":"publish","type":"post","link":"https:\/\/alcaldiaalbertoadriani.com\/?p=14710","title":{"rendered":"Reforman ordenanza de Becas Carlos Andr\u00e9s P\u00e9rez"},"content":{"rendered":"\n<p>Este martes 20 de enero, en sesi\u00f3n ordinaria del <a href=\"https:\/\/alcaldiaalbertoadriani.com\/?tag=nueva-directiva-concejo-municipal\">Concejo Municipal<\/a>\u00a0 de Alberto Adriani, el presidente del ente, Alfredo Mendoza en compa\u00f1\u00eda de la mayor\u00eda de los concejales de la ciudad, aprobaron en segunda discusi\u00f3n la reforma de la Ordenanza del Programa de <a href=\"https:\/\/alcaldiaalbertoadriani.com\/?p=2066\">Becas Carlos Andr\u00e9s P\u00e9rez<\/a>.<\/p>\n\n\n\n<p>Mendoza, explic\u00f3 que durante la sesi\u00f3n, la plenaria del cuerpo de edilicio, aprobaron varios instrumentos jur\u00eddicos que van en beneficio y desarrollo del municipio Alberto Adriani.<\/p>\n\n\n\n<p>En ese orden de idea, resalt\u00f3 el edil que fue aprobada en segunda discusi\u00f3n el proyecto de reforma parcial a la Ordenanza de Becas presidente Carlos Andr\u00e9s P\u00e9rez.<\/p>\n\n\n\n<h2 class=\"wp-block-heading\"><strong><em>Modificaci\u00f3n de los Art\u00edculos 33 y 34<\/em><\/strong><\/h2>\n\n\n\n<p>El presidente del Concejo destac\u00f3 que esta propuesta fue planteada por el alcalde <a href=\"https:\/\/www.instagram.com\/lisandrosegura02\/\">Lisandro Segura<\/a>, una innovaci\u00f3n que busca incentivar a\u00fan m\u00e1s el incremento en cuanto al beneficio de las becas, por lo que los art\u00edculos 33 y 34 de mencionada ordenanza tuvieron un ajuste que brindar\u00e1 mayor tranquilidad a sus beneficiarios.<\/p>\n\n\n\n<p>\u201cMe permito leer que fue modificado el art\u00edculo 33 donde se asigna una cantidad superior por la cantidad de 54.540 bol\u00edvares y un m\u00e1ximo hasta de 86.400 bol\u00edvares para la beca estudiantil, mientras que, el art\u00edculo 34 refirido a las becas deportiva, art\u00edstica y cultural, tuvo un incremento de hasta 30.300 bol\u00edvares con cero c\u00e9ntimos y un m\u00e1ximo de 48.000 bol\u00edvares con cero c\u00e9ntimos; para las becas de adultos mayores fue incrementada en un m\u00ednimo de 18.180 bol\u00edvares y hasta un m\u00e1ximo de 28.800 bol\u00edvares y la beca para apoyo institucional, tendr\u00e1 un m\u00ednimo de 30.300 bol\u00edvares con cero c\u00e9ntimo y un m\u00e1ximo de 48.000 bol\u00edvares con cero c\u00e9ntimo\u201d, explic\u00f3 Mendoza.<\/p>\n\n\n\n<p>Asimismo, el concejal, destac\u00f3 que estos incrementos se hacen dependiendo de las necesidades socioecon\u00f3micas del peticionario y de la disponibilidad presupuestaria existente. Esta ordenanza est\u00e1 publicada en Gaceta Municipal y son compromisos que resaltan los&nbsp; trabajos de pol\u00edticas p\u00fablicas del Alcalde Lisandro Segura.<\/p>\n\n\n\n<p>Mendoza indic\u00f3 que\u00a0 ordenanzas como \u00e9stas generan mayores beneficios y es una retribuci\u00f3n de los impuestos que pagan los contribuyentes, ciudadanos,\u00a0 empresarios y comerciantes que ven materializados sus tributos en desarrollo econ\u00f3mico, educativo y cultural para los vigienses. <strong><em>Prensa Alberto Adriani \/ Tahiry Villalobos CNP: 23.225\/ Foto: Karla M\u00e1rquez.<\/em><\/strong><\/p>\n\n\n\n<figure class=\"wp-block-gallery has-nested-images columns-default is-cropped wp-block-gallery-1 is-layout-flex wp-block-gallery-is-layout-flex\">\n<figure class=\"wp-block-image size-large\"><img loading=\"lazy\" decoding=\"async\" width=\"1024\" height=\"576\" data-id=\"14712\" src=\"https:\/\/alcaldiaalbertoadriani.com\/wp-content\/uploads\/2026\/01\/photo_5159215025376398215_y-1024x576.jpg\" alt=\"\" class=\"wp-image-14712\" srcset=\"https:\/\/alcaldiaalbertoadriani.com\/wp-content\/uploads\/2026\/01\/photo_5159215025376398215_y-1024x576.jpg 1024w, https:\/\/alcaldiaalbertoadriani.com\/wp-content\/uploads\/2026\/01\/photo_5159215025376398215_y-980x551.jpg 980w, https:\/\/alcaldiaalbertoadriani.com\/wp-content\/uploads\/2026\/01\/photo_5159215025376398215_y-480x270.jpg 480w\" sizes=\"auto, (min-width: 0px) and (max-width: 480px) 480px, (min-width: 481px) and (max-width: 980px) 980px, (min-width: 981px) 1024px, 100vw\" \/><\/figure>\n<\/figure>\n","protected":false},"excerpt":{"rendered":"<p>Este martes 20 de enero, en sesi\u00f3n ordinaria del Concejo Municipal\u00a0 de Alberto Adriani, el presidente del ente, Alfredo Mendoza en compa\u00f1\u00eda de la mayor\u00eda de los concejales de la [&hellip;]<\/p>\n","protected":false},"author":2,"featured_media":14711,"comment_status":"open","ping_status":"closed","sticky":false,"template":"","format":"standard","meta":{"_et_pb_use_builder":"off","_et_pb_old_content":"","_et_gb_content_width":"","footnotes":""},"categories":[341,25],"tags":[31,11,12,15,761,30,29,28],"class_list":["post-14710","post","type-post","status-publish","format-standard","has-post-thumbnail","hentry","category-alcaldia-alberto-adriani","category-nuestro-municipio","tag-alcalde","tag-alcaldia","tag-alcaldiaalbertoadriani","tag-elvigia","tag-encrucijadadeprogreso","tag-lisandrosegura","tag-municipioquenosmerecemos","tag-porelrenacer"],"yoast_head":"<!-- This site is optimized with the Yoast SEO plugin v19.13 - https:\/\/yoast.com\/wordpress\/plugins\/seo\/ -->\n<title>Reforman ordenanza de Becas Carlos Andr\u00e9s P\u00e9rez<\/title>\n<meta name=\"description\" content=\"Reforman ordenanza de Becas Carlos Andr\u00e9s P\u00e9rez el presidente del ente, Alfredo Mendoza en compa\u00f1\u00eda de la mayor\u00eda de los concejales\" \/>\n<meta name=\"robots\" content=\"index, follow, max-snippet:-1, max-image-preview:large, max-video-preview:-1\" \/>\n<link rel=\"canonical\" href=\"https:\/\/alcaldiaalbertoadriani.com\/?p=14710\" \/>\n<meta property=\"og:locale\" content=\"es_ES\" \/>\n<meta property=\"og:type\" content=\"article\" \/>\n<meta property=\"og:title\" content=\"Reforman ordenanza de Becas Carlos Andr\u00e9s P\u00e9rez\" \/>\n<meta property=\"og:description\" content=\"Reforman ordenanza de Becas Carlos Andr\u00e9s P\u00e9rez el presidente del ente, Alfredo Mendoza en compa\u00f1\u00eda de la mayor\u00eda de los concejales\" \/>\n<meta property=\"og:url\" content=\"https:\/\/alcaldiaalbertoadriani.com\/?p=14710\" \/>\n<meta property=\"og:site_name\" content=\"Alcaldia Alberto Adriani\" \/>\n<meta property=\"article:published_time\" content=\"2026-01-23T20:25:09+00:00\" \/>\n<meta property=\"article:modified_time\" content=\"2026-01-23T20:25:21+00:00\" \/>\n<meta property=\"og:image\" content=\"https:\/\/alcaldiaalbertoadriani.com\/wp-content\/uploads\/2026\/01\/photo_5159215025376398216_y.jpg\" \/>\n\t<meta property=\"og:image:width\" content=\"1280\" \/>\n\t<meta property=\"og:image:height\" content=\"964\" \/>\n\t<meta property=\"og:image:type\" content=\"image\/jpeg\" \/>\n<meta name=\"author\" content=\"Prensa\" \/>\n<meta name=\"twitter:card\" content=\"summary_large_image\" \/>\n<meta name=\"twitter:label1\" content=\"Escrito por\" \/>\n\t<meta name=\"twitter:data1\" content=\"Prensa\" \/>\n\t<meta name=\"twitter:label2\" content=\"Tiempo de lectura\" \/>\n\t<meta name=\"twitter:data2\" content=\"2 minutos\" \/>\n<script type=\"application\/ld+json\" class=\"yoast-schema-graph\">{\"@context\":\"https:\/\/schema.org\",\"@graph\":[{\"@type\":\"WebPage\",\"@id\":\"https:\/\/alcaldiaalbertoadriani.com\/?p=14710\",\"url\":\"https:\/\/alcaldiaalbertoadriani.com\/?p=14710\",\"name\":\"Reforman ordenanza de Becas Carlos Andr\u00e9s P\u00e9rez\",\"isPartOf\":{\"@id\":\"https:\/\/alcaldiaalbertoadriani.com\/#website\"},\"datePublished\":\"2026-01-23T20:25:09+00:00\",\"dateModified\":\"2026-01-23T20:25:21+00:00\",\"author\":{\"@id\":\"https:\/\/alcaldiaalbertoadriani.com\/#\/schema\/person\/549b4483ff8999ac780deeea78795fc9\"},\"description\":\"Reforman ordenanza de Becas Carlos Andr\u00e9s P\u00e9rez el presidente del ente, Alfredo Mendoza en compa\u00f1\u00eda de la mayor\u00eda de los concejales\",\"breadcrumb\":{\"@id\":\"https:\/\/alcaldiaalbertoadriani.com\/?p=14710#breadcrumb\"},\"inLanguage\":\"es\",\"potentialAction\":[{\"@type\":\"ReadAction\",\"target\":[\"https:\/\/alcaldiaalbertoadriani.com\/?p=14710\"]}]},{\"@type\":\"BreadcrumbList\",\"@id\":\"https:\/\/alcaldiaalbertoadriani.com\/?p=14710#breadcrumb\",\"itemListElement\":[{\"@type\":\"ListItem\",\"position\":1,\"name\":\"Portada\",\"item\":\"https:\/\/alcaldiaalbertoadriani.com\/\"},{\"@type\":\"ListItem\",\"position\":2,\"name\":\"Reforman ordenanza de Becas Carlos Andr\u00e9s P\u00e9rez\"}]},{\"@type\":\"WebSite\",\"@id\":\"https:\/\/alcaldiaalbertoadriani.com\/#website\",\"url\":\"https:\/\/alcaldiaalbertoadriani.com\/\",\"name\":\"Alcaldia Alberto Adriani\",\"description\":\"\",\"potentialAction\":[{\"@type\":\"SearchAction\",\"target\":{\"@type\":\"EntryPoint\",\"urlTemplate\":\"https:\/\/alcaldiaalbertoadriani.com\/?s={search_term_string}\"},\"query-input\":\"required name=search_term_string\"}],\"inLanguage\":\"es\"},{\"@type\":\"Person\",\"@id\":\"https:\/\/alcaldiaalbertoadriani.com\/#\/schema\/person\/549b4483ff8999ac780deeea78795fc9\",\"name\":\"Prensa\",\"image\":{\"@type\":\"ImageObject\",\"inLanguage\":\"es\",\"@id\":\"https:\/\/alcaldiaalbertoadriani.com\/#\/schema\/person\/image\/\",\"url\":\"https:\/\/secure.gravatar.com\/avatar\/ea1cb567ea992a29627f4eee1c2eb185ec16decec6342d508fdf18dedb56c9de?s=96&d=mm&r=g\",\"contentUrl\":\"https:\/\/secure.gravatar.com\/avatar\/ea1cb567ea992a29627f4eee1c2eb185ec16decec6342d508fdf18dedb56c9de?s=96&d=mm&r=g\",\"caption\":\"Prensa\"},\"url\":\"https:\/\/alcaldiaalbertoadriani.com\/?author=2\"}]}<\/script>\n<!-- \/ Yoast SEO plugin. -->","yoast_head_json":{"title":"Reforman ordenanza de Becas Carlos Andr\u00e9s P\u00e9rez","description":"Reforman ordenanza de Becas Carlos Andr\u00e9s P\u00e9rez el presidente del ente, Alfredo Mendoza en compa\u00f1\u00eda de la mayor\u00eda de los concejales","robots":{"index":"index","follow":"follow","max-snippet":"max-snippet:-1","max-image-preview":"max-image-preview:large","max-video-preview":"max-video-preview:-1"},"canonical":"https:\/\/alcaldiaalbertoadriani.com\/?p=14710","og_locale":"es_ES","og_type":"article","og_title":"Reforman ordenanza de Becas Carlos Andr\u00e9s P\u00e9rez","og_description":"Reforman ordenanza de Becas Carlos Andr\u00e9s P\u00e9rez el presidente del ente, Alfredo Mendoza en compa\u00f1\u00eda de la mayor\u00eda de los concejales","og_url":"https:\/\/alcaldiaalbertoadriani.com\/?p=14710","og_site_name":"Alcaldia Alberto Adriani","article_published_time":"2026-01-23T20:25:09+00:00","article_modified_time":"2026-01-23T20:25:21+00:00","og_image":[{"width":1280,"height":964,"url":"https:\/\/alcaldiaalbertoadriani.com\/wp-content\/uploads\/2026\/01\/photo_5159215025376398216_y.jpg","type":"image\/jpeg"}],"author":"Prensa","twitter_card":"summary_large_image","twitter_misc":{"Escrito por":"Prensa","Tiempo de lectura":"2 minutos"},"schema":{"@context":"https:\/\/schema.org","@graph":[{"@type":"WebPage","@id":"https:\/\/alcaldiaalbertoadriani.com\/?p=14710","url":"https:\/\/alcaldiaalbertoadriani.com\/?p=14710","name":"Reforman ordenanza de Becas Carlos Andr\u00e9s P\u00e9rez","isPartOf":{"@id":"https:\/\/alcaldiaalbertoadriani.com\/#website"},"datePublished":"2026-01-23T20:25:09+00:00","dateModified":"2026-01-23T20:25:21+00:00","author":{"@id":"https:\/\/alcaldiaalbertoadriani.com\/#\/schema\/person\/549b4483ff8999ac780deeea78795fc9"},"description":"Reforman ordenanza de Becas Carlos Andr\u00e9s P\u00e9rez el presidente del ente, Alfredo Mendoza en compa\u00f1\u00eda de la mayor\u00eda de los concejales","breadcrumb":{"@id":"https:\/\/alcaldiaalbertoadriani.com\/?p=14710#breadcrumb"},"inLanguage":"es","potentialAction":[{"@type":"ReadAction","target":["https:\/\/alcaldiaalbertoadriani.com\/?p=14710"]}]},{"@type":"BreadcrumbList","@id":"https:\/\/alcaldiaalbertoadriani.com\/?p=14710#breadcrumb","itemListElement":[{"@type":"ListItem","position":1,"name":"Portada","item":"https:\/\/alcaldiaalbertoadriani.com\/"},{"@type":"ListItem","position":2,"name":"Reforman ordenanza de Becas Carlos Andr\u00e9s P\u00e9rez"}]},{"@type":"WebSite","@id":"https:\/\/alcaldiaalbertoadriani.com\/#website","url":"https:\/\/alcaldiaalbertoadriani.com\/","name":"Alcaldia Alberto Adriani","description":"","potentialAction":[{"@type":"SearchAction","target":{"@type":"EntryPoint","urlTemplate":"https:\/\/alcaldiaalbertoadriani.com\/?s={search_term_string}"},"query-input":"required name=search_term_string"}],"inLanguage":"es"},{"@type":"Person","@id":"https:\/\/alcaldiaalbertoadriani.com\/#\/schema\/person\/549b4483ff8999ac780deeea78795fc9","name":"Prensa","image":{"@type":"ImageObject","inLanguage":"es","@id":"https:\/\/alcaldiaalbertoadriani.com\/#\/schema\/person\/image\/","url":"https:\/\/secure.gravatar.com\/avatar\/ea1cb567ea992a29627f4eee1c2eb185ec16decec6342d508fdf18dedb56c9de?s=96&d=mm&r=g","contentUrl":"https:\/\/secure.gravatar.com\/avatar\/ea1cb567ea992a29627f4eee1c2eb185ec16decec6342d508fdf18dedb56c9de?s=96&d=mm&r=g","caption":"Prensa"},"url":"https:\/\/alcaldiaalbertoadriani.com\/?author=2"}]}},"_links":{"self":[{"href":"https:\/\/alcaldiaalbertoadriani.com\/index.php?rest_route=\/wp\/v2\/posts\/14710","targetHints":{"allow":["GET"]}}],"collection":[{"href":"https:\/\/alcaldiaalbertoadriani.com\/index.php?rest_route=\/wp\/v2\/posts"}],"about":[{"href":"https:\/\/alcaldiaalbertoadriani.com\/index.php?rest_route=\/wp\/v2\/types\/post"}],"author":[{"embeddable":true,"href":"https:\/\/alcaldiaalbertoadriani.com\/index.php?rest_route=\/wp\/v2\/users\/2"}],"replies":[{"embeddable":true,"href":"https:\/\/alcaldiaalbertoadriani.com\/index.php?rest_route=%2Fwp%2Fv2%2Fcomments&post=14710"}],"version-history":[{"count":1,"href":"https:\/\/alcaldiaalbertoadriani.com\/index.php?rest_route=\/wp\/v2\/posts\/14710\/revisions"}],"predecessor-version":[{"id":14713,"href":"https:\/\/alcaldiaalbertoadriani.com\/index.php?rest_route=\/wp\/v2\/posts\/14710\/revisions\/14713"}],"wp:featuredmedia":[{"embeddable":true,"href":"https:\/\/alcaldiaalbertoadriani.com\/index.php?rest_route=\/wp\/v2\/media\/14711"}],"wp:attachment":[{"href":"https:\/\/alcaldiaalbertoadriani.com\/index.php?rest_route=%2Fwp%2Fv2%2Fmedia&parent=14710"}],"wp:term":[{"taxonomy":"category","embeddable":true,"href":"https:\/\/alcaldiaalbertoadriani.com\/index.php?rest_route=%2Fwp%2Fv2%2Fcategories&post=14710"},{"taxonomy":"post_tag","embeddable":true,"href":"https:\/\/alcaldiaalbertoadriani.com\/index.php?rest_route=%2Fwp%2Fv2%2Ftags&post=14710"}],"curies":[{"name":"wp","href":"https:\/\/api.w.org\/{rel}","templated":true}]}}